{"id":94193,"date":"2023-10-20T16:50:05","date_gmt":"2023-10-20T16:50:05","guid":{"rendered":"https:\/\/www.noticiasradioreflejos.com.ar\/2021\/?p=94193"},"modified":"2023-10-20T16:50:05","modified_gmt":"2023-10-20T16:50:05","slug":"los-talleres-de-esi-con-amigues-del-ministerio-de-las-mujeres-continuan-recorriendo-toda-la-provincia","status":"publish","type":"post","link":"https:\/\/www.noticiasradioreflejos.com.ar\/2021\/los-talleres-de-esi-con-amigues-del-ministerio-de-las-mujeres-continuan-recorriendo-toda-la-provincia\/","title":{"rendered":"Los talleres de \u00abESI con amigues\u00bb del Ministerio de las Mujeres contin\u00faan recorriendo toda la Provincia"},"content":{"rendered":"<p>Desde la Direcci\u00f3n Provincial de Pol\u00edticas para la Igualdad de G\u00e9nero del Ministerio, a cargo de Erica Porris, el equipo de ESI con Amigues realiz\u00f3 talleres l\u00fadicos en Adolfo Gonzales Chaves, Coronel Pringles y Tres Lomas.<!--more--><\/p>\n<p><a data-flickr-embed=\"true\" href=\"https:\/\/www.flickr.com\/photos\/182279889@N02\/53272782230\/in\/dateposted-public\/\" title=\"IMG_0955\"><img loading=\"lazy\" decoding=\"async\" src=\"https:\/\/live.staticflickr.com\/65535\/53272782230_09c8bc44da.jpg\" width=\"500\" height=\"333\" alt=\"IMG_0955\"\/><\/a><script async src=\"\/\/embedr.flickr.com\/assets\/client-code.js\" charset=\"utf-8\"><\/script><\/p>\n<p>En el Polideportivo Municipal de Adolfo Gonzales Chaves, con la presencia de la directora de G\u00e9nero del municipio Fabiana Marinetti y su equipo, m\u00e1s de 160 j\u00f3venes participaron en los talleres l\u00fadicos donde abordaron temas como bullying, diversidad sexual, m\u00e9todos anticonceptivos y cuidados del cuerpo.<\/p>\n<p><a data-flickr-embed=\"true\" href=\"https:\/\/www.flickr.com\/photos\/182279889@N02\/53271424487\/in\/dateposted-public\/\" title=\"IMG_0950\"><img loading=\"lazy\" decoding=\"async\" src=\"https:\/\/live.staticflickr.com\/65535\/53271424487_ddb58c059a.jpg\" width=\"500\" height=\"331\" alt=\"IMG_0950\"\/><\/a><script async src=\"\/\/embedr.flickr.com\/assets\/client-code.js\" charset=\"utf-8\"><\/script><\/p>\n<p>En el club Independiente.de Coronel Pringles, en talleres para j\u00f3venes de entre 11 a 14 a\u00f1os, se abordaron temas como el bullying, la crianza y el cuidado, la diversidad sexual, los m\u00e9todos anticonceptivos y la prevenci\u00f3n de Infecciones de Transmisi\u00f3n Sexual (ITS), durante dos jornadas de ma\u00f1ana y tarde donde participaron 180 j\u00f3venes. <\/p>\n<p><a data-flickr-embed=\"true\" href=\"https:\/\/www.flickr.com\/photos\/182279889@N02\/53272671079\/in\/dateposted-public\/\" title=\"IMG_0957\"><img loading=\"lazy\" decoding=\"async\" src=\"https:\/\/live.staticflickr.com\/65535\/53272671079_12405c06d8.jpg\" width=\"500\" height=\"333\" alt=\"IMG_0957\"\/><\/a><script async src=\"\/\/embedr.flickr.com\/assets\/client-code.js\" charset=\"utf-8\"><\/script><\/p>\n<p>En Tres lomas, el equipo de Esi con Amigues particip\u00f3 en la 11\u00b0 Edici\u00f3n de la Feria del Libro y la Cultura, donde en una doble jornada participaron j\u00f3venes de diferentes instituciones educativas del distrito y estuvo presente la secretaria de Desarrollo Social y Coordinadora del \u00c1rea de G\u00e9nero Daniela Bigliani.<\/p>\n","protected":false},"excerpt":{"rendered":"<p>Desde la Direcci\u00f3n Provincial de Pol\u00edticas para la Igualdad de G\u00e9nero del Ministerio, a cargo de Erica Porris, el equipo de ESI con Amigues realiz\u00f3 talleres l\u00fadicos en Adolfo Gonzales Chaves, Coronel Pringles y Tres Lomas.<\/p>\n","protected":false},"author":3,"featured_media":94194,"comment_status":"closed","ping_status":"closed","sticky":false,"template":"","format":"standard","meta":{"footnotes":""},"categories":[34],"tags":[],"class_list":["post-94193","post","type-post","status-publish","format-standard","has-post-thumbnail","hentry","category-educacion"],"yoast_head":"<!-- This site is optimized with the Yoast SEO plugin v25.9 - https:\/\/yoast.com\/wordpress\/plugins\/seo\/ -->\n<title>Los talleres de &quot;ESI con amigues&quot; del Ministerio de las Mujeres contin\u00faan recorriendo toda la Provincia - Noticias Radio Reflejos<\/title>\n<meta name=\"robots\" content=\"index, follow, max-snippet:-1, max-image-preview:large, max-video-preview:-1\" \/>\n<link rel=\"canonical\" href=\"https:\/\/www.noticiasradioreflejos.com.ar\/2021\/los-talleres-de-esi-con-amigues-del-ministerio-de-las-mujeres-continuan-recorriendo-toda-la-provincia\/\" \/>\n<meta property=\"og:locale\" content=\"es_ES\" \/>\n<meta property=\"og:type\" content=\"article\" \/>\n<meta property=\"og:title\" content=\"Los talleres de &quot;ESI con amigues&quot; del Ministerio de las Mujeres contin\u00faan recorriendo toda la Provincia - Noticias Radio Reflejos\" \/>\n<meta property=\"og:description\" content=\"Desde la Direcci\u00f3n Provincial de Pol\u00edticas para la Igualdad de G\u00e9nero del Ministerio, a cargo de Erica Porris, el equipo de ESI con Amigues realiz\u00f3 talleres l\u00fadicos en Adolfo Gonzales Chaves, Coronel Pringles y Tres Lomas.\" \/>\n<meta property=\"og:url\" content=\"https:\/\/www.noticiasradioreflejos.com.ar\/2021\/los-talleres-de-esi-con-amigues-del-ministerio-de-las-mujeres-continuan-recorriendo-toda-la-provincia\/\" \/>\n<meta property=\"og:site_name\" content=\"Noticias Radio Reflejos\" \/>\n<meta property=\"article:published_time\" content=\"2023-10-20T16:50:05+00:00\" \/>\n<meta property=\"og:image\" content=\"https:\/\/www.noticiasradioreflejos.com.ar\/2021\/wp-content\/uploads\/2023\/10\/IMG_0951.jpg\" \/>\n\t<meta property=\"og:image:width\" content=\"2000\" \/>\n\t<meta property=\"og:image:height\" content=\"1325\" \/>\n\t<meta property=\"og:image:type\" content=\"image\/jpeg\" \/>\n<meta name=\"author\" content=\"Arnaldo Botto\" \/>\n<meta name=\"twitter:card\" content=\"summary_large_image\" \/>\n<script type=\"application\/ld+json\" class=\"yoast-schema-graph\">{\"@context\":\"https:\/\/schema.org\",\"@graph\":[{\"@type\":\"WebPage\",\"@id\":\"https:\/\/www.noticiasradioreflejos.com.ar\/2021\/los-talleres-de-esi-con-amigues-del-ministerio-de-las-mujeres-continuan-recorriendo-toda-la-provincia\/\",\"url\":\"https:\/\/www.noticiasradioreflejos.com.ar\/2021\/los-talleres-de-esi-con-amigues-del-ministerio-de-las-mujeres-continuan-recorriendo-toda-la-provincia\/\",\"name\":\"Los talleres de \\\"ESI con amigues\\\" del Ministerio de las Mujeres contin\u00faan recorriendo toda la Provincia - Noticias Radio Reflejos\",\"isPartOf\":{\"@id\":\"https:\/\/www.noticiasradioreflejos.com.ar\/2021\/#website\"},\"primaryImageOfPage\":{\"@id\":\"https:\/\/www.noticiasradioreflejos.com.ar\/2021\/los-talleres-de-esi-con-amigues-del-ministerio-de-las-mujeres-continuan-recorriendo-toda-la-provincia\/#primaryimage\"},\"image\":{\"@id\":\"https:\/\/www.noticiasradioreflejos.com.ar\/2021\/los-talleres-de-esi-con-amigues-del-ministerio-de-las-mujeres-continuan-recorriendo-toda-la-provincia\/#primaryimage\"},\"thumbnailUrl\":\"https:\/\/www.noticiasradioreflejos.com.ar\/2021\/wp-content\/uploads\/2023\/10\/IMG_0951.jpg\",\"datePublished\":\"2023-10-20T16:50:05+00:00\",\"author\":{\"@id\":\"https:\/\/www.noticiasradioreflejos.com.ar\/2021\/#\/schema\/person\/ad82545263dcc5ec0996818884fd5fb1\"},\"breadcrumb\":{\"@id\":\"https:\/\/www.noticiasradioreflejos.com.ar\/2021\/los-talleres-de-esi-con-amigues-del-ministerio-de-las-mujeres-continuan-recorriendo-toda-la-provincia\/#breadcrumb\"},\"inLanguage\":\"es\",\"potentialAction\":[{\"@type\":\"ReadAction\",\"target\":[\"https:\/\/www.noticiasradioreflejos.com.ar\/2021\/los-talleres-de-esi-con-amigues-del-ministerio-de-las-mujeres-continuan-recorriendo-toda-la-provincia\/\"]}]},{\"@type\":\"ImageObject\",\"inLanguage\":\"es\",\"@id\":\"https:\/\/www.noticiasradioreflejos.com.ar\/2021\/los-talleres-de-esi-con-amigues-del-ministerio-de-las-mujeres-continuan-recorriendo-toda-la-provincia\/#primaryimage\",\"url\":\"https:\/\/www.noticiasradioreflejos.com.ar\/2021\/wp-content\/uploads\/2023\/10\/IMG_0951.jpg\",\"contentUrl\":\"https:\/\/www.noticiasradioreflejos.com.ar\/2021\/wp-content\/uploads\/2023\/10\/IMG_0951.jpg\",\"width\":2000,\"height\":1325},{\"@type\":\"BreadcrumbList\",\"@id\":\"https:\/\/www.noticiasradioreflejos.com.ar\/2021\/los-talleres-de-esi-con-amigues-del-ministerio-de-las-mujeres-continuan-recorriendo-toda-la-provincia\/#breadcrumb\",\"itemListElement\":[{\"@type\":\"ListItem\",\"position\":1,\"name\":\"Portada\",\"item\":\"https:\/\/www.noticiasradioreflejos.com.ar\/2021\/\"},{\"@type\":\"ListItem\",\"position\":2,\"name\":\"Los talleres de \u00abESI con amigues\u00bb del Ministerio de las Mujeres contin\u00faan recorriendo toda la Provincia\"}]},{\"@type\":\"WebSite\",\"@id\":\"https:\/\/www.noticiasradioreflejos.com.ar\/2021\/#website\",\"url\":\"https:\/\/www.noticiasradioreflejos.com.ar\/2021\/\",\"name\":\"Noticias Radio Reflejos\",\"description\":\"Las noticias de mi comarca\",\"potentialAction\":[{\"@type\":\"SearchAction\",\"target\":{\"@type\":\"EntryPoint\",\"urlTemplate\":\"https:\/\/www.noticiasradioreflejos.com.ar\/2021\/?s={search_term_string}\"},\"query-input\":{\"@type\":\"PropertyValueSpecification\",\"valueRequired\":true,\"valueName\":\"search_term_string\"}}],\"inLanguage\":\"es\"},{\"@type\":\"Person\",\"@id\":\"https:\/\/www.noticiasradioreflejos.com.ar\/2021\/#\/schema\/person\/ad82545263dcc5ec0996818884fd5fb1\",\"name\":\"Arnaldo Botto\",\"image\":{\"@type\":\"ImageObject\",\"inLanguage\":\"es\",\"@id\":\"https:\/\/www.noticiasradioreflejos.com.ar\/2021\/#\/schema\/person\/image\/\",\"url\":\"https:\/\/secure.gravatar.com\/avatar\/55cb5e37c1efa326397366e6974cb338056df65cb50e7d64d1cf314e87504837?s=96&d=mm&r=g\",\"contentUrl\":\"https:\/\/secure.gravatar.com\/avatar\/55cb5e37c1efa326397366e6974cb338056df65cb50e7d64d1cf314e87504837?s=96&d=mm&r=g\",\"caption\":\"Arnaldo Botto\"},\"url\":\"https:\/\/www.noticiasradioreflejos.com.ar\/2021\/author\/arnaldo\/\"}]}<\/script>\n<!-- \/ Yoast SEO plugin. -->","yoast_head_json":{"title":"Los talleres de \"ESI con amigues\" del Ministerio de las Mujeres contin\u00faan recorriendo toda la Provincia - Noticias Radio Reflejos","robots":{"index":"index","follow":"follow","max-snippet":"max-snippet:-1","max-image-preview":"max-image-preview:large","max-video-preview":"max-video-preview:-1"},"canonical":"https:\/\/www.noticiasradioreflejos.com.ar\/2021\/los-talleres-de-esi-con-amigues-del-ministerio-de-las-mujeres-continuan-recorriendo-toda-la-provincia\/","og_locale":"es_ES","og_type":"article","og_title":"Los talleres de \"ESI con amigues\" del Ministerio de las Mujeres contin\u00faan recorriendo toda la Provincia - Noticias Radio Reflejos","og_description":"Desde la Direcci\u00f3n Provincial de Pol\u00edticas para la Igualdad de G\u00e9nero del Ministerio, a cargo de Erica Porris, el equipo de ESI con Amigues realiz\u00f3 talleres l\u00fadicos en Adolfo Gonzales Chaves, Coronel Pringles y Tres Lomas.","og_url":"https:\/\/www.noticiasradioreflejos.com.ar\/2021\/los-talleres-de-esi-con-amigues-del-ministerio-de-las-mujeres-continuan-recorriendo-toda-la-provincia\/","og_site_name":"Noticias Radio Reflejos","article_published_time":"2023-10-20T16:50:05+00:00","og_image":[{"width":2000,"height":1325,"url":"https:\/\/www.noticiasradioreflejos.com.ar\/2021\/wp-content\/uploads\/2023\/10\/IMG_0951.jpg","type":"image\/jpeg"}],"author":"Arnaldo Botto","twitter_card":"summary_large_image","schema":{"@context":"https:\/\/schema.org","@graph":[{"@type":"WebPage","@id":"https:\/\/www.noticiasradioreflejos.com.ar\/2021\/los-talleres-de-esi-con-amigues-del-ministerio-de-las-mujeres-continuan-recorriendo-toda-la-provincia\/","url":"https:\/\/www.noticiasradioreflejos.com.ar\/2021\/los-talleres-de-esi-con-amigues-del-ministerio-de-las-mujeres-continuan-recorriendo-toda-la-provincia\/","name":"Los talleres de \"ESI con amigues\" del Ministerio de las Mujeres contin\u00faan recorriendo toda la Provincia - Noticias Radio Reflejos","isPartOf":{"@id":"https:\/\/www.noticiasradioreflejos.com.ar\/2021\/#website"},"primaryImageOfPage":{"@id":"https:\/\/www.noticiasradioreflejos.com.ar\/2021\/los-talleres-de-esi-con-amigues-del-ministerio-de-las-mujeres-continuan-recorriendo-toda-la-provincia\/#primaryimage"},"image":{"@id":"https:\/\/www.noticiasradioreflejos.com.ar\/2021\/los-talleres-de-esi-con-amigues-del-ministerio-de-las-mujeres-continuan-recorriendo-toda-la-provincia\/#primaryimage"},"thumbnailUrl":"https:\/\/www.noticiasradioreflejos.com.ar\/2021\/wp-content\/uploads\/2023\/10\/IMG_0951.jpg","datePublished":"2023-10-20T16:50:05+00:00","author":{"@id":"https:\/\/www.noticiasradioreflejos.com.ar\/2021\/#\/schema\/person\/ad82545263dcc5ec0996818884fd5fb1"},"breadcrumb":{"@id":"https:\/\/www.noticiasradioreflejos.com.ar\/2021\/los-talleres-de-esi-con-amigues-del-ministerio-de-las-mujeres-continuan-recorriendo-toda-la-provincia\/#breadcrumb"},"inLanguage":"es","potentialAction":[{"@type":"ReadAction","target":["https:\/\/www.noticiasradioreflejos.com.ar\/2021\/los-talleres-de-esi-con-amigues-del-ministerio-de-las-mujeres-continuan-recorriendo-toda-la-provincia\/"]}]},{"@type":"ImageObject","inLanguage":"es","@id":"https:\/\/www.noticiasradioreflejos.com.ar\/2021\/los-talleres-de-esi-con-amigues-del-ministerio-de-las-mujeres-continuan-recorriendo-toda-la-provincia\/#primaryimage","url":"https:\/\/www.noticiasradioreflejos.com.ar\/2021\/wp-content\/uploads\/2023\/10\/IMG_0951.jpg","contentUrl":"https:\/\/www.noticiasradioreflejos.com.ar\/2021\/wp-content\/uploads\/2023\/10\/IMG_0951.jpg","width":2000,"height":1325},{"@type":"BreadcrumbList","@id":"https:\/\/www.noticiasradioreflejos.com.ar\/2021\/los-talleres-de-esi-con-amigues-del-ministerio-de-las-mujeres-continuan-recorriendo-toda-la-provincia\/#breadcrumb","itemListElement":[{"@type":"ListItem","position":1,"name":"Portada","item":"https:\/\/www.noticiasradioreflejos.com.ar\/2021\/"},{"@type":"ListItem","position":2,"name":"Los talleres de \u00abESI con amigues\u00bb del Ministerio de las Mujeres contin\u00faan recorriendo toda la Provincia"}]},{"@type":"WebSite","@id":"https:\/\/www.noticiasradioreflejos.com.ar\/2021\/#website","url":"https:\/\/www.noticiasradioreflejos.com.ar\/2021\/","name":"Noticias Radio Reflejos","description":"Las noticias de mi comarca","potentialAction":[{"@type":"SearchAction","target":{"@type":"EntryPoint","urlTemplate":"https:\/\/www.noticiasradioreflejos.com.ar\/2021\/?s={search_term_string}"},"query-input":{"@type":"PropertyValueSpecification","valueRequired":true,"valueName":"search_term_string"}}],"inLanguage":"es"},{"@type":"Person","@id":"https:\/\/www.noticiasradioreflejos.com.ar\/2021\/#\/schema\/person\/ad82545263dcc5ec0996818884fd5fb1","name":"Arnaldo Botto","image":{"@type":"ImageObject","inLanguage":"es","@id":"https:\/\/www.noticiasradioreflejos.com.ar\/2021\/#\/schema\/person\/image\/","url":"https:\/\/secure.gravatar.com\/avatar\/55cb5e37c1efa326397366e6974cb338056df65cb50e7d64d1cf314e87504837?s=96&d=mm&r=g","contentUrl":"https:\/\/secure.gravatar.com\/avatar\/55cb5e37c1efa326397366e6974cb338056df65cb50e7d64d1cf314e87504837?s=96&d=mm&r=g","caption":"Arnaldo Botto"},"url":"https:\/\/www.noticiasradioreflejos.com.ar\/2021\/author\/arnaldo\/"}]}},"_links":{"self":[{"href":"https:\/\/www.noticiasradioreflejos.com.ar\/2021\/wp-json\/wp\/v2\/posts\/94193","targetHints":{"allow":["GET"]}}],"collection":[{"href":"https:\/\/www.noticiasradioreflejos.com.ar\/2021\/wp-json\/wp\/v2\/posts"}],"about":[{"href":"https:\/\/www.noticiasradioreflejos.com.ar\/2021\/wp-json\/wp\/v2\/types\/post"}],"author":[{"embeddable":true,"href":"https:\/\/www.noticiasradioreflejos.com.ar\/2021\/wp-json\/wp\/v2\/users\/3"}],"replies":[{"embeddable":true,"href":"https:\/\/www.noticiasradioreflejos.com.ar\/2021\/wp-json\/wp\/v2\/comments?post=94193"}],"version-history":[{"count":1,"href":"https:\/\/www.noticiasradioreflejos.com.ar\/2021\/wp-json\/wp\/v2\/posts\/94193\/revisions"}],"predecessor-version":[{"id":94195,"href":"https:\/\/www.noticiasradioreflejos.com.ar\/2021\/wp-json\/wp\/v2\/posts\/94193\/revisions\/94195"}],"wp:featuredmedia":[{"embeddable":true,"href":"https:\/\/www.noticiasradioreflejos.com.ar\/2021\/wp-json\/wp\/v2\/media\/94194"}],"wp:attachment":[{"href":"https:\/\/www.noticiasradioreflejos.com.ar\/2021\/wp-json\/wp\/v2\/media?parent=94193"}],"wp:term":[{"taxonomy":"category","embeddable":true,"href":"https:\/\/www.noticiasradioreflejos.com.ar\/2021\/wp-json\/wp\/v2\/categories?post=94193"},{"taxonomy":"post_tag","embeddable":true,"href":"https:\/\/www.noticiasradioreflejos.com.ar\/2021\/wp-json\/wp\/v2\/tags?post=94193"}],"curies":[{"name":"wp","href":"https:\/\/api.w.org\/{rel}","templated":true}]}}