{"id":94192,"date":"2023-10-20T19:42:04","date_gmt":"2023-10-20T19:42:04","guid":{"rendered":"https:\/\/www.noticiasradioreflejos.com.ar\/2021\/?p=94192"},"modified":"2023-10-20T19:43:16","modified_gmt":"2023-10-20T19:43:16","slug":"villa-ventana-la-escuela-de-oficios-dictara-cursos-en-2024","status":"publish","type":"post","link":"https:\/\/www.noticiasradioreflejos.com.ar\/2021\/villa-ventana-la-escuela-de-oficios-dictara-cursos-en-2024\/","title":{"rendered":"Villa Ventana: \u201cLa Escuela de Oficios dictar\u00e1 cursos en 2024\u201d"},"content":{"rendered":"<p>As\u00ed lo confirm\u00f3 la presidenta de la<strong> Asociaci\u00f3n de Fomento, Mar\u00eda Cristina Cal\u00f3nico<\/strong>. \u201cHemos firmado ya la primera acta de acuerdo. Todos los cursos tendr\u00e1n certificaci\u00f3n provincial e incluso algunos a nivel nacional\u201d asegur\u00f3.<!--more--><\/p>\n<p>La presidenta de la Asociaci\u00f3n de Fomento de Villa Ventana, Mar\u00eda Cristina Cal\u00f3nico se mostr\u00f3 m\u00e1s que conforme en lo que ya va siendo un balance de lo vivido a lo largo de este 2023 que comienza a despedirse.<\/p>\n<p><a title=\"Fomento Villa Ventana (2)\" href=\"https:\/\/www.flickr.com\/photos\/182279889@N02\/53272950293\/in\/dateposted-public\/\" data-flickr-embed=\"true\"><img loading=\"lazy\" decoding=\"async\" src=\"https:\/\/live.staticflickr.com\/65535\/53272950293_fd3ff815b3_c.jpg\" alt=\"Fomento Villa Ventana (2)\" width=\"800\" height=\"600\" \/><\/a><\/p>\n<p>Al respecto afirm\u00f3 que \u201cpor suerte a fines del a\u00f1o pasado se termin\u00f3 el sal\u00f3n nuevo, contra viento y marea pudimos terminarlo y qued\u00f3 muy bien. Esta comisi\u00f3n viene trabajando hace mucho de forma incansable, pese a los problemas y el covid. Nunca hemos parado ni desanimado. Felizmente nuestro presente es muy bueno, tras tanto sembrar\u201d.<\/p>\n<p>En esa l\u00ednea refiri\u00f3 que \u201cel sal\u00f3n, m\u00e1s all\u00e1 de alquilarlo para fiestas, tambi\u00e9n lo cedemos para charlas y cursos. El \u00faltimo que hubo fue sobre cannabis medicinal y vino mucha gente. Realmente fue muy ameno y nos quedamos con ganas de aprender m\u00e1s sobre el tema. Por esto no descartamos que haya una nueva charla al respecto\u201d.<\/p>\n<p>Casi sin hacer un punto y aparte, agreg\u00f3 que \u201ca esto se le suma toda la grilla deportiva de las escuelas, que utilizan la cancha de c\u00e9sped sint\u00e9tico. Incluso si la primaria lo necesita para practicar de cara alguna competencia tambi\u00e9n son bienvenidos. La gente que hace newcom viene los lunes y estamos viendo para el a\u00f1o que viene darles un d\u00eda m\u00e1s. Y cuando quedan horas libres se alquila y ese dinero se usa para la mantenci\u00f3n de la cancha\u201d.<br \/>\n<iframe loading=\"lazy\" style=\"border: none; overflow: hidden;\" src=\"https:\/\/www.facebook.com\/plugins\/post.php?href=https%3A%2F%2Fwww.facebook.com%2Fasocfomentovillaventana%2Fposts%2Fpfbid02UMxFPLsF6ehSjdMS1G9RfZPivbqbuhpbU8cXsCZgkBPsQU2fJaEjg65STB2Hf7XEl&amp;show_text=true&amp;width=500\" width=\"500\" height=\"633\" frameborder=\"0\" scrolling=\"no\" allowfullscreen=\"allowfullscreen\"><\/iframe><br \/>\nAl mismo tiempo mencion\u00f3 que \u201cen el sal\u00f3n nuevo hay pr\u00e1cticas de folklores dos veces por semana. Eso es gratuito. Lo mismo que los talleres de astronom\u00eda. La idea es el a\u00f1o que viene esas actividades sean trasladadas a lo que era el galp\u00f3n de bomberos. Vamos a darle una lavada de cara. Ya compramos ventanas para que entre luz, queremos colocar un port\u00f3n nuevo\u2026 se necesita m\u00e1s luz natural. Y al mismo tiempo le queremos hacer un alisado de cemento\u201d.<\/p>\n<p>En otro pasaje de la charla, y con mucha felicidad, asever\u00f3 que \u201chemos firmado ya la primera acta acuerdo para usar las instalaciones de fomento con la gente de la Escuela de Oficios de Tornquist y ya comenz\u00f3 el curso de marketing digital. La idea de fomento es incorporar talleres que tengan salida laboral, as\u00ed la gente puede progresar y tener su propio emprendimiento. Para el a\u00f1o pr\u00f3ximo tenemos otros talleres confirmados, como herrer\u00eda, soldador, electricidad, auxiliar de plomer\u00eda y gas, otro de cocina sin gluten\u201d.<\/p>\n<p>Cerrando con el hecho de que \u201ces la primera vez que una instituci\u00f3n se ha acercado para solicitar los cursos. Gracias a Dios contamos con instalaciones que se pueden usar a tal efecto. Todos los cursos tienen certificado provincial y algunos a nivel nacional. Cuando tengamos los horarios asignados los difundiremos en las redes. Al mismo tiempo hay un registro de firmas para que se anoten, ya que hay un m\u00ednimo y un m\u00e1ximo\u201d.<\/p>\n<p>&nbsp;<\/p>\n<p>&nbsp;<\/p>\n<p><iframe loading=\"lazy\" src=\"https:\/\/w.soundcloud.com\/player\/?url=https%3A\/\/api.soundcloud.com\/tracks\/1645434501&amp;color=%23ff5500&amp;auto_play=false&amp;hide_related=false&amp;show_comments=true&amp;show_user=true&amp;show_reposts=false&amp;show_teaser=true\" width=\"100%\" height=\"166\" frameborder=\"no\" scrolling=\"no\"><\/iframe><\/p>\n<div style=\"font-size: 10px; color: #cccccc; line-break: anywhere; word-break: normal; overflow: hidden; white-space: nowrap; text-overflow: ellipsis; font-family: Interstate,Lucida Grande,Lucida Sans Unicode,Lucida Sans,Garuda,Verdana,Tahoma,sans-serif; font-weight: 100;\"><a style=\"color: #cccccc; text-decoration: none;\" title=\"fmreflejos 103.7\" href=\"https:\/\/soundcloud.com\/fmreflejos-103-7\" target=\"_blank\" rel=\"noopener\">fmreflejos 103.7<\/a> \u00b7 <a style=\"color: #cccccc; text-decoration: none;\" title=\"Maria Cristina Calonico 20 - 10\" href=\"https:\/\/soundcloud.com\/fmreflejos-103-7\/maria-cristina-calonico-20-10\" target=\"_blank\" rel=\"noopener\">Maria Cristina Calonico 20 &#8211; 10<\/a><\/div>\n<p><a title=\"Fomento Villa Ventana (1)\" href=\"https:\/\/www.flickr.com\/photos\/182279889@N02\/53273020764\/in\/dateposted-public\/\" data-flickr-embed=\"true\"><img loading=\"lazy\" decoding=\"async\" class=\"aligncenter\" src=\"https:\/\/live.staticflickr.com\/65535\/53273020764_8af6dbf918.jpg\" alt=\"Fomento Villa Ventana (1)\" width=\"500\" height=\"500\" \/><\/a><\/p>\n","protected":false},"excerpt":{"rendered":"<p>As\u00ed lo confirm\u00f3 la presidenta de la Asociaci\u00f3n de Fomento, Mar\u00eda Cristina Cal\u00f3nico. \u201cHemos firmado ya la primera acta de acuerdo. Todos los cursos tendr\u00e1n certificaci\u00f3n provincial e incluso algunos a nivel nacional\u201d asegur\u00f3.<\/p>\n","protected":false},"author":3,"featured_media":56656,"comment_status":"closed","ping_status":"closed","sticky":false,"template":"","format":"standard","meta":{"footnotes":""},"categories":[35,34,26],"tags":[48],"class_list":["post-94192","post","type-post","status-publish","format-standard","has-post-thumbnail","hentry","category-cultura","category-educacion","category-sociedad","tag-destacada"],"yoast_head":"<!-- This site is optimized with the Yoast SEO plugin v25.9 - https:\/\/yoast.com\/wordpress\/plugins\/seo\/ -->\n<title>Villa Ventana: \u201cLa Escuela de Oficios dictar\u00e1 cursos en 2024\u201d - Noticias Radio Reflejos<\/title>\n<meta name=\"robots\" content=\"index, follow, max-snippet:-1, max-image-preview:large, max-video-preview:-1\" \/>\n<link rel=\"canonical\" href=\"https:\/\/www.noticiasradioreflejos.com.ar\/2021\/villa-ventana-la-escuela-de-oficios-dictara-cursos-en-2024\/\" \/>\n<meta property=\"og:locale\" content=\"es_ES\" \/>\n<meta property=\"og:type\" content=\"article\" \/>\n<meta property=\"og:title\" content=\"Villa Ventana: \u201cLa Escuela de Oficios dictar\u00e1 cursos en 2024\u201d - Noticias Radio Reflejos\" \/>\n<meta property=\"og:description\" content=\"As\u00ed lo confirm\u00f3 la presidenta de la Asociaci\u00f3n de Fomento, Mar\u00eda Cristina Cal\u00f3nico. \u201cHemos firmado ya la primera acta de acuerdo. Todos los cursos tendr\u00e1n certificaci\u00f3n provincial e incluso algunos a nivel nacional\u201d asegur\u00f3.\" \/>\n<meta property=\"og:url\" content=\"https:\/\/www.noticiasradioreflejos.com.ar\/2021\/villa-ventana-la-escuela-de-oficios-dictara-cursos-en-2024\/\" \/>\n<meta property=\"og:site_name\" content=\"Noticias Radio Reflejos\" \/>\n<meta property=\"article:published_time\" content=\"2023-10-20T19:42:04+00:00\" \/>\n<meta property=\"article:modified_time\" content=\"2023-10-20T19:43:16+00:00\" \/>\n<meta property=\"og:image\" content=\"https:\/\/www.noticiasradioreflejos.com.ar\/2021\/wp-content\/uploads\/2021\/05\/Fomento-Villa-1.jpeg\" \/>\n\t<meta property=\"og:image:width\" content=\"777\" \/>\n\t<meta property=\"og:image:height\" content=\"437\" \/>\n\t<meta property=\"og:image:type\" content=\"image\/jpeg\" \/>\n<meta name=\"author\" content=\"Arnaldo Botto\" \/>\n<meta name=\"twitter:card\" content=\"summary_large_image\" \/>\n<script type=\"application\/ld+json\" class=\"yoast-schema-graph\">{\"@context\":\"https:\/\/schema.org\",\"@graph\":[{\"@type\":\"WebPage\",\"@id\":\"https:\/\/www.noticiasradioreflejos.com.ar\/2021\/villa-ventana-la-escuela-de-oficios-dictara-cursos-en-2024\/\",\"url\":\"https:\/\/www.noticiasradioreflejos.com.ar\/2021\/villa-ventana-la-escuela-de-oficios-dictara-cursos-en-2024\/\",\"name\":\"Villa Ventana: \u201cLa Escuela de Oficios dictar\u00e1 cursos en 2024\u201d - Noticias Radio Reflejos\",\"isPartOf\":{\"@id\":\"https:\/\/www.noticiasradioreflejos.com.ar\/2021\/#website\"},\"primaryImageOfPage\":{\"@id\":\"https:\/\/www.noticiasradioreflejos.com.ar\/2021\/villa-ventana-la-escuela-de-oficios-dictara-cursos-en-2024\/#primaryimage\"},\"image\":{\"@id\":\"https:\/\/www.noticiasradioreflejos.com.ar\/2021\/villa-ventana-la-escuela-de-oficios-dictara-cursos-en-2024\/#primaryimage\"},\"thumbnailUrl\":\"https:\/\/www.noticiasradioreflejos.com.ar\/2021\/wp-content\/uploads\/2021\/05\/Fomento-Villa-1.jpeg\",\"datePublished\":\"2023-10-20T19:42:04+00:00\",\"dateModified\":\"2023-10-20T19:43:16+00:00\",\"author\":{\"@id\":\"https:\/\/www.noticiasradioreflejos.com.ar\/2021\/#\/schema\/person\/ad82545263dcc5ec0996818884fd5fb1\"},\"breadcrumb\":{\"@id\":\"https:\/\/www.noticiasradioreflejos.com.ar\/2021\/villa-ventana-la-escuela-de-oficios-dictara-cursos-en-2024\/#breadcrumb\"},\"inLanguage\":\"es\",\"potentialAction\":[{\"@type\":\"ReadAction\",\"target\":[\"https:\/\/www.noticiasradioreflejos.com.ar\/2021\/villa-ventana-la-escuela-de-oficios-dictara-cursos-en-2024\/\"]}]},{\"@type\":\"ImageObject\",\"inLanguage\":\"es\",\"@id\":\"https:\/\/www.noticiasradioreflejos.com.ar\/2021\/villa-ventana-la-escuela-de-oficios-dictara-cursos-en-2024\/#primaryimage\",\"url\":\"https:\/\/www.noticiasradioreflejos.com.ar\/2021\/wp-content\/uploads\/2021\/05\/Fomento-Villa-1.jpeg\",\"contentUrl\":\"https:\/\/www.noticiasradioreflejos.com.ar\/2021\/wp-content\/uploads\/2021\/05\/Fomento-Villa-1.jpeg\",\"width\":777,\"height\":437},{\"@type\":\"BreadcrumbList\",\"@id\":\"https:\/\/www.noticiasradioreflejos.com.ar\/2021\/villa-ventana-la-escuela-de-oficios-dictara-cursos-en-2024\/#breadcrumb\",\"itemListElement\":[{\"@type\":\"ListItem\",\"position\":1,\"name\":\"Portada\",\"item\":\"https:\/\/www.noticiasradioreflejos.com.ar\/2021\/\"},{\"@type\":\"ListItem\",\"position\":2,\"name\":\"Villa Ventana: \u201cLa Escuela de Oficios dictar\u00e1 cursos en 2024\u201d\"}]},{\"@type\":\"WebSite\",\"@id\":\"https:\/\/www.noticiasradioreflejos.com.ar\/2021\/#website\",\"url\":\"https:\/\/www.noticiasradioreflejos.com.ar\/2021\/\",\"name\":\"Noticias Radio Reflejos\",\"description\":\"Las noticias de mi comarca\",\"potentialAction\":[{\"@type\":\"SearchAction\",\"target\":{\"@type\":\"EntryPoint\",\"urlTemplate\":\"https:\/\/www.noticiasradioreflejos.com.ar\/2021\/?s={search_term_string}\"},\"query-input\":{\"@type\":\"PropertyValueSpecification\",\"valueRequired\":true,\"valueName\":\"search_term_string\"}}],\"inLanguage\":\"es\"},{\"@type\":\"Person\",\"@id\":\"https:\/\/www.noticiasradioreflejos.com.ar\/2021\/#\/schema\/person\/ad82545263dcc5ec0996818884fd5fb1\",\"name\":\"Arnaldo Botto\",\"image\":{\"@type\":\"ImageObject\",\"inLanguage\":\"es\",\"@id\":\"https:\/\/www.noticiasradioreflejos.com.ar\/2021\/#\/schema\/person\/image\/\",\"url\":\"https:\/\/secure.gravatar.com\/avatar\/55cb5e37c1efa326397366e6974cb338056df65cb50e7d64d1cf314e87504837?s=96&d=mm&r=g\",\"contentUrl\":\"https:\/\/secure.gravatar.com\/avatar\/55cb5e37c1efa326397366e6974cb338056df65cb50e7d64d1cf314e87504837?s=96&d=mm&r=g\",\"caption\":\"Arnaldo Botto\"},\"url\":\"https:\/\/www.noticiasradioreflejos.com.ar\/2021\/author\/arnaldo\/\"}]}<\/script>\n<!-- \/ Yoast SEO plugin. -->","yoast_head_json":{"title":"Villa Ventana: \u201cLa Escuela de Oficios dictar\u00e1 cursos en 2024\u201d - Noticias Radio Reflejos","robots":{"index":"index","follow":"follow","max-snippet":"max-snippet:-1","max-image-preview":"max-image-preview:large","max-video-preview":"max-video-preview:-1"},"canonical":"https:\/\/www.noticiasradioreflejos.com.ar\/2021\/villa-ventana-la-escuela-de-oficios-dictara-cursos-en-2024\/","og_locale":"es_ES","og_type":"article","og_title":"Villa Ventana: \u201cLa Escuela de Oficios dictar\u00e1 cursos en 2024\u201d - Noticias Radio Reflejos","og_description":"As\u00ed lo confirm\u00f3 la presidenta de la Asociaci\u00f3n de Fomento, Mar\u00eda Cristina Cal\u00f3nico. \u201cHemos firmado ya la primera acta de acuerdo. Todos los cursos tendr\u00e1n certificaci\u00f3n provincial e incluso algunos a nivel nacional\u201d asegur\u00f3.","og_url":"https:\/\/www.noticiasradioreflejos.com.ar\/2021\/villa-ventana-la-escuela-de-oficios-dictara-cursos-en-2024\/","og_site_name":"Noticias Radio Reflejos","article_published_time":"2023-10-20T19:42:04+00:00","article_modified_time":"2023-10-20T19:43:16+00:00","og_image":[{"width":777,"height":437,"url":"https:\/\/www.noticiasradioreflejos.com.ar\/2021\/wp-content\/uploads\/2021\/05\/Fomento-Villa-1.jpeg","type":"image\/jpeg"}],"author":"Arnaldo Botto","twitter_card":"summary_large_image","schema":{"@context":"https:\/\/schema.org","@graph":[{"@type":"WebPage","@id":"https:\/\/www.noticiasradioreflejos.com.ar\/2021\/villa-ventana-la-escuela-de-oficios-dictara-cursos-en-2024\/","url":"https:\/\/www.noticiasradioreflejos.com.ar\/2021\/villa-ventana-la-escuela-de-oficios-dictara-cursos-en-2024\/","name":"Villa Ventana: \u201cLa Escuela de Oficios dictar\u00e1 cursos en 2024\u201d - Noticias Radio Reflejos","isPartOf":{"@id":"https:\/\/www.noticiasradioreflejos.com.ar\/2021\/#website"},"primaryImageOfPage":{"@id":"https:\/\/www.noticiasradioreflejos.com.ar\/2021\/villa-ventana-la-escuela-de-oficios-dictara-cursos-en-2024\/#primaryimage"},"image":{"@id":"https:\/\/www.noticiasradioreflejos.com.ar\/2021\/villa-ventana-la-escuela-de-oficios-dictara-cursos-en-2024\/#primaryimage"},"thumbnailUrl":"https:\/\/www.noticiasradioreflejos.com.ar\/2021\/wp-content\/uploads\/2021\/05\/Fomento-Villa-1.jpeg","datePublished":"2023-10-20T19:42:04+00:00","dateModified":"2023-10-20T19:43:16+00:00","author":{"@id":"https:\/\/www.noticiasradioreflejos.com.ar\/2021\/#\/schema\/person\/ad82545263dcc5ec0996818884fd5fb1"},"breadcrumb":{"@id":"https:\/\/www.noticiasradioreflejos.com.ar\/2021\/villa-ventana-la-escuela-de-oficios-dictara-cursos-en-2024\/#breadcrumb"},"inLanguage":"es","potentialAction":[{"@type":"ReadAction","target":["https:\/\/www.noticiasradioreflejos.com.ar\/2021\/villa-ventana-la-escuela-de-oficios-dictara-cursos-en-2024\/"]}]},{"@type":"ImageObject","inLanguage":"es","@id":"https:\/\/www.noticiasradioreflejos.com.ar\/2021\/villa-ventana-la-escuela-de-oficios-dictara-cursos-en-2024\/#primaryimage","url":"https:\/\/www.noticiasradioreflejos.com.ar\/2021\/wp-content\/uploads\/2021\/05\/Fomento-Villa-1.jpeg","contentUrl":"https:\/\/www.noticiasradioreflejos.com.ar\/2021\/wp-content\/uploads\/2021\/05\/Fomento-Villa-1.jpeg","width":777,"height":437},{"@type":"BreadcrumbList","@id":"https:\/\/www.noticiasradioreflejos.com.ar\/2021\/villa-ventana-la-escuela-de-oficios-dictara-cursos-en-2024\/#breadcrumb","itemListElement":[{"@type":"ListItem","position":1,"name":"Portada","item":"https:\/\/www.noticiasradioreflejos.com.ar\/2021\/"},{"@type":"ListItem","position":2,"name":"Villa Ventana: \u201cLa Escuela de Oficios dictar\u00e1 cursos en 2024\u201d"}]},{"@type":"WebSite","@id":"https:\/\/www.noticiasradioreflejos.com.ar\/2021\/#website","url":"https:\/\/www.noticiasradioreflejos.com.ar\/2021\/","name":"Noticias Radio Reflejos","description":"Las noticias de mi comarca","potentialAction":[{"@type":"SearchAction","target":{"@type":"EntryPoint","urlTemplate":"https:\/\/www.noticiasradioreflejos.com.ar\/2021\/?s={search_term_string}"},"query-input":{"@type":"PropertyValueSpecification","valueRequired":true,"valueName":"search_term_string"}}],"inLanguage":"es"},{"@type":"Person","@id":"https:\/\/www.noticiasradioreflejos.com.ar\/2021\/#\/schema\/person\/ad82545263dcc5ec0996818884fd5fb1","name":"Arnaldo Botto","image":{"@type":"ImageObject","inLanguage":"es","@id":"https:\/\/www.noticiasradioreflejos.com.ar\/2021\/#\/schema\/person\/image\/","url":"https:\/\/secure.gravatar.com\/avatar\/55cb5e37c1efa326397366e6974cb338056df65cb50e7d64d1cf314e87504837?s=96&d=mm&r=g","contentUrl":"https:\/\/secure.gravatar.com\/avatar\/55cb5e37c1efa326397366e6974cb338056df65cb50e7d64d1cf314e87504837?s=96&d=mm&r=g","caption":"Arnaldo Botto"},"url":"https:\/\/www.noticiasradioreflejos.com.ar\/2021\/author\/arnaldo\/"}]}},"_links":{"self":[{"href":"https:\/\/www.noticiasradioreflejos.com.ar\/2021\/wp-json\/wp\/v2\/posts\/94192","targetHints":{"allow":["GET"]}}],"collection":[{"href":"https:\/\/www.noticiasradioreflejos.com.ar\/2021\/wp-json\/wp\/v2\/posts"}],"about":[{"href":"https:\/\/www.noticiasradioreflejos.com.ar\/2021\/wp-json\/wp\/v2\/types\/post"}],"author":[{"embeddable":true,"href":"https:\/\/www.noticiasradioreflejos.com.ar\/2021\/wp-json\/wp\/v2\/users\/3"}],"replies":[{"embeddable":true,"href":"https:\/\/www.noticiasradioreflejos.com.ar\/2021\/wp-json\/wp\/v2\/comments?post=94192"}],"version-history":[{"count":3,"href":"https:\/\/www.noticiasradioreflejos.com.ar\/2021\/wp-json\/wp\/v2\/posts\/94192\/revisions"}],"predecessor-version":[{"id":94201,"href":"https:\/\/www.noticiasradioreflejos.com.ar\/2021\/wp-json\/wp\/v2\/posts\/94192\/revisions\/94201"}],"wp:featuredmedia":[{"embeddable":true,"href":"https:\/\/www.noticiasradioreflejos.com.ar\/2021\/wp-json\/wp\/v2\/media\/56656"}],"wp:attachment":[{"href":"https:\/\/www.noticiasradioreflejos.com.ar\/2021\/wp-json\/wp\/v2\/media?parent=94192"}],"wp:term":[{"taxonomy":"category","embeddable":true,"href":"https:\/\/www.noticiasradioreflejos.com.ar\/2021\/wp-json\/wp\/v2\/categories?post=94192"},{"taxonomy":"post_tag","embeddable":true,"href":"https:\/\/www.noticiasradioreflejos.com.ar\/2021\/wp-json\/wp\/v2\/tags?post=94192"}],"curies":[{"name":"wp","href":"https:\/\/api.w.org\/{rel}","templated":true}]}}