{"id":94190,"date":"2023-10-20T19:31:14","date_gmt":"2023-10-20T19:31:14","guid":{"rendered":"https:\/\/www.noticiasradioreflejos.com.ar\/2021\/?p=94190"},"modified":"2023-10-20T19:32:29","modified_gmt":"2023-10-20T19:32:29","slug":"vigesima-muestra-floral-nos-preparamos-todo-el-ano-para-esto","status":"publish","type":"post","link":"https:\/\/www.noticiasradioreflejos.com.ar\/2021\/vigesima-muestra-floral-nos-preparamos-todo-el-ano-para-esto\/","title":{"rendered":"Vig\u00e9sima muestra floral: \u201cNos preparamos todo el a\u00f1o para esto\u201d"},"content":{"rendered":"<p><strong>Marcela Giaconia<\/strong>, una de las integrantes de la agrupaci\u00f3n que lleva adelante esta movida, brind\u00f3 detalles de la acci\u00f3n que tendr\u00e1 lugar en noviembre. \u201cLos esperamos a todos para que disfruten con nosotros la pasi\u00f3n por las plantas\u201d.<!--more--><\/p>\n<p>La muestra floral de la comarca llega a su vig\u00e9sima edici\u00f3n. Es por esto que los integrantes de la agrupaci\u00f3n que le dan vida se encuentran trabajando a destajo, para brindar una vez m\u00e1s una muestra digna de admirar.<\/p>\n<p>Al respecto Marcela Giaconia, una de las organizadoras, asegur\u00f3 que \u201cnosotros nos preparamos todo el a\u00f1o para esta muestra. Los integrantes de la agrupaci\u00f3n, termina la muestra, nos tomamos el recre\u00edto estival y ya volvemos a arrancar pensando nuevas propuestas\u201d.<\/p>\n<p><a title=\"Agrp. Floral Ventania (3)\" href=\"https:\/\/www.flickr.com\/photos\/182279889@N02\/53273092685\/in\/dateposted-public\/\" data-flickr-embed=\"true\"><img loading=\"lazy\" decoding=\"async\" src=\"https:\/\/live.staticflickr.com\/65535\/53273092685_970cba25d0_c.jpg\" alt=\"Agrp. Floral Ventania (3)\" width=\"800\" height=\"600\" \/><\/a><\/p>\n<p>&nbsp;<\/p>\n<p>Agregando que \u201ctras la temporada y Semana Santa nos reunimos. Ya somos amigos tras tantos a\u00f1os de conocernos. Las plantas es el motor que nos une. Siempre salen temas referidos a nuestra pasi\u00f3n y que nos re\u00fane. Somos entre 10 y 12 los integrantes\u201d.<\/p>\n<p>Aprovechando la charla afirm\u00f3 que \u201cla invitaci\u00f3n anticipada para la comunidad, de que tambi\u00e9n es parte y pueden traer sus plantas, sus flores. Como es tradicional, el segundo fin de semana de noviembre, se prepara la muestra. El 11 por la ma\u00f1ana se reciben todos los arreglos que se animen a preparar, ya sea de plantas, flores o frutas. Es la creaci\u00f3n de cada uno. La idea es que compartan su pasi\u00f3n con nosotros\u201d.<\/p>\n<p><a title=\"Floral Ventania\" href=\"https:\/\/www.flickr.com\/photos\/182279889@N02\/53273112260\/in\/dateposted-public\/\" data-flickr-embed=\"true\"><img loading=\"lazy\" decoding=\"async\" src=\"https:\/\/live.staticflickr.com\/65535\/53273112260_04b85e8a8e_c.jpg\" alt=\"Floral Ventania\" width=\"800\" height=\"450\" \/><\/a><\/p>\n<p>&nbsp;<\/p>\n<p>Y dando m\u00e1s detalles confirm\u00f3 que \u201cla muestra se har\u00e1 en el sal\u00f3n de la Casita de Dios. De 9 a 12 se reciben las plantas, y a partir de las 15 es abierto al p\u00fablico hasta las 20. Y despu\u00e9s el domingo desde las 10 hasta las 20, todo el d\u00eda de corrido. La idea es que la gente disfrute. Es entrada libre y gratuita\u201d.<\/p>\n<p>Seg\u00fan refiri\u00f3 \u201cla tem\u00e1tica de este a\u00f1o es atesorar recuerdos por los 20 a\u00f1os que se cumplen. Habr\u00e1 dos o tres rincones que son los que m\u00e1s gustaron a lo largo de todas las ediciones\u201d.<\/p>\n<p><iframe loading=\"lazy\" style=\"border: none; overflow: hidden;\" src=\"https:\/\/www.facebook.com\/plugins\/post.php?href=https%3A%2F%2Fwww.facebook.com%2Fpermalink.php%3Fstory_fbid%3Dpfbid0ScprNtt6rrdtDBxrXvxQLUVTsGMh1e7qbon4bHiedBwbHud3NMUt6XMtxioXTxTjl%26id%3D100070906633251&amp;show_text=true&amp;width=500\" width=\"500\" height=\"687\" frameborder=\"0\" scrolling=\"no\" allowfullscreen=\"allowfullscreen\"><\/iframe><\/p>\n<p>Por \u00faltimo, y sobre la intervenci\u00f3n en la delegaci\u00f3n municipal, acot\u00f3 que \u201clo del jard\u00edn vertical en la delegaci\u00f3n surgi\u00f3 de nuestras reuniones. Quer\u00edamos dejar algo que perdurara para la comunidad. De ah\u00ed que comenzamos con esto que nos pareci\u00f3 atractivo. La primera idea era m\u00e1s ambiciosa, pero decidimos comenzar con esto, que es un peque\u00f1o presente\u201d.<\/p>\n<p><iframe loading=\"lazy\" src=\"https:\/\/w.soundcloud.com\/player\/?url=https%3A\/\/api.soundcloud.com\/tracks\/1645397256&amp;color=%23ff5500&amp;auto_play=false&amp;hide_related=false&amp;show_comments=true&amp;show_user=true&amp;show_reposts=false&amp;show_teaser=true\" width=\"100%\" height=\"166\" frameborder=\"no\" scrolling=\"no\"><\/iframe><\/p>\n<div style=\"font-size: 10px; color: #cccccc; line-break: anywhere; word-break: normal; overflow: hidden; white-space: nowrap; text-overflow: ellipsis; font-family: Interstate,Lucida Grande,Lucida Sans Unicode,Lucida Sans,Garuda,Verdana,Tahoma,sans-serif; font-weight: 100;\"><a style=\"color: #cccccc; text-decoration: none;\" title=\"fmreflejos 103.7\" href=\"https:\/\/soundcloud.com\/fmreflejos-103-7\" target=\"_blank\" rel=\"noopener\">fmreflejos 103.7<\/a> \u00b7 <a style=\"color: #cccccc; text-decoration: none;\" title=\"Marcela Giaconia 20 - 10\" href=\"https:\/\/soundcloud.com\/fmreflejos-103-7\/marcela-giaconia-20-10\" target=\"_blank\" rel=\"noopener\">Marcela Giaconia 20 &#8211; 10<\/a><\/div>\n<p>&nbsp;<\/p>\n<p><a data-flickr-embed=\"true\" href=\"https:\/\/www.flickr.com\/photos\/182279889@N02\/53272981629\/in\/dateposted-public\/\" title=\"Agrp. Floral Ventania (1)\"><img loading=\"lazy\" decoding=\"async\" src=\"https:\/\/live.staticflickr.com\/65535\/53272981629_99e3da9465_c.jpg\" width=\"800\" height=\"529\" alt=\"Agrp. Floral Ventania (1)\"\/><\/a><script async src=\"\/\/embedr.flickr.com\/assets\/client-code.js\" charset=\"utf-8\"><\/script><\/p>\n","protected":false},"excerpt":{"rendered":"<p>Marcela Giaconia, una de las integrantes de la agrupaci\u00f3n que lleva adelante esta movida, brind\u00f3 detalles de la acci\u00f3n que tendr\u00e1 lugar en noviembre. \u201cLos esperamos a todos para que disfruten con nosotros la pasi\u00f3n por las plantas\u201d.<\/p>\n","protected":false},"author":3,"featured_media":0,"comment_status":"closed","ping_status":"closed","sticky":false,"template":"","format":"standard","meta":{"footnotes":""},"categories":[26],"tags":[48],"class_list":["post-94190","post","type-post","status-publish","format-standard","hentry","category-sociedad","tag-destacada"],"yoast_head":"<!-- This site is optimized with the Yoast SEO plugin v25.9 - https:\/\/yoast.com\/wordpress\/plugins\/seo\/ -->\n<title>Vig\u00e9sima muestra floral: \u201cNos preparamos todo el a\u00f1o para esto\u201d - Noticias Radio Reflejos<\/title>\n<meta name=\"robots\" content=\"index, follow, max-snippet:-1, max-image-preview:large, max-video-preview:-1\" \/>\n<link rel=\"canonical\" href=\"https:\/\/www.noticiasradioreflejos.com.ar\/2021\/vigesima-muestra-floral-nos-preparamos-todo-el-ano-para-esto\/\" \/>\n<meta property=\"og:locale\" content=\"es_ES\" \/>\n<meta property=\"og:type\" content=\"article\" \/>\n<meta property=\"og:title\" content=\"Vig\u00e9sima muestra floral: \u201cNos preparamos todo el a\u00f1o para esto\u201d - Noticias Radio Reflejos\" \/>\n<meta property=\"og:description\" content=\"Marcela Giaconia, una de las integrantes de la agrupaci\u00f3n que lleva adelante esta movida, brind\u00f3 detalles de la acci\u00f3n que tendr\u00e1 lugar en noviembre. \u201cLos esperamos a todos para que disfruten con nosotros la pasi\u00f3n por las plantas\u201d.\" \/>\n<meta property=\"og:url\" content=\"https:\/\/www.noticiasradioreflejos.com.ar\/2021\/vigesima-muestra-floral-nos-preparamos-todo-el-ano-para-esto\/\" \/>\n<meta property=\"og:site_name\" content=\"Noticias Radio Reflejos\" \/>\n<meta property=\"article:published_time\" content=\"2023-10-20T19:31:14+00:00\" \/>\n<meta property=\"article:modified_time\" content=\"2023-10-20T19:32:29+00:00\" \/>\n<meta property=\"og:image\" content=\"https:\/\/live.staticflickr.com\/65535\/53273092685_970cba25d0_c.jpg\" \/>\n<meta name=\"author\" content=\"Arnaldo Botto\" \/>\n<meta name=\"twitter:card\" content=\"summary_large_image\" \/>\n<script type=\"application\/ld+json\" class=\"yoast-schema-graph\">{\"@context\":\"https:\/\/schema.org\",\"@graph\":[{\"@type\":\"WebPage\",\"@id\":\"https:\/\/www.noticiasradioreflejos.com.ar\/2021\/vigesima-muestra-floral-nos-preparamos-todo-el-ano-para-esto\/\",\"url\":\"https:\/\/www.noticiasradioreflejos.com.ar\/2021\/vigesima-muestra-floral-nos-preparamos-todo-el-ano-para-esto\/\",\"name\":\"Vig\u00e9sima muestra floral: \u201cNos preparamos todo el a\u00f1o para esto\u201d - Noticias Radio Reflejos\",\"isPartOf\":{\"@id\":\"https:\/\/www.noticiasradioreflejos.com.ar\/2021\/#website\"},\"primaryImageOfPage\":{\"@id\":\"https:\/\/www.noticiasradioreflejos.com.ar\/2021\/vigesima-muestra-floral-nos-preparamos-todo-el-ano-para-esto\/#primaryimage\"},\"image\":{\"@id\":\"https:\/\/www.noticiasradioreflejos.com.ar\/2021\/vigesima-muestra-floral-nos-preparamos-todo-el-ano-para-esto\/#primaryimage\"},\"thumbnailUrl\":\"https:\/\/live.staticflickr.com\/65535\/53273092685_970cba25d0_c.jpg\",\"datePublished\":\"2023-10-20T19:31:14+00:00\",\"dateModified\":\"2023-10-20T19:32:29+00:00\",\"author\":{\"@id\":\"https:\/\/www.noticiasradioreflejos.com.ar\/2021\/#\/schema\/person\/ad82545263dcc5ec0996818884fd5fb1\"},\"breadcrumb\":{\"@id\":\"https:\/\/www.noticiasradioreflejos.com.ar\/2021\/vigesima-muestra-floral-nos-preparamos-todo-el-ano-para-esto\/#breadcrumb\"},\"inLanguage\":\"es\",\"potentialAction\":[{\"@type\":\"ReadAction\",\"target\":[\"https:\/\/www.noticiasradioreflejos.com.ar\/2021\/vigesima-muestra-floral-nos-preparamos-todo-el-ano-para-esto\/\"]}]},{\"@type\":\"ImageObject\",\"inLanguage\":\"es\",\"@id\":\"https:\/\/www.noticiasradioreflejos.com.ar\/2021\/vigesima-muestra-floral-nos-preparamos-todo-el-ano-para-esto\/#primaryimage\",\"url\":\"https:\/\/live.staticflickr.com\/65535\/53273092685_970cba25d0_c.jpg\",\"contentUrl\":\"https:\/\/live.staticflickr.com\/65535\/53273092685_970cba25d0_c.jpg\"},{\"@type\":\"BreadcrumbList\",\"@id\":\"https:\/\/www.noticiasradioreflejos.com.ar\/2021\/vigesima-muestra-floral-nos-preparamos-todo-el-ano-para-esto\/#breadcrumb\",\"itemListElement\":[{\"@type\":\"ListItem\",\"position\":1,\"name\":\"Portada\",\"item\":\"https:\/\/www.noticiasradioreflejos.com.ar\/2021\/\"},{\"@type\":\"ListItem\",\"position\":2,\"name\":\"Vig\u00e9sima muestra floral: \u201cNos preparamos todo el a\u00f1o para esto\u201d\"}]},{\"@type\":\"WebSite\",\"@id\":\"https:\/\/www.noticiasradioreflejos.com.ar\/2021\/#website\",\"url\":\"https:\/\/www.noticiasradioreflejos.com.ar\/2021\/\",\"name\":\"Noticias Radio Reflejos\",\"description\":\"Las noticias de mi comarca\",\"potentialAction\":[{\"@type\":\"SearchAction\",\"target\":{\"@type\":\"EntryPoint\",\"urlTemplate\":\"https:\/\/www.noticiasradioreflejos.com.ar\/2021\/?s={search_term_string}\"},\"query-input\":{\"@type\":\"PropertyValueSpecification\",\"valueRequired\":true,\"valueName\":\"search_term_string\"}}],\"inLanguage\":\"es\"},{\"@type\":\"Person\",\"@id\":\"https:\/\/www.noticiasradioreflejos.com.ar\/2021\/#\/schema\/person\/ad82545263dcc5ec0996818884fd5fb1\",\"name\":\"Arnaldo Botto\",\"image\":{\"@type\":\"ImageObject\",\"inLanguage\":\"es\",\"@id\":\"https:\/\/www.noticiasradioreflejos.com.ar\/2021\/#\/schema\/person\/image\/\",\"url\":\"https:\/\/secure.gravatar.com\/avatar\/55cb5e37c1efa326397366e6974cb338056df65cb50e7d64d1cf314e87504837?s=96&d=mm&r=g\",\"contentUrl\":\"https:\/\/secure.gravatar.com\/avatar\/55cb5e37c1efa326397366e6974cb338056df65cb50e7d64d1cf314e87504837?s=96&d=mm&r=g\",\"caption\":\"Arnaldo Botto\"},\"url\":\"https:\/\/www.noticiasradioreflejos.com.ar\/2021\/author\/arnaldo\/\"}]}<\/script>\n<!-- \/ Yoast SEO plugin. -->","yoast_head_json":{"title":"Vig\u00e9sima muestra floral: \u201cNos preparamos todo el a\u00f1o para esto\u201d - Noticias Radio Reflejos","robots":{"index":"index","follow":"follow","max-snippet":"max-snippet:-1","max-image-preview":"max-image-preview:large","max-video-preview":"max-video-preview:-1"},"canonical":"https:\/\/www.noticiasradioreflejos.com.ar\/2021\/vigesima-muestra-floral-nos-preparamos-todo-el-ano-para-esto\/","og_locale":"es_ES","og_type":"article","og_title":"Vig\u00e9sima muestra floral: \u201cNos preparamos todo el a\u00f1o para esto\u201d - Noticias Radio Reflejos","og_description":"Marcela Giaconia, una de las integrantes de la agrupaci\u00f3n que lleva adelante esta movida, brind\u00f3 detalles de la acci\u00f3n que tendr\u00e1 lugar en noviembre. \u201cLos esperamos a todos para que disfruten con nosotros la pasi\u00f3n por las plantas\u201d.","og_url":"https:\/\/www.noticiasradioreflejos.com.ar\/2021\/vigesima-muestra-floral-nos-preparamos-todo-el-ano-para-esto\/","og_site_name":"Noticias Radio Reflejos","article_published_time":"2023-10-20T19:31:14+00:00","article_modified_time":"2023-10-20T19:32:29+00:00","og_image":[{"url":"https:\/\/live.staticflickr.com\/65535\/53273092685_970cba25d0_c.jpg","type":"","width":"","height":""}],"author":"Arnaldo Botto","twitter_card":"summary_large_image","schema":{"@context":"https:\/\/schema.org","@graph":[{"@type":"WebPage","@id":"https:\/\/www.noticiasradioreflejos.com.ar\/2021\/vigesima-muestra-floral-nos-preparamos-todo-el-ano-para-esto\/","url":"https:\/\/www.noticiasradioreflejos.com.ar\/2021\/vigesima-muestra-floral-nos-preparamos-todo-el-ano-para-esto\/","name":"Vig\u00e9sima muestra floral: \u201cNos preparamos todo el a\u00f1o para esto\u201d - Noticias Radio Reflejos","isPartOf":{"@id":"https:\/\/www.noticiasradioreflejos.com.ar\/2021\/#website"},"primaryImageOfPage":{"@id":"https:\/\/www.noticiasradioreflejos.com.ar\/2021\/vigesima-muestra-floral-nos-preparamos-todo-el-ano-para-esto\/#primaryimage"},"image":{"@id":"https:\/\/www.noticiasradioreflejos.com.ar\/2021\/vigesima-muestra-floral-nos-preparamos-todo-el-ano-para-esto\/#primaryimage"},"thumbnailUrl":"https:\/\/live.staticflickr.com\/65535\/53273092685_970cba25d0_c.jpg","datePublished":"2023-10-20T19:31:14+00:00","dateModified":"2023-10-20T19:32:29+00:00","author":{"@id":"https:\/\/www.noticiasradioreflejos.com.ar\/2021\/#\/schema\/person\/ad82545263dcc5ec0996818884fd5fb1"},"breadcrumb":{"@id":"https:\/\/www.noticiasradioreflejos.com.ar\/2021\/vigesima-muestra-floral-nos-preparamos-todo-el-ano-para-esto\/#breadcrumb"},"inLanguage":"es","potentialAction":[{"@type":"ReadAction","target":["https:\/\/www.noticiasradioreflejos.com.ar\/2021\/vigesima-muestra-floral-nos-preparamos-todo-el-ano-para-esto\/"]}]},{"@type":"ImageObject","inLanguage":"es","@id":"https:\/\/www.noticiasradioreflejos.com.ar\/2021\/vigesima-muestra-floral-nos-preparamos-todo-el-ano-para-esto\/#primaryimage","url":"https:\/\/live.staticflickr.com\/65535\/53273092685_970cba25d0_c.jpg","contentUrl":"https:\/\/live.staticflickr.com\/65535\/53273092685_970cba25d0_c.jpg"},{"@type":"BreadcrumbList","@id":"https:\/\/www.noticiasradioreflejos.com.ar\/2021\/vigesima-muestra-floral-nos-preparamos-todo-el-ano-para-esto\/#breadcrumb","itemListElement":[{"@type":"ListItem","position":1,"name":"Portada","item":"https:\/\/www.noticiasradioreflejos.com.ar\/2021\/"},{"@type":"ListItem","position":2,"name":"Vig\u00e9sima muestra floral: \u201cNos preparamos todo el a\u00f1o para esto\u201d"}]},{"@type":"WebSite","@id":"https:\/\/www.noticiasradioreflejos.com.ar\/2021\/#website","url":"https:\/\/www.noticiasradioreflejos.com.ar\/2021\/","name":"Noticias Radio Reflejos","description":"Las noticias de mi comarca","potentialAction":[{"@type":"SearchAction","target":{"@type":"EntryPoint","urlTemplate":"https:\/\/www.noticiasradioreflejos.com.ar\/2021\/?s={search_term_string}"},"query-input":{"@type":"PropertyValueSpecification","valueRequired":true,"valueName":"search_term_string"}}],"inLanguage":"es"},{"@type":"Person","@id":"https:\/\/www.noticiasradioreflejos.com.ar\/2021\/#\/schema\/person\/ad82545263dcc5ec0996818884fd5fb1","name":"Arnaldo Botto","image":{"@type":"ImageObject","inLanguage":"es","@id":"https:\/\/www.noticiasradioreflejos.com.ar\/2021\/#\/schema\/person\/image\/","url":"https:\/\/secure.gravatar.com\/avatar\/55cb5e37c1efa326397366e6974cb338056df65cb50e7d64d1cf314e87504837?s=96&d=mm&r=g","contentUrl":"https:\/\/secure.gravatar.com\/avatar\/55cb5e37c1efa326397366e6974cb338056df65cb50e7d64d1cf314e87504837?s=96&d=mm&r=g","caption":"Arnaldo Botto"},"url":"https:\/\/www.noticiasradioreflejos.com.ar\/2021\/author\/arnaldo\/"}]}},"_links":{"self":[{"href":"https:\/\/www.noticiasradioreflejos.com.ar\/2021\/wp-json\/wp\/v2\/posts\/94190","targetHints":{"allow":["GET"]}}],"collection":[{"href":"https:\/\/www.noticiasradioreflejos.com.ar\/2021\/wp-json\/wp\/v2\/posts"}],"about":[{"href":"https:\/\/www.noticiasradioreflejos.com.ar\/2021\/wp-json\/wp\/v2\/types\/post"}],"author":[{"embeddable":true,"href":"https:\/\/www.noticiasradioreflejos.com.ar\/2021\/wp-json\/wp\/v2\/users\/3"}],"replies":[{"embeddable":true,"href":"https:\/\/www.noticiasradioreflejos.com.ar\/2021\/wp-json\/wp\/v2\/comments?post=94190"}],"version-history":[{"count":3,"href":"https:\/\/www.noticiasradioreflejos.com.ar\/2021\/wp-json\/wp\/v2\/posts\/94190\/revisions"}],"predecessor-version":[{"id":94199,"href":"https:\/\/www.noticiasradioreflejos.com.ar\/2021\/wp-json\/wp\/v2\/posts\/94190\/revisions\/94199"}],"wp:attachment":[{"href":"https:\/\/www.noticiasradioreflejos.com.ar\/2021\/wp-json\/wp\/v2\/media?parent=94190"}],"wp:term":[{"taxonomy":"category","embeddable":true,"href":"https:\/\/www.noticiasradioreflejos.com.ar\/2021\/wp-json\/wp\/v2\/categories?post=94190"},{"taxonomy":"post_tag","embeddable":true,"href":"https:\/\/www.noticiasradioreflejos.com.ar\/2021\/wp-json\/wp\/v2\/tags?post=94190"}],"curies":[{"name":"wp","href":"https:\/\/api.w.org\/{rel}","templated":true}]}}