{"id":94183,"date":"2023-10-20T13:40:42","date_gmt":"2023-10-20T13:40:42","guid":{"rendered":"https:\/\/www.noticiasradioreflejos.com.ar\/2021\/?p=94183"},"modified":"2023-10-20T13:40:42","modified_gmt":"2023-10-20T13:40:42","slug":"tarjetas-de-credito-como-queda-el-interes-por-las-cuotas-y-del-pago-minimo","status":"publish","type":"post","link":"https:\/\/www.noticiasradioreflejos.com.ar\/2021\/tarjetas-de-credito-como-queda-el-interes-por-las-cuotas-y-del-pago-minimo\/","title":{"rendered":"Tarjetas de cr\u00e9dito: c\u00f3mo queda el inter\u00e9s por las cuotas y del pago m\u00ednimo"},"content":{"rendered":"<header id=\"mvp-post-head\" class=\"left relative\">Despu\u00e9s de las medidas del Banco Central, se encarecieron los consumos con el pl\u00e1stico.<\/p>\n<\/header>\n<p><!--more--><\/p>\n<div class=\"mvp-post-main-out left relative\">\n<div class=\"mvp-post-main-in\">\n<div id=\"mvp-post-content\" class=\"left relative\">\n<div id=\"mvp-post-feat-img\" class=\"left relative mvp-post-feat-img-wide2\">\n<div id=\"standard_1\" class=\"st-placement standard_1 inImage\">\n<div class=\"st-adunit st-adunit-tagged st-reset st-show\"><\/div>\n<\/div>\n<p><img loading=\"lazy\" decoding=\"async\" class=\"attachment- size- wp-post-image\" src=\"https:\/\/www.labrujula24.com\/wp-content\/uploads\/2023\/10\/pagotarjeta-1.webp\" sizes=\"auto, (max-width: 2400px) 100vw, 2400px\" srcset=\"https:\/\/www.labrujula24.com\/wp-content\/uploads\/2023\/10\/pagotarjeta-1.webp 2400w, https:\/\/www.labrujula24.com\/wp-content\/uploads\/2023\/10\/pagotarjeta-1-768x432.webp 768w, https:\/\/www.labrujula24.com\/wp-content\/uploads\/2023\/10\/pagotarjeta-1-1536x864.webp 1536w, https:\/\/www.labrujula24.com\/wp-content\/uploads\/2023\/10\/pagotarjeta-1-2048x1152.webp 2048w\" alt=\"\" width=\"2400\" height=\"1350\" \/><\/div>\n<div id=\"mvp-content-wrap\" class=\"left relative\">\n<div class=\"mvp-post-soc-out right relative\">\n<div class=\"mvp-post-soc-in\">\n<div id=\"mvp-content-body\" class=\"left relative\">\n<div id=\"mvp-content-body-top\" class=\"left relative\">\n<div id=\"mvp-content-main\" class=\"left relative\">\n<div id=\"mow-display-general-995951673892245\">\n<div id=\"mow-dsb-376199399247422\">\n<div data-mow_video=\"ar-mmdll00ob47\" data-mow_init=\"true\">\n<div id=\"mar-mmdll00ob47-907419944042777\" class=\"mowplayer mowplayer-container mowplayer23-theme-dark\" data-ar_header_title_desktop=\"Escuchar el art\u00edculo dando click al reproductor:\" data-ar_header_title_mobile=\"Escuchar el art\u00edculo:\">\n<div class=\"mow mow__playlist-wrapper mow-wait_play mow-hide-controls mow-type_audio mow-provider_html5 mow__playlist_type_audio mow-ui_enabled mow__theme_light mw-script mow__layout-audio_slim mow-paused mow-stopped mow_audio_reader mw_size_300\">\n<div class=\"mow__contextmenu\"><\/div>\n<div id=\"audio-sticky-text\"><\/div>\n<\/div>\n<\/div>\n<\/div>\n<\/div>\n<\/div>\n<div id=\"textbody\">\n<p>La suba de tasa de inter\u00e9s que aplic\u00f3 el Banco Central (BCRA) tras conocerse el dato de inflaci\u00f3n impacta en todo el sistema financiero, incluidas las compras con tarjetas de cr\u00e9dito. Por ello, quienes costeen sus productos y servicios con los pl\u00e1sticos, pasar\u00e1n a pagar m\u00e1s por sus consumos.<\/p>\n<p>De esta manera, la tasa diferencial para las tarjetas de cr\u00e9dito pasar\u00e1 de 107% a 122%, tras una suba de 15 puntos porcentuales. En la misma l\u00ednea, subi\u00f3 el rendimiento del plazo fijo a 30 d\u00edas por hasta $30 millones, que pas\u00f3 al 133%.<\/p>\n<p>En ese sentido, una fuente experta en el tema explic\u00f3 que con este nuevo ajuste el\u00a0BCRA\u00a0muestra\u00a0disposici\u00f3n en \u201cbuscar que el rendimiento del plazo fijo no quede tan atrasado respecto del \u00edndice de precio al consumidor\u201d.<\/p>\n<p>En ese sentido, el fundador de AsesorDeInversiones.com\u00a0Alejandro Bianchi\u00a0se\u00f1al\u00f3 a \u00c1mbito que adem\u00e1s de encarecerse las tasas de las tarjetas, se encareci\u00f3 la tasa subsidiada del Ahora 12, que se conocer\u00e1 el lunes. De esta manera, para aquellos que hagan el pago m\u00ednimo, tendr\u00e1n un costo de financiamiento m\u00e1s alto, en torno al 122%.<\/p>\n<h2 class=\"wp-block-heading\">Formas de financiamiento con tarjeta de cr\u00e9dito<\/h2>\n<p>Ahora bien, a la hora de elegir el m\u00e9todo con el que endeudarse, es importante tener en cuenta las diferentes opciones que existen para cuidar la econom\u00eda del hogar y elegir la que tenga menor tasa de inter\u00e9s.<\/p>\n<p>Las formas m\u00e1s comunes de financiamiento son los pr\u00e9stamos personales y los pagos con tarjeta de cr\u00e9dito.<\/p>\n<p>En ese contexto, el analista de\u00a0F2 Soluciones Financieras,\u00a0Andr\u00e9s Reschini, afirm\u00f3 que bajo este escenario \u201ccon las tasas corriendo por detr\u00e1s de la inflaci\u00f3n, es muy com\u00fan que se trate de sacarse los pesos de encima adquiriendo bienes durables o de consumo y si puede ser a trav\u00e9s de cuotas con tarjeta, mejor\u201d.<\/p>\n<p>Asimismo, recalc\u00f3 que mientras el salario real cae y las condiciones financieras se deterioran, por lo cual \u201clos m\u00e1rgenes de las tarjetas muchas veces se caen t\u00e9rminos reales y cada vez alcanza para comprar menos cantidades\u201d.<\/p>\n<p class=\" aBigClassNameToAvoidCollisionInText\">La tarjeta de cr\u00e9dito de cada usuario tiene un l\u00edmite de compra para que el cliente pueda gastar en diferentes operaciones,\u00a0abonando intereses s\u00f3lo por el dinero efectivamente utilizado. A medida que se\u00a0devuelve el dinero\u00a0se dispondr\u00e1 de mayor cupo, sin pasarse del l\u00edmite establecido, que estar\u00e1 relacionado con la solvencia que el banco considere que tiene el cliente.<\/p>\n<p>&nbsp;<\/p>\n<h4><strong>Formas de pago de los cr\u00e9ditos con tarjeta:<\/strong><\/h4>\n<ul>\n<li><strong>Pago total<\/strong>: se abona la suma total del resumen de ese mes (todas las cuotas con los intereses incluidos si los hubiera, m\u00e1s gastos administrativos del banco).<\/li>\n<li><strong>Pago parcial<\/strong>: se puede pagar menos del total que llega en la liquidaci\u00f3n mensual de la tarjeta, pero m\u00e1s del m\u00ednimo. Existe la posibilidad de hacer pagos parciales. La diferencia con el pago total ser\u00e1 que el nuevo saldo pendiente generar\u00e1 nuevos intereses, que se calcular\u00e1n en funci\u00f3n del importe que qued\u00f3 pendiente y cu\u00e1nto tiempo se demore en cancelar ese saldo.<\/li>\n<li><strong>Pago m\u00ednimo<\/strong>: otra de las opciones es la de realizar un pago m\u00ednimo, si no se llega a juntar todo el dinero necesario para hacer el pago total. Esta opci\u00f3n implica pagar intereses adicionales a los originales, que se calcular\u00e1n en funci\u00f3n al tiempo y al monto adeudado.<\/li>\n<\/ul>\n<p>Si no se llega a pagar al menos el m\u00ednimo, la tarjeta quedar\u00e1 bloqueada.<\/p>\n<p><strong>Fuente:<\/strong>\u00a0LB24 \/ \u00c1mbito.<\/p>\n<\/div>\n<\/div>\n<\/div>\n<\/div>\n<\/div>\n<\/div>\n<\/div>\n<\/div>\n<\/div>\n<\/div>\n","protected":false},"excerpt":{"rendered":"<p>Despu\u00e9s de las medidas del Banco Central, se encarecieron los consumos con el pl\u00e1stico.<\/p>\n","protected":false},"author":3,"featured_media":75688,"comment_status":"closed","ping_status":"closed","sticky":false,"template":"","format":"standard","meta":{"footnotes":""},"categories":[36],"tags":[],"class_list":["post-94183","post","type-post","status-publish","format-standard","has-post-thumbnail","hentry","category-economia"],"yoast_head":"<!-- This site is optimized with the Yoast SEO plugin v25.9 - https:\/\/yoast.com\/wordpress\/plugins\/seo\/ -->\n<title>Tarjetas de cr\u00e9dito: c\u00f3mo queda el inter\u00e9s por las cuotas y del pago m\u00ednimo - Noticias Radio Reflejos<\/title>\n<meta name=\"robots\" content=\"index, follow, max-snippet:-1, max-image-preview:large, max-video-preview:-1\" \/>\n<link rel=\"canonical\" href=\"https:\/\/www.noticiasradioreflejos.com.ar\/2021\/tarjetas-de-credito-como-queda-el-interes-por-las-cuotas-y-del-pago-minimo\/\" \/>\n<meta property=\"og:locale\" content=\"es_ES\" \/>\n<meta property=\"og:type\" content=\"article\" \/>\n<meta property=\"og:title\" content=\"Tarjetas de cr\u00e9dito: c\u00f3mo queda el inter\u00e9s por las cuotas y del pago m\u00ednimo - Noticias Radio Reflejos\" \/>\n<meta property=\"og:description\" content=\"Despu\u00e9s de las medidas del Banco Central, se encarecieron los consumos con el pl\u00e1stico.\" \/>\n<meta property=\"og:url\" content=\"https:\/\/www.noticiasradioreflejos.com.ar\/2021\/tarjetas-de-credito-como-queda-el-interes-por-las-cuotas-y-del-pago-minimo\/\" \/>\n<meta property=\"og:site_name\" content=\"Noticias Radio Reflejos\" \/>\n<meta property=\"article:published_time\" content=\"2023-10-20T13:40:42+00:00\" \/>\n<meta property=\"og:image\" content=\"https:\/\/www.noticiasradioreflejos.com.ar\/2021\/wp-content\/uploads\/2022\/07\/Tarjetas-de-credito.jpg\" \/>\n\t<meta property=\"og:image:width\" content=\"900\" \/>\n\t<meta property=\"og:image:height\" content=\"506\" \/>\n\t<meta property=\"og:image:type\" content=\"image\/jpeg\" \/>\n<meta name=\"author\" content=\"Arnaldo Botto\" \/>\n<meta name=\"twitter:card\" content=\"summary_large_image\" \/>\n<script type=\"application\/ld+json\" class=\"yoast-schema-graph\">{\"@context\":\"https:\/\/schema.org\",\"@graph\":[{\"@type\":\"WebPage\",\"@id\":\"https:\/\/www.noticiasradioreflejos.com.ar\/2021\/tarjetas-de-credito-como-queda-el-interes-por-las-cuotas-y-del-pago-minimo\/\",\"url\":\"https:\/\/www.noticiasradioreflejos.com.ar\/2021\/tarjetas-de-credito-como-queda-el-interes-por-las-cuotas-y-del-pago-minimo\/\",\"name\":\"Tarjetas de cr\u00e9dito: c\u00f3mo queda el inter\u00e9s por las cuotas y del pago m\u00ednimo - Noticias Radio Reflejos\",\"isPartOf\":{\"@id\":\"https:\/\/www.noticiasradioreflejos.com.ar\/2021\/#website\"},\"primaryImageOfPage\":{\"@id\":\"https:\/\/www.noticiasradioreflejos.com.ar\/2021\/tarjetas-de-credito-como-queda-el-interes-por-las-cuotas-y-del-pago-minimo\/#primaryimage\"},\"image\":{\"@id\":\"https:\/\/www.noticiasradioreflejos.com.ar\/2021\/tarjetas-de-credito-como-queda-el-interes-por-las-cuotas-y-del-pago-minimo\/#primaryimage\"},\"thumbnailUrl\":\"https:\/\/www.noticiasradioreflejos.com.ar\/2021\/wp-content\/uploads\/2022\/07\/Tarjetas-de-credito.jpg\",\"datePublished\":\"2023-10-20T13:40:42+00:00\",\"author\":{\"@id\":\"https:\/\/www.noticiasradioreflejos.com.ar\/2021\/#\/schema\/person\/ad82545263dcc5ec0996818884fd5fb1\"},\"breadcrumb\":{\"@id\":\"https:\/\/www.noticiasradioreflejos.com.ar\/2021\/tarjetas-de-credito-como-queda-el-interes-por-las-cuotas-y-del-pago-minimo\/#breadcrumb\"},\"inLanguage\":\"es\",\"potentialAction\":[{\"@type\":\"ReadAction\",\"target\":[\"https:\/\/www.noticiasradioreflejos.com.ar\/2021\/tarjetas-de-credito-como-queda-el-interes-por-las-cuotas-y-del-pago-minimo\/\"]}]},{\"@type\":\"ImageObject\",\"inLanguage\":\"es\",\"@id\":\"https:\/\/www.noticiasradioreflejos.com.ar\/2021\/tarjetas-de-credito-como-queda-el-interes-por-las-cuotas-y-del-pago-minimo\/#primaryimage\",\"url\":\"https:\/\/www.noticiasradioreflejos.com.ar\/2021\/wp-content\/uploads\/2022\/07\/Tarjetas-de-credito.jpg\",\"contentUrl\":\"https:\/\/www.noticiasradioreflejos.com.ar\/2021\/wp-content\/uploads\/2022\/07\/Tarjetas-de-credito.jpg\",\"width\":900,\"height\":506},{\"@type\":\"BreadcrumbList\",\"@id\":\"https:\/\/www.noticiasradioreflejos.com.ar\/2021\/tarjetas-de-credito-como-queda-el-interes-por-las-cuotas-y-del-pago-minimo\/#breadcrumb\",\"itemListElement\":[{\"@type\":\"ListItem\",\"position\":1,\"name\":\"Portada\",\"item\":\"https:\/\/www.noticiasradioreflejos.com.ar\/2021\/\"},{\"@type\":\"ListItem\",\"position\":2,\"name\":\"Tarjetas de cr\u00e9dito: c\u00f3mo queda el inter\u00e9s por las cuotas y del pago m\u00ednimo\"}]},{\"@type\":\"WebSite\",\"@id\":\"https:\/\/www.noticiasradioreflejos.com.ar\/2021\/#website\",\"url\":\"https:\/\/www.noticiasradioreflejos.com.ar\/2021\/\",\"name\":\"Noticias Radio Reflejos\",\"description\":\"Las noticias de mi comarca\",\"potentialAction\":[{\"@type\":\"SearchAction\",\"target\":{\"@type\":\"EntryPoint\",\"urlTemplate\":\"https:\/\/www.noticiasradioreflejos.com.ar\/2021\/?s={search_term_string}\"},\"query-input\":{\"@type\":\"PropertyValueSpecification\",\"valueRequired\":true,\"valueName\":\"search_term_string\"}}],\"inLanguage\":\"es\"},{\"@type\":\"Person\",\"@id\":\"https:\/\/www.noticiasradioreflejos.com.ar\/2021\/#\/schema\/person\/ad82545263dcc5ec0996818884fd5fb1\",\"name\":\"Arnaldo Botto\",\"image\":{\"@type\":\"ImageObject\",\"inLanguage\":\"es\",\"@id\":\"https:\/\/www.noticiasradioreflejos.com.ar\/2021\/#\/schema\/person\/image\/\",\"url\":\"https:\/\/secure.gravatar.com\/avatar\/55cb5e37c1efa326397366e6974cb338056df65cb50e7d64d1cf314e87504837?s=96&d=mm&r=g\",\"contentUrl\":\"https:\/\/secure.gravatar.com\/avatar\/55cb5e37c1efa326397366e6974cb338056df65cb50e7d64d1cf314e87504837?s=96&d=mm&r=g\",\"caption\":\"Arnaldo Botto\"},\"url\":\"https:\/\/www.noticiasradioreflejos.com.ar\/2021\/author\/arnaldo\/\"}]}<\/script>\n<!-- \/ Yoast SEO plugin. -->","yoast_head_json":{"title":"Tarjetas de cr\u00e9dito: c\u00f3mo queda el inter\u00e9s por las cuotas y del pago m\u00ednimo - Noticias Radio Reflejos","robots":{"index":"index","follow":"follow","max-snippet":"max-snippet:-1","max-image-preview":"max-image-preview:large","max-video-preview":"max-video-preview:-1"},"canonical":"https:\/\/www.noticiasradioreflejos.com.ar\/2021\/tarjetas-de-credito-como-queda-el-interes-por-las-cuotas-y-del-pago-minimo\/","og_locale":"es_ES","og_type":"article","og_title":"Tarjetas de cr\u00e9dito: c\u00f3mo queda el inter\u00e9s por las cuotas y del pago m\u00ednimo - Noticias Radio Reflejos","og_description":"Despu\u00e9s de las medidas del Banco Central, se encarecieron los consumos con el pl\u00e1stico.","og_url":"https:\/\/www.noticiasradioreflejos.com.ar\/2021\/tarjetas-de-credito-como-queda-el-interes-por-las-cuotas-y-del-pago-minimo\/","og_site_name":"Noticias Radio Reflejos","article_published_time":"2023-10-20T13:40:42+00:00","og_image":[{"width":900,"height":506,"url":"https:\/\/www.noticiasradioreflejos.com.ar\/2021\/wp-content\/uploads\/2022\/07\/Tarjetas-de-credito.jpg","type":"image\/jpeg"}],"author":"Arnaldo Botto","twitter_card":"summary_large_image","schema":{"@context":"https:\/\/schema.org","@graph":[{"@type":"WebPage","@id":"https:\/\/www.noticiasradioreflejos.com.ar\/2021\/tarjetas-de-credito-como-queda-el-interes-por-las-cuotas-y-del-pago-minimo\/","url":"https:\/\/www.noticiasradioreflejos.com.ar\/2021\/tarjetas-de-credito-como-queda-el-interes-por-las-cuotas-y-del-pago-minimo\/","name":"Tarjetas de cr\u00e9dito: c\u00f3mo queda el inter\u00e9s por las cuotas y del pago m\u00ednimo - Noticias Radio Reflejos","isPartOf":{"@id":"https:\/\/www.noticiasradioreflejos.com.ar\/2021\/#website"},"primaryImageOfPage":{"@id":"https:\/\/www.noticiasradioreflejos.com.ar\/2021\/tarjetas-de-credito-como-queda-el-interes-por-las-cuotas-y-del-pago-minimo\/#primaryimage"},"image":{"@id":"https:\/\/www.noticiasradioreflejos.com.ar\/2021\/tarjetas-de-credito-como-queda-el-interes-por-las-cuotas-y-del-pago-minimo\/#primaryimage"},"thumbnailUrl":"https:\/\/www.noticiasradioreflejos.com.ar\/2021\/wp-content\/uploads\/2022\/07\/Tarjetas-de-credito.jpg","datePublished":"2023-10-20T13:40:42+00:00","author":{"@id":"https:\/\/www.noticiasradioreflejos.com.ar\/2021\/#\/schema\/person\/ad82545263dcc5ec0996818884fd5fb1"},"breadcrumb":{"@id":"https:\/\/www.noticiasradioreflejos.com.ar\/2021\/tarjetas-de-credito-como-queda-el-interes-por-las-cuotas-y-del-pago-minimo\/#breadcrumb"},"inLanguage":"es","potentialAction":[{"@type":"ReadAction","target":["https:\/\/www.noticiasradioreflejos.com.ar\/2021\/tarjetas-de-credito-como-queda-el-interes-por-las-cuotas-y-del-pago-minimo\/"]}]},{"@type":"ImageObject","inLanguage":"es","@id":"https:\/\/www.noticiasradioreflejos.com.ar\/2021\/tarjetas-de-credito-como-queda-el-interes-por-las-cuotas-y-del-pago-minimo\/#primaryimage","url":"https:\/\/www.noticiasradioreflejos.com.ar\/2021\/wp-content\/uploads\/2022\/07\/Tarjetas-de-credito.jpg","contentUrl":"https:\/\/www.noticiasradioreflejos.com.ar\/2021\/wp-content\/uploads\/2022\/07\/Tarjetas-de-credito.jpg","width":900,"height":506},{"@type":"BreadcrumbList","@id":"https:\/\/www.noticiasradioreflejos.com.ar\/2021\/tarjetas-de-credito-como-queda-el-interes-por-las-cuotas-y-del-pago-minimo\/#breadcrumb","itemListElement":[{"@type":"ListItem","position":1,"name":"Portada","item":"https:\/\/www.noticiasradioreflejos.com.ar\/2021\/"},{"@type":"ListItem","position":2,"name":"Tarjetas de cr\u00e9dito: c\u00f3mo queda el inter\u00e9s por las cuotas y del pago m\u00ednimo"}]},{"@type":"WebSite","@id":"https:\/\/www.noticiasradioreflejos.com.ar\/2021\/#website","url":"https:\/\/www.noticiasradioreflejos.com.ar\/2021\/","name":"Noticias Radio Reflejos","description":"Las noticias de mi comarca","potentialAction":[{"@type":"SearchAction","target":{"@type":"EntryPoint","urlTemplate":"https:\/\/www.noticiasradioreflejos.com.ar\/2021\/?s={search_term_string}"},"query-input":{"@type":"PropertyValueSpecification","valueRequired":true,"valueName":"search_term_string"}}],"inLanguage":"es"},{"@type":"Person","@id":"https:\/\/www.noticiasradioreflejos.com.ar\/2021\/#\/schema\/person\/ad82545263dcc5ec0996818884fd5fb1","name":"Arnaldo Botto","image":{"@type":"ImageObject","inLanguage":"es","@id":"https:\/\/www.noticiasradioreflejos.com.ar\/2021\/#\/schema\/person\/image\/","url":"https:\/\/secure.gravatar.com\/avatar\/55cb5e37c1efa326397366e6974cb338056df65cb50e7d64d1cf314e87504837?s=96&d=mm&r=g","contentUrl":"https:\/\/secure.gravatar.com\/avatar\/55cb5e37c1efa326397366e6974cb338056df65cb50e7d64d1cf314e87504837?s=96&d=mm&r=g","caption":"Arnaldo Botto"},"url":"https:\/\/www.noticiasradioreflejos.com.ar\/2021\/author\/arnaldo\/"}]}},"_links":{"self":[{"href":"https:\/\/www.noticiasradioreflejos.com.ar\/2021\/wp-json\/wp\/v2\/posts\/94183","targetHints":{"allow":["GET"]}}],"collection":[{"href":"https:\/\/www.noticiasradioreflejos.com.ar\/2021\/wp-json\/wp\/v2\/posts"}],"about":[{"href":"https:\/\/www.noticiasradioreflejos.com.ar\/2021\/wp-json\/wp\/v2\/types\/post"}],"author":[{"embeddable":true,"href":"https:\/\/www.noticiasradioreflejos.com.ar\/2021\/wp-json\/wp\/v2\/users\/3"}],"replies":[{"embeddable":true,"href":"https:\/\/www.noticiasradioreflejos.com.ar\/2021\/wp-json\/wp\/v2\/comments?post=94183"}],"version-history":[{"count":1,"href":"https:\/\/www.noticiasradioreflejos.com.ar\/2021\/wp-json\/wp\/v2\/posts\/94183\/revisions"}],"predecessor-version":[{"id":94184,"href":"https:\/\/www.noticiasradioreflejos.com.ar\/2021\/wp-json\/wp\/v2\/posts\/94183\/revisions\/94184"}],"wp:featuredmedia":[{"embeddable":true,"href":"https:\/\/www.noticiasradioreflejos.com.ar\/2021\/wp-json\/wp\/v2\/media\/75688"}],"wp:attachment":[{"href":"https:\/\/www.noticiasradioreflejos.com.ar\/2021\/wp-json\/wp\/v2\/media?parent=94183"}],"wp:term":[{"taxonomy":"category","embeddable":true,"href":"https:\/\/www.noticiasradioreflejos.com.ar\/2021\/wp-json\/wp\/v2\/categories?post=94183"},{"taxonomy":"post_tag","embeddable":true,"href":"https:\/\/www.noticiasradioreflejos.com.ar\/2021\/wp-json\/wp\/v2\/tags?post=94183"}],"curies":[{"name":"wp","href":"https:\/\/api.w.org\/{rel}","templated":true}]}}