{"id":94179,"date":"2023-10-20T12:07:33","date_gmt":"2023-10-20T12:07:33","guid":{"rendered":"https:\/\/www.noticiasradioreflejos.com.ar\/2021\/?p=94179"},"modified":"2023-10-20T12:07:33","modified_gmt":"2023-10-20T12:07:33","slug":"para-agilizar-emision-del-voto-aconsejan-consultar-el-padron-para-chequea-mesa-y-numero-de-orden","status":"publish","type":"post","link":"https:\/\/www.noticiasradioreflejos.com.ar\/2021\/para-agilizar-emision-del-voto-aconsejan-consultar-el-padron-para-chequea-mesa-y-numero-de-orden\/","title":{"rendered":"Para agilizar emisi\u00f3n del voto, aconsejan consultar el padr\u00f3n para chequea mesa y n\u00famero de orden"},"content":{"rendered":"<p>Las autoridades electorales recomiendan consultar el padr\u00f3n antes de concurrir a votar el domingo para conocer el lugar, el n\u00famero de orden y la mesa de votaci\u00f3n a los fines de agilizar la emisi\u00f3n del voto en las elecciones presidenciales nacionales.<!--more--><\/p>\n<p>El lugar y la mesa de votaci\u00f3n se pueden consultar ingresando a <a href=\"https:\/\/www.padron.gob.ar\/\">https:\/\/www.padron.gob.ar\/<\/a><\/p>\n<p>Para la consulta, el elector debe introducir en el sistema su n\u00famero de documento, g\u00e9nero, distrito donde vota e ingresar un c\u00f3digo verificador.<\/p>\n<p>&nbsp;<\/p>\n<p><a data-flickr-embed=\"true\" href=\"https:\/\/www.flickr.com\/photos\/182279889@N02\/53271742441\/in\/dateposted-public\/\" title=\"padron\"><img loading=\"lazy\" decoding=\"async\" src=\"https:\/\/live.staticflickr.com\/65535\/53271742441_d07339e987_c.jpg\" width=\"800\" height=\"502\" alt=\"padron\"\/><\/a><script async src=\"\/\/embedr.flickr.com\/assets\/client-code.js\" charset=\"utf-8\"><\/script><\/p>\n<p>A partir de esos datos, conocer\u00e1 el establecimiento y la mesa en que debe sufragar.<\/p>\n<p>Otras v\u00edas de consulta son el asistente virtual Vot-A: <a href=\"http:\/\/wa.me\/5491124554444\">http:\/\/wa.me\/5491124554444<\/a> y la l\u00ednea 0800-999-7237.<\/p>\n<p>El padr\u00f3n definitivo, en tanto, tambi\u00e9n se encuentra disponible en la aplicaci\u00f3n Mi Argentina. De este modo, las personas con identidad validada en la plataforma pueden saber cu\u00e1l es el lugar de votaci\u00f3n seg\u00fan los datos del Documento Nacional de Identidad (DNI).<\/p>\n<p>El DNI digital, sin embargo, no es v\u00e1lido para votar.<\/p>\n<p>Los ciudadanos que no figuren en el padr\u00f3n no podr\u00e1n emitir su voto en los comicios presidenciales del pr\u00f3ximo domingo.<\/p>\n","protected":false},"excerpt":{"rendered":"<p>Las autoridades electorales recomiendan consultar el padr\u00f3n antes de concurrir a votar el domingo para conocer el lugar, el n\u00famero de orden y la mesa de votaci\u00f3n a los fines de agilizar la emisi\u00f3n del voto en las elecciones presidenciales nacionales.<\/p>\n","protected":false},"author":3,"featured_media":0,"comment_status":"closed","ping_status":"closed","sticky":false,"template":"","format":"standard","meta":{"footnotes":""},"categories":[24],"tags":[48],"class_list":["post-94179","post","type-post","status-publish","format-standard","hentry","category-politica","tag-destacada"],"yoast_head":"<!-- This site is optimized with the Yoast SEO plugin v25.9 - https:\/\/yoast.com\/wordpress\/plugins\/seo\/ -->\n<title>Para agilizar emisi\u00f3n del voto, aconsejan consultar el padr\u00f3n para chequea mesa y n\u00famero de orden - Noticias Radio Reflejos<\/title>\n<meta name=\"robots\" content=\"index, follow, max-snippet:-1, max-image-preview:large, max-video-preview:-1\" \/>\n<link rel=\"canonical\" href=\"https:\/\/www.noticiasradioreflejos.com.ar\/2021\/para-agilizar-emision-del-voto-aconsejan-consultar-el-padron-para-chequea-mesa-y-numero-de-orden\/\" \/>\n<meta property=\"og:locale\" content=\"es_ES\" \/>\n<meta property=\"og:type\" content=\"article\" \/>\n<meta property=\"og:title\" content=\"Para agilizar emisi\u00f3n del voto, aconsejan consultar el padr\u00f3n para chequea mesa y n\u00famero de orden - Noticias Radio Reflejos\" \/>\n<meta property=\"og:description\" content=\"Las autoridades electorales recomiendan consultar el padr\u00f3n antes de concurrir a votar el domingo para conocer el lugar, el n\u00famero de orden y la mesa de votaci\u00f3n a los fines de agilizar la emisi\u00f3n del voto en las elecciones presidenciales nacionales.\" \/>\n<meta property=\"og:url\" content=\"https:\/\/www.noticiasradioreflejos.com.ar\/2021\/para-agilizar-emision-del-voto-aconsejan-consultar-el-padron-para-chequea-mesa-y-numero-de-orden\/\" \/>\n<meta property=\"og:site_name\" content=\"Noticias Radio Reflejos\" \/>\n<meta property=\"article:published_time\" content=\"2023-10-20T12:07:33+00:00\" \/>\n<meta property=\"og:image\" content=\"https:\/\/live.staticflickr.com\/65535\/53271742441_d07339e987_c.jpg\" \/>\n<meta name=\"author\" content=\"Arnaldo Botto\" \/>\n<meta name=\"twitter:card\" content=\"summary_large_image\" \/>\n<script type=\"application\/ld+json\" class=\"yoast-schema-graph\">{\"@context\":\"https:\/\/schema.org\",\"@graph\":[{\"@type\":\"WebPage\",\"@id\":\"https:\/\/www.noticiasradioreflejos.com.ar\/2021\/para-agilizar-emision-del-voto-aconsejan-consultar-el-padron-para-chequea-mesa-y-numero-de-orden\/\",\"url\":\"https:\/\/www.noticiasradioreflejos.com.ar\/2021\/para-agilizar-emision-del-voto-aconsejan-consultar-el-padron-para-chequea-mesa-y-numero-de-orden\/\",\"name\":\"Para agilizar emisi\u00f3n del voto, aconsejan consultar el padr\u00f3n para chequea mesa y n\u00famero de orden - Noticias Radio Reflejos\",\"isPartOf\":{\"@id\":\"https:\/\/www.noticiasradioreflejos.com.ar\/2021\/#website\"},\"primaryImageOfPage\":{\"@id\":\"https:\/\/www.noticiasradioreflejos.com.ar\/2021\/para-agilizar-emision-del-voto-aconsejan-consultar-el-padron-para-chequea-mesa-y-numero-de-orden\/#primaryimage\"},\"image\":{\"@id\":\"https:\/\/www.noticiasradioreflejos.com.ar\/2021\/para-agilizar-emision-del-voto-aconsejan-consultar-el-padron-para-chequea-mesa-y-numero-de-orden\/#primaryimage\"},\"thumbnailUrl\":\"https:\/\/live.staticflickr.com\/65535\/53271742441_d07339e987_c.jpg\",\"datePublished\":\"2023-10-20T12:07:33+00:00\",\"author\":{\"@id\":\"https:\/\/www.noticiasradioreflejos.com.ar\/2021\/#\/schema\/person\/ad82545263dcc5ec0996818884fd5fb1\"},\"breadcrumb\":{\"@id\":\"https:\/\/www.noticiasradioreflejos.com.ar\/2021\/para-agilizar-emision-del-voto-aconsejan-consultar-el-padron-para-chequea-mesa-y-numero-de-orden\/#breadcrumb\"},\"inLanguage\":\"es\",\"potentialAction\":[{\"@type\":\"ReadAction\",\"target\":[\"https:\/\/www.noticiasradioreflejos.com.ar\/2021\/para-agilizar-emision-del-voto-aconsejan-consultar-el-padron-para-chequea-mesa-y-numero-de-orden\/\"]}]},{\"@type\":\"ImageObject\",\"inLanguage\":\"es\",\"@id\":\"https:\/\/www.noticiasradioreflejos.com.ar\/2021\/para-agilizar-emision-del-voto-aconsejan-consultar-el-padron-para-chequea-mesa-y-numero-de-orden\/#primaryimage\",\"url\":\"https:\/\/live.staticflickr.com\/65535\/53271742441_d07339e987_c.jpg\",\"contentUrl\":\"https:\/\/live.staticflickr.com\/65535\/53271742441_d07339e987_c.jpg\"},{\"@type\":\"BreadcrumbList\",\"@id\":\"https:\/\/www.noticiasradioreflejos.com.ar\/2021\/para-agilizar-emision-del-voto-aconsejan-consultar-el-padron-para-chequea-mesa-y-numero-de-orden\/#breadcrumb\",\"itemListElement\":[{\"@type\":\"ListItem\",\"position\":1,\"name\":\"Portada\",\"item\":\"https:\/\/www.noticiasradioreflejos.com.ar\/2021\/\"},{\"@type\":\"ListItem\",\"position\":2,\"name\":\"Para agilizar emisi\u00f3n del voto, aconsejan consultar el padr\u00f3n para chequea mesa y n\u00famero de orden\"}]},{\"@type\":\"WebSite\",\"@id\":\"https:\/\/www.noticiasradioreflejos.com.ar\/2021\/#website\",\"url\":\"https:\/\/www.noticiasradioreflejos.com.ar\/2021\/\",\"name\":\"Noticias Radio Reflejos\",\"description\":\"Las noticias de mi comarca\",\"potentialAction\":[{\"@type\":\"SearchAction\",\"target\":{\"@type\":\"EntryPoint\",\"urlTemplate\":\"https:\/\/www.noticiasradioreflejos.com.ar\/2021\/?s={search_term_string}\"},\"query-input\":{\"@type\":\"PropertyValueSpecification\",\"valueRequired\":true,\"valueName\":\"search_term_string\"}}],\"inLanguage\":\"es\"},{\"@type\":\"Person\",\"@id\":\"https:\/\/www.noticiasradioreflejos.com.ar\/2021\/#\/schema\/person\/ad82545263dcc5ec0996818884fd5fb1\",\"name\":\"Arnaldo Botto\",\"image\":{\"@type\":\"ImageObject\",\"inLanguage\":\"es\",\"@id\":\"https:\/\/www.noticiasradioreflejos.com.ar\/2021\/#\/schema\/person\/image\/\",\"url\":\"https:\/\/secure.gravatar.com\/avatar\/55cb5e37c1efa326397366e6974cb338056df65cb50e7d64d1cf314e87504837?s=96&d=mm&r=g\",\"contentUrl\":\"https:\/\/secure.gravatar.com\/avatar\/55cb5e37c1efa326397366e6974cb338056df65cb50e7d64d1cf314e87504837?s=96&d=mm&r=g\",\"caption\":\"Arnaldo Botto\"},\"url\":\"https:\/\/www.noticiasradioreflejos.com.ar\/2021\/author\/arnaldo\/\"}]}<\/script>\n<!-- \/ Yoast SEO plugin. -->","yoast_head_json":{"title":"Para agilizar emisi\u00f3n del voto, aconsejan consultar el padr\u00f3n para chequea mesa y n\u00famero de orden - Noticias Radio Reflejos","robots":{"index":"index","follow":"follow","max-snippet":"max-snippet:-1","max-image-preview":"max-image-preview:large","max-video-preview":"max-video-preview:-1"},"canonical":"https:\/\/www.noticiasradioreflejos.com.ar\/2021\/para-agilizar-emision-del-voto-aconsejan-consultar-el-padron-para-chequea-mesa-y-numero-de-orden\/","og_locale":"es_ES","og_type":"article","og_title":"Para agilizar emisi\u00f3n del voto, aconsejan consultar el padr\u00f3n para chequea mesa y n\u00famero de orden - Noticias Radio Reflejos","og_description":"Las autoridades electorales recomiendan consultar el padr\u00f3n antes de concurrir a votar el domingo para conocer el lugar, el n\u00famero de orden y la mesa de votaci\u00f3n a los fines de agilizar la emisi\u00f3n del voto en las elecciones presidenciales nacionales.","og_url":"https:\/\/www.noticiasradioreflejos.com.ar\/2021\/para-agilizar-emision-del-voto-aconsejan-consultar-el-padron-para-chequea-mesa-y-numero-de-orden\/","og_site_name":"Noticias Radio Reflejos","article_published_time":"2023-10-20T12:07:33+00:00","og_image":[{"url":"https:\/\/live.staticflickr.com\/65535\/53271742441_d07339e987_c.jpg","type":"","width":"","height":""}],"author":"Arnaldo Botto","twitter_card":"summary_large_image","schema":{"@context":"https:\/\/schema.org","@graph":[{"@type":"WebPage","@id":"https:\/\/www.noticiasradioreflejos.com.ar\/2021\/para-agilizar-emision-del-voto-aconsejan-consultar-el-padron-para-chequea-mesa-y-numero-de-orden\/","url":"https:\/\/www.noticiasradioreflejos.com.ar\/2021\/para-agilizar-emision-del-voto-aconsejan-consultar-el-padron-para-chequea-mesa-y-numero-de-orden\/","name":"Para agilizar emisi\u00f3n del voto, aconsejan consultar el padr\u00f3n para chequea mesa y n\u00famero de orden - Noticias Radio Reflejos","isPartOf":{"@id":"https:\/\/www.noticiasradioreflejos.com.ar\/2021\/#website"},"primaryImageOfPage":{"@id":"https:\/\/www.noticiasradioreflejos.com.ar\/2021\/para-agilizar-emision-del-voto-aconsejan-consultar-el-padron-para-chequea-mesa-y-numero-de-orden\/#primaryimage"},"image":{"@id":"https:\/\/www.noticiasradioreflejos.com.ar\/2021\/para-agilizar-emision-del-voto-aconsejan-consultar-el-padron-para-chequea-mesa-y-numero-de-orden\/#primaryimage"},"thumbnailUrl":"https:\/\/live.staticflickr.com\/65535\/53271742441_d07339e987_c.jpg","datePublished":"2023-10-20T12:07:33+00:00","author":{"@id":"https:\/\/www.noticiasradioreflejos.com.ar\/2021\/#\/schema\/person\/ad82545263dcc5ec0996818884fd5fb1"},"breadcrumb":{"@id":"https:\/\/www.noticiasradioreflejos.com.ar\/2021\/para-agilizar-emision-del-voto-aconsejan-consultar-el-padron-para-chequea-mesa-y-numero-de-orden\/#breadcrumb"},"inLanguage":"es","potentialAction":[{"@type":"ReadAction","target":["https:\/\/www.noticiasradioreflejos.com.ar\/2021\/para-agilizar-emision-del-voto-aconsejan-consultar-el-padron-para-chequea-mesa-y-numero-de-orden\/"]}]},{"@type":"ImageObject","inLanguage":"es","@id":"https:\/\/www.noticiasradioreflejos.com.ar\/2021\/para-agilizar-emision-del-voto-aconsejan-consultar-el-padron-para-chequea-mesa-y-numero-de-orden\/#primaryimage","url":"https:\/\/live.staticflickr.com\/65535\/53271742441_d07339e987_c.jpg","contentUrl":"https:\/\/live.staticflickr.com\/65535\/53271742441_d07339e987_c.jpg"},{"@type":"BreadcrumbList","@id":"https:\/\/www.noticiasradioreflejos.com.ar\/2021\/para-agilizar-emision-del-voto-aconsejan-consultar-el-padron-para-chequea-mesa-y-numero-de-orden\/#breadcrumb","itemListElement":[{"@type":"ListItem","position":1,"name":"Portada","item":"https:\/\/www.noticiasradioreflejos.com.ar\/2021\/"},{"@type":"ListItem","position":2,"name":"Para agilizar emisi\u00f3n del voto, aconsejan consultar el padr\u00f3n para chequea mesa y n\u00famero de orden"}]},{"@type":"WebSite","@id":"https:\/\/www.noticiasradioreflejos.com.ar\/2021\/#website","url":"https:\/\/www.noticiasradioreflejos.com.ar\/2021\/","name":"Noticias Radio Reflejos","description":"Las noticias de mi comarca","potentialAction":[{"@type":"SearchAction","target":{"@type":"EntryPoint","urlTemplate":"https:\/\/www.noticiasradioreflejos.com.ar\/2021\/?s={search_term_string}"},"query-input":{"@type":"PropertyValueSpecification","valueRequired":true,"valueName":"search_term_string"}}],"inLanguage":"es"},{"@type":"Person","@id":"https:\/\/www.noticiasradioreflejos.com.ar\/2021\/#\/schema\/person\/ad82545263dcc5ec0996818884fd5fb1","name":"Arnaldo Botto","image":{"@type":"ImageObject","inLanguage":"es","@id":"https:\/\/www.noticiasradioreflejos.com.ar\/2021\/#\/schema\/person\/image\/","url":"https:\/\/secure.gravatar.com\/avatar\/55cb5e37c1efa326397366e6974cb338056df65cb50e7d64d1cf314e87504837?s=96&d=mm&r=g","contentUrl":"https:\/\/secure.gravatar.com\/avatar\/55cb5e37c1efa326397366e6974cb338056df65cb50e7d64d1cf314e87504837?s=96&d=mm&r=g","caption":"Arnaldo Botto"},"url":"https:\/\/www.noticiasradioreflejos.com.ar\/2021\/author\/arnaldo\/"}]}},"_links":{"self":[{"href":"https:\/\/www.noticiasradioreflejos.com.ar\/2021\/wp-json\/wp\/v2\/posts\/94179","targetHints":{"allow":["GET"]}}],"collection":[{"href":"https:\/\/www.noticiasradioreflejos.com.ar\/2021\/wp-json\/wp\/v2\/posts"}],"about":[{"href":"https:\/\/www.noticiasradioreflejos.com.ar\/2021\/wp-json\/wp\/v2\/types\/post"}],"author":[{"embeddable":true,"href":"https:\/\/www.noticiasradioreflejos.com.ar\/2021\/wp-json\/wp\/v2\/users\/3"}],"replies":[{"embeddable":true,"href":"https:\/\/www.noticiasradioreflejos.com.ar\/2021\/wp-json\/wp\/v2\/comments?post=94179"}],"version-history":[{"count":1,"href":"https:\/\/www.noticiasradioreflejos.com.ar\/2021\/wp-json\/wp\/v2\/posts\/94179\/revisions"}],"predecessor-version":[{"id":94180,"href":"https:\/\/www.noticiasradioreflejos.com.ar\/2021\/wp-json\/wp\/v2\/posts\/94179\/revisions\/94180"}],"wp:attachment":[{"href":"https:\/\/www.noticiasradioreflejos.com.ar\/2021\/wp-json\/wp\/v2\/media?parent=94179"}],"wp:term":[{"taxonomy":"category","embeddable":true,"href":"https:\/\/www.noticiasradioreflejos.com.ar\/2021\/wp-json\/wp\/v2\/categories?post=94179"},{"taxonomy":"post_tag","embeddable":true,"href":"https:\/\/www.noticiasradioreflejos.com.ar\/2021\/wp-json\/wp\/v2\/tags?post=94179"}],"curies":[{"name":"wp","href":"https:\/\/api.w.org\/{rel}","templated":true}]}}