{"id":94166,"date":"2023-10-20T11:00:12","date_gmt":"2023-10-20T11:00:12","guid":{"rendered":"https:\/\/www.noticiasradioreflejos.com.ar\/2021\/?p=94166"},"modified":"2023-10-20T11:00:12","modified_gmt":"2023-10-20T11:00:12","slug":"murieron-mas-de-1-300-crias-de-elefantes-marinos-en-las-costas-de-chubut-por-gripe-aviar","status":"publish","type":"post","link":"https:\/\/www.noticiasradioreflejos.com.ar\/2021\/murieron-mas-de-1-300-crias-de-elefantes-marinos-en-las-costas-de-chubut-por-gripe-aviar\/","title":{"rendered":"Murieron m\u00e1s de 1.300 cr\u00edas de elefantes marinos en las costas de Chubut por gripe aviar"},"content":{"rendered":"<p>El director de Flora y Fauna Silvestre de Chubut, Fernando Bersano, confirm\u00f3 que \u00aben las costas de la provincia se contabilizaron m\u00e1s de 1.300 cr\u00edas de elefantes marinos que murieron producto de la gripe aviar\u00bb y dijo que es sin dudas \u00abel mayor n\u00famero de muertes desde que se llevan registros\u00bb.<!--more--><\/p>\n<p>\u00abConoc\u00edamos el fen\u00f3meno porque del relevamiento por la costa atl\u00e1ntica se ven\u00edan observando cad\u00e1veres, pero el n\u00famero lo podemos dar ahora porque se concluy\u00f3 el monitoreo y se revisaron todas las estad\u00edsticas\u00bb sobre esa poblaci\u00f3n que se asienta alrededor de Pen\u00ednsula Vald\u00e9s.<\/p>\n<p>Chubut tiene en sus costas la poblaci\u00f3n m\u00e1s numerosa de elefantes marinos (mirounga leonina) de Sudam\u00e9rica con colonias que se ubican en el contorno de Pen\u00ednsula Vald\u00e9s y algo m\u00e1s al sur de ese accidente geogr\u00e1fico, hasta la zona conocida como \u00abIsla Escondida\u00bb, entre la desembocadura del r\u00edo Chubut y Punta Tombo.<\/p>\n<p>Bersano, en di\u00e1logo con T\u00e9lam, reconoci\u00f3 que no tienen \u00abforma de asegurar que esta mortandad ponga en riesgo la especie, pero seguramente el hecho de que sean cachorros que en las pr\u00f3ximas temporadas tendr\u00edan que estar disponibles para los harenes de reproducci\u00f3n, sin duda afectar\u00e1 el ciclo reproductivo\u00bb.<\/p>\n<p>El g\u00e9nero \u00abMirounga\u00bb conocido como \u00abelefante marino\u00bb o \u00abfoca elefante\u00bb es de la familia de los pinn\u00edpedos.<\/p>\n<p>El macho es el mayor pinn\u00edpedo que existe en la actualidad y, probablemente, tambi\u00e9n el mayor que ha existido en la historia del planeta Tierra, alcanzando los 6 metros y hasta cuatro toneladas de peso, mientras que las hembras no superan los 3m de talla y 900 kilogramos.<\/p>\n<p>Los harenes de varias hembras que se forman alrededor de un elefante adulto que a su vez debe lidiar con otros machos que le disputan el liderazgo, es uno de los espect\u00e1culos naturales m\u00e1s demandados en Punta Norte, sobre el extremo noreste de Pen\u00ednsula Vald\u00e9s, el accidente geogr\u00e1fico que se observa en el mapa con forma de hongo del Chubut.<\/p>\n<p>Los datos sobre las muertes sorprendieron porque en un principio la preocupaci\u00f3n sobre los efectos de la gripe aviar se concentr\u00f3 en la poblaci\u00f3n de lobos marinos de uno y dos pelos, que tienen un n\u00famero de ejemplares mayor y en la que se reportaron poco m\u00e1s de 250 decesos.<\/p>\n<p>No solo se dio esta situaci\u00f3n, si no que la gripe aviar tambi\u00e9n impact\u00f3 en la poblaci\u00f3n de p\u00e1jaros costeros como playeros, gaviotines, cormoranes y ping\u00fcinos, pero en un n\u00famero muy inferior al que se temi\u00f3 en un principio.<\/p>\n<p>El funcionario chubutense aprovech\u00f3 tambi\u00e9n para solicitar a la poblaci\u00f3n que \u00abno se aproxime cuando ve a un animal en la costa, es peligroso para la persona y para el animal. Apelamos a la consciencia de turistas y pobladores porque no se puede estar ni multando ni persiguiendo, pero s\u00ed informando que eso no corresponde\u00bb.<\/p>\n","protected":false},"excerpt":{"rendered":"<p>El director de Flora y Fauna Silvestre de Chubut, Fernando Bersano, confirm\u00f3 que \u00aben las costas de la provincia se contabilizaron m\u00e1s de 1.300 cr\u00edas de elefantes marinos que murieron producto de la gripe aviar\u00bb y dijo que es sin dudas \u00abel mayor n\u00famero de muertes desde que se llevan registros\u00bb.<\/p>\n","protected":false},"author":3,"featured_media":94167,"comment_status":"closed","ping_status":"closed","sticky":false,"template":"","format":"standard","meta":{"footnotes":""},"categories":[46,30],"tags":[],"class_list":["post-94166","post","type-post","status-publish","format-standard","has-post-thumbnail","hentry","category-ciencia-y-tecnologia","category-salud"],"yoast_head":"<!-- This site is optimized with the Yoast SEO plugin v25.9 - https:\/\/yoast.com\/wordpress\/plugins\/seo\/ -->\n<title>Murieron m\u00e1s de 1.300 cr\u00edas de elefantes marinos en las costas de Chubut por gripe aviar - Noticias Radio Reflejos<\/title>\n<meta name=\"robots\" content=\"index, follow, max-snippet:-1, max-image-preview:large, max-video-preview:-1\" \/>\n<link rel=\"canonical\" href=\"https:\/\/www.noticiasradioreflejos.com.ar\/2021\/murieron-mas-de-1-300-crias-de-elefantes-marinos-en-las-costas-de-chubut-por-gripe-aviar\/\" \/>\n<meta property=\"og:locale\" content=\"es_ES\" \/>\n<meta property=\"og:type\" content=\"article\" \/>\n<meta property=\"og:title\" content=\"Murieron m\u00e1s de 1.300 cr\u00edas de elefantes marinos en las costas de Chubut por gripe aviar - Noticias Radio Reflejos\" \/>\n<meta property=\"og:description\" content=\"El director de Flora y Fauna Silvestre de Chubut, Fernando Bersano, confirm\u00f3 que \u00aben las costas de la provincia se contabilizaron m\u00e1s de 1.300 cr\u00edas de elefantes marinos que murieron producto de la gripe aviar\u00bb y dijo que es sin dudas \u00abel mayor n\u00famero de muertes desde que se llevan registros\u00bb.\" \/>\n<meta property=\"og:url\" content=\"https:\/\/www.noticiasradioreflejos.com.ar\/2021\/murieron-mas-de-1-300-crias-de-elefantes-marinos-en-las-costas-de-chubut-por-gripe-aviar\/\" \/>\n<meta property=\"og:site_name\" content=\"Noticias Radio Reflejos\" \/>\n<meta property=\"article:published_time\" content=\"2023-10-20T11:00:12+00:00\" \/>\n<meta property=\"og:image\" content=\"https:\/\/www.noticiasradioreflejos.com.ar\/2021\/wp-content\/uploads\/2023\/10\/Elefante-marino-2b.jpg\" \/>\n\t<meta property=\"og:image:width\" content=\"1440\" \/>\n\t<meta property=\"og:image:height\" content=\"810\" \/>\n\t<meta property=\"og:image:type\" content=\"image\/jpeg\" \/>\n<meta name=\"author\" content=\"Arnaldo Botto\" \/>\n<meta name=\"twitter:card\" content=\"summary_large_image\" \/>\n<script type=\"application\/ld+json\" class=\"yoast-schema-graph\">{\"@context\":\"https:\/\/schema.org\",\"@graph\":[{\"@type\":\"WebPage\",\"@id\":\"https:\/\/www.noticiasradioreflejos.com.ar\/2021\/murieron-mas-de-1-300-crias-de-elefantes-marinos-en-las-costas-de-chubut-por-gripe-aviar\/\",\"url\":\"https:\/\/www.noticiasradioreflejos.com.ar\/2021\/murieron-mas-de-1-300-crias-de-elefantes-marinos-en-las-costas-de-chubut-por-gripe-aviar\/\",\"name\":\"Murieron m\u00e1s de 1.300 cr\u00edas de elefantes marinos en las costas de Chubut por gripe aviar - Noticias Radio Reflejos\",\"isPartOf\":{\"@id\":\"https:\/\/www.noticiasradioreflejos.com.ar\/2021\/#website\"},\"primaryImageOfPage\":{\"@id\":\"https:\/\/www.noticiasradioreflejos.com.ar\/2021\/murieron-mas-de-1-300-crias-de-elefantes-marinos-en-las-costas-de-chubut-por-gripe-aviar\/#primaryimage\"},\"image\":{\"@id\":\"https:\/\/www.noticiasradioreflejos.com.ar\/2021\/murieron-mas-de-1-300-crias-de-elefantes-marinos-en-las-costas-de-chubut-por-gripe-aviar\/#primaryimage\"},\"thumbnailUrl\":\"https:\/\/www.noticiasradioreflejos.com.ar\/2021\/wp-content\/uploads\/2023\/10\/Elefante-marino-2b.jpg\",\"datePublished\":\"2023-10-20T11:00:12+00:00\",\"author\":{\"@id\":\"https:\/\/www.noticiasradioreflejos.com.ar\/2021\/#\/schema\/person\/ad82545263dcc5ec0996818884fd5fb1\"},\"breadcrumb\":{\"@id\":\"https:\/\/www.noticiasradioreflejos.com.ar\/2021\/murieron-mas-de-1-300-crias-de-elefantes-marinos-en-las-costas-de-chubut-por-gripe-aviar\/#breadcrumb\"},\"inLanguage\":\"es\",\"potentialAction\":[{\"@type\":\"ReadAction\",\"target\":[\"https:\/\/www.noticiasradioreflejos.com.ar\/2021\/murieron-mas-de-1-300-crias-de-elefantes-marinos-en-las-costas-de-chubut-por-gripe-aviar\/\"]}]},{\"@type\":\"ImageObject\",\"inLanguage\":\"es\",\"@id\":\"https:\/\/www.noticiasradioreflejos.com.ar\/2021\/murieron-mas-de-1-300-crias-de-elefantes-marinos-en-las-costas-de-chubut-por-gripe-aviar\/#primaryimage\",\"url\":\"https:\/\/www.noticiasradioreflejos.com.ar\/2021\/wp-content\/uploads\/2023\/10\/Elefante-marino-2b.jpg\",\"contentUrl\":\"https:\/\/www.noticiasradioreflejos.com.ar\/2021\/wp-content\/uploads\/2023\/10\/Elefante-marino-2b.jpg\",\"width\":1440,\"height\":810},{\"@type\":\"BreadcrumbList\",\"@id\":\"https:\/\/www.noticiasradioreflejos.com.ar\/2021\/murieron-mas-de-1-300-crias-de-elefantes-marinos-en-las-costas-de-chubut-por-gripe-aviar\/#breadcrumb\",\"itemListElement\":[{\"@type\":\"ListItem\",\"position\":1,\"name\":\"Portada\",\"item\":\"https:\/\/www.noticiasradioreflejos.com.ar\/2021\/\"},{\"@type\":\"ListItem\",\"position\":2,\"name\":\"Murieron m\u00e1s de 1.300 cr\u00edas de elefantes marinos en las costas de Chubut por gripe aviar\"}]},{\"@type\":\"WebSite\",\"@id\":\"https:\/\/www.noticiasradioreflejos.com.ar\/2021\/#website\",\"url\":\"https:\/\/www.noticiasradioreflejos.com.ar\/2021\/\",\"name\":\"Noticias Radio Reflejos\",\"description\":\"Las noticias de mi comarca\",\"potentialAction\":[{\"@type\":\"SearchAction\",\"target\":{\"@type\":\"EntryPoint\",\"urlTemplate\":\"https:\/\/www.noticiasradioreflejos.com.ar\/2021\/?s={search_term_string}\"},\"query-input\":{\"@type\":\"PropertyValueSpecification\",\"valueRequired\":true,\"valueName\":\"search_term_string\"}}],\"inLanguage\":\"es\"},{\"@type\":\"Person\",\"@id\":\"https:\/\/www.noticiasradioreflejos.com.ar\/2021\/#\/schema\/person\/ad82545263dcc5ec0996818884fd5fb1\",\"name\":\"Arnaldo Botto\",\"image\":{\"@type\":\"ImageObject\",\"inLanguage\":\"es\",\"@id\":\"https:\/\/www.noticiasradioreflejos.com.ar\/2021\/#\/schema\/person\/image\/\",\"url\":\"https:\/\/secure.gravatar.com\/avatar\/55cb5e37c1efa326397366e6974cb338056df65cb50e7d64d1cf314e87504837?s=96&d=mm&r=g\",\"contentUrl\":\"https:\/\/secure.gravatar.com\/avatar\/55cb5e37c1efa326397366e6974cb338056df65cb50e7d64d1cf314e87504837?s=96&d=mm&r=g\",\"caption\":\"Arnaldo Botto\"},\"url\":\"https:\/\/www.noticiasradioreflejos.com.ar\/2021\/author\/arnaldo\/\"}]}<\/script>\n<!-- \/ Yoast SEO plugin. -->","yoast_head_json":{"title":"Murieron m\u00e1s de 1.300 cr\u00edas de elefantes marinos en las costas de Chubut por gripe aviar - Noticias Radio Reflejos","robots":{"index":"index","follow":"follow","max-snippet":"max-snippet:-1","max-image-preview":"max-image-preview:large","max-video-preview":"max-video-preview:-1"},"canonical":"https:\/\/www.noticiasradioreflejos.com.ar\/2021\/murieron-mas-de-1-300-crias-de-elefantes-marinos-en-las-costas-de-chubut-por-gripe-aviar\/","og_locale":"es_ES","og_type":"article","og_title":"Murieron m\u00e1s de 1.300 cr\u00edas de elefantes marinos en las costas de Chubut por gripe aviar - Noticias Radio Reflejos","og_description":"El director de Flora y Fauna Silvestre de Chubut, Fernando Bersano, confirm\u00f3 que \u00aben las costas de la provincia se contabilizaron m\u00e1s de 1.300 cr\u00edas de elefantes marinos que murieron producto de la gripe aviar\u00bb y dijo que es sin dudas \u00abel mayor n\u00famero de muertes desde que se llevan registros\u00bb.","og_url":"https:\/\/www.noticiasradioreflejos.com.ar\/2021\/murieron-mas-de-1-300-crias-de-elefantes-marinos-en-las-costas-de-chubut-por-gripe-aviar\/","og_site_name":"Noticias Radio Reflejos","article_published_time":"2023-10-20T11:00:12+00:00","og_image":[{"width":1440,"height":810,"url":"https:\/\/www.noticiasradioreflejos.com.ar\/2021\/wp-content\/uploads\/2023\/10\/Elefante-marino-2b.jpg","type":"image\/jpeg"}],"author":"Arnaldo Botto","twitter_card":"summary_large_image","schema":{"@context":"https:\/\/schema.org","@graph":[{"@type":"WebPage","@id":"https:\/\/www.noticiasradioreflejos.com.ar\/2021\/murieron-mas-de-1-300-crias-de-elefantes-marinos-en-las-costas-de-chubut-por-gripe-aviar\/","url":"https:\/\/www.noticiasradioreflejos.com.ar\/2021\/murieron-mas-de-1-300-crias-de-elefantes-marinos-en-las-costas-de-chubut-por-gripe-aviar\/","name":"Murieron m\u00e1s de 1.300 cr\u00edas de elefantes marinos en las costas de Chubut por gripe aviar - Noticias Radio Reflejos","isPartOf":{"@id":"https:\/\/www.noticiasradioreflejos.com.ar\/2021\/#website"},"primaryImageOfPage":{"@id":"https:\/\/www.noticiasradioreflejos.com.ar\/2021\/murieron-mas-de-1-300-crias-de-elefantes-marinos-en-las-costas-de-chubut-por-gripe-aviar\/#primaryimage"},"image":{"@id":"https:\/\/www.noticiasradioreflejos.com.ar\/2021\/murieron-mas-de-1-300-crias-de-elefantes-marinos-en-las-costas-de-chubut-por-gripe-aviar\/#primaryimage"},"thumbnailUrl":"https:\/\/www.noticiasradioreflejos.com.ar\/2021\/wp-content\/uploads\/2023\/10\/Elefante-marino-2b.jpg","datePublished":"2023-10-20T11:00:12+00:00","author":{"@id":"https:\/\/www.noticiasradioreflejos.com.ar\/2021\/#\/schema\/person\/ad82545263dcc5ec0996818884fd5fb1"},"breadcrumb":{"@id":"https:\/\/www.noticiasradioreflejos.com.ar\/2021\/murieron-mas-de-1-300-crias-de-elefantes-marinos-en-las-costas-de-chubut-por-gripe-aviar\/#breadcrumb"},"inLanguage":"es","potentialAction":[{"@type":"ReadAction","target":["https:\/\/www.noticiasradioreflejos.com.ar\/2021\/murieron-mas-de-1-300-crias-de-elefantes-marinos-en-las-costas-de-chubut-por-gripe-aviar\/"]}]},{"@type":"ImageObject","inLanguage":"es","@id":"https:\/\/www.noticiasradioreflejos.com.ar\/2021\/murieron-mas-de-1-300-crias-de-elefantes-marinos-en-las-costas-de-chubut-por-gripe-aviar\/#primaryimage","url":"https:\/\/www.noticiasradioreflejos.com.ar\/2021\/wp-content\/uploads\/2023\/10\/Elefante-marino-2b.jpg","contentUrl":"https:\/\/www.noticiasradioreflejos.com.ar\/2021\/wp-content\/uploads\/2023\/10\/Elefante-marino-2b.jpg","width":1440,"height":810},{"@type":"BreadcrumbList","@id":"https:\/\/www.noticiasradioreflejos.com.ar\/2021\/murieron-mas-de-1-300-crias-de-elefantes-marinos-en-las-costas-de-chubut-por-gripe-aviar\/#breadcrumb","itemListElement":[{"@type":"ListItem","position":1,"name":"Portada","item":"https:\/\/www.noticiasradioreflejos.com.ar\/2021\/"},{"@type":"ListItem","position":2,"name":"Murieron m\u00e1s de 1.300 cr\u00edas de elefantes marinos en las costas de Chubut por gripe aviar"}]},{"@type":"WebSite","@id":"https:\/\/www.noticiasradioreflejos.com.ar\/2021\/#website","url":"https:\/\/www.noticiasradioreflejos.com.ar\/2021\/","name":"Noticias Radio Reflejos","description":"Las noticias de mi comarca","potentialAction":[{"@type":"SearchAction","target":{"@type":"EntryPoint","urlTemplate":"https:\/\/www.noticiasradioreflejos.com.ar\/2021\/?s={search_term_string}"},"query-input":{"@type":"PropertyValueSpecification","valueRequired":true,"valueName":"search_term_string"}}],"inLanguage":"es"},{"@type":"Person","@id":"https:\/\/www.noticiasradioreflejos.com.ar\/2021\/#\/schema\/person\/ad82545263dcc5ec0996818884fd5fb1","name":"Arnaldo Botto","image":{"@type":"ImageObject","inLanguage":"es","@id":"https:\/\/www.noticiasradioreflejos.com.ar\/2021\/#\/schema\/person\/image\/","url":"https:\/\/secure.gravatar.com\/avatar\/55cb5e37c1efa326397366e6974cb338056df65cb50e7d64d1cf314e87504837?s=96&d=mm&r=g","contentUrl":"https:\/\/secure.gravatar.com\/avatar\/55cb5e37c1efa326397366e6974cb338056df65cb50e7d64d1cf314e87504837?s=96&d=mm&r=g","caption":"Arnaldo Botto"},"url":"https:\/\/www.noticiasradioreflejos.com.ar\/2021\/author\/arnaldo\/"}]}},"_links":{"self":[{"href":"https:\/\/www.noticiasradioreflejos.com.ar\/2021\/wp-json\/wp\/v2\/posts\/94166","targetHints":{"allow":["GET"]}}],"collection":[{"href":"https:\/\/www.noticiasradioreflejos.com.ar\/2021\/wp-json\/wp\/v2\/posts"}],"about":[{"href":"https:\/\/www.noticiasradioreflejos.com.ar\/2021\/wp-json\/wp\/v2\/types\/post"}],"author":[{"embeddable":true,"href":"https:\/\/www.noticiasradioreflejos.com.ar\/2021\/wp-json\/wp\/v2\/users\/3"}],"replies":[{"embeddable":true,"href":"https:\/\/www.noticiasradioreflejos.com.ar\/2021\/wp-json\/wp\/v2\/comments?post=94166"}],"version-history":[{"count":1,"href":"https:\/\/www.noticiasradioreflejos.com.ar\/2021\/wp-json\/wp\/v2\/posts\/94166\/revisions"}],"predecessor-version":[{"id":94168,"href":"https:\/\/www.noticiasradioreflejos.com.ar\/2021\/wp-json\/wp\/v2\/posts\/94166\/revisions\/94168"}],"wp:featuredmedia":[{"embeddable":true,"href":"https:\/\/www.noticiasradioreflejos.com.ar\/2021\/wp-json\/wp\/v2\/media\/94167"}],"wp:attachment":[{"href":"https:\/\/www.noticiasradioreflejos.com.ar\/2021\/wp-json\/wp\/v2\/media?parent=94166"}],"wp:term":[{"taxonomy":"category","embeddable":true,"href":"https:\/\/www.noticiasradioreflejos.com.ar\/2021\/wp-json\/wp\/v2\/categories?post=94166"},{"taxonomy":"post_tag","embeddable":true,"href":"https:\/\/www.noticiasradioreflejos.com.ar\/2021\/wp-json\/wp\/v2\/tags?post=94166"}],"curies":[{"name":"wp","href":"https:\/\/api.w.org\/{rel}","templated":true}]}}