{"id":94160,"date":"2023-10-20T01:24:03","date_gmt":"2023-10-20T01:24:03","guid":{"rendered":"https:\/\/www.noticiasradioreflejos.com.ar\/2021\/?p=94160"},"modified":"2023-10-20T01:24:03","modified_gmt":"2023-10-20T01:24:03","slug":"edificios-y-monumentos-se-iluminaron-de-rosa-por-el-dia-mundial-del-cancer-de-mama","status":"publish","type":"post","link":"https:\/\/www.noticiasradioreflejos.com.ar\/2021\/edificios-y-monumentos-se-iluminaron-de-rosa-por-el-dia-mundial-del-cancer-de-mama\/","title":{"rendered":"Edificios y monumentos se iluminaron de rosa por el D\u00eda Mundial del C\u00e1ncer de Mama"},"content":{"rendered":"<p>Varios edificios y monumentos emblem\u00e1ticos se iluminaron esta noche de color rosa con motivo de D\u00eda Mundial de Lucha Contra el C\u00e1ncer de Mama para visibilizar esta patolog\u00eda que afecta a 1 de cada 8 mujeres y que tratada a tiempo puede ser curable en el 90% de los casos.<!--more--><\/p>\n<p>La Floralis, el Puente de la Mujer, el Monumento de Plaza Congreso, el Monumento a los Espa\u00f1oles y el Planetario estuvieron iluminados desde las 19 por el Ministerio de Espacio P\u00fablico e Higiene Urbana de la Ciudad, a pedido de MACMA (Movimiento Ayuda C\u00e1ncer de Mama).<\/p>\n<p>Tambi\u00e9n sucedi\u00f3 lo mismo con la fachada del edificio del Congreso de la Naci\u00f3n, sobre la avenida Entre R\u00edos.<\/p>\n<p><a data-flickr-embed=\"true\" href=\"https:\/\/www.flickr.com\/photos\/182279889@N02\/53270008257\/in\/dateposted-public\/\" title=\"19-10-2023_varios_edificios_y_monumentos_emblematicos (1)\"><img loading=\"lazy\" decoding=\"async\" src=\"https:\/\/live.staticflickr.com\/65535\/53270008257_3b9789f955_c.jpg\" width=\"800\" height=\"533\" alt=\"19-10-2023_varios_edificios_y_monumentos_emblematicos (1)\"\/><\/a><script async src=\"\/\/embedr.flickr.com\/assets\/client-code.js\" charset=\"utf-8\"><\/script><\/p>\n<p>Por su parte, el Banco de la Provincia de Buenos Aires, a trav\u00e9s de su Gerencia de Mujeres, G\u00e9neros y Diversidad, present\u00f3 una campa\u00f1a con distintas iniciativas para crear conciencia sobre el c\u00e1ncer de mama que incluye la iluminaci\u00f3n de la fachada de su casa matriz en la ciudad de La Plata con el color rosa y la distribuci\u00f3n de cintas para que todo el personal las utilice en su vestimenta durante el mes.<\/p>\n<p>El c\u00e1ncer de mama es una enfermedad que detectada y tratada en forma temprana ofrece un nivel de curaci\u00f3n en m\u00e1s de 9 de cada 10 pacientes; por eso es tan importante la realizaci\u00f3n de estudios de im\u00e1genes (eco mamaria y mamograf\u00eda) despu\u00e9s de los 40 a\u00f1os en forma anual.<\/p>\n<p><a data-flickr-embed=\"true\" href=\"https:\/\/www.flickr.com\/photos\/182279889@N02\/53271258379\/in\/dateposted-public\/\" title=\"19-10-2023_varios_edificios_y_monumentos_emblematicos\"><img loading=\"lazy\" decoding=\"async\" src=\"https:\/\/live.staticflickr.com\/65535\/53271258379_baa2c7d7be_c.jpg\" width=\"800\" height=\"533\" alt=\"19-10-2023_varios_edificios_y_monumentos_emblematicos\"\/><\/a><script async src=\"\/\/embedr.flickr.com\/assets\/client-code.js\" charset=\"utf-8\"><\/script><\/p>\n<p>Seg\u00fan las estimaciones m\u00e1s recientes realizadas por el Observatorio Global del C\u00e1ncer (Globocan) de la Agencia Internacional de Investigaci\u00f3n sobre C\u00e1ncer (IARC, por sus siglas en ingl\u00e9s), en la Argentina ocurrieron 22.024 casos nuevos de c\u00e1ncer de mama en el a\u00f1o 2020, lo que represent\u00f3 el 16,8% de todos los casos de c\u00e1ncer diagnosticados en el pa\u00eds; a la vez cada a\u00f1o mueren 5.600 mujeres por este tumor.<\/p>\n<p>A nivel global, en 2020 se diagnosticaron 2.206.771 casos de c\u00e1ncer de mama; se estima que una de cada 8 mujeres que vive hasta los 80 a\u00f1os tendr\u00e1 c\u00e1ncer de mama.<\/p>\n","protected":false},"excerpt":{"rendered":"<p>Varios edificios y monumentos emblem\u00e1ticos se iluminaron esta noche de color rosa con motivo de D\u00eda Mundial de Lucha Contra el C\u00e1ncer de Mama para visibilizar esta patolog\u00eda que afecta a 1 de cada 8 mujeres y que tratada a tiempo puede ser curable en el 90% de los casos.<\/p>\n","protected":false},"author":3,"featured_media":0,"comment_status":"closed","ping_status":"closed","sticky":false,"template":"","format":"standard","meta":{"footnotes":""},"categories":[30,26],"tags":[],"class_list":["post-94160","post","type-post","status-publish","format-standard","hentry","category-salud","category-sociedad"],"yoast_head":"<!-- This site is optimized with the Yoast SEO plugin v25.9 - https:\/\/yoast.com\/wordpress\/plugins\/seo\/ -->\n<title>Edificios y monumentos se iluminaron de rosa por el D\u00eda Mundial del C\u00e1ncer de Mama - Noticias Radio Reflejos<\/title>\n<meta name=\"robots\" content=\"index, follow, max-snippet:-1, max-image-preview:large, max-video-preview:-1\" \/>\n<link rel=\"canonical\" href=\"https:\/\/www.noticiasradioreflejos.com.ar\/2021\/edificios-y-monumentos-se-iluminaron-de-rosa-por-el-dia-mundial-del-cancer-de-mama\/\" \/>\n<meta property=\"og:locale\" content=\"es_ES\" \/>\n<meta property=\"og:type\" content=\"article\" \/>\n<meta property=\"og:title\" content=\"Edificios y monumentos se iluminaron de rosa por el D\u00eda Mundial del C\u00e1ncer de Mama - Noticias Radio Reflejos\" \/>\n<meta property=\"og:description\" content=\"Varios edificios y monumentos emblem\u00e1ticos se iluminaron esta noche de color rosa con motivo de D\u00eda Mundial de Lucha Contra el C\u00e1ncer de Mama para visibilizar esta patolog\u00eda que afecta a 1 de cada 8 mujeres y que tratada a tiempo puede ser curable en el 90% de los casos.\" \/>\n<meta property=\"og:url\" content=\"https:\/\/www.noticiasradioreflejos.com.ar\/2021\/edificios-y-monumentos-se-iluminaron-de-rosa-por-el-dia-mundial-del-cancer-de-mama\/\" \/>\n<meta property=\"og:site_name\" content=\"Noticias Radio Reflejos\" \/>\n<meta property=\"article:published_time\" content=\"2023-10-20T01:24:03+00:00\" \/>\n<meta property=\"og:image\" content=\"https:\/\/live.staticflickr.com\/65535\/53270008257_3b9789f955_c.jpg\" \/>\n<meta name=\"author\" content=\"Arnaldo Botto\" \/>\n<meta name=\"twitter:card\" content=\"summary_large_image\" \/>\n<script type=\"application\/ld+json\" class=\"yoast-schema-graph\">{\"@context\":\"https:\/\/schema.org\",\"@graph\":[{\"@type\":\"WebPage\",\"@id\":\"https:\/\/www.noticiasradioreflejos.com.ar\/2021\/edificios-y-monumentos-se-iluminaron-de-rosa-por-el-dia-mundial-del-cancer-de-mama\/\",\"url\":\"https:\/\/www.noticiasradioreflejos.com.ar\/2021\/edificios-y-monumentos-se-iluminaron-de-rosa-por-el-dia-mundial-del-cancer-de-mama\/\",\"name\":\"Edificios y monumentos se iluminaron de rosa por el D\u00eda Mundial del C\u00e1ncer de Mama - Noticias Radio Reflejos\",\"isPartOf\":{\"@id\":\"https:\/\/www.noticiasradioreflejos.com.ar\/2021\/#website\"},\"primaryImageOfPage\":{\"@id\":\"https:\/\/www.noticiasradioreflejos.com.ar\/2021\/edificios-y-monumentos-se-iluminaron-de-rosa-por-el-dia-mundial-del-cancer-de-mama\/#primaryimage\"},\"image\":{\"@id\":\"https:\/\/www.noticiasradioreflejos.com.ar\/2021\/edificios-y-monumentos-se-iluminaron-de-rosa-por-el-dia-mundial-del-cancer-de-mama\/#primaryimage\"},\"thumbnailUrl\":\"https:\/\/live.staticflickr.com\/65535\/53270008257_3b9789f955_c.jpg\",\"datePublished\":\"2023-10-20T01:24:03+00:00\",\"author\":{\"@id\":\"https:\/\/www.noticiasradioreflejos.com.ar\/2021\/#\/schema\/person\/ad82545263dcc5ec0996818884fd5fb1\"},\"breadcrumb\":{\"@id\":\"https:\/\/www.noticiasradioreflejos.com.ar\/2021\/edificios-y-monumentos-se-iluminaron-de-rosa-por-el-dia-mundial-del-cancer-de-mama\/#breadcrumb\"},\"inLanguage\":\"es\",\"potentialAction\":[{\"@type\":\"ReadAction\",\"target\":[\"https:\/\/www.noticiasradioreflejos.com.ar\/2021\/edificios-y-monumentos-se-iluminaron-de-rosa-por-el-dia-mundial-del-cancer-de-mama\/\"]}]},{\"@type\":\"ImageObject\",\"inLanguage\":\"es\",\"@id\":\"https:\/\/www.noticiasradioreflejos.com.ar\/2021\/edificios-y-monumentos-se-iluminaron-de-rosa-por-el-dia-mundial-del-cancer-de-mama\/#primaryimage\",\"url\":\"https:\/\/live.staticflickr.com\/65535\/53270008257_3b9789f955_c.jpg\",\"contentUrl\":\"https:\/\/live.staticflickr.com\/65535\/53270008257_3b9789f955_c.jpg\"},{\"@type\":\"BreadcrumbList\",\"@id\":\"https:\/\/www.noticiasradioreflejos.com.ar\/2021\/edificios-y-monumentos-se-iluminaron-de-rosa-por-el-dia-mundial-del-cancer-de-mama\/#breadcrumb\",\"itemListElement\":[{\"@type\":\"ListItem\",\"position\":1,\"name\":\"Portada\",\"item\":\"https:\/\/www.noticiasradioreflejos.com.ar\/2021\/\"},{\"@type\":\"ListItem\",\"position\":2,\"name\":\"Edificios y monumentos se iluminaron de rosa por el D\u00eda Mundial del C\u00e1ncer de Mama\"}]},{\"@type\":\"WebSite\",\"@id\":\"https:\/\/www.noticiasradioreflejos.com.ar\/2021\/#website\",\"url\":\"https:\/\/www.noticiasradioreflejos.com.ar\/2021\/\",\"name\":\"Noticias Radio Reflejos\",\"description\":\"Las noticias de mi comarca\",\"potentialAction\":[{\"@type\":\"SearchAction\",\"target\":{\"@type\":\"EntryPoint\",\"urlTemplate\":\"https:\/\/www.noticiasradioreflejos.com.ar\/2021\/?s={search_term_string}\"},\"query-input\":{\"@type\":\"PropertyValueSpecification\",\"valueRequired\":true,\"valueName\":\"search_term_string\"}}],\"inLanguage\":\"es\"},{\"@type\":\"Person\",\"@id\":\"https:\/\/www.noticiasradioreflejos.com.ar\/2021\/#\/schema\/person\/ad82545263dcc5ec0996818884fd5fb1\",\"name\":\"Arnaldo Botto\",\"image\":{\"@type\":\"ImageObject\",\"inLanguage\":\"es\",\"@id\":\"https:\/\/www.noticiasradioreflejos.com.ar\/2021\/#\/schema\/person\/image\/\",\"url\":\"https:\/\/secure.gravatar.com\/avatar\/55cb5e37c1efa326397366e6974cb338056df65cb50e7d64d1cf314e87504837?s=96&d=mm&r=g\",\"contentUrl\":\"https:\/\/secure.gravatar.com\/avatar\/55cb5e37c1efa326397366e6974cb338056df65cb50e7d64d1cf314e87504837?s=96&d=mm&r=g\",\"caption\":\"Arnaldo Botto\"},\"url\":\"https:\/\/www.noticiasradioreflejos.com.ar\/2021\/author\/arnaldo\/\"}]}<\/script>\n<!-- \/ Yoast SEO plugin. -->","yoast_head_json":{"title":"Edificios y monumentos se iluminaron de rosa por el D\u00eda Mundial del C\u00e1ncer de Mama - Noticias Radio Reflejos","robots":{"index":"index","follow":"follow","max-snippet":"max-snippet:-1","max-image-preview":"max-image-preview:large","max-video-preview":"max-video-preview:-1"},"canonical":"https:\/\/www.noticiasradioreflejos.com.ar\/2021\/edificios-y-monumentos-se-iluminaron-de-rosa-por-el-dia-mundial-del-cancer-de-mama\/","og_locale":"es_ES","og_type":"article","og_title":"Edificios y monumentos se iluminaron de rosa por el D\u00eda Mundial del C\u00e1ncer de Mama - Noticias Radio Reflejos","og_description":"Varios edificios y monumentos emblem\u00e1ticos se iluminaron esta noche de color rosa con motivo de D\u00eda Mundial de Lucha Contra el C\u00e1ncer de Mama para visibilizar esta patolog\u00eda que afecta a 1 de cada 8 mujeres y que tratada a tiempo puede ser curable en el 90% de los casos.","og_url":"https:\/\/www.noticiasradioreflejos.com.ar\/2021\/edificios-y-monumentos-se-iluminaron-de-rosa-por-el-dia-mundial-del-cancer-de-mama\/","og_site_name":"Noticias Radio Reflejos","article_published_time":"2023-10-20T01:24:03+00:00","og_image":[{"url":"https:\/\/live.staticflickr.com\/65535\/53270008257_3b9789f955_c.jpg","type":"","width":"","height":""}],"author":"Arnaldo Botto","twitter_card":"summary_large_image","schema":{"@context":"https:\/\/schema.org","@graph":[{"@type":"WebPage","@id":"https:\/\/www.noticiasradioreflejos.com.ar\/2021\/edificios-y-monumentos-se-iluminaron-de-rosa-por-el-dia-mundial-del-cancer-de-mama\/","url":"https:\/\/www.noticiasradioreflejos.com.ar\/2021\/edificios-y-monumentos-se-iluminaron-de-rosa-por-el-dia-mundial-del-cancer-de-mama\/","name":"Edificios y monumentos se iluminaron de rosa por el D\u00eda Mundial del C\u00e1ncer de Mama - Noticias Radio Reflejos","isPartOf":{"@id":"https:\/\/www.noticiasradioreflejos.com.ar\/2021\/#website"},"primaryImageOfPage":{"@id":"https:\/\/www.noticiasradioreflejos.com.ar\/2021\/edificios-y-monumentos-se-iluminaron-de-rosa-por-el-dia-mundial-del-cancer-de-mama\/#primaryimage"},"image":{"@id":"https:\/\/www.noticiasradioreflejos.com.ar\/2021\/edificios-y-monumentos-se-iluminaron-de-rosa-por-el-dia-mundial-del-cancer-de-mama\/#primaryimage"},"thumbnailUrl":"https:\/\/live.staticflickr.com\/65535\/53270008257_3b9789f955_c.jpg","datePublished":"2023-10-20T01:24:03+00:00","author":{"@id":"https:\/\/www.noticiasradioreflejos.com.ar\/2021\/#\/schema\/person\/ad82545263dcc5ec0996818884fd5fb1"},"breadcrumb":{"@id":"https:\/\/www.noticiasradioreflejos.com.ar\/2021\/edificios-y-monumentos-se-iluminaron-de-rosa-por-el-dia-mundial-del-cancer-de-mama\/#breadcrumb"},"inLanguage":"es","potentialAction":[{"@type":"ReadAction","target":["https:\/\/www.noticiasradioreflejos.com.ar\/2021\/edificios-y-monumentos-se-iluminaron-de-rosa-por-el-dia-mundial-del-cancer-de-mama\/"]}]},{"@type":"ImageObject","inLanguage":"es","@id":"https:\/\/www.noticiasradioreflejos.com.ar\/2021\/edificios-y-monumentos-se-iluminaron-de-rosa-por-el-dia-mundial-del-cancer-de-mama\/#primaryimage","url":"https:\/\/live.staticflickr.com\/65535\/53270008257_3b9789f955_c.jpg","contentUrl":"https:\/\/live.staticflickr.com\/65535\/53270008257_3b9789f955_c.jpg"},{"@type":"BreadcrumbList","@id":"https:\/\/www.noticiasradioreflejos.com.ar\/2021\/edificios-y-monumentos-se-iluminaron-de-rosa-por-el-dia-mundial-del-cancer-de-mama\/#breadcrumb","itemListElement":[{"@type":"ListItem","position":1,"name":"Portada","item":"https:\/\/www.noticiasradioreflejos.com.ar\/2021\/"},{"@type":"ListItem","position":2,"name":"Edificios y monumentos se iluminaron de rosa por el D\u00eda Mundial del C\u00e1ncer de Mama"}]},{"@type":"WebSite","@id":"https:\/\/www.noticiasradioreflejos.com.ar\/2021\/#website","url":"https:\/\/www.noticiasradioreflejos.com.ar\/2021\/","name":"Noticias Radio Reflejos","description":"Las noticias de mi comarca","potentialAction":[{"@type":"SearchAction","target":{"@type":"EntryPoint","urlTemplate":"https:\/\/www.noticiasradioreflejos.com.ar\/2021\/?s={search_term_string}"},"query-input":{"@type":"PropertyValueSpecification","valueRequired":true,"valueName":"search_term_string"}}],"inLanguage":"es"},{"@type":"Person","@id":"https:\/\/www.noticiasradioreflejos.com.ar\/2021\/#\/schema\/person\/ad82545263dcc5ec0996818884fd5fb1","name":"Arnaldo Botto","image":{"@type":"ImageObject","inLanguage":"es","@id":"https:\/\/www.noticiasradioreflejos.com.ar\/2021\/#\/schema\/person\/image\/","url":"https:\/\/secure.gravatar.com\/avatar\/55cb5e37c1efa326397366e6974cb338056df65cb50e7d64d1cf314e87504837?s=96&d=mm&r=g","contentUrl":"https:\/\/secure.gravatar.com\/avatar\/55cb5e37c1efa326397366e6974cb338056df65cb50e7d64d1cf314e87504837?s=96&d=mm&r=g","caption":"Arnaldo Botto"},"url":"https:\/\/www.noticiasradioreflejos.com.ar\/2021\/author\/arnaldo\/"}]}},"_links":{"self":[{"href":"https:\/\/www.noticiasradioreflejos.com.ar\/2021\/wp-json\/wp\/v2\/posts\/94160","targetHints":{"allow":["GET"]}}],"collection":[{"href":"https:\/\/www.noticiasradioreflejos.com.ar\/2021\/wp-json\/wp\/v2\/posts"}],"about":[{"href":"https:\/\/www.noticiasradioreflejos.com.ar\/2021\/wp-json\/wp\/v2\/types\/post"}],"author":[{"embeddable":true,"href":"https:\/\/www.noticiasradioreflejos.com.ar\/2021\/wp-json\/wp\/v2\/users\/3"}],"replies":[{"embeddable":true,"href":"https:\/\/www.noticiasradioreflejos.com.ar\/2021\/wp-json\/wp\/v2\/comments?post=94160"}],"version-history":[{"count":1,"href":"https:\/\/www.noticiasradioreflejos.com.ar\/2021\/wp-json\/wp\/v2\/posts\/94160\/revisions"}],"predecessor-version":[{"id":94162,"href":"https:\/\/www.noticiasradioreflejos.com.ar\/2021\/wp-json\/wp\/v2\/posts\/94160\/revisions\/94162"}],"wp:attachment":[{"href":"https:\/\/www.noticiasradioreflejos.com.ar\/2021\/wp-json\/wp\/v2\/media?parent=94160"}],"wp:term":[{"taxonomy":"category","embeddable":true,"href":"https:\/\/www.noticiasradioreflejos.com.ar\/2021\/wp-json\/wp\/v2\/categories?post=94160"},{"taxonomy":"post_tag","embeddable":true,"href":"https:\/\/www.noticiasradioreflejos.com.ar\/2021\/wp-json\/wp\/v2\/tags?post=94160"}],"curies":[{"name":"wp","href":"https:\/\/api.w.org\/{rel}","templated":true}]}}