{"id":94153,"date":"2023-10-19T20:05:09","date_gmt":"2023-10-19T20:05:09","guid":{"rendered":"https:\/\/www.noticiasradioreflejos.com.ar\/2021\/?p=94153"},"modified":"2023-10-19T20:05:09","modified_gmt":"2023-10-19T20:05:09","slug":"sergio-bordoni-axel-sera-reelecto-y-massa-presidente","status":"publish","type":"post","link":"https:\/\/www.noticiasradioreflejos.com.ar\/2021\/sergio-bordoni-axel-sera-reelecto-y-massa-presidente\/","title":{"rendered":"Sergio Bordoni: \u201cAxel ser\u00e1 reelecto y Massa presidente\u201d"},"content":{"rendered":"<p>El actual intendente que va por la reelecci\u00f3n habl\u00f3 del plano nacional, provincial y c\u00f3mo seguir esta l\u00ednea de gobierno va a beneficiar al distrito. Al mismo tiempo cruz\u00f3 a Labarthe y fue tajante: \u201ces una persona que no tiene ni idea de gobernar\u201d.<!--more--><\/p>\n<p>El intendente Sergio Bordoni, el cual aspira a ser reelecto, habl\u00f3 esta ma\u00f1ana del panorama nacional y provincial de cara a los comicios del domingo.<\/p>\n<p>Al respecto afirm\u00f3 que \u201cel tema habitacional es responsabilidad de todos los gobiernos, no solo de mi gesti\u00f3n. El otro d\u00eda en el debate de la biblioteca ninguno de los dos candidatos me contest\u00f3. Ellos hablan de que hay un d\u00e9ficit, y es cierto, pero ninguno me dice c\u00f3mo lo van a solucionar\u201d.<\/p>\n<p>Rememorando asegur\u00f3 que \u201cen los a\u00f1os de Mauricio Macri nos dijo que no les interesaba hacer viviendas sociales. Y crearon los UVA, y as\u00ed le fue a la gente. Sabemos lo que ofrece Milei. Con Axel en la provincia, m\u00e1s h\u00e1bitat de naci\u00f3n, hay en ejecuci\u00f3n 32 en Tornquist, 29 en Saldungaray y 38 que se empiezan dentro de dos meses. Y es una gesti\u00f3n de 2 a\u00f1os, porque hubo otros dos de pandemia. En 2 a\u00f1os, 100 viviendas. SI hubi\u00e9semos seguido con lo anterior ser\u00eda otra cosa\u201d.<\/p>\n<p>Jug\u00e1ndose un pleno, afirm\u00f3 que \u201cnosotros vamos a seguir con esta gesti\u00f3n a nivel provincial. No creo que se cambie la historia. Axel ser\u00e1 reelecto. Y tambi\u00e9n supongo yo que si Dios quiere y hay ballotage Massa ser\u00e1 el presidente. Sabemos c\u00f3mo seguir\u00e1 la historia. Se seguir\u00e1n haciendo viviendas. Se lo que hay que hacer, s\u00e9 c\u00f3mo gestionar y donde tocar timbre. Los dem\u00e1s dicen d\u00f3nde est\u00e1n las problem\u00e1ticas y no tienen las soluciones y no las van a tener porque no le interesa a Milei y Cambiemos hacer viviendas sociales\u201d.<\/p>\n<p>Por \u00faltimo, y saliendo al cruce de lo dicho minutos antes por el candidato de Juntos por el Cambio, Federico Labarthe, en relaci\u00f3n a los bloques para hacer asfalto articulado y de esta manera agilizar tiempos, Bordoni fue tajante: \u201cNo voy a opinar sobre Labarthe\u201d.<\/p>\n<p>Aunque remat\u00f3 con una sentencia filosa: \u201cNo tiene ni idea de costos y de negociar con las empresas. No sabe lo que fue hacer esas seis cuadras de las que se queja. Est\u00e1 en campa\u00f1a y puede decir lo que quiera. No voy a discutir con \u00e9l porque no tiene ni idea de lo que es gobernar un municipio. Ya lo demostr\u00f3 en el debate que no sab\u00eda ni de donde sale los fondos, o lo del 45% al concejo escolar\u201d.<\/p>\n<p><iframe loading=\"lazy\" width=\"100%\" height=\"166\" scrolling=\"no\" frameborder=\"no\" allow=\"autoplay\" src=\"https:\/\/w.soundcloud.com\/player\/?url=https%3A\/\/api.soundcloud.com\/tracks\/1644601137&#038;color=%23ff5500&#038;auto_play=false&#038;hide_related=false&#038;show_comments=true&#038;show_user=true&#038;show_reposts=false&#038;show_teaser=true\"><\/iframe><\/p>\n<div style=\"font-size: 10px; color: #cccccc;line-break: anywhere;word-break: normal;overflow: hidden;white-space: nowrap;text-overflow: ellipsis; font-family: Interstate,Lucida Grande,Lucida Sans Unicode,Lucida Sans,Garuda,Verdana,Tahoma,sans-serif;font-weight: 100;\"><a href=\"https:\/\/soundcloud.com\/fmreflejos-103-7\" title=\"fmreflejos 103.7\" target=\"_blank\" style=\"color: #cccccc; text-decoration: none;\" rel=\"noopener\">fmreflejos 103.7<\/a> \u00b7 <a href=\"https:\/\/soundcloud.com\/fmreflejos-103-7\/sergio-bordoni-19-10\" title=\"Sergio Bordoni 19 - 10\" target=\"_blank\" style=\"color: #cccccc; text-decoration: none;\" rel=\"noopener\">Sergio Bordoni 19 &#8211; 10<\/a><\/div>\n","protected":false},"excerpt":{"rendered":"<p>El actual intendente que va por la reelecci\u00f3n habl\u00f3 del plano nacional, provincial y c\u00f3mo seguir esta l\u00ednea de gobierno va a beneficiar al distrito. Al mismo tiempo cruz\u00f3 a Labarthe y fue tajante: \u201ces una persona que no tiene ni idea de gobernar\u201d.<\/p>\n","protected":false},"author":3,"featured_media":0,"comment_status":"closed","ping_status":"closed","sticky":false,"template":"","format":"standard","meta":{"footnotes":""},"categories":[24],"tags":[48],"class_list":["post-94153","post","type-post","status-publish","format-standard","hentry","category-politica","tag-destacada"],"yoast_head":"<!-- This site is optimized with the Yoast SEO plugin v25.9 - https:\/\/yoast.com\/wordpress\/plugins\/seo\/ -->\n<title>Sergio Bordoni: \u201cAxel ser\u00e1 reelecto y Massa presidente\u201d - Noticias Radio Reflejos<\/title>\n<meta name=\"robots\" content=\"index, follow, max-snippet:-1, max-image-preview:large, max-video-preview:-1\" \/>\n<link rel=\"canonical\" href=\"https:\/\/www.noticiasradioreflejos.com.ar\/2021\/sergio-bordoni-axel-sera-reelecto-y-massa-presidente\/\" \/>\n<meta property=\"og:locale\" content=\"es_ES\" \/>\n<meta property=\"og:type\" content=\"article\" \/>\n<meta property=\"og:title\" content=\"Sergio Bordoni: \u201cAxel ser\u00e1 reelecto y Massa presidente\u201d - Noticias Radio Reflejos\" \/>\n<meta property=\"og:description\" content=\"El actual intendente que va por la reelecci\u00f3n habl\u00f3 del plano nacional, provincial y c\u00f3mo seguir esta l\u00ednea de gobierno va a beneficiar al distrito. Al mismo tiempo cruz\u00f3 a Labarthe y fue tajante: \u201ces una persona que no tiene ni idea de gobernar\u201d.\" \/>\n<meta property=\"og:url\" content=\"https:\/\/www.noticiasradioreflejos.com.ar\/2021\/sergio-bordoni-axel-sera-reelecto-y-massa-presidente\/\" \/>\n<meta property=\"og:site_name\" content=\"Noticias Radio Reflejos\" \/>\n<meta property=\"article:published_time\" content=\"2023-10-19T20:05:09+00:00\" \/>\n<meta property=\"og:image\" content=\"https:\/\/www.noticiasradioreflejos.com.ar\/2021\/wp-content\/uploads\/2021\/07\/logosol300x200.png\" \/>\n\t<meta property=\"og:image:width\" content=\"300\" \/>\n\t<meta property=\"og:image:height\" content=\"200\" \/>\n\t<meta property=\"og:image:type\" content=\"image\/png\" \/>\n<meta name=\"author\" content=\"Arnaldo Botto\" \/>\n<meta name=\"twitter:card\" content=\"summary_large_image\" \/>\n<script type=\"application\/ld+json\" class=\"yoast-schema-graph\">{\"@context\":\"https:\/\/schema.org\",\"@graph\":[{\"@type\":\"WebPage\",\"@id\":\"https:\/\/www.noticiasradioreflejos.com.ar\/2021\/sergio-bordoni-axel-sera-reelecto-y-massa-presidente\/\",\"url\":\"https:\/\/www.noticiasradioreflejos.com.ar\/2021\/sergio-bordoni-axel-sera-reelecto-y-massa-presidente\/\",\"name\":\"Sergio Bordoni: \u201cAxel ser\u00e1 reelecto y Massa presidente\u201d - Noticias Radio Reflejos\",\"isPartOf\":{\"@id\":\"https:\/\/www.noticiasradioreflejos.com.ar\/2021\/#website\"},\"datePublished\":\"2023-10-19T20:05:09+00:00\",\"author\":{\"@id\":\"https:\/\/www.noticiasradioreflejos.com.ar\/2021\/#\/schema\/person\/ad82545263dcc5ec0996818884fd5fb1\"},\"breadcrumb\":{\"@id\":\"https:\/\/www.noticiasradioreflejos.com.ar\/2021\/sergio-bordoni-axel-sera-reelecto-y-massa-presidente\/#breadcrumb\"},\"inLanguage\":\"es\",\"potentialAction\":[{\"@type\":\"ReadAction\",\"target\":[\"https:\/\/www.noticiasradioreflejos.com.ar\/2021\/sergio-bordoni-axel-sera-reelecto-y-massa-presidente\/\"]}]},{\"@type\":\"BreadcrumbList\",\"@id\":\"https:\/\/www.noticiasradioreflejos.com.ar\/2021\/sergio-bordoni-axel-sera-reelecto-y-massa-presidente\/#breadcrumb\",\"itemListElement\":[{\"@type\":\"ListItem\",\"position\":1,\"name\":\"Portada\",\"item\":\"https:\/\/www.noticiasradioreflejos.com.ar\/2021\/\"},{\"@type\":\"ListItem\",\"position\":2,\"name\":\"Sergio Bordoni: \u201cAxel ser\u00e1 reelecto y Massa presidente\u201d\"}]},{\"@type\":\"WebSite\",\"@id\":\"https:\/\/www.noticiasradioreflejos.com.ar\/2021\/#website\",\"url\":\"https:\/\/www.noticiasradioreflejos.com.ar\/2021\/\",\"name\":\"Noticias Radio Reflejos\",\"description\":\"Las noticias de mi comarca\",\"potentialAction\":[{\"@type\":\"SearchAction\",\"target\":{\"@type\":\"EntryPoint\",\"urlTemplate\":\"https:\/\/www.noticiasradioreflejos.com.ar\/2021\/?s={search_term_string}\"},\"query-input\":{\"@type\":\"PropertyValueSpecification\",\"valueRequired\":true,\"valueName\":\"search_term_string\"}}],\"inLanguage\":\"es\"},{\"@type\":\"Person\",\"@id\":\"https:\/\/www.noticiasradioreflejos.com.ar\/2021\/#\/schema\/person\/ad82545263dcc5ec0996818884fd5fb1\",\"name\":\"Arnaldo Botto\",\"image\":{\"@type\":\"ImageObject\",\"inLanguage\":\"es\",\"@id\":\"https:\/\/www.noticiasradioreflejos.com.ar\/2021\/#\/schema\/person\/image\/\",\"url\":\"https:\/\/secure.gravatar.com\/avatar\/55cb5e37c1efa326397366e6974cb338056df65cb50e7d64d1cf314e87504837?s=96&d=mm&r=g\",\"contentUrl\":\"https:\/\/secure.gravatar.com\/avatar\/55cb5e37c1efa326397366e6974cb338056df65cb50e7d64d1cf314e87504837?s=96&d=mm&r=g\",\"caption\":\"Arnaldo Botto\"},\"url\":\"https:\/\/www.noticiasradioreflejos.com.ar\/2021\/author\/arnaldo\/\"}]}<\/script>\n<!-- \/ Yoast SEO plugin. -->","yoast_head_json":{"title":"Sergio Bordoni: \u201cAxel ser\u00e1 reelecto y Massa presidente\u201d - Noticias Radio Reflejos","robots":{"index":"index","follow":"follow","max-snippet":"max-snippet:-1","max-image-preview":"max-image-preview:large","max-video-preview":"max-video-preview:-1"},"canonical":"https:\/\/www.noticiasradioreflejos.com.ar\/2021\/sergio-bordoni-axel-sera-reelecto-y-massa-presidente\/","og_locale":"es_ES","og_type":"article","og_title":"Sergio Bordoni: \u201cAxel ser\u00e1 reelecto y Massa presidente\u201d - Noticias Radio Reflejos","og_description":"El actual intendente que va por la reelecci\u00f3n habl\u00f3 del plano nacional, provincial y c\u00f3mo seguir esta l\u00ednea de gobierno va a beneficiar al distrito. Al mismo tiempo cruz\u00f3 a Labarthe y fue tajante: \u201ces una persona que no tiene ni idea de gobernar\u201d.","og_url":"https:\/\/www.noticiasradioreflejos.com.ar\/2021\/sergio-bordoni-axel-sera-reelecto-y-massa-presidente\/","og_site_name":"Noticias Radio Reflejos","article_published_time":"2023-10-19T20:05:09+00:00","og_image":[{"width":300,"height":200,"url":"https:\/\/www.noticiasradioreflejos.com.ar\/2021\/wp-content\/uploads\/2021\/07\/logosol300x200.png","type":"image\/png"}],"author":"Arnaldo Botto","twitter_card":"summary_large_image","schema":{"@context":"https:\/\/schema.org","@graph":[{"@type":"WebPage","@id":"https:\/\/www.noticiasradioreflejos.com.ar\/2021\/sergio-bordoni-axel-sera-reelecto-y-massa-presidente\/","url":"https:\/\/www.noticiasradioreflejos.com.ar\/2021\/sergio-bordoni-axel-sera-reelecto-y-massa-presidente\/","name":"Sergio Bordoni: \u201cAxel ser\u00e1 reelecto y Massa presidente\u201d - Noticias Radio Reflejos","isPartOf":{"@id":"https:\/\/www.noticiasradioreflejos.com.ar\/2021\/#website"},"datePublished":"2023-10-19T20:05:09+00:00","author":{"@id":"https:\/\/www.noticiasradioreflejos.com.ar\/2021\/#\/schema\/person\/ad82545263dcc5ec0996818884fd5fb1"},"breadcrumb":{"@id":"https:\/\/www.noticiasradioreflejos.com.ar\/2021\/sergio-bordoni-axel-sera-reelecto-y-massa-presidente\/#breadcrumb"},"inLanguage":"es","potentialAction":[{"@type":"ReadAction","target":["https:\/\/www.noticiasradioreflejos.com.ar\/2021\/sergio-bordoni-axel-sera-reelecto-y-massa-presidente\/"]}]},{"@type":"BreadcrumbList","@id":"https:\/\/www.noticiasradioreflejos.com.ar\/2021\/sergio-bordoni-axel-sera-reelecto-y-massa-presidente\/#breadcrumb","itemListElement":[{"@type":"ListItem","position":1,"name":"Portada","item":"https:\/\/www.noticiasradioreflejos.com.ar\/2021\/"},{"@type":"ListItem","position":2,"name":"Sergio Bordoni: \u201cAxel ser\u00e1 reelecto y Massa presidente\u201d"}]},{"@type":"WebSite","@id":"https:\/\/www.noticiasradioreflejos.com.ar\/2021\/#website","url":"https:\/\/www.noticiasradioreflejos.com.ar\/2021\/","name":"Noticias Radio Reflejos","description":"Las noticias de mi comarca","potentialAction":[{"@type":"SearchAction","target":{"@type":"EntryPoint","urlTemplate":"https:\/\/www.noticiasradioreflejos.com.ar\/2021\/?s={search_term_string}"},"query-input":{"@type":"PropertyValueSpecification","valueRequired":true,"valueName":"search_term_string"}}],"inLanguage":"es"},{"@type":"Person","@id":"https:\/\/www.noticiasradioreflejos.com.ar\/2021\/#\/schema\/person\/ad82545263dcc5ec0996818884fd5fb1","name":"Arnaldo Botto","image":{"@type":"ImageObject","inLanguage":"es","@id":"https:\/\/www.noticiasradioreflejos.com.ar\/2021\/#\/schema\/person\/image\/","url":"https:\/\/secure.gravatar.com\/avatar\/55cb5e37c1efa326397366e6974cb338056df65cb50e7d64d1cf314e87504837?s=96&d=mm&r=g","contentUrl":"https:\/\/secure.gravatar.com\/avatar\/55cb5e37c1efa326397366e6974cb338056df65cb50e7d64d1cf314e87504837?s=96&d=mm&r=g","caption":"Arnaldo Botto"},"url":"https:\/\/www.noticiasradioreflejos.com.ar\/2021\/author\/arnaldo\/"}]}},"_links":{"self":[{"href":"https:\/\/www.noticiasradioreflejos.com.ar\/2021\/wp-json\/wp\/v2\/posts\/94153","targetHints":{"allow":["GET"]}}],"collection":[{"href":"https:\/\/www.noticiasradioreflejos.com.ar\/2021\/wp-json\/wp\/v2\/posts"}],"about":[{"href":"https:\/\/www.noticiasradioreflejos.com.ar\/2021\/wp-json\/wp\/v2\/types\/post"}],"author":[{"embeddable":true,"href":"https:\/\/www.noticiasradioreflejos.com.ar\/2021\/wp-json\/wp\/v2\/users\/3"}],"replies":[{"embeddable":true,"href":"https:\/\/www.noticiasradioreflejos.com.ar\/2021\/wp-json\/wp\/v2\/comments?post=94153"}],"version-history":[{"count":2,"href":"https:\/\/www.noticiasradioreflejos.com.ar\/2021\/wp-json\/wp\/v2\/posts\/94153\/revisions"}],"predecessor-version":[{"id":94156,"href":"https:\/\/www.noticiasradioreflejos.com.ar\/2021\/wp-json\/wp\/v2\/posts\/94153\/revisions\/94156"}],"wp:attachment":[{"href":"https:\/\/www.noticiasradioreflejos.com.ar\/2021\/wp-json\/wp\/v2\/media?parent=94153"}],"wp:term":[{"taxonomy":"category","embeddable":true,"href":"https:\/\/www.noticiasradioreflejos.com.ar\/2021\/wp-json\/wp\/v2\/categories?post=94153"},{"taxonomy":"post_tag","embeddable":true,"href":"https:\/\/www.noticiasradioreflejos.com.ar\/2021\/wp-json\/wp\/v2\/tags?post=94153"}],"curies":[{"name":"wp","href":"https:\/\/api.w.org\/{rel}","templated":true}]}}