{"id":94148,"date":"2023-10-19T17:30:42","date_gmt":"2023-10-19T17:30:42","guid":{"rendered":"https:\/\/www.noticiasradioreflejos.com.ar\/2021\/?p=94148"},"modified":"2023-10-19T17:30:42","modified_gmt":"2023-10-19T17:30:42","slug":"federico-labarthe-queremos-terminar-de-hablar-de-propuestas-y-pasar-a-la-accion","status":"publish","type":"post","link":"https:\/\/www.noticiasradioreflejos.com.ar\/2021\/federico-labarthe-queremos-terminar-de-hablar-de-propuestas-y-pasar-a-la-accion\/","title":{"rendered":"Federico Labarthe: \u201cQueremos terminar de hablar de propuestas y pasar a la acci\u00f3n\u201d"},"content":{"rendered":"<p>El candidato a intendente por Juntos por el Cambio admiti\u00f3 que al igual que la poblaci\u00f3n, est\u00e1n cansados de tanta campa\u00f1a y quieren pasar a los hechos. \u201cLa gente est\u00e1 cansada de escucharnos\u201d afirm\u00f3.<!--more--><\/p>\n<p>El candidato a intendente por Juntos por el Cambio, Federico Labarthe, hizo su cierre pre eleccionario en FM Reflejos.<\/p>\n<p>Iniciando la charla afirm\u00f3 que \u201ccomo toda la gente deseando que esto termine y tenga una resoluci\u00f3n. Estamos todos muy ansiosos de llegar al momento de encontrar el resultado y ponernos a trabajar en lo que viene. Terminar de hablar de propuestas y comenzar a ejecutar proyectos. Es la ansiedad de pasar a la acci\u00f3n. La gente est\u00e1 cansada de escucharnos\u201d.<\/p>\n<p>Sobre estos minutos previos a la veda, confirm\u00f3 que \u201cestamos terminando de definir las mesas que le corresponden a cada fiscal. Mayoritariamente tenemos todo organizado, as\u00ed que esperando este gran momento\u201d.<\/p>\n<p><a data-flickr-embed=\"true\" href=\"https:\/\/www.flickr.com\/photos\/182279889@N02\/53270113956\/in\/dateposted-public\/\" title=\"Fede LAbarthe (1)\"><img loading=\"lazy\" decoding=\"async\" src=\"https:\/\/live.staticflickr.com\/65535\/53270113956_597232aa1c_c.jpg\" width=\"800\" height=\"534\" alt=\"Fede LAbarthe (1)\"\/><\/a><script async src=\"\/\/embedr.flickr.com\/assets\/client-code.js\" charset=\"utf-8\"><\/script><\/p>\n<p>En otro pasaje de la charla mencion\u00f3 que \u201canoche tuvimos un encuentro con la militancia, con los que nos han acompa\u00f1ado en este proyecto. Hicimos un cierre, un balance de los \u00faltimos d\u00edas y juntar fuerzas para llegar al domingo con las pilas bien cargadas\u201d.<\/p>\n<p>Por \u00faltimo, y a modo de balance de estos meses previos, acot\u00f3 que \u201ca medida que avanz\u00f3 la campa\u00f1a fuimos viendo cosas que eran muy urgentes. Yo ya quiero salir a comprar una m\u00e1quina para hacer los bloques y hacer el articulado en todo el distrito. Eso lo quiero tener ma\u00f1ana. A esta gesti\u00f3n no le gusta eso y prefiere el asfalto\u201d.<\/p>\n<p>\u201cDespu\u00e9s ponerme a trabajar en el armado de la carrera m\u00e9dico hospitalaria, la cual es imprescindible. Desde el primer d\u00eda debemos estar abocados en eso. Es important\u00edsimo ese tema y lo debemos solucionar\u201d agreg\u00f3.<\/p>\n<p>Cerrando que \u201clo otro son los basurales a cielo abierto. Tenemos que armar el programa preliminar de nuevo, que va desde la difusi\u00f3n a la capacitaci\u00f3n. Desde el primer d\u00eda tenemos que volver a esa cultura que se abandon\u00f3\u201d.<\/p>\n<p><iframe loading=\"lazy\" width=\"100%\" height=\"166\" scrolling=\"no\" frameborder=\"no\" allow=\"autoplay\" src=\"https:\/\/w.soundcloud.com\/player\/?url=https%3A\/\/api.soundcloud.com\/tracks\/1644534333&#038;color=%23ff5500&#038;auto_play=false&#038;hide_related=false&#038;show_comments=true&#038;show_user=true&#038;show_reposts=false&#038;show_teaser=true\"><\/iframe><\/p>\n<div style=\"font-size: 10px; color: #cccccc;line-break: anywhere;word-break: normal;overflow: hidden;white-space: nowrap;text-overflow: ellipsis; font-family: Interstate,Lucida Grande,Lucida Sans Unicode,Lucida Sans,Garuda,Verdana,Tahoma,sans-serif;font-weight: 100;\"><a href=\"https:\/\/soundcloud.com\/fmreflejos-103-7\" title=\"fmreflejos 103.7\" target=\"_blank\" style=\"color: #cccccc; text-decoration: none;\" rel=\"noopener\">fmreflejos 103.7<\/a> \u00b7 <a href=\"https:\/\/soundcloud.com\/fmreflejos-103-7\/federico-labarthe-19-10\" title=\"Federico Labarthe 19 - 10\" target=\"_blank\" style=\"color: #cccccc; text-decoration: none;\" rel=\"noopener\">Federico Labarthe 19 &#8211; 10<\/a><\/div>\n","protected":false},"excerpt":{"rendered":"<p>El candidato a intendente por Juntos por el Cambio admiti\u00f3 que al igual que la poblaci\u00f3n, est\u00e1n cansados de tanta campa\u00f1a y quieren pasar a los hechos. \u201cLa gente est\u00e1 cansada de escucharnos\u201d afirm\u00f3.<\/p>\n","protected":false},"author":3,"featured_media":0,"comment_status":"closed","ping_status":"closed","sticky":false,"template":"","format":"standard","meta":{"footnotes":""},"categories":[24],"tags":[48],"class_list":["post-94148","post","type-post","status-publish","format-standard","hentry","category-politica","tag-destacada"],"yoast_head":"<!-- This site is optimized with the Yoast SEO plugin v25.9 - https:\/\/yoast.com\/wordpress\/plugins\/seo\/ -->\n<title>Federico Labarthe: \u201cQueremos terminar de hablar de propuestas y pasar a la acci\u00f3n\u201d - Noticias Radio Reflejos<\/title>\n<meta name=\"robots\" content=\"index, follow, max-snippet:-1, max-image-preview:large, max-video-preview:-1\" \/>\n<link rel=\"canonical\" href=\"https:\/\/www.noticiasradioreflejos.com.ar\/2021\/federico-labarthe-queremos-terminar-de-hablar-de-propuestas-y-pasar-a-la-accion\/\" \/>\n<meta property=\"og:locale\" content=\"es_ES\" \/>\n<meta property=\"og:type\" content=\"article\" \/>\n<meta property=\"og:title\" content=\"Federico Labarthe: \u201cQueremos terminar de hablar de propuestas y pasar a la acci\u00f3n\u201d - Noticias Radio Reflejos\" \/>\n<meta property=\"og:description\" content=\"El candidato a intendente por Juntos por el Cambio admiti\u00f3 que al igual que la poblaci\u00f3n, est\u00e1n cansados de tanta campa\u00f1a y quieren pasar a los hechos. \u201cLa gente est\u00e1 cansada de escucharnos\u201d afirm\u00f3.\" \/>\n<meta property=\"og:url\" content=\"https:\/\/www.noticiasradioreflejos.com.ar\/2021\/federico-labarthe-queremos-terminar-de-hablar-de-propuestas-y-pasar-a-la-accion\/\" \/>\n<meta property=\"og:site_name\" content=\"Noticias Radio Reflejos\" \/>\n<meta property=\"article:published_time\" content=\"2023-10-19T17:30:42+00:00\" \/>\n<meta property=\"og:image\" content=\"https:\/\/live.staticflickr.com\/65535\/53270113956_597232aa1c_c.jpg\" \/>\n<meta name=\"author\" content=\"Arnaldo Botto\" \/>\n<meta name=\"twitter:card\" content=\"summary_large_image\" \/>\n<script type=\"application\/ld+json\" class=\"yoast-schema-graph\">{\"@context\":\"https:\/\/schema.org\",\"@graph\":[{\"@type\":\"WebPage\",\"@id\":\"https:\/\/www.noticiasradioreflejos.com.ar\/2021\/federico-labarthe-queremos-terminar-de-hablar-de-propuestas-y-pasar-a-la-accion\/\",\"url\":\"https:\/\/www.noticiasradioreflejos.com.ar\/2021\/federico-labarthe-queremos-terminar-de-hablar-de-propuestas-y-pasar-a-la-accion\/\",\"name\":\"Federico Labarthe: \u201cQueremos terminar de hablar de propuestas y pasar a la acci\u00f3n\u201d - Noticias Radio Reflejos\",\"isPartOf\":{\"@id\":\"https:\/\/www.noticiasradioreflejos.com.ar\/2021\/#website\"},\"primaryImageOfPage\":{\"@id\":\"https:\/\/www.noticiasradioreflejos.com.ar\/2021\/federico-labarthe-queremos-terminar-de-hablar-de-propuestas-y-pasar-a-la-accion\/#primaryimage\"},\"image\":{\"@id\":\"https:\/\/www.noticiasradioreflejos.com.ar\/2021\/federico-labarthe-queremos-terminar-de-hablar-de-propuestas-y-pasar-a-la-accion\/#primaryimage\"},\"thumbnailUrl\":\"https:\/\/live.staticflickr.com\/65535\/53270113956_597232aa1c_c.jpg\",\"datePublished\":\"2023-10-19T17:30:42+00:00\",\"author\":{\"@id\":\"https:\/\/www.noticiasradioreflejos.com.ar\/2021\/#\/schema\/person\/ad82545263dcc5ec0996818884fd5fb1\"},\"breadcrumb\":{\"@id\":\"https:\/\/www.noticiasradioreflejos.com.ar\/2021\/federico-labarthe-queremos-terminar-de-hablar-de-propuestas-y-pasar-a-la-accion\/#breadcrumb\"},\"inLanguage\":\"es\",\"potentialAction\":[{\"@type\":\"ReadAction\",\"target\":[\"https:\/\/www.noticiasradioreflejos.com.ar\/2021\/federico-labarthe-queremos-terminar-de-hablar-de-propuestas-y-pasar-a-la-accion\/\"]}]},{\"@type\":\"ImageObject\",\"inLanguage\":\"es\",\"@id\":\"https:\/\/www.noticiasradioreflejos.com.ar\/2021\/federico-labarthe-queremos-terminar-de-hablar-de-propuestas-y-pasar-a-la-accion\/#primaryimage\",\"url\":\"https:\/\/live.staticflickr.com\/65535\/53270113956_597232aa1c_c.jpg\",\"contentUrl\":\"https:\/\/live.staticflickr.com\/65535\/53270113956_597232aa1c_c.jpg\"},{\"@type\":\"BreadcrumbList\",\"@id\":\"https:\/\/www.noticiasradioreflejos.com.ar\/2021\/federico-labarthe-queremos-terminar-de-hablar-de-propuestas-y-pasar-a-la-accion\/#breadcrumb\",\"itemListElement\":[{\"@type\":\"ListItem\",\"position\":1,\"name\":\"Portada\",\"item\":\"https:\/\/www.noticiasradioreflejos.com.ar\/2021\/\"},{\"@type\":\"ListItem\",\"position\":2,\"name\":\"Federico Labarthe: \u201cQueremos terminar de hablar de propuestas y pasar a la acci\u00f3n\u201d\"}]},{\"@type\":\"WebSite\",\"@id\":\"https:\/\/www.noticiasradioreflejos.com.ar\/2021\/#website\",\"url\":\"https:\/\/www.noticiasradioreflejos.com.ar\/2021\/\",\"name\":\"Noticias Radio Reflejos\",\"description\":\"Las noticias de mi comarca\",\"potentialAction\":[{\"@type\":\"SearchAction\",\"target\":{\"@type\":\"EntryPoint\",\"urlTemplate\":\"https:\/\/www.noticiasradioreflejos.com.ar\/2021\/?s={search_term_string}\"},\"query-input\":{\"@type\":\"PropertyValueSpecification\",\"valueRequired\":true,\"valueName\":\"search_term_string\"}}],\"inLanguage\":\"es\"},{\"@type\":\"Person\",\"@id\":\"https:\/\/www.noticiasradioreflejos.com.ar\/2021\/#\/schema\/person\/ad82545263dcc5ec0996818884fd5fb1\",\"name\":\"Arnaldo Botto\",\"image\":{\"@type\":\"ImageObject\",\"inLanguage\":\"es\",\"@id\":\"https:\/\/www.noticiasradioreflejos.com.ar\/2021\/#\/schema\/person\/image\/\",\"url\":\"https:\/\/secure.gravatar.com\/avatar\/55cb5e37c1efa326397366e6974cb338056df65cb50e7d64d1cf314e87504837?s=96&d=mm&r=g\",\"contentUrl\":\"https:\/\/secure.gravatar.com\/avatar\/55cb5e37c1efa326397366e6974cb338056df65cb50e7d64d1cf314e87504837?s=96&d=mm&r=g\",\"caption\":\"Arnaldo Botto\"},\"url\":\"https:\/\/www.noticiasradioreflejos.com.ar\/2021\/author\/arnaldo\/\"}]}<\/script>\n<!-- \/ Yoast SEO plugin. -->","yoast_head_json":{"title":"Federico Labarthe: \u201cQueremos terminar de hablar de propuestas y pasar a la acci\u00f3n\u201d - Noticias Radio Reflejos","robots":{"index":"index","follow":"follow","max-snippet":"max-snippet:-1","max-image-preview":"max-image-preview:large","max-video-preview":"max-video-preview:-1"},"canonical":"https:\/\/www.noticiasradioreflejos.com.ar\/2021\/federico-labarthe-queremos-terminar-de-hablar-de-propuestas-y-pasar-a-la-accion\/","og_locale":"es_ES","og_type":"article","og_title":"Federico Labarthe: \u201cQueremos terminar de hablar de propuestas y pasar a la acci\u00f3n\u201d - Noticias Radio Reflejos","og_description":"El candidato a intendente por Juntos por el Cambio admiti\u00f3 que al igual que la poblaci\u00f3n, est\u00e1n cansados de tanta campa\u00f1a y quieren pasar a los hechos. \u201cLa gente est\u00e1 cansada de escucharnos\u201d afirm\u00f3.","og_url":"https:\/\/www.noticiasradioreflejos.com.ar\/2021\/federico-labarthe-queremos-terminar-de-hablar-de-propuestas-y-pasar-a-la-accion\/","og_site_name":"Noticias Radio Reflejos","article_published_time":"2023-10-19T17:30:42+00:00","og_image":[{"url":"https:\/\/live.staticflickr.com\/65535\/53270113956_597232aa1c_c.jpg","type":"","width":"","height":""}],"author":"Arnaldo Botto","twitter_card":"summary_large_image","schema":{"@context":"https:\/\/schema.org","@graph":[{"@type":"WebPage","@id":"https:\/\/www.noticiasradioreflejos.com.ar\/2021\/federico-labarthe-queremos-terminar-de-hablar-de-propuestas-y-pasar-a-la-accion\/","url":"https:\/\/www.noticiasradioreflejos.com.ar\/2021\/federico-labarthe-queremos-terminar-de-hablar-de-propuestas-y-pasar-a-la-accion\/","name":"Federico Labarthe: \u201cQueremos terminar de hablar de propuestas y pasar a la acci\u00f3n\u201d - Noticias Radio Reflejos","isPartOf":{"@id":"https:\/\/www.noticiasradioreflejos.com.ar\/2021\/#website"},"primaryImageOfPage":{"@id":"https:\/\/www.noticiasradioreflejos.com.ar\/2021\/federico-labarthe-queremos-terminar-de-hablar-de-propuestas-y-pasar-a-la-accion\/#primaryimage"},"image":{"@id":"https:\/\/www.noticiasradioreflejos.com.ar\/2021\/federico-labarthe-queremos-terminar-de-hablar-de-propuestas-y-pasar-a-la-accion\/#primaryimage"},"thumbnailUrl":"https:\/\/live.staticflickr.com\/65535\/53270113956_597232aa1c_c.jpg","datePublished":"2023-10-19T17:30:42+00:00","author":{"@id":"https:\/\/www.noticiasradioreflejos.com.ar\/2021\/#\/schema\/person\/ad82545263dcc5ec0996818884fd5fb1"},"breadcrumb":{"@id":"https:\/\/www.noticiasradioreflejos.com.ar\/2021\/federico-labarthe-queremos-terminar-de-hablar-de-propuestas-y-pasar-a-la-accion\/#breadcrumb"},"inLanguage":"es","potentialAction":[{"@type":"ReadAction","target":["https:\/\/www.noticiasradioreflejos.com.ar\/2021\/federico-labarthe-queremos-terminar-de-hablar-de-propuestas-y-pasar-a-la-accion\/"]}]},{"@type":"ImageObject","inLanguage":"es","@id":"https:\/\/www.noticiasradioreflejos.com.ar\/2021\/federico-labarthe-queremos-terminar-de-hablar-de-propuestas-y-pasar-a-la-accion\/#primaryimage","url":"https:\/\/live.staticflickr.com\/65535\/53270113956_597232aa1c_c.jpg","contentUrl":"https:\/\/live.staticflickr.com\/65535\/53270113956_597232aa1c_c.jpg"},{"@type":"BreadcrumbList","@id":"https:\/\/www.noticiasradioreflejos.com.ar\/2021\/federico-labarthe-queremos-terminar-de-hablar-de-propuestas-y-pasar-a-la-accion\/#breadcrumb","itemListElement":[{"@type":"ListItem","position":1,"name":"Portada","item":"https:\/\/www.noticiasradioreflejos.com.ar\/2021\/"},{"@type":"ListItem","position":2,"name":"Federico Labarthe: \u201cQueremos terminar de hablar de propuestas y pasar a la acci\u00f3n\u201d"}]},{"@type":"WebSite","@id":"https:\/\/www.noticiasradioreflejos.com.ar\/2021\/#website","url":"https:\/\/www.noticiasradioreflejos.com.ar\/2021\/","name":"Noticias Radio Reflejos","description":"Las noticias de mi comarca","potentialAction":[{"@type":"SearchAction","target":{"@type":"EntryPoint","urlTemplate":"https:\/\/www.noticiasradioreflejos.com.ar\/2021\/?s={search_term_string}"},"query-input":{"@type":"PropertyValueSpecification","valueRequired":true,"valueName":"search_term_string"}}],"inLanguage":"es"},{"@type":"Person","@id":"https:\/\/www.noticiasradioreflejos.com.ar\/2021\/#\/schema\/person\/ad82545263dcc5ec0996818884fd5fb1","name":"Arnaldo Botto","image":{"@type":"ImageObject","inLanguage":"es","@id":"https:\/\/www.noticiasradioreflejos.com.ar\/2021\/#\/schema\/person\/image\/","url":"https:\/\/secure.gravatar.com\/avatar\/55cb5e37c1efa326397366e6974cb338056df65cb50e7d64d1cf314e87504837?s=96&d=mm&r=g","contentUrl":"https:\/\/secure.gravatar.com\/avatar\/55cb5e37c1efa326397366e6974cb338056df65cb50e7d64d1cf314e87504837?s=96&d=mm&r=g","caption":"Arnaldo Botto"},"url":"https:\/\/www.noticiasradioreflejos.com.ar\/2021\/author\/arnaldo\/"}]}},"_links":{"self":[{"href":"https:\/\/www.noticiasradioreflejos.com.ar\/2021\/wp-json\/wp\/v2\/posts\/94148","targetHints":{"allow":["GET"]}}],"collection":[{"href":"https:\/\/www.noticiasradioreflejos.com.ar\/2021\/wp-json\/wp\/v2\/posts"}],"about":[{"href":"https:\/\/www.noticiasradioreflejos.com.ar\/2021\/wp-json\/wp\/v2\/types\/post"}],"author":[{"embeddable":true,"href":"https:\/\/www.noticiasradioreflejos.com.ar\/2021\/wp-json\/wp\/v2\/users\/3"}],"replies":[{"embeddable":true,"href":"https:\/\/www.noticiasradioreflejos.com.ar\/2021\/wp-json\/wp\/v2\/comments?post=94148"}],"version-history":[{"count":2,"href":"https:\/\/www.noticiasradioreflejos.com.ar\/2021\/wp-json\/wp\/v2\/posts\/94148\/revisions"}],"predecessor-version":[{"id":94152,"href":"https:\/\/www.noticiasradioreflejos.com.ar\/2021\/wp-json\/wp\/v2\/posts\/94148\/revisions\/94152"}],"wp:attachment":[{"href":"https:\/\/www.noticiasradioreflejos.com.ar\/2021\/wp-json\/wp\/v2\/media?parent=94148"}],"wp:term":[{"taxonomy":"category","embeddable":true,"href":"https:\/\/www.noticiasradioreflejos.com.ar\/2021\/wp-json\/wp\/v2\/categories?post=94148"},{"taxonomy":"post_tag","embeddable":true,"href":"https:\/\/www.noticiasradioreflejos.com.ar\/2021\/wp-json\/wp\/v2\/tags?post=94148"}],"curies":[{"name":"wp","href":"https:\/\/api.w.org\/{rel}","templated":true}]}}