{"id":94144,"date":"2023-10-19T17:21:09","date_gmt":"2023-10-19T17:21:09","guid":{"rendered":"https:\/\/www.noticiasradioreflejos.com.ar\/2021\/?p=94144"},"modified":"2023-10-19T17:21:09","modified_gmt":"2023-10-19T17:21:09","slug":"martin-tisera-en-tornquist-schiaretti-va-a-hacer-una-buena-campana","status":"publish","type":"post","link":"https:\/\/www.noticiasradioreflejos.com.ar\/2021\/martin-tisera-en-tornquist-schiaretti-va-a-hacer-una-buena-campana\/","title":{"rendered":"Mart\u00edn Tisera: \u201cEn Tornquist Schiaretti va a hacer una buena campa\u00f1a\u201d"},"content":{"rendered":"<p>El referente local del espacio liderado por el cordob\u00e9s y secundado por Florencio Randazzo se mostr\u00f3 optimista de cara al domingo. \u201cQueremos un pa\u00eds m\u00e1s federal\u201d afirm\u00f3.<!--more--><\/p>\n<p>Poco a poco el espacio de Florencio Randazzo dentro del distrito sigue creciendo. A\u00fan sin lista local, pero con la firme convicci\u00f3n de que el domingo el electorado los acompa\u00f1ar\u00e1 en sus propuestas.<\/p>\n<p>En esa l\u00ednea una de sus caras visibles en el pago chico, Mart\u00edn Tisera, afirm\u00f3 que \u201cen la elecci\u00f3n pasada, junto con Jorge \u00c1lvarez, apoyamos la candidatura de Florencio Randazzo a diputado nacional. No presentamos lista local porque reci\u00e9n est\u00e1bamos empezando. Este a\u00f1o se nos uni\u00f3 Juan Schiaretti, que es el mejor gobernador de la Argentina\u201d.<\/p>\n<p>Al mismo tiempo record\u00f3 que \u201cnuestro espacio se llama Somos por nuestro Pa\u00eds. La idea es que en el 2025 presentar una lista local. Este a\u00f1o tuvimos la desgracia que quien manejaba toda la sexta, el doctor Jorge \u00c1lvarez, falleci\u00f3 en un viaje de familia en Espa\u00f1a y eso nos complic\u00f3 bastante\u201d.<\/p>\n<p><a title=\"Mart\u00edn Tisera\" href=\"https:\/\/www.flickr.com\/photos\/182279889@N02\/53270056161\/in\/dateposted-public\/\" data-flickr-embed=\"true\"><img loading=\"lazy\" decoding=\"async\" src=\"https:\/\/live.staticflickr.com\/65535\/53270056161_c822514959_c.jpg\" alt=\"Mart\u00edn Tisera\" width=\"800\" height=\"792\" \/><\/a><\/p>\n<p>&nbsp;<\/p>\n<p>De all\u00ed que \u201choy estamos postulando a Florencio como vicepresidente de la naci\u00f3n, tratando de poder llevarlo con un pa\u00eds federal, m\u00e1s libre, con pol\u00edticas realmente federales, que beneficien a todo el pa\u00eds. Que no tengamos que pagar subsidios para que en Capital o el gran Buenos Aires paguen dos mangos de luz o de gas\u201d.<\/p>\n<p>Seg\u00fan su criterio \u201cla gente todav\u00eda no logr\u00f3 conocer a Juan. Es una persona muy transparente. C\u00f3rdoba tiene los mejores sueldos de polic\u00eda y docente. No hay una f\u00e1brica exterior que no quiera instalarse ah\u00ed. Sus rutas son un lujo, Si hizo una maravilla en C\u00f3rdoba ser\u00eda muy bueno que se pueda replicar a nivel pa\u00eds\u201d.<\/p>\n<p>Dando detalles de las tareas que har\u00e1n el domingo, aclar\u00f3 que \u201cnosotros solamente vamos a fiscalizar que est\u00e9n las boletas porque en las PASO hubo problemas con eso. Faltaban y muchas veces no se colocaban como corresponde. Ahora que hay menos boletas se va a poder trabajar mejor\u201d.<\/p>\n<p>Por \u00faltimo admiti\u00f3 que \u201ccreo que en Tornquist vamos a hacer una buena campa\u00f1a porque lo quieren mucho a Juan y porque Florencio en su gesti\u00f3n dej\u00f3 mucho para todos los argentinos: pasaporte, dni, la sube, trenes. \u00c9l termin\u00f3 su gesti\u00f3n y no tiene ninguna causa penal\u201d.<\/p>\n<p><iframe loading=\"lazy\" src=\"https:\/\/w.soundcloud.com\/player\/?url=https%3A\/\/api.soundcloud.com\/tracks\/1644437931&amp;color=%23ff5500&amp;auto_play=false&amp;hide_related=false&amp;show_comments=true&amp;show_user=true&amp;show_reposts=false&amp;show_teaser=true\" width=\"100%\" height=\"166\" frameborder=\"no\" scrolling=\"no\"><\/iframe><\/p>\n<div style=\"font-size: 10px; color: #cccccc; line-break: anywhere; word-break: normal; overflow: hidden; white-space: nowrap; text-overflow: ellipsis; font-family: Interstate,Lucida Grande,Lucida Sans Unicode,Lucida Sans,Garuda,Verdana,Tahoma,sans-serif; font-weight: 100;\"><a style=\"color: #cccccc; text-decoration: none;\" title=\"fmreflejos 103.7\" href=\"https:\/\/soundcloud.com\/fmreflejos-103-7\" target=\"_blank\" rel=\"noopener\">fmreflejos 103.7<\/a> \u00b7 <a style=\"color: #cccccc; text-decoration: none;\" title=\"Martin Tisera 19 - 10\" href=\"https:\/\/soundcloud.com\/fmreflejos-103-7\/martin-tisera-19-10\" target=\"_blank\" rel=\"noopener\">Martin Tisera 19 &#8211; 10<\/a><\/div>\n","protected":false},"excerpt":{"rendered":"<p>El referente local del espacio liderado por el cordob\u00e9s y secundado por Florencio Randazzo se mostr\u00f3 optimista de cara al domingo. \u201cQueremos un pa\u00eds m\u00e1s federal\u201d afirm\u00f3.<\/p>\n","protected":false},"author":3,"featured_media":0,"comment_status":"closed","ping_status":"closed","sticky":false,"template":"","format":"standard","meta":{"footnotes":""},"categories":[24],"tags":[48],"class_list":["post-94144","post","type-post","status-publish","format-standard","hentry","category-politica","tag-destacada"],"yoast_head":"<!-- This site is optimized with the Yoast SEO plugin v25.9 - https:\/\/yoast.com\/wordpress\/plugins\/seo\/ -->\n<title>Mart\u00edn Tisera: \u201cEn Tornquist Schiaretti va a hacer una buena campa\u00f1a\u201d - Noticias Radio Reflejos<\/title>\n<meta name=\"robots\" content=\"index, follow, max-snippet:-1, max-image-preview:large, max-video-preview:-1\" \/>\n<link rel=\"canonical\" href=\"https:\/\/www.noticiasradioreflejos.com.ar\/2021\/martin-tisera-en-tornquist-schiaretti-va-a-hacer-una-buena-campana\/\" \/>\n<meta property=\"og:locale\" content=\"es_ES\" \/>\n<meta property=\"og:type\" content=\"article\" \/>\n<meta property=\"og:title\" content=\"Mart\u00edn Tisera: \u201cEn Tornquist Schiaretti va a hacer una buena campa\u00f1a\u201d - Noticias Radio Reflejos\" \/>\n<meta property=\"og:description\" content=\"El referente local del espacio liderado por el cordob\u00e9s y secundado por Florencio Randazzo se mostr\u00f3 optimista de cara al domingo. \u201cQueremos un pa\u00eds m\u00e1s federal\u201d afirm\u00f3.\" \/>\n<meta property=\"og:url\" content=\"https:\/\/www.noticiasradioreflejos.com.ar\/2021\/martin-tisera-en-tornquist-schiaretti-va-a-hacer-una-buena-campana\/\" \/>\n<meta property=\"og:site_name\" content=\"Noticias Radio Reflejos\" \/>\n<meta property=\"article:published_time\" content=\"2023-10-19T17:21:09+00:00\" \/>\n<meta property=\"og:image\" content=\"https:\/\/live.staticflickr.com\/65535\/53270056161_c822514959_c.jpg\" \/>\n<meta name=\"author\" content=\"Arnaldo Botto\" \/>\n<meta name=\"twitter:card\" content=\"summary_large_image\" \/>\n<script type=\"application\/ld+json\" class=\"yoast-schema-graph\">{\"@context\":\"https:\/\/schema.org\",\"@graph\":[{\"@type\":\"WebPage\",\"@id\":\"https:\/\/www.noticiasradioreflejos.com.ar\/2021\/martin-tisera-en-tornquist-schiaretti-va-a-hacer-una-buena-campana\/\",\"url\":\"https:\/\/www.noticiasradioreflejos.com.ar\/2021\/martin-tisera-en-tornquist-schiaretti-va-a-hacer-una-buena-campana\/\",\"name\":\"Mart\u00edn Tisera: \u201cEn Tornquist Schiaretti va a hacer una buena campa\u00f1a\u201d - Noticias Radio Reflejos\",\"isPartOf\":{\"@id\":\"https:\/\/www.noticiasradioreflejos.com.ar\/2021\/#website\"},\"primaryImageOfPage\":{\"@id\":\"https:\/\/www.noticiasradioreflejos.com.ar\/2021\/martin-tisera-en-tornquist-schiaretti-va-a-hacer-una-buena-campana\/#primaryimage\"},\"image\":{\"@id\":\"https:\/\/www.noticiasradioreflejos.com.ar\/2021\/martin-tisera-en-tornquist-schiaretti-va-a-hacer-una-buena-campana\/#primaryimage\"},\"thumbnailUrl\":\"https:\/\/live.staticflickr.com\/65535\/53270056161_c822514959_c.jpg\",\"datePublished\":\"2023-10-19T17:21:09+00:00\",\"author\":{\"@id\":\"https:\/\/www.noticiasradioreflejos.com.ar\/2021\/#\/schema\/person\/ad82545263dcc5ec0996818884fd5fb1\"},\"breadcrumb\":{\"@id\":\"https:\/\/www.noticiasradioreflejos.com.ar\/2021\/martin-tisera-en-tornquist-schiaretti-va-a-hacer-una-buena-campana\/#breadcrumb\"},\"inLanguage\":\"es\",\"potentialAction\":[{\"@type\":\"ReadAction\",\"target\":[\"https:\/\/www.noticiasradioreflejos.com.ar\/2021\/martin-tisera-en-tornquist-schiaretti-va-a-hacer-una-buena-campana\/\"]}]},{\"@type\":\"ImageObject\",\"inLanguage\":\"es\",\"@id\":\"https:\/\/www.noticiasradioreflejos.com.ar\/2021\/martin-tisera-en-tornquist-schiaretti-va-a-hacer-una-buena-campana\/#primaryimage\",\"url\":\"https:\/\/live.staticflickr.com\/65535\/53270056161_c822514959_c.jpg\",\"contentUrl\":\"https:\/\/live.staticflickr.com\/65535\/53270056161_c822514959_c.jpg\"},{\"@type\":\"BreadcrumbList\",\"@id\":\"https:\/\/www.noticiasradioreflejos.com.ar\/2021\/martin-tisera-en-tornquist-schiaretti-va-a-hacer-una-buena-campana\/#breadcrumb\",\"itemListElement\":[{\"@type\":\"ListItem\",\"position\":1,\"name\":\"Portada\",\"item\":\"https:\/\/www.noticiasradioreflejos.com.ar\/2021\/\"},{\"@type\":\"ListItem\",\"position\":2,\"name\":\"Mart\u00edn Tisera: \u201cEn Tornquist Schiaretti va a hacer una buena campa\u00f1a\u201d\"}]},{\"@type\":\"WebSite\",\"@id\":\"https:\/\/www.noticiasradioreflejos.com.ar\/2021\/#website\",\"url\":\"https:\/\/www.noticiasradioreflejos.com.ar\/2021\/\",\"name\":\"Noticias Radio Reflejos\",\"description\":\"Las noticias de mi comarca\",\"potentialAction\":[{\"@type\":\"SearchAction\",\"target\":{\"@type\":\"EntryPoint\",\"urlTemplate\":\"https:\/\/www.noticiasradioreflejos.com.ar\/2021\/?s={search_term_string}\"},\"query-input\":{\"@type\":\"PropertyValueSpecification\",\"valueRequired\":true,\"valueName\":\"search_term_string\"}}],\"inLanguage\":\"es\"},{\"@type\":\"Person\",\"@id\":\"https:\/\/www.noticiasradioreflejos.com.ar\/2021\/#\/schema\/person\/ad82545263dcc5ec0996818884fd5fb1\",\"name\":\"Arnaldo Botto\",\"image\":{\"@type\":\"ImageObject\",\"inLanguage\":\"es\",\"@id\":\"https:\/\/www.noticiasradioreflejos.com.ar\/2021\/#\/schema\/person\/image\/\",\"url\":\"https:\/\/secure.gravatar.com\/avatar\/55cb5e37c1efa326397366e6974cb338056df65cb50e7d64d1cf314e87504837?s=96&d=mm&r=g\",\"contentUrl\":\"https:\/\/secure.gravatar.com\/avatar\/55cb5e37c1efa326397366e6974cb338056df65cb50e7d64d1cf314e87504837?s=96&d=mm&r=g\",\"caption\":\"Arnaldo Botto\"},\"url\":\"https:\/\/www.noticiasradioreflejos.com.ar\/2021\/author\/arnaldo\/\"}]}<\/script>\n<!-- \/ Yoast SEO plugin. -->","yoast_head_json":{"title":"Mart\u00edn Tisera: \u201cEn Tornquist Schiaretti va a hacer una buena campa\u00f1a\u201d - Noticias Radio Reflejos","robots":{"index":"index","follow":"follow","max-snippet":"max-snippet:-1","max-image-preview":"max-image-preview:large","max-video-preview":"max-video-preview:-1"},"canonical":"https:\/\/www.noticiasradioreflejos.com.ar\/2021\/martin-tisera-en-tornquist-schiaretti-va-a-hacer-una-buena-campana\/","og_locale":"es_ES","og_type":"article","og_title":"Mart\u00edn Tisera: \u201cEn Tornquist Schiaretti va a hacer una buena campa\u00f1a\u201d - Noticias Radio Reflejos","og_description":"El referente local del espacio liderado por el cordob\u00e9s y secundado por Florencio Randazzo se mostr\u00f3 optimista de cara al domingo. \u201cQueremos un pa\u00eds m\u00e1s federal\u201d afirm\u00f3.","og_url":"https:\/\/www.noticiasradioreflejos.com.ar\/2021\/martin-tisera-en-tornquist-schiaretti-va-a-hacer-una-buena-campana\/","og_site_name":"Noticias Radio Reflejos","article_published_time":"2023-10-19T17:21:09+00:00","og_image":[{"url":"https:\/\/live.staticflickr.com\/65535\/53270056161_c822514959_c.jpg","type":"","width":"","height":""}],"author":"Arnaldo Botto","twitter_card":"summary_large_image","schema":{"@context":"https:\/\/schema.org","@graph":[{"@type":"WebPage","@id":"https:\/\/www.noticiasradioreflejos.com.ar\/2021\/martin-tisera-en-tornquist-schiaretti-va-a-hacer-una-buena-campana\/","url":"https:\/\/www.noticiasradioreflejos.com.ar\/2021\/martin-tisera-en-tornquist-schiaretti-va-a-hacer-una-buena-campana\/","name":"Mart\u00edn Tisera: \u201cEn Tornquist Schiaretti va a hacer una buena campa\u00f1a\u201d - Noticias Radio Reflejos","isPartOf":{"@id":"https:\/\/www.noticiasradioreflejos.com.ar\/2021\/#website"},"primaryImageOfPage":{"@id":"https:\/\/www.noticiasradioreflejos.com.ar\/2021\/martin-tisera-en-tornquist-schiaretti-va-a-hacer-una-buena-campana\/#primaryimage"},"image":{"@id":"https:\/\/www.noticiasradioreflejos.com.ar\/2021\/martin-tisera-en-tornquist-schiaretti-va-a-hacer-una-buena-campana\/#primaryimage"},"thumbnailUrl":"https:\/\/live.staticflickr.com\/65535\/53270056161_c822514959_c.jpg","datePublished":"2023-10-19T17:21:09+00:00","author":{"@id":"https:\/\/www.noticiasradioreflejos.com.ar\/2021\/#\/schema\/person\/ad82545263dcc5ec0996818884fd5fb1"},"breadcrumb":{"@id":"https:\/\/www.noticiasradioreflejos.com.ar\/2021\/martin-tisera-en-tornquist-schiaretti-va-a-hacer-una-buena-campana\/#breadcrumb"},"inLanguage":"es","potentialAction":[{"@type":"ReadAction","target":["https:\/\/www.noticiasradioreflejos.com.ar\/2021\/martin-tisera-en-tornquist-schiaretti-va-a-hacer-una-buena-campana\/"]}]},{"@type":"ImageObject","inLanguage":"es","@id":"https:\/\/www.noticiasradioreflejos.com.ar\/2021\/martin-tisera-en-tornquist-schiaretti-va-a-hacer-una-buena-campana\/#primaryimage","url":"https:\/\/live.staticflickr.com\/65535\/53270056161_c822514959_c.jpg","contentUrl":"https:\/\/live.staticflickr.com\/65535\/53270056161_c822514959_c.jpg"},{"@type":"BreadcrumbList","@id":"https:\/\/www.noticiasradioreflejos.com.ar\/2021\/martin-tisera-en-tornquist-schiaretti-va-a-hacer-una-buena-campana\/#breadcrumb","itemListElement":[{"@type":"ListItem","position":1,"name":"Portada","item":"https:\/\/www.noticiasradioreflejos.com.ar\/2021\/"},{"@type":"ListItem","position":2,"name":"Mart\u00edn Tisera: \u201cEn Tornquist Schiaretti va a hacer una buena campa\u00f1a\u201d"}]},{"@type":"WebSite","@id":"https:\/\/www.noticiasradioreflejos.com.ar\/2021\/#website","url":"https:\/\/www.noticiasradioreflejos.com.ar\/2021\/","name":"Noticias Radio Reflejos","description":"Las noticias de mi comarca","potentialAction":[{"@type":"SearchAction","target":{"@type":"EntryPoint","urlTemplate":"https:\/\/www.noticiasradioreflejos.com.ar\/2021\/?s={search_term_string}"},"query-input":{"@type":"PropertyValueSpecification","valueRequired":true,"valueName":"search_term_string"}}],"inLanguage":"es"},{"@type":"Person","@id":"https:\/\/www.noticiasradioreflejos.com.ar\/2021\/#\/schema\/person\/ad82545263dcc5ec0996818884fd5fb1","name":"Arnaldo Botto","image":{"@type":"ImageObject","inLanguage":"es","@id":"https:\/\/www.noticiasradioreflejos.com.ar\/2021\/#\/schema\/person\/image\/","url":"https:\/\/secure.gravatar.com\/avatar\/55cb5e37c1efa326397366e6974cb338056df65cb50e7d64d1cf314e87504837?s=96&d=mm&r=g","contentUrl":"https:\/\/secure.gravatar.com\/avatar\/55cb5e37c1efa326397366e6974cb338056df65cb50e7d64d1cf314e87504837?s=96&d=mm&r=g","caption":"Arnaldo Botto"},"url":"https:\/\/www.noticiasradioreflejos.com.ar\/2021\/author\/arnaldo\/"}]}},"_links":{"self":[{"href":"https:\/\/www.noticiasradioreflejos.com.ar\/2021\/wp-json\/wp\/v2\/posts\/94144","targetHints":{"allow":["GET"]}}],"collection":[{"href":"https:\/\/www.noticiasradioreflejos.com.ar\/2021\/wp-json\/wp\/v2\/posts"}],"about":[{"href":"https:\/\/www.noticiasradioreflejos.com.ar\/2021\/wp-json\/wp\/v2\/types\/post"}],"author":[{"embeddable":true,"href":"https:\/\/www.noticiasradioreflejos.com.ar\/2021\/wp-json\/wp\/v2\/users\/3"}],"replies":[{"embeddable":true,"href":"https:\/\/www.noticiasradioreflejos.com.ar\/2021\/wp-json\/wp\/v2\/comments?post=94144"}],"version-history":[{"count":2,"href":"https:\/\/www.noticiasradioreflejos.com.ar\/2021\/wp-json\/wp\/v2\/posts\/94144\/revisions"}],"predecessor-version":[{"id":94150,"href":"https:\/\/www.noticiasradioreflejos.com.ar\/2021\/wp-json\/wp\/v2\/posts\/94144\/revisions\/94150"}],"wp:attachment":[{"href":"https:\/\/www.noticiasradioreflejos.com.ar\/2021\/wp-json\/wp\/v2\/media?parent=94144"}],"wp:term":[{"taxonomy":"category","embeddable":true,"href":"https:\/\/www.noticiasradioreflejos.com.ar\/2021\/wp-json\/wp\/v2\/categories?post=94144"},{"taxonomy":"post_tag","embeddable":true,"href":"https:\/\/www.noticiasradioreflejos.com.ar\/2021\/wp-json\/wp\/v2\/tags?post=94144"}],"curies":[{"name":"wp","href":"https:\/\/api.w.org\/{rel}","templated":true}]}}