{"id":94108,"date":"2023-10-18T21:00:55","date_gmt":"2023-10-18T21:00:55","guid":{"rendered":"https:\/\/www.noticiasradioreflejos.com.ar\/2021\/?p=94108"},"modified":"2023-10-18T21:02:30","modified_gmt":"2023-10-18T21:02:30","slug":"luis-castro-hay-mas-responsables-que-sabian-de-esta-situacion","status":"publish","type":"post","link":"https:\/\/www.noticiasradioreflejos.com.ar\/2021\/luis-castro-hay-mas-responsables-que-sabian-de-esta-situacion\/","title":{"rendered":"Luis Castro: \u201chay m\u00e1s responsables que sab\u00edan de esta situaci\u00f3n\u201d"},"content":{"rendered":"<p>El edil volvi\u00f3 a la carga sobre el tema de la camioneta indebidamente utilizada por el municipio. Al mismo tiempo se refiri\u00f3 a la foto multa en Rio Negro y a la aprobaci\u00f3n del geri\u00e1trico en Saldungaray.<!--more--><\/p>\n<p>La de anoche no fue una sesi\u00f3n m\u00e1s en el Concejo Deliberante, debido a que se abordaron varios temas de relevancia, algunos de los cuales siguen en la \u00f3rbita de la justicia y otros que han encontrado final feliz.<\/p>\n<p>Al respecto el edil Luis Castro afirm\u00f3 sobre la camioneta indebidamente utilizada por el municipio que \u201cpedimos que el intendente nos diga d\u00f3nde est\u00e1 el motor original de la camioneta y las chapas patentes. Queremos saber qui\u00e9nes fueron todos los responsables pol\u00edticos de ese hecho, y por otro lado, porque el intendente en su momento dijo que fue una situaci\u00f3n infantil que busc\u00f3 ayudar a la gente. Si fue as\u00ed, deber\u00edamos saber d\u00f3nde est\u00e1 el motor y las patentes\u201d.<\/p>\n<p>De la mano con esto confirm\u00f3 que \u201caccedimos al expediente hace dos semanas. Me present\u00e9 para prestar declaraci\u00f3n testimonial. La justicia no accedi\u00f3 a eso, pero s\u00ed qued\u00f3 el escrito que hicimos con el abogado que nos est\u00e1 dando una mano. Eso qued\u00f3 en el expediente. Ya declararon los empleados y tomaron un par de medidas m\u00e1s, pero de momento no han pedido saber d\u00f3nde est\u00e1 el motor. En unos d\u00edas lo podremos ver de nuevo y veremos si ese tema avanz\u00f3\u201d.<\/p>\n<p>En otro pasaje de la charla asegur\u00f3 que \u201ca m\u00ed como concejal me llam\u00f3 una persona que est\u00e1 involucrada en la denuncia. Me cont\u00f3 algunas cuestiones y me brind\u00f3 informaci\u00f3n que involucrar\u00eda al Subsecretario de Hacienda porque fue qui\u00e9n habr\u00eda hecho las gestiones para comprar la camioneta y encubrir lo que hab\u00eda pasado\u201d.<\/p>\n<p>Al mismo tiempo aclar\u00f3 que \u201cm\u00e1s all\u00e1 de un comentario, porque nosotros no nos podemos manejar por comentarios, aport\u00e9 a la causa audios transcriptos en donde el Secretario de Gobierno, en uno de ellos, habla de que se hab\u00eda complicado la compra; que el Subsecretario de Hacienda estaba haciendo las gestiones pero ven\u00eda bastante complicado\u201d.<\/p>\n<p>Concluyendo en que \u201ccreemos que los responsables pol\u00edticos no solo son los dos Subsecretarios que renunciaron y el Secretario de Gobierno que est\u00e1 de vacaciones, sino que hay m\u00e1s responsables que sab\u00edan de esta situaci\u00f3n. Nosotros tenemos que seguir buscando informaci\u00f3n y brindando esa informaci\u00f3n a la justicia; m\u00e1s que somos funcionarios p\u00fablicos\u201d.<\/p>\n<p>Otro de los temas abordados fue una infracci\u00f3n labrada a un veh\u00edculo municipal en la provincia de R\u00edo Negro, donde supuestamente y por las fechas, nunca deber\u00eda haber circulado.<\/p>\n<p>En ese sentido Castro dijo que \u201cnos lleg\u00f3 una notificaci\u00f3n de una infracci\u00f3n de un veh\u00edculo municipal, en el mes de mayo. Se la hicieron cerca de un pueblo de R\u00edo Negro. Queremos saber qu\u00e9 hac\u00eda el veh\u00edculo ah\u00ed, porque al revisar el RaFam no consta ning\u00fan vi\u00e1tico de funcionario o empleado municipal que haya ido a la Patagonia en esa \u00e9poca\u201d.<\/p>\n<p>Agregando que \u201cno es tanto por la foto multa, sino saber qu\u00e9 estaba haciendo el veh\u00edculo, ya que no hay vi\u00e1ticos en esa fecha\u201d.<\/p>\n<p>Por \u00faltimo y sobre el geri\u00e1trico en Saldungaray cont\u00f3 que \u201cayer se trat\u00f3 el expediente. Lleg\u00f3 sobre el mediod\u00eda la respuesta del tribunal de cuentas y all\u00ed respondi\u00f3 que se puede avanzar, esquivando el 6 bis, pero siempre y cuando haya una ordenanza que lo avale. Que pase por el Concejo y que est\u00e9 fundamentada la emergencia social\u201d.<\/p>\n<p>Aclarando la situaci\u00f3n remarc\u00f3 que \u201cnosotros nunca dijimos que no era una necesidad de Saldungaray porque los vecinos lo ven\u00edan pidiendo hace rato, pero creemos que no es una cuesti\u00f3n discrecional del intendente, por ser el intendente, se levanta a la ma\u00f1ana y porque quiere esquivar una ley dice que es emergencia. Nosotros est\u00e1bamos de acuerdo pero quer\u00edamos estar dentro de la ley\u201d.<\/p>\n<p>Acotando que \u201cse subi\u00f3 el proyecto de ordenanza hasta el 2024. Aprobamos por unanimidad y aprobamos el alquiler del inmueble\u201d.<\/p>\n<p>&nbsp;<\/p>\n<p><iframe loading=\"lazy\" src=\"https:\/\/w.soundcloud.com\/player\/?url=https%3A\/\/api.soundcloud.com\/tracks\/1643630619&amp;color=%23ff5500&amp;auto_play=false&amp;hide_related=false&amp;show_comments=true&amp;show_user=true&amp;show_reposts=false&amp;show_teaser=true\" width=\"100%\" height=\"166\" frameborder=\"no\" scrolling=\"no\"><\/iframe><\/p>\n<div style=\"font-size: 10px; color: #cccccc; line-break: anywhere; word-break: normal; overflow: hidden; white-space: nowrap; text-overflow: ellipsis; font-family: Interstate,Lucida Grande,Lucida Sans Unicode,Lucida Sans,Garuda,Verdana,Tahoma,sans-serif; font-weight: 100;\"><a style=\"color: #cccccc; text-decoration: none;\" title=\"fmreflejos 103.7\" href=\"https:\/\/soundcloud.com\/fmreflejos-103-7\" target=\"_blank\" rel=\"noopener\">fmreflejos 103.7<\/a> \u00b7 <a style=\"color: #cccccc; text-decoration: none;\" title=\"Luis Castro 18 - 10\" href=\"https:\/\/soundcloud.com\/fmreflejos-103-7\/luis-castro-18-10\" target=\"_blank\" rel=\"noopener\">Luis Castro 18 &#8211; 10<\/a><\/div>\n<p><a data-flickr-embed=\"true\" href=\"https:\/\/www.flickr.com\/photos\/182279889@N02\/53267470757\/in\/dateposted-public\/\" title=\"Ord. Ger\u00edatrico Saldungaray (1)\"><img loading=\"lazy\" decoding=\"async\" src=\"https:\/\/live.staticflickr.com\/65535\/53267470757_d0ce465155_c.jpg\" width=\"479\" height=\"800\" alt=\"Ord. Ger\u00edatrico Saldungaray (1)\"\/><\/a><script async src=\"\/\/embedr.flickr.com\/assets\/client-code.js\" charset=\"utf-8\"><\/script><\/p>\n<p><a data-flickr-embed=\"true\" href=\"https:\/\/www.flickr.com\/photos\/182279889@N02\/53268364716\/in\/dateposted-public\/\" title=\"Ord. Ger\u00edatrico Saldungaray (3)\"><img loading=\"lazy\" decoding=\"async\" src=\"https:\/\/live.staticflickr.com\/65535\/53268364716_20a34efc98_c.jpg\" width=\"512\" height=\"800\" alt=\"Ord. Ger\u00edatrico Saldungaray (3)\"\/><\/a><script async src=\"\/\/embedr.flickr.com\/assets\/client-code.js\" charset=\"utf-8\"><\/script><\/p>\n<p><a data-flickr-embed=\"true\" href=\"https:\/\/www.flickr.com\/photos\/182279889@N02\/53268830075\/in\/dateposted-public\/\" title=\"Ord. Ger\u00edatrico Saldungaray (2)\"><img loading=\"lazy\" decoding=\"async\" src=\"https:\/\/live.staticflickr.com\/65535\/53268830075_bd414e91cd_c.jpg\" width=\"627\" height=\"800\" alt=\"Ord. Ger\u00edatrico Saldungaray (2)\"\/><\/a><script async src=\"\/\/embedr.flickr.com\/assets\/client-code.js\" charset=\"utf-8\"><\/script><\/p>\n","protected":false},"excerpt":{"rendered":"<p>El edil volvi\u00f3 a la carga sobre el tema de la camioneta indebidamente utilizada por el municipio. Al mismo tiempo se refiri\u00f3 a la foto multa en Rio Negro y a la aprobaci\u00f3n del geri\u00e1trico en Saldungaray.<\/p>\n","protected":false},"author":3,"featured_media":0,"comment_status":"closed","ping_status":"closed","sticky":false,"template":"","format":"standard","meta":{"footnotes":""},"categories":[24],"tags":[48],"class_list":["post-94108","post","type-post","status-publish","format-standard","hentry","category-politica","tag-destacada"],"yoast_head":"<!-- This site is optimized with the Yoast SEO plugin v25.9 - https:\/\/yoast.com\/wordpress\/plugins\/seo\/ -->\n<title>Luis Castro: \u201chay m\u00e1s responsables que sab\u00edan de esta situaci\u00f3n\u201d - Noticias Radio Reflejos<\/title>\n<meta name=\"robots\" content=\"index, follow, max-snippet:-1, max-image-preview:large, max-video-preview:-1\" \/>\n<link rel=\"canonical\" href=\"https:\/\/www.noticiasradioreflejos.com.ar\/2021\/luis-castro-hay-mas-responsables-que-sabian-de-esta-situacion\/\" \/>\n<meta property=\"og:locale\" content=\"es_ES\" \/>\n<meta property=\"og:type\" content=\"article\" \/>\n<meta property=\"og:title\" content=\"Luis Castro: \u201chay m\u00e1s responsables que sab\u00edan de esta situaci\u00f3n\u201d - Noticias Radio Reflejos\" \/>\n<meta property=\"og:description\" content=\"El edil volvi\u00f3 a la carga sobre el tema de la camioneta indebidamente utilizada por el municipio. Al mismo tiempo se refiri\u00f3 a la foto multa en Rio Negro y a la aprobaci\u00f3n del geri\u00e1trico en Saldungaray.\" \/>\n<meta property=\"og:url\" content=\"https:\/\/www.noticiasradioreflejos.com.ar\/2021\/luis-castro-hay-mas-responsables-que-sabian-de-esta-situacion\/\" \/>\n<meta property=\"og:site_name\" content=\"Noticias Radio Reflejos\" \/>\n<meta property=\"article:published_time\" content=\"2023-10-18T21:00:55+00:00\" \/>\n<meta property=\"article:modified_time\" content=\"2023-10-18T21:02:30+00:00\" \/>\n<meta property=\"og:image\" content=\"https:\/\/live.staticflickr.com\/65535\/53267470757_d0ce465155_c.jpg\" \/>\n<meta name=\"author\" content=\"Arnaldo Botto\" \/>\n<meta name=\"twitter:card\" content=\"summary_large_image\" \/>\n<script type=\"application\/ld+json\" class=\"yoast-schema-graph\">{\"@context\":\"https:\/\/schema.org\",\"@graph\":[{\"@type\":\"WebPage\",\"@id\":\"https:\/\/www.noticiasradioreflejos.com.ar\/2021\/luis-castro-hay-mas-responsables-que-sabian-de-esta-situacion\/\",\"url\":\"https:\/\/www.noticiasradioreflejos.com.ar\/2021\/luis-castro-hay-mas-responsables-que-sabian-de-esta-situacion\/\",\"name\":\"Luis Castro: \u201chay m\u00e1s responsables que sab\u00edan de esta situaci\u00f3n\u201d - Noticias Radio Reflejos\",\"isPartOf\":{\"@id\":\"https:\/\/www.noticiasradioreflejos.com.ar\/2021\/#website\"},\"primaryImageOfPage\":{\"@id\":\"https:\/\/www.noticiasradioreflejos.com.ar\/2021\/luis-castro-hay-mas-responsables-que-sabian-de-esta-situacion\/#primaryimage\"},\"image\":{\"@id\":\"https:\/\/www.noticiasradioreflejos.com.ar\/2021\/luis-castro-hay-mas-responsables-que-sabian-de-esta-situacion\/#primaryimage\"},\"thumbnailUrl\":\"https:\/\/live.staticflickr.com\/65535\/53267470757_d0ce465155_c.jpg\",\"datePublished\":\"2023-10-18T21:00:55+00:00\",\"dateModified\":\"2023-10-18T21:02:30+00:00\",\"author\":{\"@id\":\"https:\/\/www.noticiasradioreflejos.com.ar\/2021\/#\/schema\/person\/ad82545263dcc5ec0996818884fd5fb1\"},\"breadcrumb\":{\"@id\":\"https:\/\/www.noticiasradioreflejos.com.ar\/2021\/luis-castro-hay-mas-responsables-que-sabian-de-esta-situacion\/#breadcrumb\"},\"inLanguage\":\"es\",\"potentialAction\":[{\"@type\":\"ReadAction\",\"target\":[\"https:\/\/www.noticiasradioreflejos.com.ar\/2021\/luis-castro-hay-mas-responsables-que-sabian-de-esta-situacion\/\"]}]},{\"@type\":\"ImageObject\",\"inLanguage\":\"es\",\"@id\":\"https:\/\/www.noticiasradioreflejos.com.ar\/2021\/luis-castro-hay-mas-responsables-que-sabian-de-esta-situacion\/#primaryimage\",\"url\":\"https:\/\/live.staticflickr.com\/65535\/53267470757_d0ce465155_c.jpg\",\"contentUrl\":\"https:\/\/live.staticflickr.com\/65535\/53267470757_d0ce465155_c.jpg\"},{\"@type\":\"BreadcrumbList\",\"@id\":\"https:\/\/www.noticiasradioreflejos.com.ar\/2021\/luis-castro-hay-mas-responsables-que-sabian-de-esta-situacion\/#breadcrumb\",\"itemListElement\":[{\"@type\":\"ListItem\",\"position\":1,\"name\":\"Portada\",\"item\":\"https:\/\/www.noticiasradioreflejos.com.ar\/2021\/\"},{\"@type\":\"ListItem\",\"position\":2,\"name\":\"Luis Castro: \u201chay m\u00e1s responsables que sab\u00edan de esta situaci\u00f3n\u201d\"}]},{\"@type\":\"WebSite\",\"@id\":\"https:\/\/www.noticiasradioreflejos.com.ar\/2021\/#website\",\"url\":\"https:\/\/www.noticiasradioreflejos.com.ar\/2021\/\",\"name\":\"Noticias Radio Reflejos\",\"description\":\"Las noticias de mi comarca\",\"potentialAction\":[{\"@type\":\"SearchAction\",\"target\":{\"@type\":\"EntryPoint\",\"urlTemplate\":\"https:\/\/www.noticiasradioreflejos.com.ar\/2021\/?s={search_term_string}\"},\"query-input\":{\"@type\":\"PropertyValueSpecification\",\"valueRequired\":true,\"valueName\":\"search_term_string\"}}],\"inLanguage\":\"es\"},{\"@type\":\"Person\",\"@id\":\"https:\/\/www.noticiasradioreflejos.com.ar\/2021\/#\/schema\/person\/ad82545263dcc5ec0996818884fd5fb1\",\"name\":\"Arnaldo Botto\",\"image\":{\"@type\":\"ImageObject\",\"inLanguage\":\"es\",\"@id\":\"https:\/\/www.noticiasradioreflejos.com.ar\/2021\/#\/schema\/person\/image\/\",\"url\":\"https:\/\/secure.gravatar.com\/avatar\/55cb5e37c1efa326397366e6974cb338056df65cb50e7d64d1cf314e87504837?s=96&d=mm&r=g\",\"contentUrl\":\"https:\/\/secure.gravatar.com\/avatar\/55cb5e37c1efa326397366e6974cb338056df65cb50e7d64d1cf314e87504837?s=96&d=mm&r=g\",\"caption\":\"Arnaldo Botto\"},\"url\":\"https:\/\/www.noticiasradioreflejos.com.ar\/2021\/author\/arnaldo\/\"}]}<\/script>\n<!-- \/ Yoast SEO plugin. -->","yoast_head_json":{"title":"Luis Castro: \u201chay m\u00e1s responsables que sab\u00edan de esta situaci\u00f3n\u201d - Noticias Radio Reflejos","robots":{"index":"index","follow":"follow","max-snippet":"max-snippet:-1","max-image-preview":"max-image-preview:large","max-video-preview":"max-video-preview:-1"},"canonical":"https:\/\/www.noticiasradioreflejos.com.ar\/2021\/luis-castro-hay-mas-responsables-que-sabian-de-esta-situacion\/","og_locale":"es_ES","og_type":"article","og_title":"Luis Castro: \u201chay m\u00e1s responsables que sab\u00edan de esta situaci\u00f3n\u201d - Noticias Radio Reflejos","og_description":"El edil volvi\u00f3 a la carga sobre el tema de la camioneta indebidamente utilizada por el municipio. Al mismo tiempo se refiri\u00f3 a la foto multa en Rio Negro y a la aprobaci\u00f3n del geri\u00e1trico en Saldungaray.","og_url":"https:\/\/www.noticiasradioreflejos.com.ar\/2021\/luis-castro-hay-mas-responsables-que-sabian-de-esta-situacion\/","og_site_name":"Noticias Radio Reflejos","article_published_time":"2023-10-18T21:00:55+00:00","article_modified_time":"2023-10-18T21:02:30+00:00","og_image":[{"url":"https:\/\/live.staticflickr.com\/65535\/53267470757_d0ce465155_c.jpg","type":"","width":"","height":""}],"author":"Arnaldo Botto","twitter_card":"summary_large_image","schema":{"@context":"https:\/\/schema.org","@graph":[{"@type":"WebPage","@id":"https:\/\/www.noticiasradioreflejos.com.ar\/2021\/luis-castro-hay-mas-responsables-que-sabian-de-esta-situacion\/","url":"https:\/\/www.noticiasradioreflejos.com.ar\/2021\/luis-castro-hay-mas-responsables-que-sabian-de-esta-situacion\/","name":"Luis Castro: \u201chay m\u00e1s responsables que sab\u00edan de esta situaci\u00f3n\u201d - Noticias Radio Reflejos","isPartOf":{"@id":"https:\/\/www.noticiasradioreflejos.com.ar\/2021\/#website"},"primaryImageOfPage":{"@id":"https:\/\/www.noticiasradioreflejos.com.ar\/2021\/luis-castro-hay-mas-responsables-que-sabian-de-esta-situacion\/#primaryimage"},"image":{"@id":"https:\/\/www.noticiasradioreflejos.com.ar\/2021\/luis-castro-hay-mas-responsables-que-sabian-de-esta-situacion\/#primaryimage"},"thumbnailUrl":"https:\/\/live.staticflickr.com\/65535\/53267470757_d0ce465155_c.jpg","datePublished":"2023-10-18T21:00:55+00:00","dateModified":"2023-10-18T21:02:30+00:00","author":{"@id":"https:\/\/www.noticiasradioreflejos.com.ar\/2021\/#\/schema\/person\/ad82545263dcc5ec0996818884fd5fb1"},"breadcrumb":{"@id":"https:\/\/www.noticiasradioreflejos.com.ar\/2021\/luis-castro-hay-mas-responsables-que-sabian-de-esta-situacion\/#breadcrumb"},"inLanguage":"es","potentialAction":[{"@type":"ReadAction","target":["https:\/\/www.noticiasradioreflejos.com.ar\/2021\/luis-castro-hay-mas-responsables-que-sabian-de-esta-situacion\/"]}]},{"@type":"ImageObject","inLanguage":"es","@id":"https:\/\/www.noticiasradioreflejos.com.ar\/2021\/luis-castro-hay-mas-responsables-que-sabian-de-esta-situacion\/#primaryimage","url":"https:\/\/live.staticflickr.com\/65535\/53267470757_d0ce465155_c.jpg","contentUrl":"https:\/\/live.staticflickr.com\/65535\/53267470757_d0ce465155_c.jpg"},{"@type":"BreadcrumbList","@id":"https:\/\/www.noticiasradioreflejos.com.ar\/2021\/luis-castro-hay-mas-responsables-que-sabian-de-esta-situacion\/#breadcrumb","itemListElement":[{"@type":"ListItem","position":1,"name":"Portada","item":"https:\/\/www.noticiasradioreflejos.com.ar\/2021\/"},{"@type":"ListItem","position":2,"name":"Luis Castro: \u201chay m\u00e1s responsables que sab\u00edan de esta situaci\u00f3n\u201d"}]},{"@type":"WebSite","@id":"https:\/\/www.noticiasradioreflejos.com.ar\/2021\/#website","url":"https:\/\/www.noticiasradioreflejos.com.ar\/2021\/","name":"Noticias Radio Reflejos","description":"Las noticias de mi comarca","potentialAction":[{"@type":"SearchAction","target":{"@type":"EntryPoint","urlTemplate":"https:\/\/www.noticiasradioreflejos.com.ar\/2021\/?s={search_term_string}"},"query-input":{"@type":"PropertyValueSpecification","valueRequired":true,"valueName":"search_term_string"}}],"inLanguage":"es"},{"@type":"Person","@id":"https:\/\/www.noticiasradioreflejos.com.ar\/2021\/#\/schema\/person\/ad82545263dcc5ec0996818884fd5fb1","name":"Arnaldo Botto","image":{"@type":"ImageObject","inLanguage":"es","@id":"https:\/\/www.noticiasradioreflejos.com.ar\/2021\/#\/schema\/person\/image\/","url":"https:\/\/secure.gravatar.com\/avatar\/55cb5e37c1efa326397366e6974cb338056df65cb50e7d64d1cf314e87504837?s=96&d=mm&r=g","contentUrl":"https:\/\/secure.gravatar.com\/avatar\/55cb5e37c1efa326397366e6974cb338056df65cb50e7d64d1cf314e87504837?s=96&d=mm&r=g","caption":"Arnaldo Botto"},"url":"https:\/\/www.noticiasradioreflejos.com.ar\/2021\/author\/arnaldo\/"}]}},"_links":{"self":[{"href":"https:\/\/www.noticiasradioreflejos.com.ar\/2021\/wp-json\/wp\/v2\/posts\/94108","targetHints":{"allow":["GET"]}}],"collection":[{"href":"https:\/\/www.noticiasradioreflejos.com.ar\/2021\/wp-json\/wp\/v2\/posts"}],"about":[{"href":"https:\/\/www.noticiasradioreflejos.com.ar\/2021\/wp-json\/wp\/v2\/types\/post"}],"author":[{"embeddable":true,"href":"https:\/\/www.noticiasradioreflejos.com.ar\/2021\/wp-json\/wp\/v2\/users\/3"}],"replies":[{"embeddable":true,"href":"https:\/\/www.noticiasradioreflejos.com.ar\/2021\/wp-json\/wp\/v2\/comments?post=94108"}],"version-history":[{"count":4,"href":"https:\/\/www.noticiasradioreflejos.com.ar\/2021\/wp-json\/wp\/v2\/posts\/94108\/revisions"}],"predecessor-version":[{"id":94114,"href":"https:\/\/www.noticiasradioreflejos.com.ar\/2021\/wp-json\/wp\/v2\/posts\/94108\/revisions\/94114"}],"wp:attachment":[{"href":"https:\/\/www.noticiasradioreflejos.com.ar\/2021\/wp-json\/wp\/v2\/media?parent=94108"}],"wp:term":[{"taxonomy":"category","embeddable":true,"href":"https:\/\/www.noticiasradioreflejos.com.ar\/2021\/wp-json\/wp\/v2\/categories?post=94108"},{"taxonomy":"post_tag","embeddable":true,"href":"https:\/\/www.noticiasradioreflejos.com.ar\/2021\/wp-json\/wp\/v2\/tags?post=94108"}],"curies":[{"name":"wp","href":"https:\/\/api.w.org\/{rel}","templated":true}]}}