{"id":94095,"date":"2023-10-18T12:43:20","date_gmt":"2023-10-18T12:43:20","guid":{"rendered":"https:\/\/www.noticiasradioreflejos.com.ar\/2021\/?p=94095"},"modified":"2023-10-18T12:43:39","modified_gmt":"2023-10-18T12:43:39","slug":"los-creditos-de-anses-para-trabajadores-en-relacion-de-dependencia-continuan-vigentes-en-octubre","status":"publish","type":"post","link":"https:\/\/www.noticiasradioreflejos.com.ar\/2021\/los-creditos-de-anses-para-trabajadores-en-relacion-de-dependencia-continuan-vigentes-en-octubre\/","title":{"rendered":"Los cr\u00e9ditos de Anses para trabajadores en relaci\u00f3n de dependencia contin\u00faan vigentes en octubre"},"content":{"rendered":"<p>La Administraci\u00f3n Nacional de la Seguridad Social (Anses) record\u00f3 hoy que la l\u00ednea de cr\u00e9ditos para trabajadores y trabajadoras en relaci\u00f3n de dependencia, tanto del sector p\u00fablico como privado, continuar\u00e1 habilitada durante todo octubre.<!--more--><\/p>\n<p>Se trata del beneficio que otorga pr\u00e9stamos de hasta 400.000 pesos para salarios de hasta 700.875 pesos, a una tasa de devoluci\u00f3n del 50%, que se deposita en la tarjeta de cr\u00e9dito asociada a la cuenta sueldo del trabajador.<\/p>\n<p>La inscripci\u00f3n se realiza de forma exclusiva a trav\u00e9s de la web del organismo, www.anses.gob.ar, o de la aplicaci\u00f3n mi Anses, todos los d\u00edas de 10 a 20, se inform\u00f3 oficialmente.<\/p>\n<p>Los requisitos para acceder al beneficio son residir en la Argentina en forma permanente, tener una antig\u00fcedad laboral no menor a seis meses, ser trabajadora o trabajador en relaci\u00f3n de dependencia aportante a la Anses (SIPA), tener un sueldo no mayor a los 700.875 pesos brutos mensuales, y ser titular de una tarjeta de cr\u00e9dito del banco donde se percibe el sueldo, dado que esta medida no alcanza a tarjetas de cr\u00e9dito no bancarias expedidas por entidades financieras.<\/p>\n<p>Tambi\u00e9n se exige ser mayor de 18 a\u00f1os y no alcanzar la edad jubilatoria al momento de cancelaci\u00f3n total del cr\u00e9dito, no superar la situaci\u00f3n 2 de la Central de Deudores del BCRA, no ser titular de una jubilaci\u00f3n o pensi\u00f3n, no ser trabajadora o trabajador eventual, discontinuo, de temporada o de casas particulares.<\/p>\n<p>Adem\u00e1s, Anses realiza una evaluaci\u00f3n socioecon\u00f3mica y patrimonial (consumo, bienes, cobertura de salud, etc.) de cada uno de los solicitantes.<\/p>\n<p>Para realizar el tr\u00e1mite, hay que ingresar a mi Anses con la Clave de la Seguridad Social; elegir la opci\u00f3n Cr\u00e9ditos trabajadores en relaci\u00f3n de dependencia; generar la solicitud y acercarse una oficina de este organismo, sin turno previo, con el c\u00f3digo de la solicitud para confirmar identidad y finalizar el tr\u00e1mite.<\/p>\n","protected":false},"excerpt":{"rendered":"<p>La Administraci\u00f3n Nacional de la Seguridad Social (Anses) record\u00f3 hoy que la l\u00ednea de cr\u00e9ditos para trabajadores y trabajadoras en relaci\u00f3n de dependencia, tanto del sector p\u00fablico como privado, continuar\u00e1 habilitada durante todo octubre.<\/p>\n","protected":false},"author":3,"featured_media":75229,"comment_status":"closed","ping_status":"closed","sticky":false,"template":"","format":"standard","meta":{"footnotes":""},"categories":[36,58],"tags":[],"class_list":["post-94095","post","type-post","status-publish","format-standard","has-post-thumbnail","hentry","category-economia","category-gobierno"],"yoast_head":"<!-- This site is optimized with the Yoast SEO plugin v25.9 - https:\/\/yoast.com\/wordpress\/plugins\/seo\/ -->\n<title>Los cr\u00e9ditos de Anses para trabajadores en relaci\u00f3n de dependencia contin\u00faan vigentes en octubre - Noticias Radio Reflejos<\/title>\n<meta name=\"robots\" content=\"index, follow, max-snippet:-1, max-image-preview:large, max-video-preview:-1\" \/>\n<link rel=\"canonical\" href=\"https:\/\/www.noticiasradioreflejos.com.ar\/2021\/los-creditos-de-anses-para-trabajadores-en-relacion-de-dependencia-continuan-vigentes-en-octubre\/\" \/>\n<meta property=\"og:locale\" content=\"es_ES\" \/>\n<meta property=\"og:type\" content=\"article\" \/>\n<meta property=\"og:title\" content=\"Los cr\u00e9ditos de Anses para trabajadores en relaci\u00f3n de dependencia contin\u00faan vigentes en octubre - Noticias Radio Reflejos\" \/>\n<meta property=\"og:description\" content=\"La Administraci\u00f3n Nacional de la Seguridad Social (Anses) record\u00f3 hoy que la l\u00ednea de cr\u00e9ditos para trabajadores y trabajadoras en relaci\u00f3n de dependencia, tanto del sector p\u00fablico como privado, continuar\u00e1 habilitada durante todo octubre.\" \/>\n<meta property=\"og:url\" content=\"https:\/\/www.noticiasradioreflejos.com.ar\/2021\/los-creditos-de-anses-para-trabajadores-en-relacion-de-dependencia-continuan-vigentes-en-octubre\/\" \/>\n<meta property=\"og:site_name\" content=\"Noticias Radio Reflejos\" \/>\n<meta property=\"article:published_time\" content=\"2023-10-18T12:43:20+00:00\" \/>\n<meta property=\"article:modified_time\" content=\"2023-10-18T12:43:39+00:00\" \/>\n<meta property=\"og:image\" content=\"https:\/\/www.noticiasradioreflejos.com.ar\/2021\/wp-content\/uploads\/2022\/07\/Logo-ANSES.jpg\" \/>\n\t<meta property=\"og:image:width\" content=\"1000\" \/>\n\t<meta property=\"og:image:height\" content=\"562\" \/>\n\t<meta property=\"og:image:type\" content=\"image\/jpeg\" \/>\n<meta name=\"author\" content=\"Arnaldo Botto\" \/>\n<meta name=\"twitter:card\" content=\"summary_large_image\" \/>\n<script type=\"application\/ld+json\" class=\"yoast-schema-graph\">{\"@context\":\"https:\/\/schema.org\",\"@graph\":[{\"@type\":\"WebPage\",\"@id\":\"https:\/\/www.noticiasradioreflejos.com.ar\/2021\/los-creditos-de-anses-para-trabajadores-en-relacion-de-dependencia-continuan-vigentes-en-octubre\/\",\"url\":\"https:\/\/www.noticiasradioreflejos.com.ar\/2021\/los-creditos-de-anses-para-trabajadores-en-relacion-de-dependencia-continuan-vigentes-en-octubre\/\",\"name\":\"Los cr\u00e9ditos de Anses para trabajadores en relaci\u00f3n de dependencia contin\u00faan vigentes en octubre - Noticias Radio Reflejos\",\"isPartOf\":{\"@id\":\"https:\/\/www.noticiasradioreflejos.com.ar\/2021\/#website\"},\"primaryImageOfPage\":{\"@id\":\"https:\/\/www.noticiasradioreflejos.com.ar\/2021\/los-creditos-de-anses-para-trabajadores-en-relacion-de-dependencia-continuan-vigentes-en-octubre\/#primaryimage\"},\"image\":{\"@id\":\"https:\/\/www.noticiasradioreflejos.com.ar\/2021\/los-creditos-de-anses-para-trabajadores-en-relacion-de-dependencia-continuan-vigentes-en-octubre\/#primaryimage\"},\"thumbnailUrl\":\"https:\/\/www.noticiasradioreflejos.com.ar\/2021\/wp-content\/uploads\/2022\/07\/Logo-ANSES.jpg\",\"datePublished\":\"2023-10-18T12:43:20+00:00\",\"dateModified\":\"2023-10-18T12:43:39+00:00\",\"author\":{\"@id\":\"https:\/\/www.noticiasradioreflejos.com.ar\/2021\/#\/schema\/person\/ad82545263dcc5ec0996818884fd5fb1\"},\"breadcrumb\":{\"@id\":\"https:\/\/www.noticiasradioreflejos.com.ar\/2021\/los-creditos-de-anses-para-trabajadores-en-relacion-de-dependencia-continuan-vigentes-en-octubre\/#breadcrumb\"},\"inLanguage\":\"es\",\"potentialAction\":[{\"@type\":\"ReadAction\",\"target\":[\"https:\/\/www.noticiasradioreflejos.com.ar\/2021\/los-creditos-de-anses-para-trabajadores-en-relacion-de-dependencia-continuan-vigentes-en-octubre\/\"]}]},{\"@type\":\"ImageObject\",\"inLanguage\":\"es\",\"@id\":\"https:\/\/www.noticiasradioreflejos.com.ar\/2021\/los-creditos-de-anses-para-trabajadores-en-relacion-de-dependencia-continuan-vigentes-en-octubre\/#primaryimage\",\"url\":\"https:\/\/www.noticiasradioreflejos.com.ar\/2021\/wp-content\/uploads\/2022\/07\/Logo-ANSES.jpg\",\"contentUrl\":\"https:\/\/www.noticiasradioreflejos.com.ar\/2021\/wp-content\/uploads\/2022\/07\/Logo-ANSES.jpg\",\"width\":1000,\"height\":562},{\"@type\":\"BreadcrumbList\",\"@id\":\"https:\/\/www.noticiasradioreflejos.com.ar\/2021\/los-creditos-de-anses-para-trabajadores-en-relacion-de-dependencia-continuan-vigentes-en-octubre\/#breadcrumb\",\"itemListElement\":[{\"@type\":\"ListItem\",\"position\":1,\"name\":\"Portada\",\"item\":\"https:\/\/www.noticiasradioreflejos.com.ar\/2021\/\"},{\"@type\":\"ListItem\",\"position\":2,\"name\":\"Los cr\u00e9ditos de Anses para trabajadores en relaci\u00f3n de dependencia contin\u00faan vigentes en octubre\"}]},{\"@type\":\"WebSite\",\"@id\":\"https:\/\/www.noticiasradioreflejos.com.ar\/2021\/#website\",\"url\":\"https:\/\/www.noticiasradioreflejos.com.ar\/2021\/\",\"name\":\"Noticias Radio Reflejos\",\"description\":\"Las noticias de mi comarca\",\"potentialAction\":[{\"@type\":\"SearchAction\",\"target\":{\"@type\":\"EntryPoint\",\"urlTemplate\":\"https:\/\/www.noticiasradioreflejos.com.ar\/2021\/?s={search_term_string}\"},\"query-input\":{\"@type\":\"PropertyValueSpecification\",\"valueRequired\":true,\"valueName\":\"search_term_string\"}}],\"inLanguage\":\"es\"},{\"@type\":\"Person\",\"@id\":\"https:\/\/www.noticiasradioreflejos.com.ar\/2021\/#\/schema\/person\/ad82545263dcc5ec0996818884fd5fb1\",\"name\":\"Arnaldo Botto\",\"image\":{\"@type\":\"ImageObject\",\"inLanguage\":\"es\",\"@id\":\"https:\/\/www.noticiasradioreflejos.com.ar\/2021\/#\/schema\/person\/image\/\",\"url\":\"https:\/\/secure.gravatar.com\/avatar\/55cb5e37c1efa326397366e6974cb338056df65cb50e7d64d1cf314e87504837?s=96&d=mm&r=g\",\"contentUrl\":\"https:\/\/secure.gravatar.com\/avatar\/55cb5e37c1efa326397366e6974cb338056df65cb50e7d64d1cf314e87504837?s=96&d=mm&r=g\",\"caption\":\"Arnaldo Botto\"},\"url\":\"https:\/\/www.noticiasradioreflejos.com.ar\/2021\/author\/arnaldo\/\"}]}<\/script>\n<!-- \/ Yoast SEO plugin. -->","yoast_head_json":{"title":"Los cr\u00e9ditos de Anses para trabajadores en relaci\u00f3n de dependencia contin\u00faan vigentes en octubre - Noticias Radio Reflejos","robots":{"index":"index","follow":"follow","max-snippet":"max-snippet:-1","max-image-preview":"max-image-preview:large","max-video-preview":"max-video-preview:-1"},"canonical":"https:\/\/www.noticiasradioreflejos.com.ar\/2021\/los-creditos-de-anses-para-trabajadores-en-relacion-de-dependencia-continuan-vigentes-en-octubre\/","og_locale":"es_ES","og_type":"article","og_title":"Los cr\u00e9ditos de Anses para trabajadores en relaci\u00f3n de dependencia contin\u00faan vigentes en octubre - Noticias Radio Reflejos","og_description":"La Administraci\u00f3n Nacional de la Seguridad Social (Anses) record\u00f3 hoy que la l\u00ednea de cr\u00e9ditos para trabajadores y trabajadoras en relaci\u00f3n de dependencia, tanto del sector p\u00fablico como privado, continuar\u00e1 habilitada durante todo octubre.","og_url":"https:\/\/www.noticiasradioreflejos.com.ar\/2021\/los-creditos-de-anses-para-trabajadores-en-relacion-de-dependencia-continuan-vigentes-en-octubre\/","og_site_name":"Noticias Radio Reflejos","article_published_time":"2023-10-18T12:43:20+00:00","article_modified_time":"2023-10-18T12:43:39+00:00","og_image":[{"width":1000,"height":562,"url":"https:\/\/www.noticiasradioreflejos.com.ar\/2021\/wp-content\/uploads\/2022\/07\/Logo-ANSES.jpg","type":"image\/jpeg"}],"author":"Arnaldo Botto","twitter_card":"summary_large_image","schema":{"@context":"https:\/\/schema.org","@graph":[{"@type":"WebPage","@id":"https:\/\/www.noticiasradioreflejos.com.ar\/2021\/los-creditos-de-anses-para-trabajadores-en-relacion-de-dependencia-continuan-vigentes-en-octubre\/","url":"https:\/\/www.noticiasradioreflejos.com.ar\/2021\/los-creditos-de-anses-para-trabajadores-en-relacion-de-dependencia-continuan-vigentes-en-octubre\/","name":"Los cr\u00e9ditos de Anses para trabajadores en relaci\u00f3n de dependencia contin\u00faan vigentes en octubre - Noticias Radio Reflejos","isPartOf":{"@id":"https:\/\/www.noticiasradioreflejos.com.ar\/2021\/#website"},"primaryImageOfPage":{"@id":"https:\/\/www.noticiasradioreflejos.com.ar\/2021\/los-creditos-de-anses-para-trabajadores-en-relacion-de-dependencia-continuan-vigentes-en-octubre\/#primaryimage"},"image":{"@id":"https:\/\/www.noticiasradioreflejos.com.ar\/2021\/los-creditos-de-anses-para-trabajadores-en-relacion-de-dependencia-continuan-vigentes-en-octubre\/#primaryimage"},"thumbnailUrl":"https:\/\/www.noticiasradioreflejos.com.ar\/2021\/wp-content\/uploads\/2022\/07\/Logo-ANSES.jpg","datePublished":"2023-10-18T12:43:20+00:00","dateModified":"2023-10-18T12:43:39+00:00","author":{"@id":"https:\/\/www.noticiasradioreflejos.com.ar\/2021\/#\/schema\/person\/ad82545263dcc5ec0996818884fd5fb1"},"breadcrumb":{"@id":"https:\/\/www.noticiasradioreflejos.com.ar\/2021\/los-creditos-de-anses-para-trabajadores-en-relacion-de-dependencia-continuan-vigentes-en-octubre\/#breadcrumb"},"inLanguage":"es","potentialAction":[{"@type":"ReadAction","target":["https:\/\/www.noticiasradioreflejos.com.ar\/2021\/los-creditos-de-anses-para-trabajadores-en-relacion-de-dependencia-continuan-vigentes-en-octubre\/"]}]},{"@type":"ImageObject","inLanguage":"es","@id":"https:\/\/www.noticiasradioreflejos.com.ar\/2021\/los-creditos-de-anses-para-trabajadores-en-relacion-de-dependencia-continuan-vigentes-en-octubre\/#primaryimage","url":"https:\/\/www.noticiasradioreflejos.com.ar\/2021\/wp-content\/uploads\/2022\/07\/Logo-ANSES.jpg","contentUrl":"https:\/\/www.noticiasradioreflejos.com.ar\/2021\/wp-content\/uploads\/2022\/07\/Logo-ANSES.jpg","width":1000,"height":562},{"@type":"BreadcrumbList","@id":"https:\/\/www.noticiasradioreflejos.com.ar\/2021\/los-creditos-de-anses-para-trabajadores-en-relacion-de-dependencia-continuan-vigentes-en-octubre\/#breadcrumb","itemListElement":[{"@type":"ListItem","position":1,"name":"Portada","item":"https:\/\/www.noticiasradioreflejos.com.ar\/2021\/"},{"@type":"ListItem","position":2,"name":"Los cr\u00e9ditos de Anses para trabajadores en relaci\u00f3n de dependencia contin\u00faan vigentes en octubre"}]},{"@type":"WebSite","@id":"https:\/\/www.noticiasradioreflejos.com.ar\/2021\/#website","url":"https:\/\/www.noticiasradioreflejos.com.ar\/2021\/","name":"Noticias Radio Reflejos","description":"Las noticias de mi comarca","potentialAction":[{"@type":"SearchAction","target":{"@type":"EntryPoint","urlTemplate":"https:\/\/www.noticiasradioreflejos.com.ar\/2021\/?s={search_term_string}"},"query-input":{"@type":"PropertyValueSpecification","valueRequired":true,"valueName":"search_term_string"}}],"inLanguage":"es"},{"@type":"Person","@id":"https:\/\/www.noticiasradioreflejos.com.ar\/2021\/#\/schema\/person\/ad82545263dcc5ec0996818884fd5fb1","name":"Arnaldo Botto","image":{"@type":"ImageObject","inLanguage":"es","@id":"https:\/\/www.noticiasradioreflejos.com.ar\/2021\/#\/schema\/person\/image\/","url":"https:\/\/secure.gravatar.com\/avatar\/55cb5e37c1efa326397366e6974cb338056df65cb50e7d64d1cf314e87504837?s=96&d=mm&r=g","contentUrl":"https:\/\/secure.gravatar.com\/avatar\/55cb5e37c1efa326397366e6974cb338056df65cb50e7d64d1cf314e87504837?s=96&d=mm&r=g","caption":"Arnaldo Botto"},"url":"https:\/\/www.noticiasradioreflejos.com.ar\/2021\/author\/arnaldo\/"}]}},"_links":{"self":[{"href":"https:\/\/www.noticiasradioreflejos.com.ar\/2021\/wp-json\/wp\/v2\/posts\/94095","targetHints":{"allow":["GET"]}}],"collection":[{"href":"https:\/\/www.noticiasradioreflejos.com.ar\/2021\/wp-json\/wp\/v2\/posts"}],"about":[{"href":"https:\/\/www.noticiasradioreflejos.com.ar\/2021\/wp-json\/wp\/v2\/types\/post"}],"author":[{"embeddable":true,"href":"https:\/\/www.noticiasradioreflejos.com.ar\/2021\/wp-json\/wp\/v2\/users\/3"}],"replies":[{"embeddable":true,"href":"https:\/\/www.noticiasradioreflejos.com.ar\/2021\/wp-json\/wp\/v2\/comments?post=94095"}],"version-history":[{"count":2,"href":"https:\/\/www.noticiasradioreflejos.com.ar\/2021\/wp-json\/wp\/v2\/posts\/94095\/revisions"}],"predecessor-version":[{"id":94097,"href":"https:\/\/www.noticiasradioreflejos.com.ar\/2021\/wp-json\/wp\/v2\/posts\/94095\/revisions\/94097"}],"wp:featuredmedia":[{"embeddable":true,"href":"https:\/\/www.noticiasradioreflejos.com.ar\/2021\/wp-json\/wp\/v2\/media\/75229"}],"wp:attachment":[{"href":"https:\/\/www.noticiasradioreflejos.com.ar\/2021\/wp-json\/wp\/v2\/media?parent=94095"}],"wp:term":[{"taxonomy":"category","embeddable":true,"href":"https:\/\/www.noticiasradioreflejos.com.ar\/2021\/wp-json\/wp\/v2\/categories?post=94095"},{"taxonomy":"post_tag","embeddable":true,"href":"https:\/\/www.noticiasradioreflejos.com.ar\/2021\/wp-json\/wp\/v2\/tags?post=94095"}],"curies":[{"name":"wp","href":"https:\/\/api.w.org\/{rel}","templated":true}]}}