{"id":94090,"date":"2023-10-18T11:09:17","date_gmt":"2023-10-18T11:09:17","guid":{"rendered":"https:\/\/www.noticiasradioreflejos.com.ar\/2021\/?p=94090"},"modified":"2023-10-18T11:09:17","modified_gmt":"2023-10-18T11:09:17","slug":"sergio-bordoni-cerro-su-campana-en-villa-ventana-y-pidio-votar-la-lista-completa-de-union-por-la-patria","status":"publish","type":"post","link":"https:\/\/www.noticiasradioreflejos.com.ar\/2021\/sergio-bordoni-cerro-su-campana-en-villa-ventana-y-pidio-votar-la-lista-completa-de-union-por-la-patria\/","title":{"rendered":"Sergio Bordoni cerr\u00f3 su campa\u00f1a en Villa Ventana y pidi\u00f3 votar la lista completa de Uni\u00f3n por la Patria"},"content":{"rendered":"<p>Fue este martes por la noche en la sede de la Biblioteca Popular \u201cMacedonio Fernandez\u201d<!--more--><\/p>\n<p>Sergio Bordoni candidato a Intendente de Uni\u00f3n por la patria realiz\u00f3 el cierre de campa\u00f1a en Villa Ventana, presentando a sus candidatos en una convocatoria que tuvo lugar en la Biblioteca Macedonio Fernandez este martes por la noche.<\/p>\n<p>Asistieron, simpatizantes, funcionarios y vecinos. Los oradores en el lugar fueroN,\u00a0<strong>Carmen Soverchia<\/strong>\u00a0que agradeci\u00f3 la presencia en un d\u00eda muy especial para el peronismo por ser 17 de Octubre.<\/p>\n<p>\u201cEste es un hermoso equipo de trabajo que se conform\u00f3. Fuimos perdedores en las Paso y hoy estamos acompa\u00f1ando como debe ser. Tenemos solo palabras de agradecimiento con \u201cCayu\u201d Rojas para vos Sergio por el recibimiento que nos diste\u201d<\/p>\n<p>\u201c La lealtad se trata de estar del lado del pueblo y es donde nosotros queremos estar. Les pido en este 22 de octubre que acompa\u00f1en la lista completa porque estamos defendiendo la patria y los derechos ganados\u201d Destac\u00f3 Soverchia en uno de sus p\u00e1rrafos.<\/p>\n<p>Tambi\u00e9n fue el turno de\u00a0<strong>Estefan\u00eda Bordoni<\/strong>\u00a0\u201c Estoy muy orgullosa de pertenecer al gabinete joven del Intendente. Este equipo que estamos conformando son todas personas de bien. Mi compromiso es cien por ciento con esta lista y con este ejecutivo que sabe lo que hace. Se vienen muchas obras para Villa Ventana. Solo pedimos que el 22 de Octubre nos acompa\u00f1en\u201d manifest\u00f3.<\/p>\n<p>Una de las personas que integra la lista como Consejero escolar es\u00a0<strong>Carlos Lamas<\/strong>\u00a0 de Villa Ventana que hizo referencia al significado del 17 de Octubre. \u201cEsta es la lista original, la ampliada, la enriquecida que me hizo sentir parte desde el primer momento. Esta fecha le ha dado muchos beneficios a la gente desde 1945. Los otros son hirientes, trabajan en las redes y nos descalifican. Nosotros somos diferentes y tenemos otra sensibilidad y eso es lo que esta en juego. Somos concientes que la victoria va a ser nuestra el pr\u00f3ximo domingo\u201d.<\/p>\n<p><strong>Javier Llarul<\/strong>\u00a0es otro integrante de la lista de Villa Ventana \u201c Trabajo aqu\u00ed y charlo mucho con los vecinos y les damos una mano, pero esta vez le pedimos que nos apoyen a nosotros y tengan la certeza de que esta gente va a trabajar para ustedes y somos la \u00fanica lista que tiene a dos vecinos de la Villa. Seguiremos trabajando por el distrito de Tornquist\u201d destac\u00f3.<\/p>\n<p>Por \u00faltimo el actual Intendente y candidato<strong>\u00a0Sergio Bordoni<\/strong>\u00a0afirm\u00f3 \u00a0en algunos pasajes \u201c Hoy ya hemos colocado la carteler\u00eda de la ampliaci\u00f3n del GLP para Villa Ventana. Ahora tenemos que mirar para adelante. Podemos seguir haciendo cosas. Hoy mucha de la gente que nos critica no nos devuelve el trabajo que le dimos hace 8 a\u00f1os en el municipio. Hace 20 o 30 d\u00edas que anuncie la creaci\u00f3n de un \u00a0hogar de ancianos en saldungaray. Tuve que enviar un pedido de informes al tribunal de cuentas de La plata porque no quisieron aprobar en el concejo un contrato de alquiler \u00a0para la gente de la tercera edad y espero que ahora lo aprueben\u201d dispar\u00f3.<\/p>\n<p>\u201cLas vacaciones pagas y el aguinaldo lo invent\u00f3 Per\u00f3n. El que hace se equivoca y la gente que tenemos enfrente les puedo asegurar que si les tocara gobernar no sabrian que hacer. Ellos me ped\u00edan permiso para todo.\u201d<\/p>\n<p>\u201cHay obras que van a venir. La inflaci\u00f3n es dura para todos. Est\u00e1n demoradas, esta obra de GLP para Villa Ventana se readecu\u00f3 el precio y ya hicimos el anticipo financiero para que comience por un total de 110 millones de pesos. La renovaci\u00f3n de la plaza tambi\u00e9n y falta muy poco para que el ex club hotel vuelva a ser de todos ustedes\u201d<\/p>\n<p>\u201c Debemos trabajar y no hacer como la oposici\u00f3n que son concejales de redes sociales, primero publican los informes y despu\u00e9s lo env\u00edan y eso esta mal. Basta con grietas porque yo tengo puesta la camiseta del distrito de Tornquist\u201d<\/p>\n<p>\u201cEl domingo 22 \u00a0les pido lista Completa\u201d sentenci\u00f3. Luego como cada 17 de Octubre se compartieron entre los presentes los choripanes de la lealtad\u201d.<\/p>\n<p><strong><a href=\"https:\/\/www.facebook.com\/media\/set\/?vanity=noticastornquist&amp;set=a.812488140883687\">ALBUM DE FOTOS<\/a><\/strong><\/p>\n<p><iframe loading=\"lazy\" src=\"https:\/\/www.facebook.com\/plugins\/video.php?height=314&amp;href=https%3A%2F%2Fwww.facebook.com%2Fnoticastornquist%2Fvideos%2F1312638559382439%2F&amp;show_text=false&amp;width=560&amp;t=0\" width=\"560\" height=\"314\" frameborder=\"0\" scrolling=\"no\" allowfullscreen=\"allowfullscreen\"><\/iframe><\/p>\n<p><iframe loading=\"lazy\" src=\"https:\/\/www.facebook.com\/plugins\/video.php?height=314&amp;href=https%3A%2F%2Fwww.facebook.com%2Fnoticastornquist%2Fvideos%2F872870764359097%2F&amp;show_text=false&amp;width=560&amp;t=0\" width=\"560\" height=\"314\" frameborder=\"0\" scrolling=\"no\" allowfullscreen=\"allowfullscreen\"><\/iframe><\/p>\n<fieldset class=\"audio\">\n<legend><i class=\"fa fa-volume-up\" aria-hidden=\"true\"><\/i>\u00a0Nota Sergio Bordoni<\/legend>\n<p><img decoding=\"async\" src=\"https:\/\/www.noticiastornquist.com.ar\/imagen.php?imagen=2023-10\/dsc0015-1280x768.jpg\" \/><\/fieldset>\n<div>\n<div><\/div>\n<hr \/>\n<p><img decoding=\"async\" src=\"https:\/\/www.noticiastornquist.com.ar\/imagen.php?imagen=2023-10\/dsc0003-1280x768.jpg\" \/><\/p>\n<div><\/div>\n<hr \/>\n<p><img decoding=\"async\" src=\"https:\/\/www.noticiastornquist.com.ar\/imagen.php?imagen=2023-10\/dsc0006-1280x768.jpg\" \/><\/p>\n<div><\/div>\n<hr \/>\n<p><img decoding=\"async\" src=\"https:\/\/www.noticiastornquist.com.ar\/imagen.php?imagen=2023-10\/dsc0009-1280x768-1.jpg\" \/><\/p>\n<div><\/div>\n<hr \/>\n<p><img decoding=\"async\" src=\"https:\/\/www.noticiastornquist.com.ar\/imagen.php?imagen=2023-10\/dsc0010-1280x768-1.jpg\" \/><\/p>\n<div><\/div>\n<hr \/>\n<p><img decoding=\"async\" src=\"https:\/\/www.noticiastornquist.com.ar\/imagen.php?imagen=2023-10\/dsc0012-1280x768-1.jpg\" \/><\/p>\n<div><\/div>\n<hr \/>\n<p><img decoding=\"async\" src=\"https:\/\/www.noticiastornquist.com.ar\/imagen.php?imagen=2023-10\/dsc0024-1280x768.jpg\" \/><\/p>\n<div><\/div>\n<hr \/>\n<\/div>\n<div class=\"anuncioh\"><\/div>\n<div class=\"table-cell aside\">\n<div id=\"asd95\" class=\"publicidad\"><\/div>\n<div class=\"anuncio anuncio-float adfixed\"><em><strong>Fuente Noticias Tornquist<\/strong><\/em><\/div>\n<\/div>\n","protected":false},"excerpt":{"rendered":"<p>Fue este martes por la noche en la sede de la Biblioteca Popular \u201cMacedonio Fernandez\u201d<\/p>\n","protected":false},"author":3,"featured_media":0,"comment_status":"closed","ping_status":"closed","sticky":false,"template":"","format":"standard","meta":{"footnotes":""},"categories":[1],"tags":[],"class_list":["post-94090","post","type-post","status-publish","format-standard","hentry","category-sin-categoria"],"yoast_head":"<!-- This site is optimized with the Yoast SEO plugin v25.9 - https:\/\/yoast.com\/wordpress\/plugins\/seo\/ -->\n<title>Sergio Bordoni cerr\u00f3 su campa\u00f1a en Villa Ventana y pidi\u00f3 votar la lista completa de Uni\u00f3n por la Patria - Noticias Radio Reflejos<\/title>\n<meta name=\"robots\" content=\"index, follow, max-snippet:-1, max-image-preview:large, max-video-preview:-1\" \/>\n<link rel=\"canonical\" href=\"https:\/\/www.noticiasradioreflejos.com.ar\/2021\/sergio-bordoni-cerro-su-campana-en-villa-ventana-y-pidio-votar-la-lista-completa-de-union-por-la-patria\/\" \/>\n<meta property=\"og:locale\" content=\"es_ES\" \/>\n<meta property=\"og:type\" content=\"article\" \/>\n<meta property=\"og:title\" content=\"Sergio Bordoni cerr\u00f3 su campa\u00f1a en Villa Ventana y pidi\u00f3 votar la lista completa de Uni\u00f3n por la Patria - Noticias Radio Reflejos\" \/>\n<meta property=\"og:description\" content=\"Fue este martes por la noche en la sede de la Biblioteca Popular \u201cMacedonio Fernandez\u201d\" \/>\n<meta property=\"og:url\" content=\"https:\/\/www.noticiasradioreflejos.com.ar\/2021\/sergio-bordoni-cerro-su-campana-en-villa-ventana-y-pidio-votar-la-lista-completa-de-union-por-la-patria\/\" \/>\n<meta property=\"og:site_name\" content=\"Noticias Radio Reflejos\" \/>\n<meta property=\"article:published_time\" content=\"2023-10-18T11:09:17+00:00\" \/>\n<meta property=\"og:image\" content=\"https:\/\/www.noticiastornquist.com.ar\/imagen.php?imagen=2023-10\/dsc0015-1280x768.jpg\" \/>\n<meta name=\"author\" content=\"Arnaldo Botto\" \/>\n<meta name=\"twitter:card\" content=\"summary_large_image\" \/>\n<script type=\"application\/ld+json\" class=\"yoast-schema-graph\">{\"@context\":\"https:\/\/schema.org\",\"@graph\":[{\"@type\":\"WebPage\",\"@id\":\"https:\/\/www.noticiasradioreflejos.com.ar\/2021\/sergio-bordoni-cerro-su-campana-en-villa-ventana-y-pidio-votar-la-lista-completa-de-union-por-la-patria\/\",\"url\":\"https:\/\/www.noticiasradioreflejos.com.ar\/2021\/sergio-bordoni-cerro-su-campana-en-villa-ventana-y-pidio-votar-la-lista-completa-de-union-por-la-patria\/\",\"name\":\"Sergio Bordoni cerr\u00f3 su campa\u00f1a en Villa Ventana y pidi\u00f3 votar la lista completa de Uni\u00f3n por la Patria - Noticias Radio Reflejos\",\"isPartOf\":{\"@id\":\"https:\/\/www.noticiasradioreflejos.com.ar\/2021\/#website\"},\"primaryImageOfPage\":{\"@id\":\"https:\/\/www.noticiasradioreflejos.com.ar\/2021\/sergio-bordoni-cerro-su-campana-en-villa-ventana-y-pidio-votar-la-lista-completa-de-union-por-la-patria\/#primaryimage\"},\"image\":{\"@id\":\"https:\/\/www.noticiasradioreflejos.com.ar\/2021\/sergio-bordoni-cerro-su-campana-en-villa-ventana-y-pidio-votar-la-lista-completa-de-union-por-la-patria\/#primaryimage\"},\"thumbnailUrl\":\"https:\/\/www.noticiastornquist.com.ar\/imagen.php?imagen=2023-10\/dsc0015-1280x768.jpg\",\"datePublished\":\"2023-10-18T11:09:17+00:00\",\"author\":{\"@id\":\"https:\/\/www.noticiasradioreflejos.com.ar\/2021\/#\/schema\/person\/ad82545263dcc5ec0996818884fd5fb1\"},\"breadcrumb\":{\"@id\":\"https:\/\/www.noticiasradioreflejos.com.ar\/2021\/sergio-bordoni-cerro-su-campana-en-villa-ventana-y-pidio-votar-la-lista-completa-de-union-por-la-patria\/#breadcrumb\"},\"inLanguage\":\"es\",\"potentialAction\":[{\"@type\":\"ReadAction\",\"target\":[\"https:\/\/www.noticiasradioreflejos.com.ar\/2021\/sergio-bordoni-cerro-su-campana-en-villa-ventana-y-pidio-votar-la-lista-completa-de-union-por-la-patria\/\"]}]},{\"@type\":\"ImageObject\",\"inLanguage\":\"es\",\"@id\":\"https:\/\/www.noticiasradioreflejos.com.ar\/2021\/sergio-bordoni-cerro-su-campana-en-villa-ventana-y-pidio-votar-la-lista-completa-de-union-por-la-patria\/#primaryimage\",\"url\":\"https:\/\/www.noticiastornquist.com.ar\/imagen.php?imagen=2023-10\/dsc0015-1280x768.jpg\",\"contentUrl\":\"https:\/\/www.noticiastornquist.com.ar\/imagen.php?imagen=2023-10\/dsc0015-1280x768.jpg\"},{\"@type\":\"BreadcrumbList\",\"@id\":\"https:\/\/www.noticiasradioreflejos.com.ar\/2021\/sergio-bordoni-cerro-su-campana-en-villa-ventana-y-pidio-votar-la-lista-completa-de-union-por-la-patria\/#breadcrumb\",\"itemListElement\":[{\"@type\":\"ListItem\",\"position\":1,\"name\":\"Portada\",\"item\":\"https:\/\/www.noticiasradioreflejos.com.ar\/2021\/\"},{\"@type\":\"ListItem\",\"position\":2,\"name\":\"Sergio Bordoni cerr\u00f3 su campa\u00f1a en Villa Ventana y pidi\u00f3 votar la lista completa de Uni\u00f3n por la Patria\"}]},{\"@type\":\"WebSite\",\"@id\":\"https:\/\/www.noticiasradioreflejos.com.ar\/2021\/#website\",\"url\":\"https:\/\/www.noticiasradioreflejos.com.ar\/2021\/\",\"name\":\"Noticias Radio Reflejos\",\"description\":\"Las noticias de mi comarca\",\"potentialAction\":[{\"@type\":\"SearchAction\",\"target\":{\"@type\":\"EntryPoint\",\"urlTemplate\":\"https:\/\/www.noticiasradioreflejos.com.ar\/2021\/?s={search_term_string}\"},\"query-input\":{\"@type\":\"PropertyValueSpecification\",\"valueRequired\":true,\"valueName\":\"search_term_string\"}}],\"inLanguage\":\"es\"},{\"@type\":\"Person\",\"@id\":\"https:\/\/www.noticiasradioreflejos.com.ar\/2021\/#\/schema\/person\/ad82545263dcc5ec0996818884fd5fb1\",\"name\":\"Arnaldo Botto\",\"image\":{\"@type\":\"ImageObject\",\"inLanguage\":\"es\",\"@id\":\"https:\/\/www.noticiasradioreflejos.com.ar\/2021\/#\/schema\/person\/image\/\",\"url\":\"https:\/\/secure.gravatar.com\/avatar\/55cb5e37c1efa326397366e6974cb338056df65cb50e7d64d1cf314e87504837?s=96&d=mm&r=g\",\"contentUrl\":\"https:\/\/secure.gravatar.com\/avatar\/55cb5e37c1efa326397366e6974cb338056df65cb50e7d64d1cf314e87504837?s=96&d=mm&r=g\",\"caption\":\"Arnaldo Botto\"},\"url\":\"https:\/\/www.noticiasradioreflejos.com.ar\/2021\/author\/arnaldo\/\"}]}<\/script>\n<!-- \/ Yoast SEO plugin. -->","yoast_head_json":{"title":"Sergio Bordoni cerr\u00f3 su campa\u00f1a en Villa Ventana y pidi\u00f3 votar la lista completa de Uni\u00f3n por la Patria - Noticias Radio Reflejos","robots":{"index":"index","follow":"follow","max-snippet":"max-snippet:-1","max-image-preview":"max-image-preview:large","max-video-preview":"max-video-preview:-1"},"canonical":"https:\/\/www.noticiasradioreflejos.com.ar\/2021\/sergio-bordoni-cerro-su-campana-en-villa-ventana-y-pidio-votar-la-lista-completa-de-union-por-la-patria\/","og_locale":"es_ES","og_type":"article","og_title":"Sergio Bordoni cerr\u00f3 su campa\u00f1a en Villa Ventana y pidi\u00f3 votar la lista completa de Uni\u00f3n por la Patria - Noticias Radio Reflejos","og_description":"Fue este martes por la noche en la sede de la Biblioteca Popular \u201cMacedonio Fernandez\u201d","og_url":"https:\/\/www.noticiasradioreflejos.com.ar\/2021\/sergio-bordoni-cerro-su-campana-en-villa-ventana-y-pidio-votar-la-lista-completa-de-union-por-la-patria\/","og_site_name":"Noticias Radio Reflejos","article_published_time":"2023-10-18T11:09:17+00:00","og_image":[{"url":"https:\/\/www.noticiastornquist.com.ar\/imagen.php?imagen=2023-10\/dsc0015-1280x768.jpg","type":"","width":"","height":""}],"author":"Arnaldo Botto","twitter_card":"summary_large_image","schema":{"@context":"https:\/\/schema.org","@graph":[{"@type":"WebPage","@id":"https:\/\/www.noticiasradioreflejos.com.ar\/2021\/sergio-bordoni-cerro-su-campana-en-villa-ventana-y-pidio-votar-la-lista-completa-de-union-por-la-patria\/","url":"https:\/\/www.noticiasradioreflejos.com.ar\/2021\/sergio-bordoni-cerro-su-campana-en-villa-ventana-y-pidio-votar-la-lista-completa-de-union-por-la-patria\/","name":"Sergio Bordoni cerr\u00f3 su campa\u00f1a en Villa Ventana y pidi\u00f3 votar la lista completa de Uni\u00f3n por la Patria - Noticias Radio Reflejos","isPartOf":{"@id":"https:\/\/www.noticiasradioreflejos.com.ar\/2021\/#website"},"primaryImageOfPage":{"@id":"https:\/\/www.noticiasradioreflejos.com.ar\/2021\/sergio-bordoni-cerro-su-campana-en-villa-ventana-y-pidio-votar-la-lista-completa-de-union-por-la-patria\/#primaryimage"},"image":{"@id":"https:\/\/www.noticiasradioreflejos.com.ar\/2021\/sergio-bordoni-cerro-su-campana-en-villa-ventana-y-pidio-votar-la-lista-completa-de-union-por-la-patria\/#primaryimage"},"thumbnailUrl":"https:\/\/www.noticiastornquist.com.ar\/imagen.php?imagen=2023-10\/dsc0015-1280x768.jpg","datePublished":"2023-10-18T11:09:17+00:00","author":{"@id":"https:\/\/www.noticiasradioreflejos.com.ar\/2021\/#\/schema\/person\/ad82545263dcc5ec0996818884fd5fb1"},"breadcrumb":{"@id":"https:\/\/www.noticiasradioreflejos.com.ar\/2021\/sergio-bordoni-cerro-su-campana-en-villa-ventana-y-pidio-votar-la-lista-completa-de-union-por-la-patria\/#breadcrumb"},"inLanguage":"es","potentialAction":[{"@type":"ReadAction","target":["https:\/\/www.noticiasradioreflejos.com.ar\/2021\/sergio-bordoni-cerro-su-campana-en-villa-ventana-y-pidio-votar-la-lista-completa-de-union-por-la-patria\/"]}]},{"@type":"ImageObject","inLanguage":"es","@id":"https:\/\/www.noticiasradioreflejos.com.ar\/2021\/sergio-bordoni-cerro-su-campana-en-villa-ventana-y-pidio-votar-la-lista-completa-de-union-por-la-patria\/#primaryimage","url":"https:\/\/www.noticiastornquist.com.ar\/imagen.php?imagen=2023-10\/dsc0015-1280x768.jpg","contentUrl":"https:\/\/www.noticiastornquist.com.ar\/imagen.php?imagen=2023-10\/dsc0015-1280x768.jpg"},{"@type":"BreadcrumbList","@id":"https:\/\/www.noticiasradioreflejos.com.ar\/2021\/sergio-bordoni-cerro-su-campana-en-villa-ventana-y-pidio-votar-la-lista-completa-de-union-por-la-patria\/#breadcrumb","itemListElement":[{"@type":"ListItem","position":1,"name":"Portada","item":"https:\/\/www.noticiasradioreflejos.com.ar\/2021\/"},{"@type":"ListItem","position":2,"name":"Sergio Bordoni cerr\u00f3 su campa\u00f1a en Villa Ventana y pidi\u00f3 votar la lista completa de Uni\u00f3n por la Patria"}]},{"@type":"WebSite","@id":"https:\/\/www.noticiasradioreflejos.com.ar\/2021\/#website","url":"https:\/\/www.noticiasradioreflejos.com.ar\/2021\/","name":"Noticias Radio Reflejos","description":"Las noticias de mi comarca","potentialAction":[{"@type":"SearchAction","target":{"@type":"EntryPoint","urlTemplate":"https:\/\/www.noticiasradioreflejos.com.ar\/2021\/?s={search_term_string}"},"query-input":{"@type":"PropertyValueSpecification","valueRequired":true,"valueName":"search_term_string"}}],"inLanguage":"es"},{"@type":"Person","@id":"https:\/\/www.noticiasradioreflejos.com.ar\/2021\/#\/schema\/person\/ad82545263dcc5ec0996818884fd5fb1","name":"Arnaldo Botto","image":{"@type":"ImageObject","inLanguage":"es","@id":"https:\/\/www.noticiasradioreflejos.com.ar\/2021\/#\/schema\/person\/image\/","url":"https:\/\/secure.gravatar.com\/avatar\/55cb5e37c1efa326397366e6974cb338056df65cb50e7d64d1cf314e87504837?s=96&d=mm&r=g","contentUrl":"https:\/\/secure.gravatar.com\/avatar\/55cb5e37c1efa326397366e6974cb338056df65cb50e7d64d1cf314e87504837?s=96&d=mm&r=g","caption":"Arnaldo Botto"},"url":"https:\/\/www.noticiasradioreflejos.com.ar\/2021\/author\/arnaldo\/"}]}},"_links":{"self":[{"href":"https:\/\/www.noticiasradioreflejos.com.ar\/2021\/wp-json\/wp\/v2\/posts\/94090","targetHints":{"allow":["GET"]}}],"collection":[{"href":"https:\/\/www.noticiasradioreflejos.com.ar\/2021\/wp-json\/wp\/v2\/posts"}],"about":[{"href":"https:\/\/www.noticiasradioreflejos.com.ar\/2021\/wp-json\/wp\/v2\/types\/post"}],"author":[{"embeddable":true,"href":"https:\/\/www.noticiasradioreflejos.com.ar\/2021\/wp-json\/wp\/v2\/users\/3"}],"replies":[{"embeddable":true,"href":"https:\/\/www.noticiasradioreflejos.com.ar\/2021\/wp-json\/wp\/v2\/comments?post=94090"}],"version-history":[{"count":1,"href":"https:\/\/www.noticiasradioreflejos.com.ar\/2021\/wp-json\/wp\/v2\/posts\/94090\/revisions"}],"predecessor-version":[{"id":94092,"href":"https:\/\/www.noticiasradioreflejos.com.ar\/2021\/wp-json\/wp\/v2\/posts\/94090\/revisions\/94092"}],"wp:attachment":[{"href":"https:\/\/www.noticiasradioreflejos.com.ar\/2021\/wp-json\/wp\/v2\/media?parent=94090"}],"wp:term":[{"taxonomy":"category","embeddable":true,"href":"https:\/\/www.noticiasradioreflejos.com.ar\/2021\/wp-json\/wp\/v2\/categories?post=94090"},{"taxonomy":"post_tag","embeddable":true,"href":"https:\/\/www.noticiasradioreflejos.com.ar\/2021\/wp-json\/wp\/v2\/tags?post=94090"}],"curies":[{"name":"wp","href":"https:\/\/api.w.org\/{rel}","templated":true}]}}