{"id":94066,"date":"2023-10-17T20:07:29","date_gmt":"2023-10-17T20:07:29","guid":{"rendered":"https:\/\/www.noticiasradioreflejos.com.ar\/2021\/?p=94066"},"modified":"2023-10-17T20:07:29","modified_gmt":"2023-10-17T20:07:29","slug":"el-ministerio-de-las-mujeres-politicas-de-genero-y-diversidad-sexual-visito-carmen-de-patagones-pedro-luro-y-coronel-suarez","status":"publish","type":"post","link":"https:\/\/www.noticiasradioreflejos.com.ar\/2021\/el-ministerio-de-las-mujeres-politicas-de-genero-y-diversidad-sexual-visito-carmen-de-patagones-pedro-luro-y-coronel-suarez\/","title":{"rendered":"El Ministerio de las Mujeres, Pol\u00edticas de g\u00e9nero y Diversidad Sexual visit\u00f3 Carmen de Patagones, Pedro Luro y Coronel Su\u00e1rez."},"content":{"rendered":"<p>El director de promoci\u00f3n de masculinidades para la igualdad de g\u00e9nero, Ariel Sanchez, acompa\u00f1ado por la directora regional,Silvia Zaballa recorri\u00f3 los distritos de Carmen de Patagones, Pedro Luro y Coronel Su\u00e1rez.<!--more--><\/p>\n<p><a data-flickr-embed=\"true\" href=\"https:\/\/www.flickr.com\/photos\/182279889@N02\/53264971757\/in\/dateposted-public\/\" title=\"IMG_0922\"><img loading=\"lazy\" decoding=\"async\" src=\"https:\/\/live.staticflickr.com\/65535\/53264971757_193ac0f633.jpg\" width=\"500\" height=\"355\" alt=\"IMG_0922\"\/><\/a><script async src=\"\/\/embedr.flickr.com\/assets\/client-code.js\" charset=\"utf-8\"><\/script><\/p>\n<p>Brindaron una charla taller denominada \u201cTransversalizaci\u00f3n del enfoque de masculinidades\u00bb  con el objetivo de incorporar el trabajo con varones a aquellas instituciones que realizan trabajo territorial como estrategia de sensibilizaci\u00f3n para promover pr\u00e1cticas que colaboren en la erradicaci\u00f3n de las violencias. En Patagones se realiz\u00f3 en el colegio de trabajadores sociales de la delegaci\u00f3n Bah\u00eda Blanca. <\/p>\n<p>Continuando con el recorrido por la regi\u00f3n realizaron una charla Pedro Luro y Coronel Su\u00e1rez. En la primera localidad dirigida a estudiantes de Fines Y Cens. En Coronel Su\u00e1rez en el club estudiantes ferroviario Mitre, dirigida a formadores del club, docentes de ISFD y de escuelas de la zona. <\/p>\n","protected":false},"excerpt":{"rendered":"<p>El director de promoci\u00f3n de masculinidades para la igualdad de g\u00e9nero, Ariel Sanchez, acompa\u00f1ado por la directora regional,Silvia Zaballa recorri\u00f3 los distritos de Carmen de Patagones, Pedro Luro y Coronel Su\u00e1rez.<\/p>\n","protected":false},"author":3,"featured_media":94067,"comment_status":"closed","ping_status":"closed","sticky":false,"template":"","format":"standard","meta":{"footnotes":""},"categories":[24],"tags":[],"class_list":["post-94066","post","type-post","status-publish","format-standard","has-post-thumbnail","hentry","category-politica"],"yoast_head":"<!-- This site is optimized with the Yoast SEO plugin v25.9 - https:\/\/yoast.com\/wordpress\/plugins\/seo\/ -->\n<title>El Ministerio de las Mujeres, Pol\u00edticas de g\u00e9nero y Diversidad Sexual visit\u00f3 Carmen de Patagones, Pedro Luro y Coronel Su\u00e1rez. - Noticias Radio Reflejos<\/title>\n<meta name=\"robots\" content=\"index, follow, max-snippet:-1, max-image-preview:large, max-video-preview:-1\" \/>\n<link rel=\"canonical\" href=\"https:\/\/www.noticiasradioreflejos.com.ar\/2021\/el-ministerio-de-las-mujeres-politicas-de-genero-y-diversidad-sexual-visito-carmen-de-patagones-pedro-luro-y-coronel-suarez\/\" \/>\n<meta property=\"og:locale\" content=\"es_ES\" \/>\n<meta property=\"og:type\" content=\"article\" \/>\n<meta property=\"og:title\" content=\"El Ministerio de las Mujeres, Pol\u00edticas de g\u00e9nero y Diversidad Sexual visit\u00f3 Carmen de Patagones, Pedro Luro y Coronel Su\u00e1rez. - Noticias Radio Reflejos\" \/>\n<meta property=\"og:description\" content=\"El director de promoci\u00f3n de masculinidades para la igualdad de g\u00e9nero, Ariel Sanchez, acompa\u00f1ado por la directora regional,Silvia Zaballa recorri\u00f3 los distritos de Carmen de Patagones, Pedro Luro y Coronel Su\u00e1rez.\" \/>\n<meta property=\"og:url\" content=\"https:\/\/www.noticiasradioreflejos.com.ar\/2021\/el-ministerio-de-las-mujeres-politicas-de-genero-y-diversidad-sexual-visito-carmen-de-patagones-pedro-luro-y-coronel-suarez\/\" \/>\n<meta property=\"og:site_name\" content=\"Noticias Radio Reflejos\" \/>\n<meta property=\"article:published_time\" content=\"2023-10-17T20:07:29+00:00\" \/>\n<meta property=\"og:image\" content=\"https:\/\/www.noticiasradioreflejos.com.ar\/2021\/wp-content\/uploads\/2023\/10\/IMG_0924.jpg\" \/>\n\t<meta property=\"og:image:width\" content=\"828\" \/>\n\t<meta property=\"og:image:height\" content=\"454\" \/>\n\t<meta property=\"og:image:type\" content=\"image\/jpeg\" \/>\n<meta name=\"author\" content=\"Arnaldo Botto\" \/>\n<meta name=\"twitter:card\" content=\"summary_large_image\" \/>\n<script type=\"application\/ld+json\" class=\"yoast-schema-graph\">{\"@context\":\"https:\/\/schema.org\",\"@graph\":[{\"@type\":\"WebPage\",\"@id\":\"https:\/\/www.noticiasradioreflejos.com.ar\/2021\/el-ministerio-de-las-mujeres-politicas-de-genero-y-diversidad-sexual-visito-carmen-de-patagones-pedro-luro-y-coronel-suarez\/\",\"url\":\"https:\/\/www.noticiasradioreflejos.com.ar\/2021\/el-ministerio-de-las-mujeres-politicas-de-genero-y-diversidad-sexual-visito-carmen-de-patagones-pedro-luro-y-coronel-suarez\/\",\"name\":\"El Ministerio de las Mujeres, Pol\u00edticas de g\u00e9nero y Diversidad Sexual visit\u00f3 Carmen de Patagones, Pedro Luro y Coronel Su\u00e1rez. - Noticias Radio Reflejos\",\"isPartOf\":{\"@id\":\"https:\/\/www.noticiasradioreflejos.com.ar\/2021\/#website\"},\"primaryImageOfPage\":{\"@id\":\"https:\/\/www.noticiasradioreflejos.com.ar\/2021\/el-ministerio-de-las-mujeres-politicas-de-genero-y-diversidad-sexual-visito-carmen-de-patagones-pedro-luro-y-coronel-suarez\/#primaryimage\"},\"image\":{\"@id\":\"https:\/\/www.noticiasradioreflejos.com.ar\/2021\/el-ministerio-de-las-mujeres-politicas-de-genero-y-diversidad-sexual-visito-carmen-de-patagones-pedro-luro-y-coronel-suarez\/#primaryimage\"},\"thumbnailUrl\":\"https:\/\/www.noticiasradioreflejos.com.ar\/2021\/wp-content\/uploads\/2023\/10\/IMG_0924.jpg\",\"datePublished\":\"2023-10-17T20:07:29+00:00\",\"author\":{\"@id\":\"https:\/\/www.noticiasradioreflejos.com.ar\/2021\/#\/schema\/person\/ad82545263dcc5ec0996818884fd5fb1\"},\"breadcrumb\":{\"@id\":\"https:\/\/www.noticiasradioreflejos.com.ar\/2021\/el-ministerio-de-las-mujeres-politicas-de-genero-y-diversidad-sexual-visito-carmen-de-patagones-pedro-luro-y-coronel-suarez\/#breadcrumb\"},\"inLanguage\":\"es\",\"potentialAction\":[{\"@type\":\"ReadAction\",\"target\":[\"https:\/\/www.noticiasradioreflejos.com.ar\/2021\/el-ministerio-de-las-mujeres-politicas-de-genero-y-diversidad-sexual-visito-carmen-de-patagones-pedro-luro-y-coronel-suarez\/\"]}]},{\"@type\":\"ImageObject\",\"inLanguage\":\"es\",\"@id\":\"https:\/\/www.noticiasradioreflejos.com.ar\/2021\/el-ministerio-de-las-mujeres-politicas-de-genero-y-diversidad-sexual-visito-carmen-de-patagones-pedro-luro-y-coronel-suarez\/#primaryimage\",\"url\":\"https:\/\/www.noticiasradioreflejos.com.ar\/2021\/wp-content\/uploads\/2023\/10\/IMG_0924.jpg\",\"contentUrl\":\"https:\/\/www.noticiasradioreflejos.com.ar\/2021\/wp-content\/uploads\/2023\/10\/IMG_0924.jpg\",\"width\":828,\"height\":454},{\"@type\":\"BreadcrumbList\",\"@id\":\"https:\/\/www.noticiasradioreflejos.com.ar\/2021\/el-ministerio-de-las-mujeres-politicas-de-genero-y-diversidad-sexual-visito-carmen-de-patagones-pedro-luro-y-coronel-suarez\/#breadcrumb\",\"itemListElement\":[{\"@type\":\"ListItem\",\"position\":1,\"name\":\"Portada\",\"item\":\"https:\/\/www.noticiasradioreflejos.com.ar\/2021\/\"},{\"@type\":\"ListItem\",\"position\":2,\"name\":\"El Ministerio de las Mujeres, Pol\u00edticas de g\u00e9nero y Diversidad Sexual visit\u00f3 Carmen de Patagones, Pedro Luro y Coronel Su\u00e1rez.\"}]},{\"@type\":\"WebSite\",\"@id\":\"https:\/\/www.noticiasradioreflejos.com.ar\/2021\/#website\",\"url\":\"https:\/\/www.noticiasradioreflejos.com.ar\/2021\/\",\"name\":\"Noticias Radio Reflejos\",\"description\":\"Las noticias de mi comarca\",\"potentialAction\":[{\"@type\":\"SearchAction\",\"target\":{\"@type\":\"EntryPoint\",\"urlTemplate\":\"https:\/\/www.noticiasradioreflejos.com.ar\/2021\/?s={search_term_string}\"},\"query-input\":{\"@type\":\"PropertyValueSpecification\",\"valueRequired\":true,\"valueName\":\"search_term_string\"}}],\"inLanguage\":\"es\"},{\"@type\":\"Person\",\"@id\":\"https:\/\/www.noticiasradioreflejos.com.ar\/2021\/#\/schema\/person\/ad82545263dcc5ec0996818884fd5fb1\",\"name\":\"Arnaldo Botto\",\"image\":{\"@type\":\"ImageObject\",\"inLanguage\":\"es\",\"@id\":\"https:\/\/www.noticiasradioreflejos.com.ar\/2021\/#\/schema\/person\/image\/\",\"url\":\"https:\/\/secure.gravatar.com\/avatar\/55cb5e37c1efa326397366e6974cb338056df65cb50e7d64d1cf314e87504837?s=96&d=mm&r=g\",\"contentUrl\":\"https:\/\/secure.gravatar.com\/avatar\/55cb5e37c1efa326397366e6974cb338056df65cb50e7d64d1cf314e87504837?s=96&d=mm&r=g\",\"caption\":\"Arnaldo Botto\"},\"url\":\"https:\/\/www.noticiasradioreflejos.com.ar\/2021\/author\/arnaldo\/\"}]}<\/script>\n<!-- \/ Yoast SEO plugin. -->","yoast_head_json":{"title":"El Ministerio de las Mujeres, Pol\u00edticas de g\u00e9nero y Diversidad Sexual visit\u00f3 Carmen de Patagones, Pedro Luro y Coronel Su\u00e1rez. - Noticias Radio Reflejos","robots":{"index":"index","follow":"follow","max-snippet":"max-snippet:-1","max-image-preview":"max-image-preview:large","max-video-preview":"max-video-preview:-1"},"canonical":"https:\/\/www.noticiasradioreflejos.com.ar\/2021\/el-ministerio-de-las-mujeres-politicas-de-genero-y-diversidad-sexual-visito-carmen-de-patagones-pedro-luro-y-coronel-suarez\/","og_locale":"es_ES","og_type":"article","og_title":"El Ministerio de las Mujeres, Pol\u00edticas de g\u00e9nero y Diversidad Sexual visit\u00f3 Carmen de Patagones, Pedro Luro y Coronel Su\u00e1rez. - Noticias Radio Reflejos","og_description":"El director de promoci\u00f3n de masculinidades para la igualdad de g\u00e9nero, Ariel Sanchez, acompa\u00f1ado por la directora regional,Silvia Zaballa recorri\u00f3 los distritos de Carmen de Patagones, Pedro Luro y Coronel Su\u00e1rez.","og_url":"https:\/\/www.noticiasradioreflejos.com.ar\/2021\/el-ministerio-de-las-mujeres-politicas-de-genero-y-diversidad-sexual-visito-carmen-de-patagones-pedro-luro-y-coronel-suarez\/","og_site_name":"Noticias Radio Reflejos","article_published_time":"2023-10-17T20:07:29+00:00","og_image":[{"width":828,"height":454,"url":"https:\/\/www.noticiasradioreflejos.com.ar\/2021\/wp-content\/uploads\/2023\/10\/IMG_0924.jpg","type":"image\/jpeg"}],"author":"Arnaldo Botto","twitter_card":"summary_large_image","schema":{"@context":"https:\/\/schema.org","@graph":[{"@type":"WebPage","@id":"https:\/\/www.noticiasradioreflejos.com.ar\/2021\/el-ministerio-de-las-mujeres-politicas-de-genero-y-diversidad-sexual-visito-carmen-de-patagones-pedro-luro-y-coronel-suarez\/","url":"https:\/\/www.noticiasradioreflejos.com.ar\/2021\/el-ministerio-de-las-mujeres-politicas-de-genero-y-diversidad-sexual-visito-carmen-de-patagones-pedro-luro-y-coronel-suarez\/","name":"El Ministerio de las Mujeres, Pol\u00edticas de g\u00e9nero y Diversidad Sexual visit\u00f3 Carmen de Patagones, Pedro Luro y Coronel Su\u00e1rez. - Noticias Radio Reflejos","isPartOf":{"@id":"https:\/\/www.noticiasradioreflejos.com.ar\/2021\/#website"},"primaryImageOfPage":{"@id":"https:\/\/www.noticiasradioreflejos.com.ar\/2021\/el-ministerio-de-las-mujeres-politicas-de-genero-y-diversidad-sexual-visito-carmen-de-patagones-pedro-luro-y-coronel-suarez\/#primaryimage"},"image":{"@id":"https:\/\/www.noticiasradioreflejos.com.ar\/2021\/el-ministerio-de-las-mujeres-politicas-de-genero-y-diversidad-sexual-visito-carmen-de-patagones-pedro-luro-y-coronel-suarez\/#primaryimage"},"thumbnailUrl":"https:\/\/www.noticiasradioreflejos.com.ar\/2021\/wp-content\/uploads\/2023\/10\/IMG_0924.jpg","datePublished":"2023-10-17T20:07:29+00:00","author":{"@id":"https:\/\/www.noticiasradioreflejos.com.ar\/2021\/#\/schema\/person\/ad82545263dcc5ec0996818884fd5fb1"},"breadcrumb":{"@id":"https:\/\/www.noticiasradioreflejos.com.ar\/2021\/el-ministerio-de-las-mujeres-politicas-de-genero-y-diversidad-sexual-visito-carmen-de-patagones-pedro-luro-y-coronel-suarez\/#breadcrumb"},"inLanguage":"es","potentialAction":[{"@type":"ReadAction","target":["https:\/\/www.noticiasradioreflejos.com.ar\/2021\/el-ministerio-de-las-mujeres-politicas-de-genero-y-diversidad-sexual-visito-carmen-de-patagones-pedro-luro-y-coronel-suarez\/"]}]},{"@type":"ImageObject","inLanguage":"es","@id":"https:\/\/www.noticiasradioreflejos.com.ar\/2021\/el-ministerio-de-las-mujeres-politicas-de-genero-y-diversidad-sexual-visito-carmen-de-patagones-pedro-luro-y-coronel-suarez\/#primaryimage","url":"https:\/\/www.noticiasradioreflejos.com.ar\/2021\/wp-content\/uploads\/2023\/10\/IMG_0924.jpg","contentUrl":"https:\/\/www.noticiasradioreflejos.com.ar\/2021\/wp-content\/uploads\/2023\/10\/IMG_0924.jpg","width":828,"height":454},{"@type":"BreadcrumbList","@id":"https:\/\/www.noticiasradioreflejos.com.ar\/2021\/el-ministerio-de-las-mujeres-politicas-de-genero-y-diversidad-sexual-visito-carmen-de-patagones-pedro-luro-y-coronel-suarez\/#breadcrumb","itemListElement":[{"@type":"ListItem","position":1,"name":"Portada","item":"https:\/\/www.noticiasradioreflejos.com.ar\/2021\/"},{"@type":"ListItem","position":2,"name":"El Ministerio de las Mujeres, Pol\u00edticas de g\u00e9nero y Diversidad Sexual visit\u00f3 Carmen de Patagones, Pedro Luro y Coronel Su\u00e1rez."}]},{"@type":"WebSite","@id":"https:\/\/www.noticiasradioreflejos.com.ar\/2021\/#website","url":"https:\/\/www.noticiasradioreflejos.com.ar\/2021\/","name":"Noticias Radio Reflejos","description":"Las noticias de mi comarca","potentialAction":[{"@type":"SearchAction","target":{"@type":"EntryPoint","urlTemplate":"https:\/\/www.noticiasradioreflejos.com.ar\/2021\/?s={search_term_string}"},"query-input":{"@type":"PropertyValueSpecification","valueRequired":true,"valueName":"search_term_string"}}],"inLanguage":"es"},{"@type":"Person","@id":"https:\/\/www.noticiasradioreflejos.com.ar\/2021\/#\/schema\/person\/ad82545263dcc5ec0996818884fd5fb1","name":"Arnaldo Botto","image":{"@type":"ImageObject","inLanguage":"es","@id":"https:\/\/www.noticiasradioreflejos.com.ar\/2021\/#\/schema\/person\/image\/","url":"https:\/\/secure.gravatar.com\/avatar\/55cb5e37c1efa326397366e6974cb338056df65cb50e7d64d1cf314e87504837?s=96&d=mm&r=g","contentUrl":"https:\/\/secure.gravatar.com\/avatar\/55cb5e37c1efa326397366e6974cb338056df65cb50e7d64d1cf314e87504837?s=96&d=mm&r=g","caption":"Arnaldo Botto"},"url":"https:\/\/www.noticiasradioreflejos.com.ar\/2021\/author\/arnaldo\/"}]}},"_links":{"self":[{"href":"https:\/\/www.noticiasradioreflejos.com.ar\/2021\/wp-json\/wp\/v2\/posts\/94066","targetHints":{"allow":["GET"]}}],"collection":[{"href":"https:\/\/www.noticiasradioreflejos.com.ar\/2021\/wp-json\/wp\/v2\/posts"}],"about":[{"href":"https:\/\/www.noticiasradioreflejos.com.ar\/2021\/wp-json\/wp\/v2\/types\/post"}],"author":[{"embeddable":true,"href":"https:\/\/www.noticiasradioreflejos.com.ar\/2021\/wp-json\/wp\/v2\/users\/3"}],"replies":[{"embeddable":true,"href":"https:\/\/www.noticiasradioreflejos.com.ar\/2021\/wp-json\/wp\/v2\/comments?post=94066"}],"version-history":[{"count":1,"href":"https:\/\/www.noticiasradioreflejos.com.ar\/2021\/wp-json\/wp\/v2\/posts\/94066\/revisions"}],"predecessor-version":[{"id":94068,"href":"https:\/\/www.noticiasradioreflejos.com.ar\/2021\/wp-json\/wp\/v2\/posts\/94066\/revisions\/94068"}],"wp:featuredmedia":[{"embeddable":true,"href":"https:\/\/www.noticiasradioreflejos.com.ar\/2021\/wp-json\/wp\/v2\/media\/94067"}],"wp:attachment":[{"href":"https:\/\/www.noticiasradioreflejos.com.ar\/2021\/wp-json\/wp\/v2\/media?parent=94066"}],"wp:term":[{"taxonomy":"category","embeddable":true,"href":"https:\/\/www.noticiasradioreflejos.com.ar\/2021\/wp-json\/wp\/v2\/categories?post=94066"},{"taxonomy":"post_tag","embeddable":true,"href":"https:\/\/www.noticiasradioreflejos.com.ar\/2021\/wp-json\/wp\/v2\/tags?post=94066"}],"curies":[{"name":"wp","href":"https:\/\/api.w.org\/{rel}","templated":true}]}}