{"id":94043,"date":"2023-10-17T18:00:49","date_gmt":"2023-10-17T18:00:49","guid":{"rendered":"https:\/\/www.noticiasradioreflejos.com.ar\/2021\/?p=94043"},"modified":"2023-10-17T18:00:49","modified_gmt":"2023-10-17T18:00:49","slug":"varios-temas-para-la-sesion-de-hoy-en-el-concejo","status":"publish","type":"post","link":"https:\/\/www.noticiasradioreflejos.com.ar\/2021\/varios-temas-para-la-sesion-de-hoy-en-el-concejo\/","title":{"rendered":"Varios temas para la sesi\u00f3n de hoy en el Concejo"},"content":{"rendered":"<p>El camioneta gate tendr\u00e1 un nuevo cap\u00edtulo con el pedido de ubicaci\u00f3n de motor y patentes del rodado. Otro veh\u00edculo tambi\u00e9n est\u00e1 en la mira por un viaje a R\u00edo Negro. Adem\u00e1s, se presentar\u00e1 un proyecto para capacitar a empleados municipales en lenguaje de se\u00f1as.<!--more--><\/p>\n<p>En la sesi\u00f3n de este martes del Honorable Concejo Deliberante, los bloques de Juntos y Juntos por el Cambio solicitar\u00e1n un pedido de informe al intendente sobre la \u201cubicaci\u00f3n exacta y actual del motor y chapas patentes originales que le fueran sustra\u00eddas al veh\u00edculo propiedad del ciudadano Fernando Dar\u00edo Obuljen\u201d.<\/p>\n<p>Al mismo tiempo pedir\u00e1n que \u201cratifique o rectifique respecto a si se ten\u00eda o no conocimiento de los hechos investigados, a trav\u00e9s de los entonces Secretario de Gobierno y Subsecretario de Hacienda (\u2026) con anterioridad a la denuncia penal\u201d.<\/p>\n<p>En otro pedido de informe los mismos bloques solicitar\u00e1n informaci\u00f3n, con el mismo plazo de respuesta, sobre un veh\u00edculo municipal que el 21 de mayo cometi\u00f3 una infracci\u00f3n de tr\u00e1nsito en la Ruta 22.<\/p>\n<p>Seg\u00fan aseguran, no existen \u00f3rdenes de pago de vi\u00e1ticos municipales a esa provincia en esa fecha, por lo que quieren saber \u201clos motivos que justificaban que el veh\u00edculo municipal estuviese ah\u00ed (\u2026) y qui\u00e9nes eran los agentes o funcionarios municipales que hac\u00edan uso del mismo\u201d.<\/p>\n<p>Por \u00faltimo se presentar\u00e1 un proyecto sobre lenguaje de se\u00f1as en el \u00e1mbito municipal, para que todos los empleados de esa dependencias cuenten con capacitaciones pertinentes y puedan interactuar correctamente con personas hipo ac\u00fasticas.<\/p>\n<p><a title=\"HCD 1710 (2)\" href=\"https:\/\/www.flickr.com\/photos\/182279889@N02\/53265570671\/in\/dateposted-public\/\" data-flickr-embed=\"true\"><img loading=\"lazy\" decoding=\"async\" src=\"https:\/\/live.staticflickr.com\/65535\/53265570671_7049e61fcd_z.jpg\" alt=\"HCD 1710 (2)\" width=\"394\" height=\"640\" \/><\/a><script async src=\"\/\/embedr.flickr.com\/assets\/client-code.js\" charset=\"utf-8\"><\/script><\/p>\n<p><a title=\"HCD 1710 (1)\" href=\"https:\/\/www.flickr.com\/photos\/182279889@N02\/53265856233\/in\/dateposted-public\/\" data-flickr-embed=\"true\"><img loading=\"lazy\" decoding=\"async\" src=\"https:\/\/live.staticflickr.com\/65535\/53265856233_41edf28d3d_z.jpg\" alt=\"HCD 1710 (1)\" width=\"385\" height=\"640\" \/><\/a><script async src=\"\/\/embedr.flickr.com\/assets\/client-code.js\" charset=\"utf-8\"><\/script><\/p>\n<p><a title=\"HCD 1710 (6)\" href=\"https:\/\/www.flickr.com\/photos\/182279889@N02\/53264684907\/in\/dateposted-public\/\" data-flickr-embed=\"true\"><img loading=\"lazy\" decoding=\"async\" src=\"https:\/\/live.staticflickr.com\/65535\/53264684907_e477c3ce86_z.jpg\" alt=\"HCD 1710 (6)\" width=\"404\" height=\"640\" \/><\/a><script async src=\"\/\/embedr.flickr.com\/assets\/client-code.js\" charset=\"utf-8\"><\/script><\/p>\n<p><a title=\"HCD 1710 (5)\" href=\"https:\/\/www.flickr.com\/photos\/182279889@N02\/53264684917\/in\/dateposted-public\/\" data-flickr-embed=\"true\"><img loading=\"lazy\" decoding=\"async\" src=\"https:\/\/live.staticflickr.com\/65535\/53264684917_64a53ac633_z.jpg\" alt=\"HCD 1710 (5)\" width=\"394\" height=\"640\" \/><\/a><script async src=\"\/\/embedr.flickr.com\/assets\/client-code.js\" charset=\"utf-8\"><\/script><\/p>\n<p><a data-flickr-embed=\"true\" href=\"https:\/\/www.flickr.com\/photos\/182279889@N02\/53265922744\/in\/dateposted-public\/\" title=\"HCD 1710 (4)\"><img loading=\"lazy\" decoding=\"async\" src=\"https:\/\/live.staticflickr.com\/65535\/53265922744_1870670419_z.jpg\" width=\"404\" height=\"640\" alt=\"HCD 1710 (4)\"\/><\/a><script async src=\"\/\/embedr.flickr.com\/assets\/client-code.js\" charset=\"utf-8\"><\/script><\/p>\n<p><a data-flickr-embed=\"true\" href=\"https:\/\/www.flickr.com\/photos\/182279889@N02\/53265570776\/in\/dateposted-public\/\" title=\"HCD 1710 (3)\"><img loading=\"lazy\" decoding=\"async\" src=\"https:\/\/live.staticflickr.com\/65535\/53265570776_15fa2d744d_z.jpg\" width=\"443\" height=\"640\" alt=\"HCD 1710 (3)\"\/><\/a><script async src=\"\/\/embedr.flickr.com\/assets\/client-code.js\" charset=\"utf-8\"><\/script><\/p>\n","protected":false},"excerpt":{"rendered":"<p>El camioneta gate tendr\u00e1 un nuevo cap\u00edtulo con el pedido de ubicaci\u00f3n de motor y patentes del rodado. Otro veh\u00edculo tambi\u00e9n est\u00e1 en la mira por un viaje a R\u00edo Negro. Adem\u00e1s, se presentar\u00e1 un proyecto para capacitar a empleados municipales en lenguaje de se\u00f1as.<\/p>\n","protected":false},"author":3,"featured_media":0,"comment_status":"closed","ping_status":"closed","sticky":false,"template":"","format":"standard","meta":{"footnotes":""},"categories":[59],"tags":[],"class_list":["post-94043","post","type-post","status-publish","format-standard","hentry","category-concejo-deliberante"],"yoast_head":"<!-- This site is optimized with the Yoast SEO plugin v25.9 - https:\/\/yoast.com\/wordpress\/plugins\/seo\/ -->\n<title>Varios temas para la sesi\u00f3n de hoy en el Concejo - Noticias Radio Reflejos<\/title>\n<meta name=\"robots\" content=\"index, follow, max-snippet:-1, max-image-preview:large, max-video-preview:-1\" \/>\n<link rel=\"canonical\" href=\"https:\/\/www.noticiasradioreflejos.com.ar\/2021\/varios-temas-para-la-sesion-de-hoy-en-el-concejo\/\" \/>\n<meta property=\"og:locale\" content=\"es_ES\" \/>\n<meta property=\"og:type\" content=\"article\" \/>\n<meta property=\"og:title\" content=\"Varios temas para la sesi\u00f3n de hoy en el Concejo - Noticias Radio Reflejos\" \/>\n<meta property=\"og:description\" content=\"El camioneta gate tendr\u00e1 un nuevo cap\u00edtulo con el pedido de ubicaci\u00f3n de motor y patentes del rodado. Otro veh\u00edculo tambi\u00e9n est\u00e1 en la mira por un viaje a R\u00edo Negro. Adem\u00e1s, se presentar\u00e1 un proyecto para capacitar a empleados municipales en lenguaje de se\u00f1as.\" \/>\n<meta property=\"og:url\" content=\"https:\/\/www.noticiasradioreflejos.com.ar\/2021\/varios-temas-para-la-sesion-de-hoy-en-el-concejo\/\" \/>\n<meta property=\"og:site_name\" content=\"Noticias Radio Reflejos\" \/>\n<meta property=\"article:published_time\" content=\"2023-10-17T18:00:49+00:00\" \/>\n<meta property=\"og:image\" content=\"https:\/\/live.staticflickr.com\/65535\/53265570671_7049e61fcd_z.jpg\" \/>\n<meta name=\"author\" content=\"Arnaldo Botto\" \/>\n<meta name=\"twitter:card\" content=\"summary_large_image\" \/>\n<script type=\"application\/ld+json\" class=\"yoast-schema-graph\">{\"@context\":\"https:\/\/schema.org\",\"@graph\":[{\"@type\":\"WebPage\",\"@id\":\"https:\/\/www.noticiasradioreflejos.com.ar\/2021\/varios-temas-para-la-sesion-de-hoy-en-el-concejo\/\",\"url\":\"https:\/\/www.noticiasradioreflejos.com.ar\/2021\/varios-temas-para-la-sesion-de-hoy-en-el-concejo\/\",\"name\":\"Varios temas para la sesi\u00f3n de hoy en el Concejo - Noticias Radio Reflejos\",\"isPartOf\":{\"@id\":\"https:\/\/www.noticiasradioreflejos.com.ar\/2021\/#website\"},\"primaryImageOfPage\":{\"@id\":\"https:\/\/www.noticiasradioreflejos.com.ar\/2021\/varios-temas-para-la-sesion-de-hoy-en-el-concejo\/#primaryimage\"},\"image\":{\"@id\":\"https:\/\/www.noticiasradioreflejos.com.ar\/2021\/varios-temas-para-la-sesion-de-hoy-en-el-concejo\/#primaryimage\"},\"thumbnailUrl\":\"https:\/\/live.staticflickr.com\/65535\/53265570671_7049e61fcd_z.jpg\",\"datePublished\":\"2023-10-17T18:00:49+00:00\",\"author\":{\"@id\":\"https:\/\/www.noticiasradioreflejos.com.ar\/2021\/#\/schema\/person\/ad82545263dcc5ec0996818884fd5fb1\"},\"breadcrumb\":{\"@id\":\"https:\/\/www.noticiasradioreflejos.com.ar\/2021\/varios-temas-para-la-sesion-de-hoy-en-el-concejo\/#breadcrumb\"},\"inLanguage\":\"es\",\"potentialAction\":[{\"@type\":\"ReadAction\",\"target\":[\"https:\/\/www.noticiasradioreflejos.com.ar\/2021\/varios-temas-para-la-sesion-de-hoy-en-el-concejo\/\"]}]},{\"@type\":\"ImageObject\",\"inLanguage\":\"es\",\"@id\":\"https:\/\/www.noticiasradioreflejos.com.ar\/2021\/varios-temas-para-la-sesion-de-hoy-en-el-concejo\/#primaryimage\",\"url\":\"https:\/\/live.staticflickr.com\/65535\/53265570671_7049e61fcd_z.jpg\",\"contentUrl\":\"https:\/\/live.staticflickr.com\/65535\/53265570671_7049e61fcd_z.jpg\"},{\"@type\":\"BreadcrumbList\",\"@id\":\"https:\/\/www.noticiasradioreflejos.com.ar\/2021\/varios-temas-para-la-sesion-de-hoy-en-el-concejo\/#breadcrumb\",\"itemListElement\":[{\"@type\":\"ListItem\",\"position\":1,\"name\":\"Portada\",\"item\":\"https:\/\/www.noticiasradioreflejos.com.ar\/2021\/\"},{\"@type\":\"ListItem\",\"position\":2,\"name\":\"Varios temas para la sesi\u00f3n de hoy en el Concejo\"}]},{\"@type\":\"WebSite\",\"@id\":\"https:\/\/www.noticiasradioreflejos.com.ar\/2021\/#website\",\"url\":\"https:\/\/www.noticiasradioreflejos.com.ar\/2021\/\",\"name\":\"Noticias Radio Reflejos\",\"description\":\"Las noticias de mi comarca\",\"potentialAction\":[{\"@type\":\"SearchAction\",\"target\":{\"@type\":\"EntryPoint\",\"urlTemplate\":\"https:\/\/www.noticiasradioreflejos.com.ar\/2021\/?s={search_term_string}\"},\"query-input\":{\"@type\":\"PropertyValueSpecification\",\"valueRequired\":true,\"valueName\":\"search_term_string\"}}],\"inLanguage\":\"es\"},{\"@type\":\"Person\",\"@id\":\"https:\/\/www.noticiasradioreflejos.com.ar\/2021\/#\/schema\/person\/ad82545263dcc5ec0996818884fd5fb1\",\"name\":\"Arnaldo Botto\",\"image\":{\"@type\":\"ImageObject\",\"inLanguage\":\"es\",\"@id\":\"https:\/\/www.noticiasradioreflejos.com.ar\/2021\/#\/schema\/person\/image\/\",\"url\":\"https:\/\/secure.gravatar.com\/avatar\/55cb5e37c1efa326397366e6974cb338056df65cb50e7d64d1cf314e87504837?s=96&d=mm&r=g\",\"contentUrl\":\"https:\/\/secure.gravatar.com\/avatar\/55cb5e37c1efa326397366e6974cb338056df65cb50e7d64d1cf314e87504837?s=96&d=mm&r=g\",\"caption\":\"Arnaldo Botto\"},\"url\":\"https:\/\/www.noticiasradioreflejos.com.ar\/2021\/author\/arnaldo\/\"}]}<\/script>\n<!-- \/ Yoast SEO plugin. -->","yoast_head_json":{"title":"Varios temas para la sesi\u00f3n de hoy en el Concejo - Noticias Radio Reflejos","robots":{"index":"index","follow":"follow","max-snippet":"max-snippet:-1","max-image-preview":"max-image-preview:large","max-video-preview":"max-video-preview:-1"},"canonical":"https:\/\/www.noticiasradioreflejos.com.ar\/2021\/varios-temas-para-la-sesion-de-hoy-en-el-concejo\/","og_locale":"es_ES","og_type":"article","og_title":"Varios temas para la sesi\u00f3n de hoy en el Concejo - Noticias Radio Reflejos","og_description":"El camioneta gate tendr\u00e1 un nuevo cap\u00edtulo con el pedido de ubicaci\u00f3n de motor y patentes del rodado. Otro veh\u00edculo tambi\u00e9n est\u00e1 en la mira por un viaje a R\u00edo Negro. Adem\u00e1s, se presentar\u00e1 un proyecto para capacitar a empleados municipales en lenguaje de se\u00f1as.","og_url":"https:\/\/www.noticiasradioreflejos.com.ar\/2021\/varios-temas-para-la-sesion-de-hoy-en-el-concejo\/","og_site_name":"Noticias Radio Reflejos","article_published_time":"2023-10-17T18:00:49+00:00","og_image":[{"url":"https:\/\/live.staticflickr.com\/65535\/53265570671_7049e61fcd_z.jpg","type":"","width":"","height":""}],"author":"Arnaldo Botto","twitter_card":"summary_large_image","schema":{"@context":"https:\/\/schema.org","@graph":[{"@type":"WebPage","@id":"https:\/\/www.noticiasradioreflejos.com.ar\/2021\/varios-temas-para-la-sesion-de-hoy-en-el-concejo\/","url":"https:\/\/www.noticiasradioreflejos.com.ar\/2021\/varios-temas-para-la-sesion-de-hoy-en-el-concejo\/","name":"Varios temas para la sesi\u00f3n de hoy en el Concejo - Noticias Radio Reflejos","isPartOf":{"@id":"https:\/\/www.noticiasradioreflejos.com.ar\/2021\/#website"},"primaryImageOfPage":{"@id":"https:\/\/www.noticiasradioreflejos.com.ar\/2021\/varios-temas-para-la-sesion-de-hoy-en-el-concejo\/#primaryimage"},"image":{"@id":"https:\/\/www.noticiasradioreflejos.com.ar\/2021\/varios-temas-para-la-sesion-de-hoy-en-el-concejo\/#primaryimage"},"thumbnailUrl":"https:\/\/live.staticflickr.com\/65535\/53265570671_7049e61fcd_z.jpg","datePublished":"2023-10-17T18:00:49+00:00","author":{"@id":"https:\/\/www.noticiasradioreflejos.com.ar\/2021\/#\/schema\/person\/ad82545263dcc5ec0996818884fd5fb1"},"breadcrumb":{"@id":"https:\/\/www.noticiasradioreflejos.com.ar\/2021\/varios-temas-para-la-sesion-de-hoy-en-el-concejo\/#breadcrumb"},"inLanguage":"es","potentialAction":[{"@type":"ReadAction","target":["https:\/\/www.noticiasradioreflejos.com.ar\/2021\/varios-temas-para-la-sesion-de-hoy-en-el-concejo\/"]}]},{"@type":"ImageObject","inLanguage":"es","@id":"https:\/\/www.noticiasradioreflejos.com.ar\/2021\/varios-temas-para-la-sesion-de-hoy-en-el-concejo\/#primaryimage","url":"https:\/\/live.staticflickr.com\/65535\/53265570671_7049e61fcd_z.jpg","contentUrl":"https:\/\/live.staticflickr.com\/65535\/53265570671_7049e61fcd_z.jpg"},{"@type":"BreadcrumbList","@id":"https:\/\/www.noticiasradioreflejos.com.ar\/2021\/varios-temas-para-la-sesion-de-hoy-en-el-concejo\/#breadcrumb","itemListElement":[{"@type":"ListItem","position":1,"name":"Portada","item":"https:\/\/www.noticiasradioreflejos.com.ar\/2021\/"},{"@type":"ListItem","position":2,"name":"Varios temas para la sesi\u00f3n de hoy en el Concejo"}]},{"@type":"WebSite","@id":"https:\/\/www.noticiasradioreflejos.com.ar\/2021\/#website","url":"https:\/\/www.noticiasradioreflejos.com.ar\/2021\/","name":"Noticias Radio Reflejos","description":"Las noticias de mi comarca","potentialAction":[{"@type":"SearchAction","target":{"@type":"EntryPoint","urlTemplate":"https:\/\/www.noticiasradioreflejos.com.ar\/2021\/?s={search_term_string}"},"query-input":{"@type":"PropertyValueSpecification","valueRequired":true,"valueName":"search_term_string"}}],"inLanguage":"es"},{"@type":"Person","@id":"https:\/\/www.noticiasradioreflejos.com.ar\/2021\/#\/schema\/person\/ad82545263dcc5ec0996818884fd5fb1","name":"Arnaldo Botto","image":{"@type":"ImageObject","inLanguage":"es","@id":"https:\/\/www.noticiasradioreflejos.com.ar\/2021\/#\/schema\/person\/image\/","url":"https:\/\/secure.gravatar.com\/avatar\/55cb5e37c1efa326397366e6974cb338056df65cb50e7d64d1cf314e87504837?s=96&d=mm&r=g","contentUrl":"https:\/\/secure.gravatar.com\/avatar\/55cb5e37c1efa326397366e6974cb338056df65cb50e7d64d1cf314e87504837?s=96&d=mm&r=g","caption":"Arnaldo Botto"},"url":"https:\/\/www.noticiasradioreflejos.com.ar\/2021\/author\/arnaldo\/"}]}},"_links":{"self":[{"href":"https:\/\/www.noticiasradioreflejos.com.ar\/2021\/wp-json\/wp\/v2\/posts\/94043","targetHints":{"allow":["GET"]}}],"collection":[{"href":"https:\/\/www.noticiasradioreflejos.com.ar\/2021\/wp-json\/wp\/v2\/posts"}],"about":[{"href":"https:\/\/www.noticiasradioreflejos.com.ar\/2021\/wp-json\/wp\/v2\/types\/post"}],"author":[{"embeddable":true,"href":"https:\/\/www.noticiasradioreflejos.com.ar\/2021\/wp-json\/wp\/v2\/users\/3"}],"replies":[{"embeddable":true,"href":"https:\/\/www.noticiasradioreflejos.com.ar\/2021\/wp-json\/wp\/v2\/comments?post=94043"}],"version-history":[{"count":2,"href":"https:\/\/www.noticiasradioreflejos.com.ar\/2021\/wp-json\/wp\/v2\/posts\/94043\/revisions"}],"predecessor-version":[{"id":94045,"href":"https:\/\/www.noticiasradioreflejos.com.ar\/2021\/wp-json\/wp\/v2\/posts\/94043\/revisions\/94045"}],"wp:attachment":[{"href":"https:\/\/www.noticiasradioreflejos.com.ar\/2021\/wp-json\/wp\/v2\/media?parent=94043"}],"wp:term":[{"taxonomy":"category","embeddable":true,"href":"https:\/\/www.noticiasradioreflejos.com.ar\/2021\/wp-json\/wp\/v2\/categories?post=94043"},{"taxonomy":"post_tag","embeddable":true,"href":"https:\/\/www.noticiasradioreflejos.com.ar\/2021\/wp-json\/wp\/v2\/tags?post=94043"}],"curies":[{"name":"wp","href":"https:\/\/api.w.org\/{rel}","templated":true}]}}