{"id":94026,"date":"2023-10-17T18:29:06","date_gmt":"2023-10-17T18:29:06","guid":{"rendered":"https:\/\/www.noticiasradioreflejos.com.ar\/2021\/?p=94026"},"modified":"2023-10-17T18:29:06","modified_gmt":"2023-10-17T18:29:06","slug":"raul-salerno-mientras-dios-me-de-salud-voy-a-acompanar","status":"publish","type":"post","link":"https:\/\/www.noticiasradioreflejos.com.ar\/2021\/raul-salerno-mientras-dios-me-de-salud-voy-a-acompanar\/","title":{"rendered":"Ra\u00fal Salerno: \u201cMientras Dios me de salud voy a acompa\u00f1ar\u201d"},"content":{"rendered":"<p>El actual presidente de Bomberos Voluntarios de Villa Ventana y socio fundador del cuartel de Sierra, se emocion\u00f3 al sostener que \u201cbomberos es as\u00ed, uno lo lleva adentro\u201d.<!--more--><\/p>\n<p><strong>Ra\u00fal Salerno<\/strong> es toda una instituci\u00f3n por \u00e9l mismo.<strong> Socio fundador del cuartel que cumple 50 a\u00f1os,<\/strong> y al mismo tiempo, presidente del cuartel de Villa, se emocion\u00f3 hasta las l\u00e1grimas al recordar el camino recorrido.<\/p>\n<p>En un principio afirm\u00f3 que \u201csoy socio fundador del cuartel. Comenzamos en un sal\u00f3n chiquito al lado del Hotel Golf. Qued\u00e9 solo de aquella primera comisi\u00f3n ya que no qued\u00f3 nadie. Mientras Dios me de salud voy a acompa\u00f1ar a los chicos de Villa\u201d.<\/p>\n<p>Al mismo tiempo, y con la voz entre cortada, asegur\u00f3 que \u201cuno lo lleva adentro. Bomberos es as\u00ed. Al ver nacer un cuartel es emocionante. Por eso estoy trabajando y colaborando con los chicos. Tenemos un gran cuartel. El distrito de Tornquist debe estar orgulloso por sus cuarteles, todos bien equipados y la parte humana ni hablar. Todos bomberos bien preparados\u201d.<\/p>\n<p><a title=\"50 anivers, Bomberos sierra (252)\" href=\"https:\/\/www.flickr.com\/photos\/182279889@N02\/53257320112\/in\/dateposted-public\/\" data-flickr-embed=\"true\"><img loading=\"lazy\" decoding=\"async\" src=\"https:\/\/live.staticflickr.com\/65535\/53257320112_69e406db0f_c.jpg\" alt=\"50 anivers, Bomberos sierra (252)\" width=\"800\" height=\"521\" \/><\/a><\/p>\n<p>&nbsp;<\/p>\n<p>En esa l\u00ednea reconoci\u00f3 que \u201choy los elementos son de mucho costo, cuesta tenerlos, y pese a eso todos los cuarteles los tienen. Gracias a Dios estamos trabajando para la comunidad y los chicos que est\u00e1n en el cuartel\u201d.<\/p>\n<p>Por \u00faltimo admiti\u00f3 que \u201clos chicos est\u00e1n continuamente capacit\u00e1ndose. Al mismo tiempo los equipos hay que ir renov\u00e1ndolos, lo mismo que los veh\u00edculos. Todos son equipos caros pero no los podes dejar pasar por m\u00e1s de diez a\u00f1os. Por eso con los subsidios que se reciben se va renovando todo\u201d.<\/p>\n<p><iframe loading=\"lazy\" src=\"https:\/\/w.soundcloud.com\/player\/?url=https%3A\/\/api.soundcloud.com\/tracks\/1640934069&amp;color=%23ff5500&amp;auto_play=false&amp;hide_related=false&amp;show_comments=true&amp;show_user=true&amp;show_reposts=false&amp;show_teaser=true\" width=\"100%\" height=\"166\" frameborder=\"no\" scrolling=\"no\"><\/iframe><\/p>\n<div style=\"font-size: 10px; color: #cccccc; line-break: anywhere; word-break: normal; overflow: hidden; white-space: nowrap; text-overflow: ellipsis; font-family: Interstate,Lucida Grande,Lucida Sans Unicode,Lucida Sans,Garuda,Verdana,Tahoma,sans-serif; font-weight: 100;\"><a style=\"color: #cccccc; text-decoration: none;\" title=\"fmreflejos 103.7\" href=\"https:\/\/soundcloud.com\/fmreflejos-103-7\" target=\"_blank\" rel=\"noopener\">fmreflejos 103.7<\/a> \u00b7 <a style=\"color: #cccccc; text-decoration: none;\" title=\"Ra\u00fal Salerno.wav\" href=\"https:\/\/soundcloud.com\/fmreflejos-103-7\/raul-salerno-040eb6e1-1f76\" target=\"_blank\" rel=\"noopener\">Ra\u00fal Salerno.wav<\/a><\/div>\n","protected":false},"excerpt":{"rendered":"<p>El actual presidente de Bomberos Voluntarios de Villa Ventana y socio fundador del cuartel de Sierra, se emocion\u00f3 al sostener que \u201cbomberos es as\u00ed, uno lo lleva adentro\u201d.<\/p>\n","protected":false},"author":3,"featured_media":94050,"comment_status":"closed","ping_status":"closed","sticky":false,"template":"","format":"standard","meta":{"footnotes":""},"categories":[26],"tags":[],"class_list":["post-94026","post","type-post","status-publish","format-standard","has-post-thumbnail","hentry","category-sociedad"],"yoast_head":"<!-- This site is optimized with the Yoast SEO plugin v25.9 - https:\/\/yoast.com\/wordpress\/plugins\/seo\/ -->\n<title>Ra\u00fal Salerno: \u201cMientras Dios me de salud voy a acompa\u00f1ar\u201d - Noticias Radio Reflejos<\/title>\n<meta name=\"robots\" content=\"index, follow, max-snippet:-1, max-image-preview:large, max-video-preview:-1\" \/>\n<link rel=\"canonical\" href=\"https:\/\/www.noticiasradioreflejos.com.ar\/2021\/raul-salerno-mientras-dios-me-de-salud-voy-a-acompanar\/\" \/>\n<meta property=\"og:locale\" content=\"es_ES\" \/>\n<meta property=\"og:type\" content=\"article\" \/>\n<meta property=\"og:title\" content=\"Ra\u00fal Salerno: \u201cMientras Dios me de salud voy a acompa\u00f1ar\u201d - Noticias Radio Reflejos\" \/>\n<meta property=\"og:description\" content=\"El actual presidente de Bomberos Voluntarios de Villa Ventana y socio fundador del cuartel de Sierra, se emocion\u00f3 al sostener que \u201cbomberos es as\u00ed, uno lo lleva adentro\u201d.\" \/>\n<meta property=\"og:url\" content=\"https:\/\/www.noticiasradioreflejos.com.ar\/2021\/raul-salerno-mientras-dios-me-de-salud-voy-a-acompanar\/\" \/>\n<meta property=\"og:site_name\" content=\"Noticias Radio Reflejos\" \/>\n<meta property=\"article:published_time\" content=\"2023-10-17T18:29:06+00:00\" \/>\n<meta property=\"og:image\" content=\"https:\/\/www.noticiasradioreflejos.com.ar\/2021\/wp-content\/uploads\/2023\/10\/Raul-Salerno-1.jpg\" \/>\n\t<meta property=\"og:image:width\" content=\"1007\" \/>\n\t<meta property=\"og:image:height\" content=\"636\" \/>\n\t<meta property=\"og:image:type\" content=\"image\/jpeg\" \/>\n<meta name=\"author\" content=\"Arnaldo Botto\" \/>\n<meta name=\"twitter:card\" content=\"summary_large_image\" \/>\n<script type=\"application\/ld+json\" class=\"yoast-schema-graph\">{\"@context\":\"https:\/\/schema.org\",\"@graph\":[{\"@type\":\"WebPage\",\"@id\":\"https:\/\/www.noticiasradioreflejos.com.ar\/2021\/raul-salerno-mientras-dios-me-de-salud-voy-a-acompanar\/\",\"url\":\"https:\/\/www.noticiasradioreflejos.com.ar\/2021\/raul-salerno-mientras-dios-me-de-salud-voy-a-acompanar\/\",\"name\":\"Ra\u00fal Salerno: \u201cMientras Dios me de salud voy a acompa\u00f1ar\u201d - Noticias Radio Reflejos\",\"isPartOf\":{\"@id\":\"https:\/\/www.noticiasradioreflejos.com.ar\/2021\/#website\"},\"primaryImageOfPage\":{\"@id\":\"https:\/\/www.noticiasradioreflejos.com.ar\/2021\/raul-salerno-mientras-dios-me-de-salud-voy-a-acompanar\/#primaryimage\"},\"image\":{\"@id\":\"https:\/\/www.noticiasradioreflejos.com.ar\/2021\/raul-salerno-mientras-dios-me-de-salud-voy-a-acompanar\/#primaryimage\"},\"thumbnailUrl\":\"https:\/\/www.noticiasradioreflejos.com.ar\/2021\/wp-content\/uploads\/2023\/10\/Raul-Salerno-1.jpg\",\"datePublished\":\"2023-10-17T18:29:06+00:00\",\"author\":{\"@id\":\"https:\/\/www.noticiasradioreflejos.com.ar\/2021\/#\/schema\/person\/ad82545263dcc5ec0996818884fd5fb1\"},\"breadcrumb\":{\"@id\":\"https:\/\/www.noticiasradioreflejos.com.ar\/2021\/raul-salerno-mientras-dios-me-de-salud-voy-a-acompanar\/#breadcrumb\"},\"inLanguage\":\"es\",\"potentialAction\":[{\"@type\":\"ReadAction\",\"target\":[\"https:\/\/www.noticiasradioreflejos.com.ar\/2021\/raul-salerno-mientras-dios-me-de-salud-voy-a-acompanar\/\"]}]},{\"@type\":\"ImageObject\",\"inLanguage\":\"es\",\"@id\":\"https:\/\/www.noticiasradioreflejos.com.ar\/2021\/raul-salerno-mientras-dios-me-de-salud-voy-a-acompanar\/#primaryimage\",\"url\":\"https:\/\/www.noticiasradioreflejos.com.ar\/2021\/wp-content\/uploads\/2023\/10\/Raul-Salerno-1.jpg\",\"contentUrl\":\"https:\/\/www.noticiasradioreflejos.com.ar\/2021\/wp-content\/uploads\/2023\/10\/Raul-Salerno-1.jpg\",\"width\":1007,\"height\":636},{\"@type\":\"BreadcrumbList\",\"@id\":\"https:\/\/www.noticiasradioreflejos.com.ar\/2021\/raul-salerno-mientras-dios-me-de-salud-voy-a-acompanar\/#breadcrumb\",\"itemListElement\":[{\"@type\":\"ListItem\",\"position\":1,\"name\":\"Portada\",\"item\":\"https:\/\/www.noticiasradioreflejos.com.ar\/2021\/\"},{\"@type\":\"ListItem\",\"position\":2,\"name\":\"Ra\u00fal Salerno: \u201cMientras Dios me de salud voy a acompa\u00f1ar\u201d\"}]},{\"@type\":\"WebSite\",\"@id\":\"https:\/\/www.noticiasradioreflejos.com.ar\/2021\/#website\",\"url\":\"https:\/\/www.noticiasradioreflejos.com.ar\/2021\/\",\"name\":\"Noticias Radio Reflejos\",\"description\":\"Las noticias de mi comarca\",\"potentialAction\":[{\"@type\":\"SearchAction\",\"target\":{\"@type\":\"EntryPoint\",\"urlTemplate\":\"https:\/\/www.noticiasradioreflejos.com.ar\/2021\/?s={search_term_string}\"},\"query-input\":{\"@type\":\"PropertyValueSpecification\",\"valueRequired\":true,\"valueName\":\"search_term_string\"}}],\"inLanguage\":\"es\"},{\"@type\":\"Person\",\"@id\":\"https:\/\/www.noticiasradioreflejos.com.ar\/2021\/#\/schema\/person\/ad82545263dcc5ec0996818884fd5fb1\",\"name\":\"Arnaldo Botto\",\"image\":{\"@type\":\"ImageObject\",\"inLanguage\":\"es\",\"@id\":\"https:\/\/www.noticiasradioreflejos.com.ar\/2021\/#\/schema\/person\/image\/\",\"url\":\"https:\/\/secure.gravatar.com\/avatar\/55cb5e37c1efa326397366e6974cb338056df65cb50e7d64d1cf314e87504837?s=96&d=mm&r=g\",\"contentUrl\":\"https:\/\/secure.gravatar.com\/avatar\/55cb5e37c1efa326397366e6974cb338056df65cb50e7d64d1cf314e87504837?s=96&d=mm&r=g\",\"caption\":\"Arnaldo Botto\"},\"url\":\"https:\/\/www.noticiasradioreflejos.com.ar\/2021\/author\/arnaldo\/\"}]}<\/script>\n<!-- \/ Yoast SEO plugin. -->","yoast_head_json":{"title":"Ra\u00fal Salerno: \u201cMientras Dios me de salud voy a acompa\u00f1ar\u201d - Noticias Radio Reflejos","robots":{"index":"index","follow":"follow","max-snippet":"max-snippet:-1","max-image-preview":"max-image-preview:large","max-video-preview":"max-video-preview:-1"},"canonical":"https:\/\/www.noticiasradioreflejos.com.ar\/2021\/raul-salerno-mientras-dios-me-de-salud-voy-a-acompanar\/","og_locale":"es_ES","og_type":"article","og_title":"Ra\u00fal Salerno: \u201cMientras Dios me de salud voy a acompa\u00f1ar\u201d - Noticias Radio Reflejos","og_description":"El actual presidente de Bomberos Voluntarios de Villa Ventana y socio fundador del cuartel de Sierra, se emocion\u00f3 al sostener que \u201cbomberos es as\u00ed, uno lo lleva adentro\u201d.","og_url":"https:\/\/www.noticiasradioreflejos.com.ar\/2021\/raul-salerno-mientras-dios-me-de-salud-voy-a-acompanar\/","og_site_name":"Noticias Radio Reflejos","article_published_time":"2023-10-17T18:29:06+00:00","og_image":[{"width":1007,"height":636,"url":"https:\/\/www.noticiasradioreflejos.com.ar\/2021\/wp-content\/uploads\/2023\/10\/Raul-Salerno-1.jpg","type":"image\/jpeg"}],"author":"Arnaldo Botto","twitter_card":"summary_large_image","schema":{"@context":"https:\/\/schema.org","@graph":[{"@type":"WebPage","@id":"https:\/\/www.noticiasradioreflejos.com.ar\/2021\/raul-salerno-mientras-dios-me-de-salud-voy-a-acompanar\/","url":"https:\/\/www.noticiasradioreflejos.com.ar\/2021\/raul-salerno-mientras-dios-me-de-salud-voy-a-acompanar\/","name":"Ra\u00fal Salerno: \u201cMientras Dios me de salud voy a acompa\u00f1ar\u201d - Noticias Radio Reflejos","isPartOf":{"@id":"https:\/\/www.noticiasradioreflejos.com.ar\/2021\/#website"},"primaryImageOfPage":{"@id":"https:\/\/www.noticiasradioreflejos.com.ar\/2021\/raul-salerno-mientras-dios-me-de-salud-voy-a-acompanar\/#primaryimage"},"image":{"@id":"https:\/\/www.noticiasradioreflejos.com.ar\/2021\/raul-salerno-mientras-dios-me-de-salud-voy-a-acompanar\/#primaryimage"},"thumbnailUrl":"https:\/\/www.noticiasradioreflejos.com.ar\/2021\/wp-content\/uploads\/2023\/10\/Raul-Salerno-1.jpg","datePublished":"2023-10-17T18:29:06+00:00","author":{"@id":"https:\/\/www.noticiasradioreflejos.com.ar\/2021\/#\/schema\/person\/ad82545263dcc5ec0996818884fd5fb1"},"breadcrumb":{"@id":"https:\/\/www.noticiasradioreflejos.com.ar\/2021\/raul-salerno-mientras-dios-me-de-salud-voy-a-acompanar\/#breadcrumb"},"inLanguage":"es","potentialAction":[{"@type":"ReadAction","target":["https:\/\/www.noticiasradioreflejos.com.ar\/2021\/raul-salerno-mientras-dios-me-de-salud-voy-a-acompanar\/"]}]},{"@type":"ImageObject","inLanguage":"es","@id":"https:\/\/www.noticiasradioreflejos.com.ar\/2021\/raul-salerno-mientras-dios-me-de-salud-voy-a-acompanar\/#primaryimage","url":"https:\/\/www.noticiasradioreflejos.com.ar\/2021\/wp-content\/uploads\/2023\/10\/Raul-Salerno-1.jpg","contentUrl":"https:\/\/www.noticiasradioreflejos.com.ar\/2021\/wp-content\/uploads\/2023\/10\/Raul-Salerno-1.jpg","width":1007,"height":636},{"@type":"BreadcrumbList","@id":"https:\/\/www.noticiasradioreflejos.com.ar\/2021\/raul-salerno-mientras-dios-me-de-salud-voy-a-acompanar\/#breadcrumb","itemListElement":[{"@type":"ListItem","position":1,"name":"Portada","item":"https:\/\/www.noticiasradioreflejos.com.ar\/2021\/"},{"@type":"ListItem","position":2,"name":"Ra\u00fal Salerno: \u201cMientras Dios me de salud voy a acompa\u00f1ar\u201d"}]},{"@type":"WebSite","@id":"https:\/\/www.noticiasradioreflejos.com.ar\/2021\/#website","url":"https:\/\/www.noticiasradioreflejos.com.ar\/2021\/","name":"Noticias Radio Reflejos","description":"Las noticias de mi comarca","potentialAction":[{"@type":"SearchAction","target":{"@type":"EntryPoint","urlTemplate":"https:\/\/www.noticiasradioreflejos.com.ar\/2021\/?s={search_term_string}"},"query-input":{"@type":"PropertyValueSpecification","valueRequired":true,"valueName":"search_term_string"}}],"inLanguage":"es"},{"@type":"Person","@id":"https:\/\/www.noticiasradioreflejos.com.ar\/2021\/#\/schema\/person\/ad82545263dcc5ec0996818884fd5fb1","name":"Arnaldo Botto","image":{"@type":"ImageObject","inLanguage":"es","@id":"https:\/\/www.noticiasradioreflejos.com.ar\/2021\/#\/schema\/person\/image\/","url":"https:\/\/secure.gravatar.com\/avatar\/55cb5e37c1efa326397366e6974cb338056df65cb50e7d64d1cf314e87504837?s=96&d=mm&r=g","contentUrl":"https:\/\/secure.gravatar.com\/avatar\/55cb5e37c1efa326397366e6974cb338056df65cb50e7d64d1cf314e87504837?s=96&d=mm&r=g","caption":"Arnaldo Botto"},"url":"https:\/\/www.noticiasradioreflejos.com.ar\/2021\/author\/arnaldo\/"}]}},"_links":{"self":[{"href":"https:\/\/www.noticiasradioreflejos.com.ar\/2021\/wp-json\/wp\/v2\/posts\/94026","targetHints":{"allow":["GET"]}}],"collection":[{"href":"https:\/\/www.noticiasradioreflejos.com.ar\/2021\/wp-json\/wp\/v2\/posts"}],"about":[{"href":"https:\/\/www.noticiasradioreflejos.com.ar\/2021\/wp-json\/wp\/v2\/types\/post"}],"author":[{"embeddable":true,"href":"https:\/\/www.noticiasradioreflejos.com.ar\/2021\/wp-json\/wp\/v2\/users\/3"}],"replies":[{"embeddable":true,"href":"https:\/\/www.noticiasradioreflejos.com.ar\/2021\/wp-json\/wp\/v2\/comments?post=94026"}],"version-history":[{"count":3,"href":"https:\/\/www.noticiasradioreflejos.com.ar\/2021\/wp-json\/wp\/v2\/posts\/94026\/revisions"}],"predecessor-version":[{"id":94051,"href":"https:\/\/www.noticiasradioreflejos.com.ar\/2021\/wp-json\/wp\/v2\/posts\/94026\/revisions\/94051"}],"wp:featuredmedia":[{"embeddable":true,"href":"https:\/\/www.noticiasradioreflejos.com.ar\/2021\/wp-json\/wp\/v2\/media\/94050"}],"wp:attachment":[{"href":"https:\/\/www.noticiasradioreflejos.com.ar\/2021\/wp-json\/wp\/v2\/media?parent=94026"}],"wp:term":[{"taxonomy":"category","embeddable":true,"href":"https:\/\/www.noticiasradioreflejos.com.ar\/2021\/wp-json\/wp\/v2\/categories?post=94026"},{"taxonomy":"post_tag","embeddable":true,"href":"https:\/\/www.noticiasradioreflejos.com.ar\/2021\/wp-json\/wp\/v2\/tags?post=94026"}],"curies":[{"name":"wp","href":"https:\/\/api.w.org\/{rel}","templated":true}]}}