{"id":94024,"date":"2023-10-17T18:12:38","date_gmt":"2023-10-17T18:12:38","guid":{"rendered":"https:\/\/www.noticiasradioreflejos.com.ar\/2021\/?p=94024"},"modified":"2023-10-17T18:12:38","modified_gmt":"2023-10-17T18:12:38","slug":"horacio-granci-en-el-desfile-se-me-cayeron-unas-lagrimas-de-felicidad","status":"publish","type":"post","link":"https:\/\/www.noticiasradioreflejos.com.ar\/2021\/horacio-granci-en-el-desfile-se-me-cayeron-unas-lagrimas-de-felicidad\/","title":{"rendered":"Horacio Granci: \u201cEn el desfile se me cayeron unas l\u00e1grimas de felicidad\u201d"},"content":{"rendered":"<p>Uno de los impulsores de la Asociaci\u00f3n de Bomberos Voluntarios de Sierra se mostr\u00f3 m\u00e1s que feliz por el presente de la instituci\u00f3n. \u201cOjal\u00e1 que por muchos a\u00f1os m\u00e1s la instituci\u00f3n crezca\u201d afirm\u00f3.<!--more--><\/p>\n<p><strong>Horacio Granci<\/strong> no pudo esconder su emoci\u00f3n durante los 50 a\u00f1os de la celebraci\u00f3n de Bomberos Voluntarios. Uno de los impulsores de esta instituci\u00f3n no escatim\u00f3 en elogios sobre las nuevas camadas que se han sumado.<\/p>\n<p>En principio afirm\u00f3 que \u201cpas\u00e9 por distintas presidencias, de distintas maneras, hasta que con Ricardo Pierbatista y todos los dem\u00e1s que estaban componiendo nos animamos a meternos en semejante empresa. Siempre digo lo mismo, uno se encolumna detr\u00e1s de la gente que labura y le mete para delante. Uno colabora con lo que puede\u201d.<\/p>\n<p>Llegando al presente, afirm\u00f3 que \u201cestoy muy feliz de ser esto. En el desfile llor\u00e9 de felicidad. Esto es la comunidad, sin bander\u00edas pol\u00edticas. Esto es por y para la comunidad. Ojal\u00e1 que por muchos a\u00f1os m\u00e1s la instituci\u00f3n crezca, se siga cuidando, y de donde tienen que acompa\u00f1ar, acompa\u00f1en\u201d.<\/p>\n<p>Mirando a futuro destac\u00f3 que \u201csiempre hay cosas para hacer. Esto crece. Y el crecer nos pone en una vereda que nos obliga a esmerarnos, porque hay m\u00e1s cosas para hacer y por ende hay m\u00e1s gente. La gente te pone en el lugar que mereces\u201d.<\/p>\n<p>Al tiempo que cerr\u00f3 confirmando que \u201cen este periodo estoy de vicepresidente. Estoy muy contento. Es una comisi\u00f3n que no sabes lo que trabajan. Muchas mujeres j\u00f3venes que est\u00e1n trabajando un mont\u00f3n, Mucha gente nueva y con muchas ganas.\u201d<\/p>\n<p>&nbsp;<\/p>\n<p><iframe loading=\"lazy\" src=\"https:\/\/w.soundcloud.com\/player\/?url=https%3A\/\/api.soundcloud.com\/tracks\/1640933901&amp;color=%23ff5500&amp;auto_play=false&amp;hide_related=false&amp;show_comments=true&amp;show_user=true&amp;show_reposts=false&amp;show_teaser=true\" width=\"100%\" height=\"166\" frameborder=\"no\" scrolling=\"no\"><\/iframe><\/p>\n<div style=\"font-size: 10px; color: #cccccc; line-break: anywhere; word-break: normal; overflow: hidden; white-space: nowrap; text-overflow: ellipsis; font-family: Interstate,Lucida Grande,Lucida Sans Unicode,Lucida Sans,Garuda,Verdana,Tahoma,sans-serif; font-weight: 100;\"><a style=\"color: #cccccc; text-decoration: none;\" title=\"fmreflejos 103.7\" href=\"https:\/\/soundcloud.com\/fmreflejos-103-7\" target=\"_blank\" rel=\"noopener\">fmreflejos 103.7<\/a> \u00b7 <a style=\"color: #cccccc; text-decoration: none;\" title=\"Horacio Granci\" href=\"https:\/\/soundcloud.com\/fmreflejos-103-7\/horacio-granci-45d36f2c-fbcd\" target=\"_blank\" rel=\"noopener\">Horacio Granci<\/a><\/div>\n","protected":false},"excerpt":{"rendered":"<p>Uno de los impulsores de la Asociaci\u00f3n de Bomberos Voluntarios de Sierra se mostr\u00f3 m\u00e1s que feliz por el presente de la instituci\u00f3n. \u201cOjal\u00e1 que por muchos a\u00f1os m\u00e1s la instituci\u00f3n crezca\u201d afirm\u00f3.<\/p>\n","protected":false},"author":3,"featured_media":0,"comment_status":"closed","ping_status":"closed","sticky":false,"template":"","format":"standard","meta":{"footnotes":""},"categories":[26],"tags":[48],"class_list":["post-94024","post","type-post","status-publish","format-standard","hentry","category-sociedad","tag-destacada"],"yoast_head":"<!-- This site is optimized with the Yoast SEO plugin v25.9 - https:\/\/yoast.com\/wordpress\/plugins\/seo\/ -->\n<title>Horacio Granci: \u201cEn el desfile se me cayeron unas l\u00e1grimas de felicidad\u201d - Noticias Radio Reflejos<\/title>\n<meta name=\"robots\" content=\"index, follow, max-snippet:-1, max-image-preview:large, max-video-preview:-1\" \/>\n<link rel=\"canonical\" href=\"https:\/\/www.noticiasradioreflejos.com.ar\/2021\/horacio-granci-en-el-desfile-se-me-cayeron-unas-lagrimas-de-felicidad\/\" \/>\n<meta property=\"og:locale\" content=\"es_ES\" \/>\n<meta property=\"og:type\" content=\"article\" \/>\n<meta property=\"og:title\" content=\"Horacio Granci: \u201cEn el desfile se me cayeron unas l\u00e1grimas de felicidad\u201d - Noticias Radio Reflejos\" \/>\n<meta property=\"og:description\" content=\"Uno de los impulsores de la Asociaci\u00f3n de Bomberos Voluntarios de Sierra se mostr\u00f3 m\u00e1s que feliz por el presente de la instituci\u00f3n. \u201cOjal\u00e1 que por muchos a\u00f1os m\u00e1s la instituci\u00f3n crezca\u201d afirm\u00f3.\" \/>\n<meta property=\"og:url\" content=\"https:\/\/www.noticiasradioreflejos.com.ar\/2021\/horacio-granci-en-el-desfile-se-me-cayeron-unas-lagrimas-de-felicidad\/\" \/>\n<meta property=\"og:site_name\" content=\"Noticias Radio Reflejos\" \/>\n<meta property=\"article:published_time\" content=\"2023-10-17T18:12:38+00:00\" \/>\n<meta property=\"og:image\" content=\"https:\/\/www.noticiasradioreflejos.com.ar\/2021\/wp-content\/uploads\/2021\/07\/logosol300x200.png\" \/>\n\t<meta property=\"og:image:width\" content=\"300\" \/>\n\t<meta property=\"og:image:height\" content=\"200\" \/>\n\t<meta property=\"og:image:type\" content=\"image\/png\" \/>\n<meta name=\"author\" content=\"Arnaldo Botto\" \/>\n<meta name=\"twitter:card\" content=\"summary_large_image\" \/>\n<script type=\"application\/ld+json\" class=\"yoast-schema-graph\">{\"@context\":\"https:\/\/schema.org\",\"@graph\":[{\"@type\":\"WebPage\",\"@id\":\"https:\/\/www.noticiasradioreflejos.com.ar\/2021\/horacio-granci-en-el-desfile-se-me-cayeron-unas-lagrimas-de-felicidad\/\",\"url\":\"https:\/\/www.noticiasradioreflejos.com.ar\/2021\/horacio-granci-en-el-desfile-se-me-cayeron-unas-lagrimas-de-felicidad\/\",\"name\":\"Horacio Granci: \u201cEn el desfile se me cayeron unas l\u00e1grimas de felicidad\u201d - Noticias Radio Reflejos\",\"isPartOf\":{\"@id\":\"https:\/\/www.noticiasradioreflejos.com.ar\/2021\/#website\"},\"datePublished\":\"2023-10-17T18:12:38+00:00\",\"author\":{\"@id\":\"https:\/\/www.noticiasradioreflejos.com.ar\/2021\/#\/schema\/person\/ad82545263dcc5ec0996818884fd5fb1\"},\"breadcrumb\":{\"@id\":\"https:\/\/www.noticiasradioreflejos.com.ar\/2021\/horacio-granci-en-el-desfile-se-me-cayeron-unas-lagrimas-de-felicidad\/#breadcrumb\"},\"inLanguage\":\"es\",\"potentialAction\":[{\"@type\":\"ReadAction\",\"target\":[\"https:\/\/www.noticiasradioreflejos.com.ar\/2021\/horacio-granci-en-el-desfile-se-me-cayeron-unas-lagrimas-de-felicidad\/\"]}]},{\"@type\":\"BreadcrumbList\",\"@id\":\"https:\/\/www.noticiasradioreflejos.com.ar\/2021\/horacio-granci-en-el-desfile-se-me-cayeron-unas-lagrimas-de-felicidad\/#breadcrumb\",\"itemListElement\":[{\"@type\":\"ListItem\",\"position\":1,\"name\":\"Portada\",\"item\":\"https:\/\/www.noticiasradioreflejos.com.ar\/2021\/\"},{\"@type\":\"ListItem\",\"position\":2,\"name\":\"Horacio Granci: \u201cEn el desfile se me cayeron unas l\u00e1grimas de felicidad\u201d\"}]},{\"@type\":\"WebSite\",\"@id\":\"https:\/\/www.noticiasradioreflejos.com.ar\/2021\/#website\",\"url\":\"https:\/\/www.noticiasradioreflejos.com.ar\/2021\/\",\"name\":\"Noticias Radio Reflejos\",\"description\":\"Las noticias de mi comarca\",\"potentialAction\":[{\"@type\":\"SearchAction\",\"target\":{\"@type\":\"EntryPoint\",\"urlTemplate\":\"https:\/\/www.noticiasradioreflejos.com.ar\/2021\/?s={search_term_string}\"},\"query-input\":{\"@type\":\"PropertyValueSpecification\",\"valueRequired\":true,\"valueName\":\"search_term_string\"}}],\"inLanguage\":\"es\"},{\"@type\":\"Person\",\"@id\":\"https:\/\/www.noticiasradioreflejos.com.ar\/2021\/#\/schema\/person\/ad82545263dcc5ec0996818884fd5fb1\",\"name\":\"Arnaldo Botto\",\"image\":{\"@type\":\"ImageObject\",\"inLanguage\":\"es\",\"@id\":\"https:\/\/www.noticiasradioreflejos.com.ar\/2021\/#\/schema\/person\/image\/\",\"url\":\"https:\/\/secure.gravatar.com\/avatar\/55cb5e37c1efa326397366e6974cb338056df65cb50e7d64d1cf314e87504837?s=96&d=mm&r=g\",\"contentUrl\":\"https:\/\/secure.gravatar.com\/avatar\/55cb5e37c1efa326397366e6974cb338056df65cb50e7d64d1cf314e87504837?s=96&d=mm&r=g\",\"caption\":\"Arnaldo Botto\"},\"url\":\"https:\/\/www.noticiasradioreflejos.com.ar\/2021\/author\/arnaldo\/\"}]}<\/script>\n<!-- \/ Yoast SEO plugin. -->","yoast_head_json":{"title":"Horacio Granci: \u201cEn el desfile se me cayeron unas l\u00e1grimas de felicidad\u201d - Noticias Radio Reflejos","robots":{"index":"index","follow":"follow","max-snippet":"max-snippet:-1","max-image-preview":"max-image-preview:large","max-video-preview":"max-video-preview:-1"},"canonical":"https:\/\/www.noticiasradioreflejos.com.ar\/2021\/horacio-granci-en-el-desfile-se-me-cayeron-unas-lagrimas-de-felicidad\/","og_locale":"es_ES","og_type":"article","og_title":"Horacio Granci: \u201cEn el desfile se me cayeron unas l\u00e1grimas de felicidad\u201d - Noticias Radio Reflejos","og_description":"Uno de los impulsores de la Asociaci\u00f3n de Bomberos Voluntarios de Sierra se mostr\u00f3 m\u00e1s que feliz por el presente de la instituci\u00f3n. \u201cOjal\u00e1 que por muchos a\u00f1os m\u00e1s la instituci\u00f3n crezca\u201d afirm\u00f3.","og_url":"https:\/\/www.noticiasradioreflejos.com.ar\/2021\/horacio-granci-en-el-desfile-se-me-cayeron-unas-lagrimas-de-felicidad\/","og_site_name":"Noticias Radio Reflejos","article_published_time":"2023-10-17T18:12:38+00:00","og_image":[{"width":300,"height":200,"url":"https:\/\/www.noticiasradioreflejos.com.ar\/2021\/wp-content\/uploads\/2021\/07\/logosol300x200.png","type":"image\/png"}],"author":"Arnaldo Botto","twitter_card":"summary_large_image","schema":{"@context":"https:\/\/schema.org","@graph":[{"@type":"WebPage","@id":"https:\/\/www.noticiasradioreflejos.com.ar\/2021\/horacio-granci-en-el-desfile-se-me-cayeron-unas-lagrimas-de-felicidad\/","url":"https:\/\/www.noticiasradioreflejos.com.ar\/2021\/horacio-granci-en-el-desfile-se-me-cayeron-unas-lagrimas-de-felicidad\/","name":"Horacio Granci: \u201cEn el desfile se me cayeron unas l\u00e1grimas de felicidad\u201d - Noticias Radio Reflejos","isPartOf":{"@id":"https:\/\/www.noticiasradioreflejos.com.ar\/2021\/#website"},"datePublished":"2023-10-17T18:12:38+00:00","author":{"@id":"https:\/\/www.noticiasradioreflejos.com.ar\/2021\/#\/schema\/person\/ad82545263dcc5ec0996818884fd5fb1"},"breadcrumb":{"@id":"https:\/\/www.noticiasradioreflejos.com.ar\/2021\/horacio-granci-en-el-desfile-se-me-cayeron-unas-lagrimas-de-felicidad\/#breadcrumb"},"inLanguage":"es","potentialAction":[{"@type":"ReadAction","target":["https:\/\/www.noticiasradioreflejos.com.ar\/2021\/horacio-granci-en-el-desfile-se-me-cayeron-unas-lagrimas-de-felicidad\/"]}]},{"@type":"BreadcrumbList","@id":"https:\/\/www.noticiasradioreflejos.com.ar\/2021\/horacio-granci-en-el-desfile-se-me-cayeron-unas-lagrimas-de-felicidad\/#breadcrumb","itemListElement":[{"@type":"ListItem","position":1,"name":"Portada","item":"https:\/\/www.noticiasradioreflejos.com.ar\/2021\/"},{"@type":"ListItem","position":2,"name":"Horacio Granci: \u201cEn el desfile se me cayeron unas l\u00e1grimas de felicidad\u201d"}]},{"@type":"WebSite","@id":"https:\/\/www.noticiasradioreflejos.com.ar\/2021\/#website","url":"https:\/\/www.noticiasradioreflejos.com.ar\/2021\/","name":"Noticias Radio Reflejos","description":"Las noticias de mi comarca","potentialAction":[{"@type":"SearchAction","target":{"@type":"EntryPoint","urlTemplate":"https:\/\/www.noticiasradioreflejos.com.ar\/2021\/?s={search_term_string}"},"query-input":{"@type":"PropertyValueSpecification","valueRequired":true,"valueName":"search_term_string"}}],"inLanguage":"es"},{"@type":"Person","@id":"https:\/\/www.noticiasradioreflejos.com.ar\/2021\/#\/schema\/person\/ad82545263dcc5ec0996818884fd5fb1","name":"Arnaldo Botto","image":{"@type":"ImageObject","inLanguage":"es","@id":"https:\/\/www.noticiasradioreflejos.com.ar\/2021\/#\/schema\/person\/image\/","url":"https:\/\/secure.gravatar.com\/avatar\/55cb5e37c1efa326397366e6974cb338056df65cb50e7d64d1cf314e87504837?s=96&d=mm&r=g","contentUrl":"https:\/\/secure.gravatar.com\/avatar\/55cb5e37c1efa326397366e6974cb338056df65cb50e7d64d1cf314e87504837?s=96&d=mm&r=g","caption":"Arnaldo Botto"},"url":"https:\/\/www.noticiasradioreflejos.com.ar\/2021\/author\/arnaldo\/"}]}},"_links":{"self":[{"href":"https:\/\/www.noticiasradioreflejos.com.ar\/2021\/wp-json\/wp\/v2\/posts\/94024","targetHints":{"allow":["GET"]}}],"collection":[{"href":"https:\/\/www.noticiasradioreflejos.com.ar\/2021\/wp-json\/wp\/v2\/posts"}],"about":[{"href":"https:\/\/www.noticiasradioreflejos.com.ar\/2021\/wp-json\/wp\/v2\/types\/post"}],"author":[{"embeddable":true,"href":"https:\/\/www.noticiasradioreflejos.com.ar\/2021\/wp-json\/wp\/v2\/users\/3"}],"replies":[{"embeddable":true,"href":"https:\/\/www.noticiasradioreflejos.com.ar\/2021\/wp-json\/wp\/v2\/comments?post=94024"}],"version-history":[{"count":2,"href":"https:\/\/www.noticiasradioreflejos.com.ar\/2021\/wp-json\/wp\/v2\/posts\/94024\/revisions"}],"predecessor-version":[{"id":94047,"href":"https:\/\/www.noticiasradioreflejos.com.ar\/2021\/wp-json\/wp\/v2\/posts\/94024\/revisions\/94047"}],"wp:attachment":[{"href":"https:\/\/www.noticiasradioreflejos.com.ar\/2021\/wp-json\/wp\/v2\/media?parent=94024"}],"wp:term":[{"taxonomy":"category","embeddable":true,"href":"https:\/\/www.noticiasradioreflejos.com.ar\/2021\/wp-json\/wp\/v2\/categories?post=94024"},{"taxonomy":"post_tag","embeddable":true,"href":"https:\/\/www.noticiasradioreflejos.com.ar\/2021\/wp-json\/wp\/v2\/tags?post=94024"}],"curies":[{"name":"wp","href":"https:\/\/api.w.org\/{rel}","templated":true}]}}