{"id":94022,"date":"2023-10-17T17:06:05","date_gmt":"2023-10-17T17:06:05","guid":{"rendered":"https:\/\/www.noticiasradioreflejos.com.ar\/2021\/?p=94022"},"modified":"2023-10-17T17:09:12","modified_gmt":"2023-10-17T17:09:12","slug":"florencia-savinsky-sierra-de-la-ventana-sabe-lo-que-es-este-cuartel","status":"publish","type":"post","link":"https:\/\/www.noticiasradioreflejos.com.ar\/2021\/florencia-savinsky-sierra-de-la-ventana-sabe-lo-que-es-este-cuartel\/","title":{"rendered":"Florencia Savisky: \u201cSierra de la Ventana sabe lo que es este cuartel\u201d"},"content":{"rendered":"<p>La flamante Presidenta de la Asociaci\u00f3n Bomberos Voluntarios de Sierra se mostr\u00f3 feliz por los festejos de los 50 a\u00f1os. \u201cEsper\u00e1bamos que sea una fiesta y lo fue\u201d asegur\u00f3.<!--more--><\/p>\n<p>La flamante <strong>Presidenta de la Asociaci\u00f3n Bomberos Voluntarios de Sierra de la Ventana, Florencia Savisky<\/strong>, se mostr\u00f3 m\u00e1s que agradecida por el acompa\u00f1amiento que tuvo la celebraci\u00f3n de los 50 a\u00f1os del cuartel.<\/p>\n<p>Al respecto cont\u00f3 que \u201chace dos a\u00f1os que venimos trabajando con esta comisi\u00f3n y hace dos semanas hicimos el cambio de autoridades. Un orgullo formar parte de esta instituci\u00f3n. La verdad es que estoy muy contenta de formar parte de este equipo\u201d.<\/p>\n<p>Seg\u00fan reflej\u00f3, \u201ces una comisi\u00f3n que viene trabajando desde hace a\u00f1os para el pueblo. Siempre colaboramos desde donde sea y sabemos que el pueblo tambi\u00e9n. Esper\u00e1bamos que sea una fiesta y lo est\u00e1 haciendo. Estamos muy agradecidos con todos los que nos acompa\u00f1an, con las autoridades, los cuarteles vecinos\u201d.<\/p>\n<p>Con un marco imponente, no dud\u00f3 en subrayar que \u201cse organiz\u00f3 durante muchos meses. Todos los bomberos hicieron cosas para este evento, desde el lugar que sea, y todo eso se vio reflejado en el desfile. La comisi\u00f3n se ocup\u00f3 de la cantina, pero adem\u00e1s se le dio de comer a todos los invitados y la banda\u201d.<\/p>\n<p>Por \u00faltimo admiti\u00f3 que \u201cSierra de la Ventana sabe lo que es este cuartel. Es consciente de lo que se trabajaba y nos ayuda much\u00edsimo todo el tiempo en cada cosa que emprendemos, en cada idea, en cada fiesta. No es f\u00e1cil. Es un cuartel muy grande de mantenimiento permanente, pero sentimos el apoyo\u201d.<\/p>\n<p>&nbsp;<\/p>\n<p><iframe loading=\"lazy\" src=\"https:\/\/w.soundcloud.com\/player\/?url=https%3A\/\/api.soundcloud.com\/tracks\/1640933646&amp;color=%23ff5500&amp;auto_play=false&amp;hide_related=false&amp;show_comments=true&amp;show_user=true&amp;show_reposts=false&amp;show_teaser=true\" width=\"100%\" height=\"166\" frameborder=\"no\" scrolling=\"no\"><\/iframe><\/p>\n<div style=\"font-size: 10px; color: #cccccc; line-break: anywhere; word-break: normal; overflow: hidden; white-space: nowrap; text-overflow: ellipsis; font-family: Interstate,Lucida Grande,Lucida Sans Unicode,Lucida Sans,Garuda,Verdana,Tahoma,sans-serif; font-weight: 100;\"><a style=\"color: #cccccc; text-decoration: none;\" title=\"fmreflejos 103.7\" href=\"https:\/\/soundcloud.com\/fmreflejos-103-7\" target=\"_blank\" rel=\"noopener\">fmreflejos 103.7<\/a> \u00b7 <a style=\"color: #cccccc; text-decoration: none;\" title=\"Florencia Savisky.\" href=\"https:\/\/soundcloud.com\/fmreflejos-103-7\/florencia-savisky-aba7731f\" target=\"_blank\" rel=\"noopener\">Florencia Savisky.<\/a><\/div>\n","protected":false},"excerpt":{"rendered":"<p>La flamante Presidenta de la Asociaci\u00f3n Bomberos Voluntarios de Sierra se mostr\u00f3 feliz por los festejos de los 50 a\u00f1os. \u201cEsper\u00e1bamos que sea una fiesta y lo fue\u201d asegur\u00f3.<\/p>\n","protected":false},"author":3,"featured_media":94034,"comment_status":"closed","ping_status":"closed","sticky":false,"template":"","format":"standard","meta":{"footnotes":""},"categories":[26],"tags":[48],"class_list":["post-94022","post","type-post","status-publish","format-standard","has-post-thumbnail","hentry","category-sociedad","tag-destacada"],"yoast_head":"<!-- This site is optimized with the Yoast SEO plugin v25.9 - https:\/\/yoast.com\/wordpress\/plugins\/seo\/ -->\n<title>Florencia Savisky: \u201cSierra de la Ventana sabe lo que es este cuartel\u201d - Noticias Radio Reflejos<\/title>\n<meta name=\"robots\" content=\"index, follow, max-snippet:-1, max-image-preview:large, max-video-preview:-1\" \/>\n<link rel=\"canonical\" href=\"https:\/\/www.noticiasradioreflejos.com.ar\/2021\/florencia-savinsky-sierra-de-la-ventana-sabe-lo-que-es-este-cuartel\/\" \/>\n<meta property=\"og:locale\" content=\"es_ES\" \/>\n<meta property=\"og:type\" content=\"article\" \/>\n<meta property=\"og:title\" content=\"Florencia Savisky: \u201cSierra de la Ventana sabe lo que es este cuartel\u201d - Noticias Radio Reflejos\" \/>\n<meta property=\"og:description\" content=\"La flamante Presidenta de la Asociaci\u00f3n Bomberos Voluntarios de Sierra se mostr\u00f3 feliz por los festejos de los 50 a\u00f1os. \u201cEsper\u00e1bamos que sea una fiesta y lo fue\u201d asegur\u00f3.\" \/>\n<meta property=\"og:url\" content=\"https:\/\/www.noticiasradioreflejos.com.ar\/2021\/florencia-savinsky-sierra-de-la-ventana-sabe-lo-que-es-este-cuartel\/\" \/>\n<meta property=\"og:site_name\" content=\"Noticias Radio Reflejos\" \/>\n<meta property=\"article:published_time\" content=\"2023-10-17T17:06:05+00:00\" \/>\n<meta property=\"article:modified_time\" content=\"2023-10-17T17:09:12+00:00\" \/>\n<meta property=\"og:image\" content=\"https:\/\/www.noticiasradioreflejos.com.ar\/2021\/wp-content\/uploads\/2023\/10\/Flor-Savisky-scaled.jpg\" \/>\n\t<meta property=\"og:image:width\" content=\"2560\" \/>\n\t<meta property=\"og:image:height\" content=\"1440\" \/>\n\t<meta property=\"og:image:type\" content=\"image\/jpeg\" \/>\n<meta name=\"author\" content=\"Arnaldo Botto\" \/>\n<meta name=\"twitter:card\" content=\"summary_large_image\" \/>\n<script type=\"application\/ld+json\" class=\"yoast-schema-graph\">{\"@context\":\"https:\/\/schema.org\",\"@graph\":[{\"@type\":\"WebPage\",\"@id\":\"https:\/\/www.noticiasradioreflejos.com.ar\/2021\/florencia-savinsky-sierra-de-la-ventana-sabe-lo-que-es-este-cuartel\/\",\"url\":\"https:\/\/www.noticiasradioreflejos.com.ar\/2021\/florencia-savinsky-sierra-de-la-ventana-sabe-lo-que-es-este-cuartel\/\",\"name\":\"Florencia Savisky: \u201cSierra de la Ventana sabe lo que es este cuartel\u201d - Noticias Radio Reflejos\",\"isPartOf\":{\"@id\":\"https:\/\/www.noticiasradioreflejos.com.ar\/2021\/#website\"},\"primaryImageOfPage\":{\"@id\":\"https:\/\/www.noticiasradioreflejos.com.ar\/2021\/florencia-savinsky-sierra-de-la-ventana-sabe-lo-que-es-este-cuartel\/#primaryimage\"},\"image\":{\"@id\":\"https:\/\/www.noticiasradioreflejos.com.ar\/2021\/florencia-savinsky-sierra-de-la-ventana-sabe-lo-que-es-este-cuartel\/#primaryimage\"},\"thumbnailUrl\":\"https:\/\/www.noticiasradioreflejos.com.ar\/2021\/wp-content\/uploads\/2023\/10\/Flor-Savisky-scaled.jpg\",\"datePublished\":\"2023-10-17T17:06:05+00:00\",\"dateModified\":\"2023-10-17T17:09:12+00:00\",\"author\":{\"@id\":\"https:\/\/www.noticiasradioreflejos.com.ar\/2021\/#\/schema\/person\/ad82545263dcc5ec0996818884fd5fb1\"},\"breadcrumb\":{\"@id\":\"https:\/\/www.noticiasradioreflejos.com.ar\/2021\/florencia-savinsky-sierra-de-la-ventana-sabe-lo-que-es-este-cuartel\/#breadcrumb\"},\"inLanguage\":\"es\",\"potentialAction\":[{\"@type\":\"ReadAction\",\"target\":[\"https:\/\/www.noticiasradioreflejos.com.ar\/2021\/florencia-savinsky-sierra-de-la-ventana-sabe-lo-que-es-este-cuartel\/\"]}]},{\"@type\":\"ImageObject\",\"inLanguage\":\"es\",\"@id\":\"https:\/\/www.noticiasradioreflejos.com.ar\/2021\/florencia-savinsky-sierra-de-la-ventana-sabe-lo-que-es-este-cuartel\/#primaryimage\",\"url\":\"https:\/\/www.noticiasradioreflejos.com.ar\/2021\/wp-content\/uploads\/2023\/10\/Flor-Savisky-scaled.jpg\",\"contentUrl\":\"https:\/\/www.noticiasradioreflejos.com.ar\/2021\/wp-content\/uploads\/2023\/10\/Flor-Savisky-scaled.jpg\",\"width\":2560,\"height\":1440},{\"@type\":\"BreadcrumbList\",\"@id\":\"https:\/\/www.noticiasradioreflejos.com.ar\/2021\/florencia-savinsky-sierra-de-la-ventana-sabe-lo-que-es-este-cuartel\/#breadcrumb\",\"itemListElement\":[{\"@type\":\"ListItem\",\"position\":1,\"name\":\"Portada\",\"item\":\"https:\/\/www.noticiasradioreflejos.com.ar\/2021\/\"},{\"@type\":\"ListItem\",\"position\":2,\"name\":\"Florencia Savisky: \u201cSierra de la Ventana sabe lo que es este cuartel\u201d\"}]},{\"@type\":\"WebSite\",\"@id\":\"https:\/\/www.noticiasradioreflejos.com.ar\/2021\/#website\",\"url\":\"https:\/\/www.noticiasradioreflejos.com.ar\/2021\/\",\"name\":\"Noticias Radio Reflejos\",\"description\":\"Las noticias de mi comarca\",\"potentialAction\":[{\"@type\":\"SearchAction\",\"target\":{\"@type\":\"EntryPoint\",\"urlTemplate\":\"https:\/\/www.noticiasradioreflejos.com.ar\/2021\/?s={search_term_string}\"},\"query-input\":{\"@type\":\"PropertyValueSpecification\",\"valueRequired\":true,\"valueName\":\"search_term_string\"}}],\"inLanguage\":\"es\"},{\"@type\":\"Person\",\"@id\":\"https:\/\/www.noticiasradioreflejos.com.ar\/2021\/#\/schema\/person\/ad82545263dcc5ec0996818884fd5fb1\",\"name\":\"Arnaldo Botto\",\"image\":{\"@type\":\"ImageObject\",\"inLanguage\":\"es\",\"@id\":\"https:\/\/www.noticiasradioreflejos.com.ar\/2021\/#\/schema\/person\/image\/\",\"url\":\"https:\/\/secure.gravatar.com\/avatar\/55cb5e37c1efa326397366e6974cb338056df65cb50e7d64d1cf314e87504837?s=96&d=mm&r=g\",\"contentUrl\":\"https:\/\/secure.gravatar.com\/avatar\/55cb5e37c1efa326397366e6974cb338056df65cb50e7d64d1cf314e87504837?s=96&d=mm&r=g\",\"caption\":\"Arnaldo Botto\"},\"url\":\"https:\/\/www.noticiasradioreflejos.com.ar\/2021\/author\/arnaldo\/\"}]}<\/script>\n<!-- \/ Yoast SEO plugin. -->","yoast_head_json":{"title":"Florencia Savisky: \u201cSierra de la Ventana sabe lo que es este cuartel\u201d - Noticias Radio Reflejos","robots":{"index":"index","follow":"follow","max-snippet":"max-snippet:-1","max-image-preview":"max-image-preview:large","max-video-preview":"max-video-preview:-1"},"canonical":"https:\/\/www.noticiasradioreflejos.com.ar\/2021\/florencia-savinsky-sierra-de-la-ventana-sabe-lo-que-es-este-cuartel\/","og_locale":"es_ES","og_type":"article","og_title":"Florencia Savisky: \u201cSierra de la Ventana sabe lo que es este cuartel\u201d - Noticias Radio Reflejos","og_description":"La flamante Presidenta de la Asociaci\u00f3n Bomberos Voluntarios de Sierra se mostr\u00f3 feliz por los festejos de los 50 a\u00f1os. \u201cEsper\u00e1bamos que sea una fiesta y lo fue\u201d asegur\u00f3.","og_url":"https:\/\/www.noticiasradioreflejos.com.ar\/2021\/florencia-savinsky-sierra-de-la-ventana-sabe-lo-que-es-este-cuartel\/","og_site_name":"Noticias Radio Reflejos","article_published_time":"2023-10-17T17:06:05+00:00","article_modified_time":"2023-10-17T17:09:12+00:00","og_image":[{"width":2560,"height":1440,"url":"https:\/\/www.noticiasradioreflejos.com.ar\/2021\/wp-content\/uploads\/2023\/10\/Flor-Savisky-scaled.jpg","type":"image\/jpeg"}],"author":"Arnaldo Botto","twitter_card":"summary_large_image","schema":{"@context":"https:\/\/schema.org","@graph":[{"@type":"WebPage","@id":"https:\/\/www.noticiasradioreflejos.com.ar\/2021\/florencia-savinsky-sierra-de-la-ventana-sabe-lo-que-es-este-cuartel\/","url":"https:\/\/www.noticiasradioreflejos.com.ar\/2021\/florencia-savinsky-sierra-de-la-ventana-sabe-lo-que-es-este-cuartel\/","name":"Florencia Savisky: \u201cSierra de la Ventana sabe lo que es este cuartel\u201d - Noticias Radio Reflejos","isPartOf":{"@id":"https:\/\/www.noticiasradioreflejos.com.ar\/2021\/#website"},"primaryImageOfPage":{"@id":"https:\/\/www.noticiasradioreflejos.com.ar\/2021\/florencia-savinsky-sierra-de-la-ventana-sabe-lo-que-es-este-cuartel\/#primaryimage"},"image":{"@id":"https:\/\/www.noticiasradioreflejos.com.ar\/2021\/florencia-savinsky-sierra-de-la-ventana-sabe-lo-que-es-este-cuartel\/#primaryimage"},"thumbnailUrl":"https:\/\/www.noticiasradioreflejos.com.ar\/2021\/wp-content\/uploads\/2023\/10\/Flor-Savisky-scaled.jpg","datePublished":"2023-10-17T17:06:05+00:00","dateModified":"2023-10-17T17:09:12+00:00","author":{"@id":"https:\/\/www.noticiasradioreflejos.com.ar\/2021\/#\/schema\/person\/ad82545263dcc5ec0996818884fd5fb1"},"breadcrumb":{"@id":"https:\/\/www.noticiasradioreflejos.com.ar\/2021\/florencia-savinsky-sierra-de-la-ventana-sabe-lo-que-es-este-cuartel\/#breadcrumb"},"inLanguage":"es","potentialAction":[{"@type":"ReadAction","target":["https:\/\/www.noticiasradioreflejos.com.ar\/2021\/florencia-savinsky-sierra-de-la-ventana-sabe-lo-que-es-este-cuartel\/"]}]},{"@type":"ImageObject","inLanguage":"es","@id":"https:\/\/www.noticiasradioreflejos.com.ar\/2021\/florencia-savinsky-sierra-de-la-ventana-sabe-lo-que-es-este-cuartel\/#primaryimage","url":"https:\/\/www.noticiasradioreflejos.com.ar\/2021\/wp-content\/uploads\/2023\/10\/Flor-Savisky-scaled.jpg","contentUrl":"https:\/\/www.noticiasradioreflejos.com.ar\/2021\/wp-content\/uploads\/2023\/10\/Flor-Savisky-scaled.jpg","width":2560,"height":1440},{"@type":"BreadcrumbList","@id":"https:\/\/www.noticiasradioreflejos.com.ar\/2021\/florencia-savinsky-sierra-de-la-ventana-sabe-lo-que-es-este-cuartel\/#breadcrumb","itemListElement":[{"@type":"ListItem","position":1,"name":"Portada","item":"https:\/\/www.noticiasradioreflejos.com.ar\/2021\/"},{"@type":"ListItem","position":2,"name":"Florencia Savisky: \u201cSierra de la Ventana sabe lo que es este cuartel\u201d"}]},{"@type":"WebSite","@id":"https:\/\/www.noticiasradioreflejos.com.ar\/2021\/#website","url":"https:\/\/www.noticiasradioreflejos.com.ar\/2021\/","name":"Noticias Radio Reflejos","description":"Las noticias de mi comarca","potentialAction":[{"@type":"SearchAction","target":{"@type":"EntryPoint","urlTemplate":"https:\/\/www.noticiasradioreflejos.com.ar\/2021\/?s={search_term_string}"},"query-input":{"@type":"PropertyValueSpecification","valueRequired":true,"valueName":"search_term_string"}}],"inLanguage":"es"},{"@type":"Person","@id":"https:\/\/www.noticiasradioreflejos.com.ar\/2021\/#\/schema\/person\/ad82545263dcc5ec0996818884fd5fb1","name":"Arnaldo Botto","image":{"@type":"ImageObject","inLanguage":"es","@id":"https:\/\/www.noticiasradioreflejos.com.ar\/2021\/#\/schema\/person\/image\/","url":"https:\/\/secure.gravatar.com\/avatar\/55cb5e37c1efa326397366e6974cb338056df65cb50e7d64d1cf314e87504837?s=96&d=mm&r=g","contentUrl":"https:\/\/secure.gravatar.com\/avatar\/55cb5e37c1efa326397366e6974cb338056df65cb50e7d64d1cf314e87504837?s=96&d=mm&r=g","caption":"Arnaldo Botto"},"url":"https:\/\/www.noticiasradioreflejos.com.ar\/2021\/author\/arnaldo\/"}]}},"_links":{"self":[{"href":"https:\/\/www.noticiasradioreflejos.com.ar\/2021\/wp-json\/wp\/v2\/posts\/94022","targetHints":{"allow":["GET"]}}],"collection":[{"href":"https:\/\/www.noticiasradioreflejos.com.ar\/2021\/wp-json\/wp\/v2\/posts"}],"about":[{"href":"https:\/\/www.noticiasradioreflejos.com.ar\/2021\/wp-json\/wp\/v2\/types\/post"}],"author":[{"embeddable":true,"href":"https:\/\/www.noticiasradioreflejos.com.ar\/2021\/wp-json\/wp\/v2\/users\/3"}],"replies":[{"embeddable":true,"href":"https:\/\/www.noticiasradioreflejos.com.ar\/2021\/wp-json\/wp\/v2\/comments?post=94022"}],"version-history":[{"count":3,"href":"https:\/\/www.noticiasradioreflejos.com.ar\/2021\/wp-json\/wp\/v2\/posts\/94022\/revisions"}],"predecessor-version":[{"id":94036,"href":"https:\/\/www.noticiasradioreflejos.com.ar\/2021\/wp-json\/wp\/v2\/posts\/94022\/revisions\/94036"}],"wp:featuredmedia":[{"embeddable":true,"href":"https:\/\/www.noticiasradioreflejos.com.ar\/2021\/wp-json\/wp\/v2\/media\/94034"}],"wp:attachment":[{"href":"https:\/\/www.noticiasradioreflejos.com.ar\/2021\/wp-json\/wp\/v2\/media?parent=94022"}],"wp:term":[{"taxonomy":"category","embeddable":true,"href":"https:\/\/www.noticiasradioreflejos.com.ar\/2021\/wp-json\/wp\/v2\/categories?post=94022"},{"taxonomy":"post_tag","embeddable":true,"href":"https:\/\/www.noticiasradioreflejos.com.ar\/2021\/wp-json\/wp\/v2\/tags?post=94022"}],"curies":[{"name":"wp","href":"https:\/\/api.w.org\/{rel}","templated":true}]}}