{"id":9402,"date":"2017-04-25T08:06:13","date_gmt":"2017-04-25T11:06:13","guid":{"rendered":"http:\/\/noticiasradioreflejos.com.ar\/noticias\/?p=9402"},"modified":"2017-04-25T08:06:13","modified_gmt":"2017-04-25T11:06:13","slug":"otra-gran-jornada-de-los-chicos-de-automoto","status":"publish","type":"post","link":"https:\/\/www.noticiasradioreflejos.com.ar\/2021\/otra-gran-jornada-de-los-chicos-de-automoto\/","title":{"rendered":"Otra gran jornada de los chicos de Automoto"},"content":{"rendered":"<p><a title=\"DSC_0162\" href=\"http:\/\/farm3.staticflickr.com\/2870\/33450082933_7c50a0932a.jpg\" rel=\"\"><img loading=\"lazy\" decoding=\"async\" class=\"alignleft\" style=\"float: left;\" title=\"DSC_0162\" src=\"http:\/\/farm3.staticflickr.com\/2870\/33450082933_7c50a0932a.jpg\" alt=\"DSC_0162\" width=\"500\" height=\"363\" \/><\/a>Los chicos del Automoto Club Deportivo completaron otra gran jornada en el torneo Apertura de inferiores que organiza la Liga Regional de F\u00fatbol de Coronel Su\u00e1rez, al conseguir dos victorias en los tres partidos disputados frente a Tiro Federal de Puan, correspondientes a la cuarta fecha de la Zona \u201cC\u201d.<br \/>\nLos dos festejos llegaron de la mano de la Sexta y la Octava divisi\u00f3n, que de esta manera cosecharon su tercer triunfo en igual cantidad de presentaciones, para mantener el puntaje ideal.<!--more--><br \/>\nLos m\u00e1s peque\u00f1os obtuvieron los tres puntos al superar a su rival por 1 a 0, con un gol de Tom\u00e1s Oro\u00f1o en el \u00faltimo minuto del juego. De este modo, se mantienen a tres unidades del l\u00edder Club Sarmiento \u201cA\u201d (rival de la pr\u00f3xima semana), que a\u00fan no tuvo fecha de descanso.<br \/>\nLa Sexta tambi\u00e9n contin\u00faa con puntaje ideal: en esta oportunidad gole\u00f3 a Tiro Federal por 6 a 0, demostrando las claras diferencias que existieron dentro del campo de juego. Sim\u00f3n Wallace (2), Franco Castillo, Juan Vanoli, Donato Mazzarini y Leonardo Maier fueron los autores de las conquistas del equipo azulgrana, que se mantiene segundo y a tres unidades del puntero.<br \/>\n<a title=\"DSC_0306\" href=\"http:\/\/farm5.staticflickr.com\/4173\/34259998805_f169b1f75a_z.jpg\" rel=\"\"><img loading=\"lazy\" decoding=\"async\" class=\"aligncenter\" title=\"DSC_0306\" src=\"http:\/\/farm5.staticflickr.com\/4173\/34259998805_f169b1f75a_z.jpg\" alt=\"DSC_0306\" width=\"640\" height=\"427\" \/><\/a><br \/>\nLa \u00fanica derrota de la tarde se produjo en Quinta, donde Automoto cay\u00f3 por un ajustado 3 a 2, producto de los tantos de Antonio Janyistabro, de penal, y Yago Cartuccia.<br \/>\nLa S\u00e9ptima tuvo jornada de descanso, debido a que Tiro Federal no cuenta con esa categor\u00eda en esa temporada.<br \/>\nEl pr\u00f3ximo s\u00e1bado, los chicos viajar\u00e1n a Pig\u00fc\u00e9 para medirse con Club Sarmiento \u201cA\u201d, que lidera la tabla de posiciones en Sexta, S\u00e9ptima y Octava.<br \/>\nLas tablas de posiciones de la Zona \u201cC\u201d de certamen quedaron de la siguiente manera:<br \/>\n<a title=\"Nueva imagen\" href=\"http:\/\/farm5.staticflickr.com\/4186\/34103026412_d8854af466_z.jpg\" rel=\"\"><img loading=\"lazy\" decoding=\"async\" class=\"alignleft\" style=\"float: left;\" title=\"Nueva imagen\" src=\"http:\/\/farm5.staticflickr.com\/4186\/34103026412_d8854af466_z.jpg\" alt=\"Nueva imagen\" width=\"323\" height=\"640\" \/><\/a><br \/>\n&nbsp;<\/p>\n","protected":false},"excerpt":{"rendered":"<p>Los chicos del Automoto Club Deportivo completaron otra gran jornada en el torneo Apertura de inferiores que organiza la Liga Regional de F\u00fatbol de Coronel Su\u00e1rez, al conseguir dos victorias en los tres partidos disputados frente a Tiro Federal de Puan, correspondientes a la cuarta fecha de la Zona \u201cC\u201d. Los dos festejos llegaron de [&hellip;]<\/p>\n","protected":false},"author":3,"featured_media":0,"comment_status":"closed","ping_status":"open","sticky":false,"template":"","format":"standard","meta":{"footnotes":""},"categories":[27],"tags":[],"class_list":["post-9402","post","type-post","status-publish","format-standard","hentry","category-deportes"],"yoast_head":"<!-- This site is optimized with the Yoast SEO plugin v25.9 - https:\/\/yoast.com\/wordpress\/plugins\/seo\/ -->\n<title>Otra gran jornada de los chicos de Automoto - Noticias Radio Reflejos<\/title>\n<meta name=\"robots\" content=\"index, follow, max-snippet:-1, max-image-preview:large, max-video-preview:-1\" \/>\n<link rel=\"canonical\" href=\"https:\/\/www.noticiasradioreflejos.com.ar\/2021\/otra-gran-jornada-de-los-chicos-de-automoto\/\" \/>\n<meta property=\"og:locale\" content=\"es_ES\" \/>\n<meta property=\"og:type\" content=\"article\" \/>\n<meta property=\"og:title\" content=\"Otra gran jornada de los chicos de Automoto - Noticias Radio Reflejos\" \/>\n<meta property=\"og:description\" content=\"Los chicos del Automoto Club Deportivo completaron otra gran jornada en el torneo Apertura de inferiores que organiza la Liga Regional de F\u00fatbol de Coronel Su\u00e1rez, al conseguir dos victorias en los tres partidos disputados frente a Tiro Federal de Puan, correspondientes a la cuarta fecha de la Zona \u201cC\u201d. Los dos festejos llegaron de [&hellip;]\" \/>\n<meta property=\"og:url\" content=\"https:\/\/www.noticiasradioreflejos.com.ar\/2021\/otra-gran-jornada-de-los-chicos-de-automoto\/\" \/>\n<meta property=\"og:site_name\" content=\"Noticias Radio Reflejos\" \/>\n<meta property=\"article:published_time\" content=\"2017-04-25T11:06:13+00:00\" \/>\n<meta property=\"og:image\" content=\"http:\/\/farm3.staticflickr.com\/2870\/33450082933_7c50a0932a.jpg\" \/>\n<meta name=\"author\" content=\"Arnaldo Botto\" \/>\n<meta name=\"twitter:card\" content=\"summary_large_image\" \/>\n<script type=\"application\/ld+json\" class=\"yoast-schema-graph\">{\"@context\":\"https:\/\/schema.org\",\"@graph\":[{\"@type\":\"WebPage\",\"@id\":\"https:\/\/www.noticiasradioreflejos.com.ar\/2021\/otra-gran-jornada-de-los-chicos-de-automoto\/\",\"url\":\"https:\/\/www.noticiasradioreflejos.com.ar\/2021\/otra-gran-jornada-de-los-chicos-de-automoto\/\",\"name\":\"Otra gran jornada de los chicos de Automoto - Noticias Radio Reflejos\",\"isPartOf\":{\"@id\":\"https:\/\/www.noticiasradioreflejos.com.ar\/2021\/#website\"},\"primaryImageOfPage\":{\"@id\":\"https:\/\/www.noticiasradioreflejos.com.ar\/2021\/otra-gran-jornada-de-los-chicos-de-automoto\/#primaryimage\"},\"image\":{\"@id\":\"https:\/\/www.noticiasradioreflejos.com.ar\/2021\/otra-gran-jornada-de-los-chicos-de-automoto\/#primaryimage\"},\"thumbnailUrl\":\"http:\/\/farm3.staticflickr.com\/2870\/33450082933_7c50a0932a.jpg\",\"datePublished\":\"2017-04-25T11:06:13+00:00\",\"author\":{\"@id\":\"https:\/\/www.noticiasradioreflejos.com.ar\/2021\/#\/schema\/person\/ad82545263dcc5ec0996818884fd5fb1\"},\"breadcrumb\":{\"@id\":\"https:\/\/www.noticiasradioreflejos.com.ar\/2021\/otra-gran-jornada-de-los-chicos-de-automoto\/#breadcrumb\"},\"inLanguage\":\"es\",\"potentialAction\":[{\"@type\":\"ReadAction\",\"target\":[\"https:\/\/www.noticiasradioreflejos.com.ar\/2021\/otra-gran-jornada-de-los-chicos-de-automoto\/\"]}]},{\"@type\":\"ImageObject\",\"inLanguage\":\"es\",\"@id\":\"https:\/\/www.noticiasradioreflejos.com.ar\/2021\/otra-gran-jornada-de-los-chicos-de-automoto\/#primaryimage\",\"url\":\"http:\/\/farm3.staticflickr.com\/2870\/33450082933_7c50a0932a.jpg\",\"contentUrl\":\"http:\/\/farm3.staticflickr.com\/2870\/33450082933_7c50a0932a.jpg\"},{\"@type\":\"BreadcrumbList\",\"@id\":\"https:\/\/www.noticiasradioreflejos.com.ar\/2021\/otra-gran-jornada-de-los-chicos-de-automoto\/#breadcrumb\",\"itemListElement\":[{\"@type\":\"ListItem\",\"position\":1,\"name\":\"Portada\",\"item\":\"https:\/\/www.noticiasradioreflejos.com.ar\/2021\/\"},{\"@type\":\"ListItem\",\"position\":2,\"name\":\"Otra gran jornada de los chicos de Automoto\"}]},{\"@type\":\"WebSite\",\"@id\":\"https:\/\/www.noticiasradioreflejos.com.ar\/2021\/#website\",\"url\":\"https:\/\/www.noticiasradioreflejos.com.ar\/2021\/\",\"name\":\"Noticias Radio Reflejos\",\"description\":\"Las noticias de mi comarca\",\"potentialAction\":[{\"@type\":\"SearchAction\",\"target\":{\"@type\":\"EntryPoint\",\"urlTemplate\":\"https:\/\/www.noticiasradioreflejos.com.ar\/2021\/?s={search_term_string}\"},\"query-input\":{\"@type\":\"PropertyValueSpecification\",\"valueRequired\":true,\"valueName\":\"search_term_string\"}}],\"inLanguage\":\"es\"},{\"@type\":\"Person\",\"@id\":\"https:\/\/www.noticiasradioreflejos.com.ar\/2021\/#\/schema\/person\/ad82545263dcc5ec0996818884fd5fb1\",\"name\":\"Arnaldo Botto\",\"image\":{\"@type\":\"ImageObject\",\"inLanguage\":\"es\",\"@id\":\"https:\/\/www.noticiasradioreflejos.com.ar\/2021\/#\/schema\/person\/image\/\",\"url\":\"https:\/\/secure.gravatar.com\/avatar\/55cb5e37c1efa326397366e6974cb338056df65cb50e7d64d1cf314e87504837?s=96&d=mm&r=g\",\"contentUrl\":\"https:\/\/secure.gravatar.com\/avatar\/55cb5e37c1efa326397366e6974cb338056df65cb50e7d64d1cf314e87504837?s=96&d=mm&r=g\",\"caption\":\"Arnaldo Botto\"},\"url\":\"https:\/\/www.noticiasradioreflejos.com.ar\/2021\/author\/arnaldo\/\"}]}<\/script>\n<!-- \/ Yoast SEO plugin. -->","yoast_head_json":{"title":"Otra gran jornada de los chicos de Automoto - Noticias Radio Reflejos","robots":{"index":"index","follow":"follow","max-snippet":"max-snippet:-1","max-image-preview":"max-image-preview:large","max-video-preview":"max-video-preview:-1"},"canonical":"https:\/\/www.noticiasradioreflejos.com.ar\/2021\/otra-gran-jornada-de-los-chicos-de-automoto\/","og_locale":"es_ES","og_type":"article","og_title":"Otra gran jornada de los chicos de Automoto - Noticias Radio Reflejos","og_description":"Los chicos del Automoto Club Deportivo completaron otra gran jornada en el torneo Apertura de inferiores que organiza la Liga Regional de F\u00fatbol de Coronel Su\u00e1rez, al conseguir dos victorias en los tres partidos disputados frente a Tiro Federal de Puan, correspondientes a la cuarta fecha de la Zona \u201cC\u201d. Los dos festejos llegaron de [&hellip;]","og_url":"https:\/\/www.noticiasradioreflejos.com.ar\/2021\/otra-gran-jornada-de-los-chicos-de-automoto\/","og_site_name":"Noticias Radio Reflejos","article_published_time":"2017-04-25T11:06:13+00:00","og_image":[{"url":"http:\/\/farm3.staticflickr.com\/2870\/33450082933_7c50a0932a.jpg","type":"","width":"","height":""}],"author":"Arnaldo Botto","twitter_card":"summary_large_image","schema":{"@context":"https:\/\/schema.org","@graph":[{"@type":"WebPage","@id":"https:\/\/www.noticiasradioreflejos.com.ar\/2021\/otra-gran-jornada-de-los-chicos-de-automoto\/","url":"https:\/\/www.noticiasradioreflejos.com.ar\/2021\/otra-gran-jornada-de-los-chicos-de-automoto\/","name":"Otra gran jornada de los chicos de Automoto - Noticias Radio Reflejos","isPartOf":{"@id":"https:\/\/www.noticiasradioreflejos.com.ar\/2021\/#website"},"primaryImageOfPage":{"@id":"https:\/\/www.noticiasradioreflejos.com.ar\/2021\/otra-gran-jornada-de-los-chicos-de-automoto\/#primaryimage"},"image":{"@id":"https:\/\/www.noticiasradioreflejos.com.ar\/2021\/otra-gran-jornada-de-los-chicos-de-automoto\/#primaryimage"},"thumbnailUrl":"http:\/\/farm3.staticflickr.com\/2870\/33450082933_7c50a0932a.jpg","datePublished":"2017-04-25T11:06:13+00:00","author":{"@id":"https:\/\/www.noticiasradioreflejos.com.ar\/2021\/#\/schema\/person\/ad82545263dcc5ec0996818884fd5fb1"},"breadcrumb":{"@id":"https:\/\/www.noticiasradioreflejos.com.ar\/2021\/otra-gran-jornada-de-los-chicos-de-automoto\/#breadcrumb"},"inLanguage":"es","potentialAction":[{"@type":"ReadAction","target":["https:\/\/www.noticiasradioreflejos.com.ar\/2021\/otra-gran-jornada-de-los-chicos-de-automoto\/"]}]},{"@type":"ImageObject","inLanguage":"es","@id":"https:\/\/www.noticiasradioreflejos.com.ar\/2021\/otra-gran-jornada-de-los-chicos-de-automoto\/#primaryimage","url":"http:\/\/farm3.staticflickr.com\/2870\/33450082933_7c50a0932a.jpg","contentUrl":"http:\/\/farm3.staticflickr.com\/2870\/33450082933_7c50a0932a.jpg"},{"@type":"BreadcrumbList","@id":"https:\/\/www.noticiasradioreflejos.com.ar\/2021\/otra-gran-jornada-de-los-chicos-de-automoto\/#breadcrumb","itemListElement":[{"@type":"ListItem","position":1,"name":"Portada","item":"https:\/\/www.noticiasradioreflejos.com.ar\/2021\/"},{"@type":"ListItem","position":2,"name":"Otra gran jornada de los chicos de Automoto"}]},{"@type":"WebSite","@id":"https:\/\/www.noticiasradioreflejos.com.ar\/2021\/#website","url":"https:\/\/www.noticiasradioreflejos.com.ar\/2021\/","name":"Noticias Radio Reflejos","description":"Las noticias de mi comarca","potentialAction":[{"@type":"SearchAction","target":{"@type":"EntryPoint","urlTemplate":"https:\/\/www.noticiasradioreflejos.com.ar\/2021\/?s={search_term_string}"},"query-input":{"@type":"PropertyValueSpecification","valueRequired":true,"valueName":"search_term_string"}}],"inLanguage":"es"},{"@type":"Person","@id":"https:\/\/www.noticiasradioreflejos.com.ar\/2021\/#\/schema\/person\/ad82545263dcc5ec0996818884fd5fb1","name":"Arnaldo Botto","image":{"@type":"ImageObject","inLanguage":"es","@id":"https:\/\/www.noticiasradioreflejos.com.ar\/2021\/#\/schema\/person\/image\/","url":"https:\/\/secure.gravatar.com\/avatar\/55cb5e37c1efa326397366e6974cb338056df65cb50e7d64d1cf314e87504837?s=96&d=mm&r=g","contentUrl":"https:\/\/secure.gravatar.com\/avatar\/55cb5e37c1efa326397366e6974cb338056df65cb50e7d64d1cf314e87504837?s=96&d=mm&r=g","caption":"Arnaldo Botto"},"url":"https:\/\/www.noticiasradioreflejos.com.ar\/2021\/author\/arnaldo\/"}]}},"_links":{"self":[{"href":"https:\/\/www.noticiasradioreflejos.com.ar\/2021\/wp-json\/wp\/v2\/posts\/9402","targetHints":{"allow":["GET"]}}],"collection":[{"href":"https:\/\/www.noticiasradioreflejos.com.ar\/2021\/wp-json\/wp\/v2\/posts"}],"about":[{"href":"https:\/\/www.noticiasradioreflejos.com.ar\/2021\/wp-json\/wp\/v2\/types\/post"}],"author":[{"embeddable":true,"href":"https:\/\/www.noticiasradioreflejos.com.ar\/2021\/wp-json\/wp\/v2\/users\/3"}],"replies":[{"embeddable":true,"href":"https:\/\/www.noticiasradioreflejos.com.ar\/2021\/wp-json\/wp\/v2\/comments?post=9402"}],"version-history":[{"count":0,"href":"https:\/\/www.noticiasradioreflejos.com.ar\/2021\/wp-json\/wp\/v2\/posts\/9402\/revisions"}],"wp:attachment":[{"href":"https:\/\/www.noticiasradioreflejos.com.ar\/2021\/wp-json\/wp\/v2\/media?parent=9402"}],"wp:term":[{"taxonomy":"category","embeddable":true,"href":"https:\/\/www.noticiasradioreflejos.com.ar\/2021\/wp-json\/wp\/v2\/categories?post=9402"},{"taxonomy":"post_tag","embeddable":true,"href":"https:\/\/www.noticiasradioreflejos.com.ar\/2021\/wp-json\/wp\/v2\/tags?post=9402"}],"curies":[{"name":"wp","href":"https:\/\/api.w.org\/{rel}","templated":true}]}}