{"id":9400,"date":"2017-04-25T07:54:20","date_gmt":"2017-04-25T10:54:20","guid":{"rendered":"http:\/\/noticiasradioreflejos.com.ar\/noticias\/?p=9400"},"modified":"2017-04-25T07:54:20","modified_gmt":"2017-04-25T10:54:20","slug":"fallo-judicial-a-favor-de-sadop","status":"publish","type":"post","link":"https:\/\/www.noticiasradioreflejos.com.ar\/2021\/fallo-judicial-a-favor-de-sadop\/","title":{"rendered":"Fallo Judicial a favor de SADOP"},"content":{"rendered":"<p>\u00daLTIMO MOMENTO: IMPORTANTE DECISI\u00d3N JUDICIAL CONFIRMA DERECHO DE LOS DOCENTES PRIVADOS<br \/>\nEl Juzgado en lo Contencioso Administrativo N\u00ba 2 de la Ciudad de La Plata, hizo lugar al reclamo planteado por la Seccional Provincia de Buenos Aires del Sindicato Argentino de Docentes Privados, seg\u00fan el cual la Comunicaci\u00f3n N\u00ba 53 de la DIPREGEP violaba las medidas cautelares del 15 y 23 de marzo, en las cuales se mandaba al Poder Ejecutivo Provincial que se abstenga de llevar adelante todo acto que altere, restrinja, limite o afecte la libertad de los trabajadores de la educaci\u00f3n.<!--more--><br \/>\nAsimismo orden\u00f3 a la Direcci\u00f3n General de Cultura y Educaci\u00f3n que se abstenga de realizar descuentos por los d\u00edas de PARO y en caso de haberse efectivizado, deber\u00e1n devolverse inmediatamente; igual alcance para el caso de los subsidios a los establecimientos privados, para los cuales, de haberse devuelto con fundamento en los d\u00edas de paro, deber\u00e1n reintregrarse.<br \/>\nTamb\u00eden establece que la gratificaci\u00f3n planteada por el Gobierno Provincial para aquellos trabajadores que no hubieren realizado las medidas de fuerza deber\u00e1 considerarse a cuenta de futuros aumentos a los fines de mantener la igualdad remunerativa.<br \/>\nTal decisi\u00f3n sostiene el derecho constitucional de los trabajadores de la educaci\u00f3n a manifestarse y realizar medidas directas y de acci\u00f3n sindical de acuerdo a la legislaci\u00f3n vigente.<br \/>\nEN DEFENSA DE NUESTROS DERECHOS LABORALES Y POR CONDICIONES DIGNAS DE TRABAJO<br \/>\nLa Plata, 24 de abril de 2017<br \/>\nJuan Carlos Cuy\u00e1s<br \/>\nSecretario General<\/p>\n","protected":false},"excerpt":{"rendered":"<p>\u00daLTIMO MOMENTO: IMPORTANTE DECISI\u00d3N JUDICIAL CONFIRMA DERECHO DE LOS DOCENTES PRIVADOS El Juzgado en lo Contencioso Administrativo N\u00ba 2 de la Ciudad de La Plata, hizo lugar al reclamo planteado por la Seccional Provincia de Buenos Aires del Sindicato Argentino de Docentes Privados, seg\u00fan el cual la Comunicaci\u00f3n N\u00ba 53 de la DIPREGEP violaba las [&hellip;]<\/p>\n","protected":false},"author":3,"featured_media":0,"comment_status":"closed","ping_status":"open","sticky":false,"template":"","format":"standard","meta":{"footnotes":""},"categories":[34],"tags":[],"class_list":["post-9400","post","type-post","status-publish","format-standard","hentry","category-educacion"],"yoast_head":"<!-- This site is optimized with the Yoast SEO plugin v25.9 - https:\/\/yoast.com\/wordpress\/plugins\/seo\/ -->\n<title>Fallo Judicial a favor de SADOP - Noticias Radio Reflejos<\/title>\n<meta name=\"robots\" content=\"index, follow, max-snippet:-1, max-image-preview:large, max-video-preview:-1\" \/>\n<link rel=\"canonical\" href=\"https:\/\/www.noticiasradioreflejos.com.ar\/2021\/fallo-judicial-a-favor-de-sadop\/\" \/>\n<meta property=\"og:locale\" content=\"es_ES\" \/>\n<meta property=\"og:type\" content=\"article\" \/>\n<meta property=\"og:title\" content=\"Fallo Judicial a favor de SADOP - Noticias Radio Reflejos\" \/>\n<meta property=\"og:description\" content=\"\u00daLTIMO MOMENTO: IMPORTANTE DECISI\u00d3N JUDICIAL CONFIRMA DERECHO DE LOS DOCENTES PRIVADOS El Juzgado en lo Contencioso Administrativo N\u00ba 2 de la Ciudad de La Plata, hizo lugar al reclamo planteado por la Seccional Provincia de Buenos Aires del Sindicato Argentino de Docentes Privados, seg\u00fan el cual la Comunicaci\u00f3n N\u00ba 53 de la DIPREGEP violaba las [&hellip;]\" \/>\n<meta property=\"og:url\" content=\"https:\/\/www.noticiasradioreflejos.com.ar\/2021\/fallo-judicial-a-favor-de-sadop\/\" \/>\n<meta property=\"og:site_name\" content=\"Noticias Radio Reflejos\" \/>\n<meta property=\"article:published_time\" content=\"2017-04-25T10:54:20+00:00\" \/>\n<meta property=\"og:image\" content=\"https:\/\/www.noticiasradioreflejos.com.ar\/2021\/wp-content\/uploads\/2021\/07\/logosol300x200.png\" \/>\n\t<meta property=\"og:image:width\" content=\"300\" \/>\n\t<meta property=\"og:image:height\" content=\"200\" \/>\n\t<meta property=\"og:image:type\" content=\"image\/png\" \/>\n<meta name=\"author\" content=\"Arnaldo Botto\" \/>\n<meta name=\"twitter:card\" content=\"summary_large_image\" \/>\n<script type=\"application\/ld+json\" class=\"yoast-schema-graph\">{\"@context\":\"https:\/\/schema.org\",\"@graph\":[{\"@type\":\"WebPage\",\"@id\":\"https:\/\/www.noticiasradioreflejos.com.ar\/2021\/fallo-judicial-a-favor-de-sadop\/\",\"url\":\"https:\/\/www.noticiasradioreflejos.com.ar\/2021\/fallo-judicial-a-favor-de-sadop\/\",\"name\":\"Fallo Judicial a favor de SADOP - Noticias Radio Reflejos\",\"isPartOf\":{\"@id\":\"https:\/\/www.noticiasradioreflejos.com.ar\/2021\/#website\"},\"datePublished\":\"2017-04-25T10:54:20+00:00\",\"author\":{\"@id\":\"https:\/\/www.noticiasradioreflejos.com.ar\/2021\/#\/schema\/person\/ad82545263dcc5ec0996818884fd5fb1\"},\"breadcrumb\":{\"@id\":\"https:\/\/www.noticiasradioreflejos.com.ar\/2021\/fallo-judicial-a-favor-de-sadop\/#breadcrumb\"},\"inLanguage\":\"es\",\"potentialAction\":[{\"@type\":\"ReadAction\",\"target\":[\"https:\/\/www.noticiasradioreflejos.com.ar\/2021\/fallo-judicial-a-favor-de-sadop\/\"]}]},{\"@type\":\"BreadcrumbList\",\"@id\":\"https:\/\/www.noticiasradioreflejos.com.ar\/2021\/fallo-judicial-a-favor-de-sadop\/#breadcrumb\",\"itemListElement\":[{\"@type\":\"ListItem\",\"position\":1,\"name\":\"Portada\",\"item\":\"https:\/\/www.noticiasradioreflejos.com.ar\/2021\/\"},{\"@type\":\"ListItem\",\"position\":2,\"name\":\"Fallo Judicial a favor de SADOP\"}]},{\"@type\":\"WebSite\",\"@id\":\"https:\/\/www.noticiasradioreflejos.com.ar\/2021\/#website\",\"url\":\"https:\/\/www.noticiasradioreflejos.com.ar\/2021\/\",\"name\":\"Noticias Radio Reflejos\",\"description\":\"Las noticias de mi comarca\",\"potentialAction\":[{\"@type\":\"SearchAction\",\"target\":{\"@type\":\"EntryPoint\",\"urlTemplate\":\"https:\/\/www.noticiasradioreflejos.com.ar\/2021\/?s={search_term_string}\"},\"query-input\":{\"@type\":\"PropertyValueSpecification\",\"valueRequired\":true,\"valueName\":\"search_term_string\"}}],\"inLanguage\":\"es\"},{\"@type\":\"Person\",\"@id\":\"https:\/\/www.noticiasradioreflejos.com.ar\/2021\/#\/schema\/person\/ad82545263dcc5ec0996818884fd5fb1\",\"name\":\"Arnaldo Botto\",\"image\":{\"@type\":\"ImageObject\",\"inLanguage\":\"es\",\"@id\":\"https:\/\/www.noticiasradioreflejos.com.ar\/2021\/#\/schema\/person\/image\/\",\"url\":\"https:\/\/secure.gravatar.com\/avatar\/55cb5e37c1efa326397366e6974cb338056df65cb50e7d64d1cf314e87504837?s=96&d=mm&r=g\",\"contentUrl\":\"https:\/\/secure.gravatar.com\/avatar\/55cb5e37c1efa326397366e6974cb338056df65cb50e7d64d1cf314e87504837?s=96&d=mm&r=g\",\"caption\":\"Arnaldo Botto\"},\"url\":\"https:\/\/www.noticiasradioreflejos.com.ar\/2021\/author\/arnaldo\/\"}]}<\/script>\n<!-- \/ Yoast SEO plugin. -->","yoast_head_json":{"title":"Fallo Judicial a favor de SADOP - Noticias Radio Reflejos","robots":{"index":"index","follow":"follow","max-snippet":"max-snippet:-1","max-image-preview":"max-image-preview:large","max-video-preview":"max-video-preview:-1"},"canonical":"https:\/\/www.noticiasradioreflejos.com.ar\/2021\/fallo-judicial-a-favor-de-sadop\/","og_locale":"es_ES","og_type":"article","og_title":"Fallo Judicial a favor de SADOP - Noticias Radio Reflejos","og_description":"\u00daLTIMO MOMENTO: IMPORTANTE DECISI\u00d3N JUDICIAL CONFIRMA DERECHO DE LOS DOCENTES PRIVADOS El Juzgado en lo Contencioso Administrativo N\u00ba 2 de la Ciudad de La Plata, hizo lugar al reclamo planteado por la Seccional Provincia de Buenos Aires del Sindicato Argentino de Docentes Privados, seg\u00fan el cual la Comunicaci\u00f3n N\u00ba 53 de la DIPREGEP violaba las [&hellip;]","og_url":"https:\/\/www.noticiasradioreflejos.com.ar\/2021\/fallo-judicial-a-favor-de-sadop\/","og_site_name":"Noticias Radio Reflejos","article_published_time":"2017-04-25T10:54:20+00:00","og_image":[{"width":300,"height":200,"url":"https:\/\/www.noticiasradioreflejos.com.ar\/2021\/wp-content\/uploads\/2021\/07\/logosol300x200.png","type":"image\/png"}],"author":"Arnaldo Botto","twitter_card":"summary_large_image","schema":{"@context":"https:\/\/schema.org","@graph":[{"@type":"WebPage","@id":"https:\/\/www.noticiasradioreflejos.com.ar\/2021\/fallo-judicial-a-favor-de-sadop\/","url":"https:\/\/www.noticiasradioreflejos.com.ar\/2021\/fallo-judicial-a-favor-de-sadop\/","name":"Fallo Judicial a favor de SADOP - Noticias Radio Reflejos","isPartOf":{"@id":"https:\/\/www.noticiasradioreflejos.com.ar\/2021\/#website"},"datePublished":"2017-04-25T10:54:20+00:00","author":{"@id":"https:\/\/www.noticiasradioreflejos.com.ar\/2021\/#\/schema\/person\/ad82545263dcc5ec0996818884fd5fb1"},"breadcrumb":{"@id":"https:\/\/www.noticiasradioreflejos.com.ar\/2021\/fallo-judicial-a-favor-de-sadop\/#breadcrumb"},"inLanguage":"es","potentialAction":[{"@type":"ReadAction","target":["https:\/\/www.noticiasradioreflejos.com.ar\/2021\/fallo-judicial-a-favor-de-sadop\/"]}]},{"@type":"BreadcrumbList","@id":"https:\/\/www.noticiasradioreflejos.com.ar\/2021\/fallo-judicial-a-favor-de-sadop\/#breadcrumb","itemListElement":[{"@type":"ListItem","position":1,"name":"Portada","item":"https:\/\/www.noticiasradioreflejos.com.ar\/2021\/"},{"@type":"ListItem","position":2,"name":"Fallo Judicial a favor de SADOP"}]},{"@type":"WebSite","@id":"https:\/\/www.noticiasradioreflejos.com.ar\/2021\/#website","url":"https:\/\/www.noticiasradioreflejos.com.ar\/2021\/","name":"Noticias Radio Reflejos","description":"Las noticias de mi comarca","potentialAction":[{"@type":"SearchAction","target":{"@type":"EntryPoint","urlTemplate":"https:\/\/www.noticiasradioreflejos.com.ar\/2021\/?s={search_term_string}"},"query-input":{"@type":"PropertyValueSpecification","valueRequired":true,"valueName":"search_term_string"}}],"inLanguage":"es"},{"@type":"Person","@id":"https:\/\/www.noticiasradioreflejos.com.ar\/2021\/#\/schema\/person\/ad82545263dcc5ec0996818884fd5fb1","name":"Arnaldo Botto","image":{"@type":"ImageObject","inLanguage":"es","@id":"https:\/\/www.noticiasradioreflejos.com.ar\/2021\/#\/schema\/person\/image\/","url":"https:\/\/secure.gravatar.com\/avatar\/55cb5e37c1efa326397366e6974cb338056df65cb50e7d64d1cf314e87504837?s=96&d=mm&r=g","contentUrl":"https:\/\/secure.gravatar.com\/avatar\/55cb5e37c1efa326397366e6974cb338056df65cb50e7d64d1cf314e87504837?s=96&d=mm&r=g","caption":"Arnaldo Botto"},"url":"https:\/\/www.noticiasradioreflejos.com.ar\/2021\/author\/arnaldo\/"}]}},"_links":{"self":[{"href":"https:\/\/www.noticiasradioreflejos.com.ar\/2021\/wp-json\/wp\/v2\/posts\/9400","targetHints":{"allow":["GET"]}}],"collection":[{"href":"https:\/\/www.noticiasradioreflejos.com.ar\/2021\/wp-json\/wp\/v2\/posts"}],"about":[{"href":"https:\/\/www.noticiasradioreflejos.com.ar\/2021\/wp-json\/wp\/v2\/types\/post"}],"author":[{"embeddable":true,"href":"https:\/\/www.noticiasradioreflejos.com.ar\/2021\/wp-json\/wp\/v2\/users\/3"}],"replies":[{"embeddable":true,"href":"https:\/\/www.noticiasradioreflejos.com.ar\/2021\/wp-json\/wp\/v2\/comments?post=9400"}],"version-history":[{"count":0,"href":"https:\/\/www.noticiasradioreflejos.com.ar\/2021\/wp-json\/wp\/v2\/posts\/9400\/revisions"}],"wp:attachment":[{"href":"https:\/\/www.noticiasradioreflejos.com.ar\/2021\/wp-json\/wp\/v2\/media?parent=9400"}],"wp:term":[{"taxonomy":"category","embeddable":true,"href":"https:\/\/www.noticiasradioreflejos.com.ar\/2021\/wp-json\/wp\/v2\/categories?post=9400"},{"taxonomy":"post_tag","embeddable":true,"href":"https:\/\/www.noticiasradioreflejos.com.ar\/2021\/wp-json\/wp\/v2\/tags?post=9400"}],"curies":[{"name":"wp","href":"https:\/\/api.w.org\/{rel}","templated":true}]}}