{"id":93991,"date":"2023-10-16T14:55:27","date_gmt":"2023-10-16T14:55:27","guid":{"rendered":"https:\/\/www.noticiasradioreflejos.com.ar\/2021\/?p=93991"},"modified":"2023-10-16T14:55:27","modified_gmt":"2023-10-16T14:55:27","slug":"continua-la-alerta-extrema-por-riesgo-de-incendios-en-cordoba-y-lloveria-recien-el-fin-de-semana","status":"publish","type":"post","link":"https:\/\/www.noticiasradioreflejos.com.ar\/2021\/continua-la-alerta-extrema-por-riesgo-de-incendios-en-cordoba-y-lloveria-recien-el-fin-de-semana\/","title":{"rendered":"Contin\u00faa la alerta extrema por riesgo de incendios en C\u00f3rdoba y llover\u00eda reci\u00e9n el fin de semana"},"content":{"rendered":"<p>La alerta extrema por riesgo de incendios forestales contin\u00faa vigente en la provincia de C\u00f3rdoba, en donde la extensa sequ\u00eda genera condiciones favorables para el desarrollo de esos siniestros, por lo que las autoridades solicitaron extremar los cuidados para evitar probables focos.<!--more--><\/p>\n<p>Luego de una semana muy complicada y con gran actividad en diferentes puntos de la provincia, con el principal fuego afectando una gran cantidad de hect\u00e1reas de monte nativo y m\u00e1s de una decena de viviendas en Villa Carlos Paz, las condiciones clim\u00e1ticas continuar\u00e1n complicadas.<\/p>\n<p>Las lluvias llegar\u00edan a C\u00f3rdoba reci\u00e9n el pr\u00f3ximo fin de semana, mientras que se prev\u00e9n fuertes vientos para ma\u00f1ana y el mi\u00e9rcoles, lo que complica el panorama.<\/p>\n<p>Las autoridades reiteraron que m\u00e1s del 90% de los incendios son provocados por la acci\u00f3n del hombre, sea de manera intencional o accidental, por lo que la campa\u00f1a para que los vecinos tomen conciencia de los riesgos, toma m\u00e1s \u00e9nfasis estos d\u00edas.<\/p>\n<p>Este domingo los bomberos voluntarios de diferentes cuarteles debieron combatir focos en el paraje Loma Bola, jurisdicci\u00f3n La Paz, en el sur provincial, sector cercano a Embalse donde lograron contener otro fuego, en tanto que se hubo actividad \u00edgnea en el noreste, en el departamento Tulumba, en el paraje Santa Cruz.<\/p>\n<p>Este lunes no se report\u00f3 ning\u00fan incendio forestal, aunque los bomberos y brigadistas contin\u00faan en guardia para estar disponibles r\u00e1pidamente ante cualquier eventualidad.<\/p>\n","protected":false},"excerpt":{"rendered":"<p>La alerta extrema por riesgo de incendios forestales contin\u00faa vigente en la provincia de C\u00f3rdoba, en donde la extensa sequ\u00eda genera condiciones favorables para el desarrollo de esos siniestros, por lo que las autoridades solicitaron extremar los cuidados para evitar probables focos.<\/p>\n","protected":false},"author":3,"featured_media":90761,"comment_status":"closed","ping_status":"closed","sticky":false,"template":"","format":"standard","meta":{"footnotes":""},"categories":[26],"tags":[],"class_list":["post-93991","post","type-post","status-publish","format-standard","has-post-thumbnail","hentry","category-sociedad"],"yoast_head":"<!-- This site is optimized with the Yoast SEO plugin v25.9 - https:\/\/yoast.com\/wordpress\/plugins\/seo\/ -->\n<title>Contin\u00faa la alerta extrema por riesgo de incendios en C\u00f3rdoba y llover\u00eda reci\u00e9n el fin de semana - Noticias Radio Reflejos<\/title>\n<meta name=\"robots\" content=\"index, follow, max-snippet:-1, max-image-preview:large, max-video-preview:-1\" \/>\n<link rel=\"canonical\" href=\"https:\/\/www.noticiasradioreflejos.com.ar\/2021\/continua-la-alerta-extrema-por-riesgo-de-incendios-en-cordoba-y-lloveria-recien-el-fin-de-semana\/\" \/>\n<meta property=\"og:locale\" content=\"es_ES\" \/>\n<meta property=\"og:type\" content=\"article\" \/>\n<meta property=\"og:title\" content=\"Contin\u00faa la alerta extrema por riesgo de incendios en C\u00f3rdoba y llover\u00eda reci\u00e9n el fin de semana - Noticias Radio Reflejos\" \/>\n<meta property=\"og:description\" content=\"La alerta extrema por riesgo de incendios forestales contin\u00faa vigente en la provincia de C\u00f3rdoba, en donde la extensa sequ\u00eda genera condiciones favorables para el desarrollo de esos siniestros, por lo que las autoridades solicitaron extremar los cuidados para evitar probables focos.\" \/>\n<meta property=\"og:url\" content=\"https:\/\/www.noticiasradioreflejos.com.ar\/2021\/continua-la-alerta-extrema-por-riesgo-de-incendios-en-cordoba-y-lloveria-recien-el-fin-de-semana\/\" \/>\n<meta property=\"og:site_name\" content=\"Noticias Radio Reflejos\" \/>\n<meta property=\"article:published_time\" content=\"2023-10-16T14:55:27+00:00\" \/>\n<meta property=\"og:image\" content=\"https:\/\/www.noticiasradioreflejos.com.ar\/2021\/wp-content\/uploads\/2023\/07\/24-07-2023_la_gente_observa_los_incendios.jpg\" \/>\n\t<meta property=\"og:image:width\" content=\"1000\" \/>\n\t<meta property=\"og:image:height\" content=\"667\" \/>\n\t<meta property=\"og:image:type\" content=\"image\/jpeg\" \/>\n<meta name=\"author\" content=\"Arnaldo Botto\" \/>\n<meta name=\"twitter:card\" content=\"summary_large_image\" \/>\n<script type=\"application\/ld+json\" class=\"yoast-schema-graph\">{\"@context\":\"https:\/\/schema.org\",\"@graph\":[{\"@type\":\"WebPage\",\"@id\":\"https:\/\/www.noticiasradioreflejos.com.ar\/2021\/continua-la-alerta-extrema-por-riesgo-de-incendios-en-cordoba-y-lloveria-recien-el-fin-de-semana\/\",\"url\":\"https:\/\/www.noticiasradioreflejos.com.ar\/2021\/continua-la-alerta-extrema-por-riesgo-de-incendios-en-cordoba-y-lloveria-recien-el-fin-de-semana\/\",\"name\":\"Contin\u00faa la alerta extrema por riesgo de incendios en C\u00f3rdoba y llover\u00eda reci\u00e9n el fin de semana - Noticias Radio Reflejos\",\"isPartOf\":{\"@id\":\"https:\/\/www.noticiasradioreflejos.com.ar\/2021\/#website\"},\"primaryImageOfPage\":{\"@id\":\"https:\/\/www.noticiasradioreflejos.com.ar\/2021\/continua-la-alerta-extrema-por-riesgo-de-incendios-en-cordoba-y-lloveria-recien-el-fin-de-semana\/#primaryimage\"},\"image\":{\"@id\":\"https:\/\/www.noticiasradioreflejos.com.ar\/2021\/continua-la-alerta-extrema-por-riesgo-de-incendios-en-cordoba-y-lloveria-recien-el-fin-de-semana\/#primaryimage\"},\"thumbnailUrl\":\"https:\/\/www.noticiasradioreflejos.com.ar\/2021\/wp-content\/uploads\/2023\/07\/24-07-2023_la_gente_observa_los_incendios.jpg\",\"datePublished\":\"2023-10-16T14:55:27+00:00\",\"author\":{\"@id\":\"https:\/\/www.noticiasradioreflejos.com.ar\/2021\/#\/schema\/person\/ad82545263dcc5ec0996818884fd5fb1\"},\"breadcrumb\":{\"@id\":\"https:\/\/www.noticiasradioreflejos.com.ar\/2021\/continua-la-alerta-extrema-por-riesgo-de-incendios-en-cordoba-y-lloveria-recien-el-fin-de-semana\/#breadcrumb\"},\"inLanguage\":\"es\",\"potentialAction\":[{\"@type\":\"ReadAction\",\"target\":[\"https:\/\/www.noticiasradioreflejos.com.ar\/2021\/continua-la-alerta-extrema-por-riesgo-de-incendios-en-cordoba-y-lloveria-recien-el-fin-de-semana\/\"]}]},{\"@type\":\"ImageObject\",\"inLanguage\":\"es\",\"@id\":\"https:\/\/www.noticiasradioreflejos.com.ar\/2021\/continua-la-alerta-extrema-por-riesgo-de-incendios-en-cordoba-y-lloveria-recien-el-fin-de-semana\/#primaryimage\",\"url\":\"https:\/\/www.noticiasradioreflejos.com.ar\/2021\/wp-content\/uploads\/2023\/07\/24-07-2023_la_gente_observa_los_incendios.jpg\",\"contentUrl\":\"https:\/\/www.noticiasradioreflejos.com.ar\/2021\/wp-content\/uploads\/2023\/07\/24-07-2023_la_gente_observa_los_incendios.jpg\",\"width\":1000,\"height\":667},{\"@type\":\"BreadcrumbList\",\"@id\":\"https:\/\/www.noticiasradioreflejos.com.ar\/2021\/continua-la-alerta-extrema-por-riesgo-de-incendios-en-cordoba-y-lloveria-recien-el-fin-de-semana\/#breadcrumb\",\"itemListElement\":[{\"@type\":\"ListItem\",\"position\":1,\"name\":\"Portada\",\"item\":\"https:\/\/www.noticiasradioreflejos.com.ar\/2021\/\"},{\"@type\":\"ListItem\",\"position\":2,\"name\":\"Contin\u00faa la alerta extrema por riesgo de incendios en C\u00f3rdoba y llover\u00eda reci\u00e9n el fin de semana\"}]},{\"@type\":\"WebSite\",\"@id\":\"https:\/\/www.noticiasradioreflejos.com.ar\/2021\/#website\",\"url\":\"https:\/\/www.noticiasradioreflejos.com.ar\/2021\/\",\"name\":\"Noticias Radio Reflejos\",\"description\":\"Las noticias de mi comarca\",\"potentialAction\":[{\"@type\":\"SearchAction\",\"target\":{\"@type\":\"EntryPoint\",\"urlTemplate\":\"https:\/\/www.noticiasradioreflejos.com.ar\/2021\/?s={search_term_string}\"},\"query-input\":{\"@type\":\"PropertyValueSpecification\",\"valueRequired\":true,\"valueName\":\"search_term_string\"}}],\"inLanguage\":\"es\"},{\"@type\":\"Person\",\"@id\":\"https:\/\/www.noticiasradioreflejos.com.ar\/2021\/#\/schema\/person\/ad82545263dcc5ec0996818884fd5fb1\",\"name\":\"Arnaldo Botto\",\"image\":{\"@type\":\"ImageObject\",\"inLanguage\":\"es\",\"@id\":\"https:\/\/www.noticiasradioreflejos.com.ar\/2021\/#\/schema\/person\/image\/\",\"url\":\"https:\/\/secure.gravatar.com\/avatar\/55cb5e37c1efa326397366e6974cb338056df65cb50e7d64d1cf314e87504837?s=96&d=mm&r=g\",\"contentUrl\":\"https:\/\/secure.gravatar.com\/avatar\/55cb5e37c1efa326397366e6974cb338056df65cb50e7d64d1cf314e87504837?s=96&d=mm&r=g\",\"caption\":\"Arnaldo Botto\"},\"url\":\"https:\/\/www.noticiasradioreflejos.com.ar\/2021\/author\/arnaldo\/\"}]}<\/script>\n<!-- \/ Yoast SEO plugin. -->","yoast_head_json":{"title":"Contin\u00faa la alerta extrema por riesgo de incendios en C\u00f3rdoba y llover\u00eda reci\u00e9n el fin de semana - Noticias Radio Reflejos","robots":{"index":"index","follow":"follow","max-snippet":"max-snippet:-1","max-image-preview":"max-image-preview:large","max-video-preview":"max-video-preview:-1"},"canonical":"https:\/\/www.noticiasradioreflejos.com.ar\/2021\/continua-la-alerta-extrema-por-riesgo-de-incendios-en-cordoba-y-lloveria-recien-el-fin-de-semana\/","og_locale":"es_ES","og_type":"article","og_title":"Contin\u00faa la alerta extrema por riesgo de incendios en C\u00f3rdoba y llover\u00eda reci\u00e9n el fin de semana - Noticias Radio Reflejos","og_description":"La alerta extrema por riesgo de incendios forestales contin\u00faa vigente en la provincia de C\u00f3rdoba, en donde la extensa sequ\u00eda genera condiciones favorables para el desarrollo de esos siniestros, por lo que las autoridades solicitaron extremar los cuidados para evitar probables focos.","og_url":"https:\/\/www.noticiasradioreflejos.com.ar\/2021\/continua-la-alerta-extrema-por-riesgo-de-incendios-en-cordoba-y-lloveria-recien-el-fin-de-semana\/","og_site_name":"Noticias Radio Reflejos","article_published_time":"2023-10-16T14:55:27+00:00","og_image":[{"width":1000,"height":667,"url":"https:\/\/www.noticiasradioreflejos.com.ar\/2021\/wp-content\/uploads\/2023\/07\/24-07-2023_la_gente_observa_los_incendios.jpg","type":"image\/jpeg"}],"author":"Arnaldo Botto","twitter_card":"summary_large_image","schema":{"@context":"https:\/\/schema.org","@graph":[{"@type":"WebPage","@id":"https:\/\/www.noticiasradioreflejos.com.ar\/2021\/continua-la-alerta-extrema-por-riesgo-de-incendios-en-cordoba-y-lloveria-recien-el-fin-de-semana\/","url":"https:\/\/www.noticiasradioreflejos.com.ar\/2021\/continua-la-alerta-extrema-por-riesgo-de-incendios-en-cordoba-y-lloveria-recien-el-fin-de-semana\/","name":"Contin\u00faa la alerta extrema por riesgo de incendios en C\u00f3rdoba y llover\u00eda reci\u00e9n el fin de semana - Noticias Radio Reflejos","isPartOf":{"@id":"https:\/\/www.noticiasradioreflejos.com.ar\/2021\/#website"},"primaryImageOfPage":{"@id":"https:\/\/www.noticiasradioreflejos.com.ar\/2021\/continua-la-alerta-extrema-por-riesgo-de-incendios-en-cordoba-y-lloveria-recien-el-fin-de-semana\/#primaryimage"},"image":{"@id":"https:\/\/www.noticiasradioreflejos.com.ar\/2021\/continua-la-alerta-extrema-por-riesgo-de-incendios-en-cordoba-y-lloveria-recien-el-fin-de-semana\/#primaryimage"},"thumbnailUrl":"https:\/\/www.noticiasradioreflejos.com.ar\/2021\/wp-content\/uploads\/2023\/07\/24-07-2023_la_gente_observa_los_incendios.jpg","datePublished":"2023-10-16T14:55:27+00:00","author":{"@id":"https:\/\/www.noticiasradioreflejos.com.ar\/2021\/#\/schema\/person\/ad82545263dcc5ec0996818884fd5fb1"},"breadcrumb":{"@id":"https:\/\/www.noticiasradioreflejos.com.ar\/2021\/continua-la-alerta-extrema-por-riesgo-de-incendios-en-cordoba-y-lloveria-recien-el-fin-de-semana\/#breadcrumb"},"inLanguage":"es","potentialAction":[{"@type":"ReadAction","target":["https:\/\/www.noticiasradioreflejos.com.ar\/2021\/continua-la-alerta-extrema-por-riesgo-de-incendios-en-cordoba-y-lloveria-recien-el-fin-de-semana\/"]}]},{"@type":"ImageObject","inLanguage":"es","@id":"https:\/\/www.noticiasradioreflejos.com.ar\/2021\/continua-la-alerta-extrema-por-riesgo-de-incendios-en-cordoba-y-lloveria-recien-el-fin-de-semana\/#primaryimage","url":"https:\/\/www.noticiasradioreflejos.com.ar\/2021\/wp-content\/uploads\/2023\/07\/24-07-2023_la_gente_observa_los_incendios.jpg","contentUrl":"https:\/\/www.noticiasradioreflejos.com.ar\/2021\/wp-content\/uploads\/2023\/07\/24-07-2023_la_gente_observa_los_incendios.jpg","width":1000,"height":667},{"@type":"BreadcrumbList","@id":"https:\/\/www.noticiasradioreflejos.com.ar\/2021\/continua-la-alerta-extrema-por-riesgo-de-incendios-en-cordoba-y-lloveria-recien-el-fin-de-semana\/#breadcrumb","itemListElement":[{"@type":"ListItem","position":1,"name":"Portada","item":"https:\/\/www.noticiasradioreflejos.com.ar\/2021\/"},{"@type":"ListItem","position":2,"name":"Contin\u00faa la alerta extrema por riesgo de incendios en C\u00f3rdoba y llover\u00eda reci\u00e9n el fin de semana"}]},{"@type":"WebSite","@id":"https:\/\/www.noticiasradioreflejos.com.ar\/2021\/#website","url":"https:\/\/www.noticiasradioreflejos.com.ar\/2021\/","name":"Noticias Radio Reflejos","description":"Las noticias de mi comarca","potentialAction":[{"@type":"SearchAction","target":{"@type":"EntryPoint","urlTemplate":"https:\/\/www.noticiasradioreflejos.com.ar\/2021\/?s={search_term_string}"},"query-input":{"@type":"PropertyValueSpecification","valueRequired":true,"valueName":"search_term_string"}}],"inLanguage":"es"},{"@type":"Person","@id":"https:\/\/www.noticiasradioreflejos.com.ar\/2021\/#\/schema\/person\/ad82545263dcc5ec0996818884fd5fb1","name":"Arnaldo Botto","image":{"@type":"ImageObject","inLanguage":"es","@id":"https:\/\/www.noticiasradioreflejos.com.ar\/2021\/#\/schema\/person\/image\/","url":"https:\/\/secure.gravatar.com\/avatar\/55cb5e37c1efa326397366e6974cb338056df65cb50e7d64d1cf314e87504837?s=96&d=mm&r=g","contentUrl":"https:\/\/secure.gravatar.com\/avatar\/55cb5e37c1efa326397366e6974cb338056df65cb50e7d64d1cf314e87504837?s=96&d=mm&r=g","caption":"Arnaldo Botto"},"url":"https:\/\/www.noticiasradioreflejos.com.ar\/2021\/author\/arnaldo\/"}]}},"_links":{"self":[{"href":"https:\/\/www.noticiasradioreflejos.com.ar\/2021\/wp-json\/wp\/v2\/posts\/93991","targetHints":{"allow":["GET"]}}],"collection":[{"href":"https:\/\/www.noticiasradioreflejos.com.ar\/2021\/wp-json\/wp\/v2\/posts"}],"about":[{"href":"https:\/\/www.noticiasradioreflejos.com.ar\/2021\/wp-json\/wp\/v2\/types\/post"}],"author":[{"embeddable":true,"href":"https:\/\/www.noticiasradioreflejos.com.ar\/2021\/wp-json\/wp\/v2\/users\/3"}],"replies":[{"embeddable":true,"href":"https:\/\/www.noticiasradioreflejos.com.ar\/2021\/wp-json\/wp\/v2\/comments?post=93991"}],"version-history":[{"count":1,"href":"https:\/\/www.noticiasradioreflejos.com.ar\/2021\/wp-json\/wp\/v2\/posts\/93991\/revisions"}],"predecessor-version":[{"id":93992,"href":"https:\/\/www.noticiasradioreflejos.com.ar\/2021\/wp-json\/wp\/v2\/posts\/93991\/revisions\/93992"}],"wp:featuredmedia":[{"embeddable":true,"href":"https:\/\/www.noticiasradioreflejos.com.ar\/2021\/wp-json\/wp\/v2\/media\/90761"}],"wp:attachment":[{"href":"https:\/\/www.noticiasradioreflejos.com.ar\/2021\/wp-json\/wp\/v2\/media?parent=93991"}],"wp:term":[{"taxonomy":"category","embeddable":true,"href":"https:\/\/www.noticiasradioreflejos.com.ar\/2021\/wp-json\/wp\/v2\/categories?post=93991"},{"taxonomy":"post_tag","embeddable":true,"href":"https:\/\/www.noticiasradioreflejos.com.ar\/2021\/wp-json\/wp\/v2\/tags?post=93991"}],"curies":[{"name":"wp","href":"https:\/\/api.w.org\/{rel}","templated":true}]}}