{"id":93962,"date":"2023-10-15T12:50:29","date_gmt":"2023-10-15T12:50:29","guid":{"rendered":"https:\/\/www.noticiasradioreflejos.com.ar\/2021\/?p=93962"},"modified":"2023-10-15T12:50:29","modified_gmt":"2023-10-15T12:50:29","slug":"regreso-seguro-llego-al-pais-el-vuelo-de-aerolineas-argentinas-con-primeros-repatriados-de-israel","status":"publish","type":"post","link":"https:\/\/www.noticiasradioreflejos.com.ar\/2021\/regreso-seguro-llego-al-pais-el-vuelo-de-aerolineas-argentinas-con-primeros-repatriados-de-israel\/","title":{"rendered":"Regreso Seguro: lleg\u00f3 al pa\u00eds el vuelo de Aerol\u00edneas Argentinas con primeros repatriados de Israel"},"content":{"rendered":"<p>El vuelo de Aerol\u00edneas Argentinas que trajo desde Roma a 246 argentinos repatriados de Israel, los primeros en el marco del operativo \u00abRegreso Seguro\u00bb organizado por el Gobierno argentino en el marco de la guerra con Hamas, lleg\u00f3 esta ma\u00f1ana a Buenos Aires, tras haber partido anoche desde Roma, la capital italiana.<!--more--><\/p>\n<p>El Airbus 330-200 con matr\u00edcula LV-GIF toc\u00f3 tierra a las 7.49 en el aeropuerto Internacional de Ezeiza y luego del aterrizaje, los pasajeros desembarcaron por manga en el edificio central de la estaci\u00f3n a\u00e9rea, donde tras los tr\u00e1mites de Migraciones y Aduana fueron trasladados en micros hasta la zona del Hangar 5 de Aerol\u00edneas Argentinas, donde eran aguardados por familiares.<\/p>\n<p>La aeronave hab\u00eda despegado a las 20.50 hora local (15.50 de Argentina) del aeropuerto de Fiumicino, en Roma.<\/p>\n<p>El vuelo se enmarc\u00f3 en el operativo \u00abRegreso Seguro\u00bb, dispuesto por el Gobierno argentino para traer al pa\u00eds a los argentinos y argentinas que as\u00ed lo deseen para escapar del conflicto b\u00e9lico declarado la semana pasada en Israel, a partir de la sangrienta y mort\u00edfera incursi\u00f3n del grupo islamista palestino Hamas.<\/p>\n<blockquote class=\"twitter-tweet\">\n<p lang=\"es\" dir=\"ltr\">244 argentinos y argentinas evacuados desde Israel ya est\u00e1n de regreso al pa\u00eds v\u00eda Italia en un vuelo de <a href=\"https:\/\/twitter.com\/Aerolineas_AR?ref_src=twsrc%5Etfw\">@Aerolineas_AR<\/a> \ud83c\udde6\ud83c\uddf7\ud83d\udc4f<\/p>\n<p>Con la coordinaci\u00f3n de la <a href=\"https:\/\/twitter.com\/CancilleriaARG?ref_src=twsrc%5Etfw\">@CancilleriaARG<\/a> y <a href=\"https:\/\/twitter.com\/MindefArg?ref_src=twsrc%5Etfw\">@MindefArg<\/a> el puente a\u00e9reo Tel Aviv-Roma contin\u00faa su trabajo para evacuar a m\u00e1s compatriotas. <a href=\"https:\/\/t.co\/lL45vwnwJ3\">pic.twitter.com\/lL45vwnwJ3<\/a><\/p>\n<p>&mdash; Santiago Cafiero (@SantiagoCafiero) <a href=\"https:\/\/twitter.com\/SantiagoCafiero\/status\/1713302951945461842?ref_src=twsrc%5Etfw\">October 14, 2023<\/a><\/p><\/blockquote>\n<p> <script async src=\"https:\/\/platform.twitter.com\/widgets.js\" charset=\"utf-8\"><\/script><\/p>\n<p>Este operativo, concretado en forma conjunta por la Canciller\u00eda y el Ministerio de Defensa, implica el traslado de los argentinos entre Tel Aviv y Roma con un H\u00e9rcules C-130 y un Boeing 737 pertenecientes a la Fuerza A\u00e9rea Argentina.<\/p>\n<p>Luego, desde la capital italiana, el contingente de turistas, estudiantes y residentes argentinos en Israel viaja a nuestro pa\u00eds en un vuelo especial de Aerol\u00edneas Argentinas.<\/p>\n<p>\u00abEstamos al servicio de todos los argentinos y argentinas que nos necesitan, como ya lo hemos hecho durante la pandemia, operando vuelos especiales para traer a quienes hab\u00edan quedado varados en el exterior, insumos m\u00e9dicos y vacunas. Cuando se dan estos eventos dram\u00e1ticos que necesitan una respuesta r\u00e1pida, eficiente y profesional, Aerol\u00edneas siempre est\u00e1\u00bb, se\u00f1al\u00f3 al respecto Pablo Ceriani, presidente de Aerol\u00edneas Argentinas.<\/p>\n<p>De acuerdo a lo informado por Canciller\u00eda, son casi 1500 los argentinos que solicitaron la repatriaci\u00f3n.<\/p>\n","protected":false},"excerpt":{"rendered":"<p>El vuelo de Aerol\u00edneas Argentinas que trajo desde Roma a 246 argentinos repatriados de Israel, los primeros en el marco del operativo \u00abRegreso Seguro\u00bb organizado por el Gobierno argentino en el marco de la guerra con Hamas, lleg\u00f3 esta ma\u00f1ana a Buenos Aires, tras haber partido anoche desde Roma, la capital italiana.<\/p>\n","protected":false},"author":3,"featured_media":93963,"comment_status":"closed","ping_status":"closed","sticky":false,"template":"","format":"standard","meta":{"footnotes":""},"categories":[1],"tags":[],"class_list":["post-93962","post","type-post","status-publish","format-standard","has-post-thumbnail","hentry","category-sin-categoria"],"yoast_head":"<!-- This site is optimized with the Yoast SEO plugin v25.9 - https:\/\/yoast.com\/wordpress\/plugins\/seo\/ -->\n<title>Regreso Seguro: lleg\u00f3 al pa\u00eds el vuelo de Aerol\u00edneas Argentinas con primeros repatriados de Israel - Noticias Radio Reflejos<\/title>\n<meta name=\"robots\" content=\"index, follow, max-snippet:-1, max-image-preview:large, max-video-preview:-1\" \/>\n<link rel=\"canonical\" href=\"https:\/\/www.noticiasradioreflejos.com.ar\/2021\/regreso-seguro-llego-al-pais-el-vuelo-de-aerolineas-argentinas-con-primeros-repatriados-de-israel\/\" \/>\n<meta property=\"og:locale\" content=\"es_ES\" \/>\n<meta property=\"og:type\" content=\"article\" \/>\n<meta property=\"og:title\" content=\"Regreso Seguro: lleg\u00f3 al pa\u00eds el vuelo de Aerol\u00edneas Argentinas con primeros repatriados de Israel - Noticias Radio Reflejos\" \/>\n<meta property=\"og:description\" content=\"El vuelo de Aerol\u00edneas Argentinas que trajo desde Roma a 246 argentinos repatriados de Israel, los primeros en el marco del operativo \u00abRegreso Seguro\u00bb organizado por el Gobierno argentino en el marco de la guerra con Hamas, lleg\u00f3 esta ma\u00f1ana a Buenos Aires, tras haber partido anoche desde Roma, la capital italiana.\" \/>\n<meta property=\"og:url\" content=\"https:\/\/www.noticiasradioreflejos.com.ar\/2021\/regreso-seguro-llego-al-pais-el-vuelo-de-aerolineas-argentinas-con-primeros-repatriados-de-israel\/\" \/>\n<meta property=\"og:site_name\" content=\"Noticias Radio Reflejos\" \/>\n<meta property=\"article:published_time\" content=\"2023-10-15T12:50:29+00:00\" \/>\n<meta property=\"og:image\" content=\"https:\/\/www.noticiasradioreflejos.com.ar\/2021\/wp-content\/uploads\/2023\/10\/aerolineas.jpg\" \/>\n\t<meta property=\"og:image:width\" content=\"1200\" \/>\n\t<meta property=\"og:image:height\" content=\"675\" \/>\n\t<meta property=\"og:image:type\" content=\"image\/jpeg\" \/>\n<meta name=\"author\" content=\"Arnaldo Botto\" \/>\n<meta name=\"twitter:card\" content=\"summary_large_image\" \/>\n<script type=\"application\/ld+json\" class=\"yoast-schema-graph\">{\"@context\":\"https:\/\/schema.org\",\"@graph\":[{\"@type\":\"WebPage\",\"@id\":\"https:\/\/www.noticiasradioreflejos.com.ar\/2021\/regreso-seguro-llego-al-pais-el-vuelo-de-aerolineas-argentinas-con-primeros-repatriados-de-israel\/\",\"url\":\"https:\/\/www.noticiasradioreflejos.com.ar\/2021\/regreso-seguro-llego-al-pais-el-vuelo-de-aerolineas-argentinas-con-primeros-repatriados-de-israel\/\",\"name\":\"Regreso Seguro: lleg\u00f3 al pa\u00eds el vuelo de Aerol\u00edneas Argentinas con primeros repatriados de Israel - Noticias Radio Reflejos\",\"isPartOf\":{\"@id\":\"https:\/\/www.noticiasradioreflejos.com.ar\/2021\/#website\"},\"primaryImageOfPage\":{\"@id\":\"https:\/\/www.noticiasradioreflejos.com.ar\/2021\/regreso-seguro-llego-al-pais-el-vuelo-de-aerolineas-argentinas-con-primeros-repatriados-de-israel\/#primaryimage\"},\"image\":{\"@id\":\"https:\/\/www.noticiasradioreflejos.com.ar\/2021\/regreso-seguro-llego-al-pais-el-vuelo-de-aerolineas-argentinas-con-primeros-repatriados-de-israel\/#primaryimage\"},\"thumbnailUrl\":\"https:\/\/www.noticiasradioreflejos.com.ar\/2021\/wp-content\/uploads\/2023\/10\/aerolineas.jpg\",\"datePublished\":\"2023-10-15T12:50:29+00:00\",\"author\":{\"@id\":\"https:\/\/www.noticiasradioreflejos.com.ar\/2021\/#\/schema\/person\/ad82545263dcc5ec0996818884fd5fb1\"},\"breadcrumb\":{\"@id\":\"https:\/\/www.noticiasradioreflejos.com.ar\/2021\/regreso-seguro-llego-al-pais-el-vuelo-de-aerolineas-argentinas-con-primeros-repatriados-de-israel\/#breadcrumb\"},\"inLanguage\":\"es\",\"potentialAction\":[{\"@type\":\"ReadAction\",\"target\":[\"https:\/\/www.noticiasradioreflejos.com.ar\/2021\/regreso-seguro-llego-al-pais-el-vuelo-de-aerolineas-argentinas-con-primeros-repatriados-de-israel\/\"]}]},{\"@type\":\"ImageObject\",\"inLanguage\":\"es\",\"@id\":\"https:\/\/www.noticiasradioreflejos.com.ar\/2021\/regreso-seguro-llego-al-pais-el-vuelo-de-aerolineas-argentinas-con-primeros-repatriados-de-israel\/#primaryimage\",\"url\":\"https:\/\/www.noticiasradioreflejos.com.ar\/2021\/wp-content\/uploads\/2023\/10\/aerolineas.jpg\",\"contentUrl\":\"https:\/\/www.noticiasradioreflejos.com.ar\/2021\/wp-content\/uploads\/2023\/10\/aerolineas.jpg\",\"width\":1200,\"height\":675},{\"@type\":\"BreadcrumbList\",\"@id\":\"https:\/\/www.noticiasradioreflejos.com.ar\/2021\/regreso-seguro-llego-al-pais-el-vuelo-de-aerolineas-argentinas-con-primeros-repatriados-de-israel\/#breadcrumb\",\"itemListElement\":[{\"@type\":\"ListItem\",\"position\":1,\"name\":\"Portada\",\"item\":\"https:\/\/www.noticiasradioreflejos.com.ar\/2021\/\"},{\"@type\":\"ListItem\",\"position\":2,\"name\":\"Regreso Seguro: lleg\u00f3 al pa\u00eds el vuelo de Aerol\u00edneas Argentinas con primeros repatriados de Israel\"}]},{\"@type\":\"WebSite\",\"@id\":\"https:\/\/www.noticiasradioreflejos.com.ar\/2021\/#website\",\"url\":\"https:\/\/www.noticiasradioreflejos.com.ar\/2021\/\",\"name\":\"Noticias Radio Reflejos\",\"description\":\"Las noticias de mi comarca\",\"potentialAction\":[{\"@type\":\"SearchAction\",\"target\":{\"@type\":\"EntryPoint\",\"urlTemplate\":\"https:\/\/www.noticiasradioreflejos.com.ar\/2021\/?s={search_term_string}\"},\"query-input\":{\"@type\":\"PropertyValueSpecification\",\"valueRequired\":true,\"valueName\":\"search_term_string\"}}],\"inLanguage\":\"es\"},{\"@type\":\"Person\",\"@id\":\"https:\/\/www.noticiasradioreflejos.com.ar\/2021\/#\/schema\/person\/ad82545263dcc5ec0996818884fd5fb1\",\"name\":\"Arnaldo Botto\",\"image\":{\"@type\":\"ImageObject\",\"inLanguage\":\"es\",\"@id\":\"https:\/\/www.noticiasradioreflejos.com.ar\/2021\/#\/schema\/person\/image\/\",\"url\":\"https:\/\/secure.gravatar.com\/avatar\/55cb5e37c1efa326397366e6974cb338056df65cb50e7d64d1cf314e87504837?s=96&d=mm&r=g\",\"contentUrl\":\"https:\/\/secure.gravatar.com\/avatar\/55cb5e37c1efa326397366e6974cb338056df65cb50e7d64d1cf314e87504837?s=96&d=mm&r=g\",\"caption\":\"Arnaldo Botto\"},\"url\":\"https:\/\/www.noticiasradioreflejos.com.ar\/2021\/author\/arnaldo\/\"}]}<\/script>\n<!-- \/ Yoast SEO plugin. -->","yoast_head_json":{"title":"Regreso Seguro: lleg\u00f3 al pa\u00eds el vuelo de Aerol\u00edneas Argentinas con primeros repatriados de Israel - Noticias Radio Reflejos","robots":{"index":"index","follow":"follow","max-snippet":"max-snippet:-1","max-image-preview":"max-image-preview:large","max-video-preview":"max-video-preview:-1"},"canonical":"https:\/\/www.noticiasradioreflejos.com.ar\/2021\/regreso-seguro-llego-al-pais-el-vuelo-de-aerolineas-argentinas-con-primeros-repatriados-de-israel\/","og_locale":"es_ES","og_type":"article","og_title":"Regreso Seguro: lleg\u00f3 al pa\u00eds el vuelo de Aerol\u00edneas Argentinas con primeros repatriados de Israel - Noticias Radio Reflejos","og_description":"El vuelo de Aerol\u00edneas Argentinas que trajo desde Roma a 246 argentinos repatriados de Israel, los primeros en el marco del operativo \u00abRegreso Seguro\u00bb organizado por el Gobierno argentino en el marco de la guerra con Hamas, lleg\u00f3 esta ma\u00f1ana a Buenos Aires, tras haber partido anoche desde Roma, la capital italiana.","og_url":"https:\/\/www.noticiasradioreflejos.com.ar\/2021\/regreso-seguro-llego-al-pais-el-vuelo-de-aerolineas-argentinas-con-primeros-repatriados-de-israel\/","og_site_name":"Noticias Radio Reflejos","article_published_time":"2023-10-15T12:50:29+00:00","og_image":[{"width":1200,"height":675,"url":"https:\/\/www.noticiasradioreflejos.com.ar\/2021\/wp-content\/uploads\/2023\/10\/aerolineas.jpg","type":"image\/jpeg"}],"author":"Arnaldo Botto","twitter_card":"summary_large_image","schema":{"@context":"https:\/\/schema.org","@graph":[{"@type":"WebPage","@id":"https:\/\/www.noticiasradioreflejos.com.ar\/2021\/regreso-seguro-llego-al-pais-el-vuelo-de-aerolineas-argentinas-con-primeros-repatriados-de-israel\/","url":"https:\/\/www.noticiasradioreflejos.com.ar\/2021\/regreso-seguro-llego-al-pais-el-vuelo-de-aerolineas-argentinas-con-primeros-repatriados-de-israel\/","name":"Regreso Seguro: lleg\u00f3 al pa\u00eds el vuelo de Aerol\u00edneas Argentinas con primeros repatriados de Israel - Noticias Radio Reflejos","isPartOf":{"@id":"https:\/\/www.noticiasradioreflejos.com.ar\/2021\/#website"},"primaryImageOfPage":{"@id":"https:\/\/www.noticiasradioreflejos.com.ar\/2021\/regreso-seguro-llego-al-pais-el-vuelo-de-aerolineas-argentinas-con-primeros-repatriados-de-israel\/#primaryimage"},"image":{"@id":"https:\/\/www.noticiasradioreflejos.com.ar\/2021\/regreso-seguro-llego-al-pais-el-vuelo-de-aerolineas-argentinas-con-primeros-repatriados-de-israel\/#primaryimage"},"thumbnailUrl":"https:\/\/www.noticiasradioreflejos.com.ar\/2021\/wp-content\/uploads\/2023\/10\/aerolineas.jpg","datePublished":"2023-10-15T12:50:29+00:00","author":{"@id":"https:\/\/www.noticiasradioreflejos.com.ar\/2021\/#\/schema\/person\/ad82545263dcc5ec0996818884fd5fb1"},"breadcrumb":{"@id":"https:\/\/www.noticiasradioreflejos.com.ar\/2021\/regreso-seguro-llego-al-pais-el-vuelo-de-aerolineas-argentinas-con-primeros-repatriados-de-israel\/#breadcrumb"},"inLanguage":"es","potentialAction":[{"@type":"ReadAction","target":["https:\/\/www.noticiasradioreflejos.com.ar\/2021\/regreso-seguro-llego-al-pais-el-vuelo-de-aerolineas-argentinas-con-primeros-repatriados-de-israel\/"]}]},{"@type":"ImageObject","inLanguage":"es","@id":"https:\/\/www.noticiasradioreflejos.com.ar\/2021\/regreso-seguro-llego-al-pais-el-vuelo-de-aerolineas-argentinas-con-primeros-repatriados-de-israel\/#primaryimage","url":"https:\/\/www.noticiasradioreflejos.com.ar\/2021\/wp-content\/uploads\/2023\/10\/aerolineas.jpg","contentUrl":"https:\/\/www.noticiasradioreflejos.com.ar\/2021\/wp-content\/uploads\/2023\/10\/aerolineas.jpg","width":1200,"height":675},{"@type":"BreadcrumbList","@id":"https:\/\/www.noticiasradioreflejos.com.ar\/2021\/regreso-seguro-llego-al-pais-el-vuelo-de-aerolineas-argentinas-con-primeros-repatriados-de-israel\/#breadcrumb","itemListElement":[{"@type":"ListItem","position":1,"name":"Portada","item":"https:\/\/www.noticiasradioreflejos.com.ar\/2021\/"},{"@type":"ListItem","position":2,"name":"Regreso Seguro: lleg\u00f3 al pa\u00eds el vuelo de Aerol\u00edneas Argentinas con primeros repatriados de Israel"}]},{"@type":"WebSite","@id":"https:\/\/www.noticiasradioreflejos.com.ar\/2021\/#website","url":"https:\/\/www.noticiasradioreflejos.com.ar\/2021\/","name":"Noticias Radio Reflejos","description":"Las noticias de mi comarca","potentialAction":[{"@type":"SearchAction","target":{"@type":"EntryPoint","urlTemplate":"https:\/\/www.noticiasradioreflejos.com.ar\/2021\/?s={search_term_string}"},"query-input":{"@type":"PropertyValueSpecification","valueRequired":true,"valueName":"search_term_string"}}],"inLanguage":"es"},{"@type":"Person","@id":"https:\/\/www.noticiasradioreflejos.com.ar\/2021\/#\/schema\/person\/ad82545263dcc5ec0996818884fd5fb1","name":"Arnaldo Botto","image":{"@type":"ImageObject","inLanguage":"es","@id":"https:\/\/www.noticiasradioreflejos.com.ar\/2021\/#\/schema\/person\/image\/","url":"https:\/\/secure.gravatar.com\/avatar\/55cb5e37c1efa326397366e6974cb338056df65cb50e7d64d1cf314e87504837?s=96&d=mm&r=g","contentUrl":"https:\/\/secure.gravatar.com\/avatar\/55cb5e37c1efa326397366e6974cb338056df65cb50e7d64d1cf314e87504837?s=96&d=mm&r=g","caption":"Arnaldo Botto"},"url":"https:\/\/www.noticiasradioreflejos.com.ar\/2021\/author\/arnaldo\/"}]}},"_links":{"self":[{"href":"https:\/\/www.noticiasradioreflejos.com.ar\/2021\/wp-json\/wp\/v2\/posts\/93962","targetHints":{"allow":["GET"]}}],"collection":[{"href":"https:\/\/www.noticiasradioreflejos.com.ar\/2021\/wp-json\/wp\/v2\/posts"}],"about":[{"href":"https:\/\/www.noticiasradioreflejos.com.ar\/2021\/wp-json\/wp\/v2\/types\/post"}],"author":[{"embeddable":true,"href":"https:\/\/www.noticiasradioreflejos.com.ar\/2021\/wp-json\/wp\/v2\/users\/3"}],"replies":[{"embeddable":true,"href":"https:\/\/www.noticiasradioreflejos.com.ar\/2021\/wp-json\/wp\/v2\/comments?post=93962"}],"version-history":[{"count":1,"href":"https:\/\/www.noticiasradioreflejos.com.ar\/2021\/wp-json\/wp\/v2\/posts\/93962\/revisions"}],"predecessor-version":[{"id":93964,"href":"https:\/\/www.noticiasradioreflejos.com.ar\/2021\/wp-json\/wp\/v2\/posts\/93962\/revisions\/93964"}],"wp:featuredmedia":[{"embeddable":true,"href":"https:\/\/www.noticiasradioreflejos.com.ar\/2021\/wp-json\/wp\/v2\/media\/93963"}],"wp:attachment":[{"href":"https:\/\/www.noticiasradioreflejos.com.ar\/2021\/wp-json\/wp\/v2\/media?parent=93962"}],"wp:term":[{"taxonomy":"category","embeddable":true,"href":"https:\/\/www.noticiasradioreflejos.com.ar\/2021\/wp-json\/wp\/v2\/categories?post=93962"},{"taxonomy":"post_tag","embeddable":true,"href":"https:\/\/www.noticiasradioreflejos.com.ar\/2021\/wp-json\/wp\/v2\/tags?post=93962"}],"curies":[{"name":"wp","href":"https:\/\/api.w.org\/{rel}","templated":true}]}}