{"id":93935,"date":"2023-10-13T13:13:44","date_gmt":"2023-10-13T13:13:44","guid":{"rendered":"https:\/\/www.noticiasradioreflejos.com.ar\/2021\/?p=93935"},"modified":"2023-10-13T13:13:44","modified_gmt":"2023-10-13T13:13:44","slug":"aerolineas-argentinas-transportara-mas-de-242-mil-pasajeros-en-el-fin-de-semana-largo","status":"publish","type":"post","link":"https:\/\/www.noticiasradioreflejos.com.ar\/2021\/aerolineas-argentinas-transportara-mas-de-242-mil-pasajeros-en-el-fin-de-semana-largo\/","title":{"rendered":"Aerol\u00edneas Argentinas transportar\u00e1 m\u00e1s de 242 mil pasajeros en el fin de semana largo"},"content":{"rendered":"<p>Aerol\u00edneas Argentinas transportar\u00e1 m\u00e1s de 242.000 pasajeros durante el fin de semana largo, cifra que representa un 9% m\u00e1s que el mismo per\u00edodo del a\u00f1o 2019, antes de la pandemia, informaron fuentes de la compa\u00f1\u00eda de bandera.<!--more--><\/p>\n<p>Los destinos m\u00e1s elegidos son: Bariloche, Iguaz\u00fa, Mendoza, Ushuaia, El Calafate, C\u00f3rdoba, Salta, Trelew, Tucum\u00e1n y Neuqu\u00e9n. Destac\u00e1ndose, adem\u00e1s, el movimiento que registran particularmente Mar del Plata, Puerto Madryn, Jujuy, San Mart\u00edn de los Andes y Comodoro Rivadavia.<\/p>\n<p>El d\u00eda pico del \u00e9xodo tuvo lugar ayer jueves con m\u00e1s de 42.000 pasajeros, mientras que para hoy est\u00e1 previsto que m\u00e1s de 40.000 turistas se presenten en los mostradores y terminales de check-in de la empresa durante las primeras horas del d\u00eda.<\/p>\n<p>\u201cEste fin de semana extra largo es muy especial por ser el \u00faltimo del a\u00f1o y por la expectativa que genera en todo el sector. Alcanzamos nuevamente una cifra que supera largamente lo conseguido en a\u00f1os anteriores y vamos a cerrar 2023 con r\u00e9cord hist\u00f3rico de pasajeros transportados\u201d dijo Pablo Ceriani, presidente de Aerol\u00edneas Argentinas, a trav\u00e9s de la red social X (antes Twitter).<\/p>\n<p>El factor de ocupaci\u00f3n de los vuelos de Aerol\u00edneas, llega al 89% en todos los servicios de la compa\u00f1\u00eda durante todo el fin de semana.<\/p>\n<p>Las fuentes destacaron el incentivo que signific\u00f3 \u201cPreviaje 5\u201d para alcanzar los n\u00fameros del fin de semana, ya que ingresaron un 116% m\u00e1s de reservas para volar en octubre durante los 7 d\u00edas de ventas que incluy\u00f3 al programa comparado con la semana de ventas previa.<\/p>\n<p>Los registros de ocupaci\u00f3n, se repiten tambi\u00e9n en las dos compa\u00f1\u00edas &#8216;low cost&#8217; que operan vuelos dom\u00e9sticos en el pa\u00eds -Flybondi y Jetsmart-, con una ocupaci\u00f3n promedio superior al 85 por ciento.<\/p>\n","protected":false},"excerpt":{"rendered":"<p>Aerol\u00edneas Argentinas transportar\u00e1 m\u00e1s de 242.000 pasajeros durante el fin de semana largo, cifra que representa un 9% m\u00e1s que el mismo per\u00edodo del a\u00f1o 2019, antes de la pandemia, informaron fuentes de la compa\u00f1\u00eda de bandera.<\/p>\n","protected":false},"author":3,"featured_media":0,"comment_status":"closed","ping_status":"closed","sticky":false,"template":"","format":"standard","meta":{"footnotes":""},"categories":[24,33],"tags":[],"class_list":["post-93935","post","type-post","status-publish","format-standard","hentry","category-politica","category-turismo"],"yoast_head":"<!-- This site is optimized with the Yoast SEO plugin v25.9 - https:\/\/yoast.com\/wordpress\/plugins\/seo\/ -->\n<title>Aerol\u00edneas Argentinas transportar\u00e1 m\u00e1s de 242 mil pasajeros en el fin de semana largo - Noticias Radio Reflejos<\/title>\n<meta name=\"robots\" content=\"index, follow, max-snippet:-1, max-image-preview:large, max-video-preview:-1\" \/>\n<link rel=\"canonical\" href=\"https:\/\/www.noticiasradioreflejos.com.ar\/2021\/aerolineas-argentinas-transportara-mas-de-242-mil-pasajeros-en-el-fin-de-semana-largo\/\" \/>\n<meta property=\"og:locale\" content=\"es_ES\" \/>\n<meta property=\"og:type\" content=\"article\" \/>\n<meta property=\"og:title\" content=\"Aerol\u00edneas Argentinas transportar\u00e1 m\u00e1s de 242 mil pasajeros en el fin de semana largo - Noticias Radio Reflejos\" \/>\n<meta property=\"og:description\" content=\"Aerol\u00edneas Argentinas transportar\u00e1 m\u00e1s de 242.000 pasajeros durante el fin de semana largo, cifra que representa un 9% m\u00e1s que el mismo per\u00edodo del a\u00f1o 2019, antes de la pandemia, informaron fuentes de la compa\u00f1\u00eda de bandera.\" \/>\n<meta property=\"og:url\" content=\"https:\/\/www.noticiasradioreflejos.com.ar\/2021\/aerolineas-argentinas-transportara-mas-de-242-mil-pasajeros-en-el-fin-de-semana-largo\/\" \/>\n<meta property=\"og:site_name\" content=\"Noticias Radio Reflejos\" \/>\n<meta property=\"article:published_time\" content=\"2023-10-13T13:13:44+00:00\" \/>\n<meta property=\"og:image\" content=\"https:\/\/www.noticiasradioreflejos.com.ar\/2021\/wp-content\/uploads\/2021\/07\/logosol300x200.png\" \/>\n\t<meta property=\"og:image:width\" content=\"300\" \/>\n\t<meta property=\"og:image:height\" content=\"200\" \/>\n\t<meta property=\"og:image:type\" content=\"image\/png\" \/>\n<meta name=\"author\" content=\"Arnaldo Botto\" \/>\n<meta name=\"twitter:card\" content=\"summary_large_image\" \/>\n<script type=\"application\/ld+json\" class=\"yoast-schema-graph\">{\"@context\":\"https:\/\/schema.org\",\"@graph\":[{\"@type\":\"WebPage\",\"@id\":\"https:\/\/www.noticiasradioreflejos.com.ar\/2021\/aerolineas-argentinas-transportara-mas-de-242-mil-pasajeros-en-el-fin-de-semana-largo\/\",\"url\":\"https:\/\/www.noticiasradioreflejos.com.ar\/2021\/aerolineas-argentinas-transportara-mas-de-242-mil-pasajeros-en-el-fin-de-semana-largo\/\",\"name\":\"Aerol\u00edneas Argentinas transportar\u00e1 m\u00e1s de 242 mil pasajeros en el fin de semana largo - Noticias Radio Reflejos\",\"isPartOf\":{\"@id\":\"https:\/\/www.noticiasradioreflejos.com.ar\/2021\/#website\"},\"datePublished\":\"2023-10-13T13:13:44+00:00\",\"author\":{\"@id\":\"https:\/\/www.noticiasradioreflejos.com.ar\/2021\/#\/schema\/person\/ad82545263dcc5ec0996818884fd5fb1\"},\"breadcrumb\":{\"@id\":\"https:\/\/www.noticiasradioreflejos.com.ar\/2021\/aerolineas-argentinas-transportara-mas-de-242-mil-pasajeros-en-el-fin-de-semana-largo\/#breadcrumb\"},\"inLanguage\":\"es\",\"potentialAction\":[{\"@type\":\"ReadAction\",\"target\":[\"https:\/\/www.noticiasradioreflejos.com.ar\/2021\/aerolineas-argentinas-transportara-mas-de-242-mil-pasajeros-en-el-fin-de-semana-largo\/\"]}]},{\"@type\":\"BreadcrumbList\",\"@id\":\"https:\/\/www.noticiasradioreflejos.com.ar\/2021\/aerolineas-argentinas-transportara-mas-de-242-mil-pasajeros-en-el-fin-de-semana-largo\/#breadcrumb\",\"itemListElement\":[{\"@type\":\"ListItem\",\"position\":1,\"name\":\"Portada\",\"item\":\"https:\/\/www.noticiasradioreflejos.com.ar\/2021\/\"},{\"@type\":\"ListItem\",\"position\":2,\"name\":\"Aerol\u00edneas Argentinas transportar\u00e1 m\u00e1s de 242 mil pasajeros en el fin de semana largo\"}]},{\"@type\":\"WebSite\",\"@id\":\"https:\/\/www.noticiasradioreflejos.com.ar\/2021\/#website\",\"url\":\"https:\/\/www.noticiasradioreflejos.com.ar\/2021\/\",\"name\":\"Noticias Radio Reflejos\",\"description\":\"Las noticias de mi comarca\",\"potentialAction\":[{\"@type\":\"SearchAction\",\"target\":{\"@type\":\"EntryPoint\",\"urlTemplate\":\"https:\/\/www.noticiasradioreflejos.com.ar\/2021\/?s={search_term_string}\"},\"query-input\":{\"@type\":\"PropertyValueSpecification\",\"valueRequired\":true,\"valueName\":\"search_term_string\"}}],\"inLanguage\":\"es\"},{\"@type\":\"Person\",\"@id\":\"https:\/\/www.noticiasradioreflejos.com.ar\/2021\/#\/schema\/person\/ad82545263dcc5ec0996818884fd5fb1\",\"name\":\"Arnaldo Botto\",\"image\":{\"@type\":\"ImageObject\",\"inLanguage\":\"es\",\"@id\":\"https:\/\/www.noticiasradioreflejos.com.ar\/2021\/#\/schema\/person\/image\/\",\"url\":\"https:\/\/secure.gravatar.com\/avatar\/55cb5e37c1efa326397366e6974cb338056df65cb50e7d64d1cf314e87504837?s=96&d=mm&r=g\",\"contentUrl\":\"https:\/\/secure.gravatar.com\/avatar\/55cb5e37c1efa326397366e6974cb338056df65cb50e7d64d1cf314e87504837?s=96&d=mm&r=g\",\"caption\":\"Arnaldo Botto\"},\"url\":\"https:\/\/www.noticiasradioreflejos.com.ar\/2021\/author\/arnaldo\/\"}]}<\/script>\n<!-- \/ Yoast SEO plugin. -->","yoast_head_json":{"title":"Aerol\u00edneas Argentinas transportar\u00e1 m\u00e1s de 242 mil pasajeros en el fin de semana largo - Noticias Radio Reflejos","robots":{"index":"index","follow":"follow","max-snippet":"max-snippet:-1","max-image-preview":"max-image-preview:large","max-video-preview":"max-video-preview:-1"},"canonical":"https:\/\/www.noticiasradioreflejos.com.ar\/2021\/aerolineas-argentinas-transportara-mas-de-242-mil-pasajeros-en-el-fin-de-semana-largo\/","og_locale":"es_ES","og_type":"article","og_title":"Aerol\u00edneas Argentinas transportar\u00e1 m\u00e1s de 242 mil pasajeros en el fin de semana largo - Noticias Radio Reflejos","og_description":"Aerol\u00edneas Argentinas transportar\u00e1 m\u00e1s de 242.000 pasajeros durante el fin de semana largo, cifra que representa un 9% m\u00e1s que el mismo per\u00edodo del a\u00f1o 2019, antes de la pandemia, informaron fuentes de la compa\u00f1\u00eda de bandera.","og_url":"https:\/\/www.noticiasradioreflejos.com.ar\/2021\/aerolineas-argentinas-transportara-mas-de-242-mil-pasajeros-en-el-fin-de-semana-largo\/","og_site_name":"Noticias Radio Reflejos","article_published_time":"2023-10-13T13:13:44+00:00","og_image":[{"width":300,"height":200,"url":"https:\/\/www.noticiasradioreflejos.com.ar\/2021\/wp-content\/uploads\/2021\/07\/logosol300x200.png","type":"image\/png"}],"author":"Arnaldo Botto","twitter_card":"summary_large_image","schema":{"@context":"https:\/\/schema.org","@graph":[{"@type":"WebPage","@id":"https:\/\/www.noticiasradioreflejos.com.ar\/2021\/aerolineas-argentinas-transportara-mas-de-242-mil-pasajeros-en-el-fin-de-semana-largo\/","url":"https:\/\/www.noticiasradioreflejos.com.ar\/2021\/aerolineas-argentinas-transportara-mas-de-242-mil-pasajeros-en-el-fin-de-semana-largo\/","name":"Aerol\u00edneas Argentinas transportar\u00e1 m\u00e1s de 242 mil pasajeros en el fin de semana largo - Noticias Radio Reflejos","isPartOf":{"@id":"https:\/\/www.noticiasradioreflejos.com.ar\/2021\/#website"},"datePublished":"2023-10-13T13:13:44+00:00","author":{"@id":"https:\/\/www.noticiasradioreflejos.com.ar\/2021\/#\/schema\/person\/ad82545263dcc5ec0996818884fd5fb1"},"breadcrumb":{"@id":"https:\/\/www.noticiasradioreflejos.com.ar\/2021\/aerolineas-argentinas-transportara-mas-de-242-mil-pasajeros-en-el-fin-de-semana-largo\/#breadcrumb"},"inLanguage":"es","potentialAction":[{"@type":"ReadAction","target":["https:\/\/www.noticiasradioreflejos.com.ar\/2021\/aerolineas-argentinas-transportara-mas-de-242-mil-pasajeros-en-el-fin-de-semana-largo\/"]}]},{"@type":"BreadcrumbList","@id":"https:\/\/www.noticiasradioreflejos.com.ar\/2021\/aerolineas-argentinas-transportara-mas-de-242-mil-pasajeros-en-el-fin-de-semana-largo\/#breadcrumb","itemListElement":[{"@type":"ListItem","position":1,"name":"Portada","item":"https:\/\/www.noticiasradioreflejos.com.ar\/2021\/"},{"@type":"ListItem","position":2,"name":"Aerol\u00edneas Argentinas transportar\u00e1 m\u00e1s de 242 mil pasajeros en el fin de semana largo"}]},{"@type":"WebSite","@id":"https:\/\/www.noticiasradioreflejos.com.ar\/2021\/#website","url":"https:\/\/www.noticiasradioreflejos.com.ar\/2021\/","name":"Noticias Radio Reflejos","description":"Las noticias de mi comarca","potentialAction":[{"@type":"SearchAction","target":{"@type":"EntryPoint","urlTemplate":"https:\/\/www.noticiasradioreflejos.com.ar\/2021\/?s={search_term_string}"},"query-input":{"@type":"PropertyValueSpecification","valueRequired":true,"valueName":"search_term_string"}}],"inLanguage":"es"},{"@type":"Person","@id":"https:\/\/www.noticiasradioreflejos.com.ar\/2021\/#\/schema\/person\/ad82545263dcc5ec0996818884fd5fb1","name":"Arnaldo Botto","image":{"@type":"ImageObject","inLanguage":"es","@id":"https:\/\/www.noticiasradioreflejos.com.ar\/2021\/#\/schema\/person\/image\/","url":"https:\/\/secure.gravatar.com\/avatar\/55cb5e37c1efa326397366e6974cb338056df65cb50e7d64d1cf314e87504837?s=96&d=mm&r=g","contentUrl":"https:\/\/secure.gravatar.com\/avatar\/55cb5e37c1efa326397366e6974cb338056df65cb50e7d64d1cf314e87504837?s=96&d=mm&r=g","caption":"Arnaldo Botto"},"url":"https:\/\/www.noticiasradioreflejos.com.ar\/2021\/author\/arnaldo\/"}]}},"_links":{"self":[{"href":"https:\/\/www.noticiasradioreflejos.com.ar\/2021\/wp-json\/wp\/v2\/posts\/93935","targetHints":{"allow":["GET"]}}],"collection":[{"href":"https:\/\/www.noticiasradioreflejos.com.ar\/2021\/wp-json\/wp\/v2\/posts"}],"about":[{"href":"https:\/\/www.noticiasradioreflejos.com.ar\/2021\/wp-json\/wp\/v2\/types\/post"}],"author":[{"embeddable":true,"href":"https:\/\/www.noticiasradioreflejos.com.ar\/2021\/wp-json\/wp\/v2\/users\/3"}],"replies":[{"embeddable":true,"href":"https:\/\/www.noticiasradioreflejos.com.ar\/2021\/wp-json\/wp\/v2\/comments?post=93935"}],"version-history":[{"count":1,"href":"https:\/\/www.noticiasradioreflejos.com.ar\/2021\/wp-json\/wp\/v2\/posts\/93935\/revisions"}],"predecessor-version":[{"id":93936,"href":"https:\/\/www.noticiasradioreflejos.com.ar\/2021\/wp-json\/wp\/v2\/posts\/93935\/revisions\/93936"}],"wp:attachment":[{"href":"https:\/\/www.noticiasradioreflejos.com.ar\/2021\/wp-json\/wp\/v2\/media?parent=93935"}],"wp:term":[{"taxonomy":"category","embeddable":true,"href":"https:\/\/www.noticiasradioreflejos.com.ar\/2021\/wp-json\/wp\/v2\/categories?post=93935"},{"taxonomy":"post_tag","embeddable":true,"href":"https:\/\/www.noticiasradioreflejos.com.ar\/2021\/wp-json\/wp\/v2\/tags?post=93935"}],"curies":[{"name":"wp","href":"https:\/\/api.w.org\/{rel}","templated":true}]}}