{"id":9387,"date":"2017-04-24T19:43:33","date_gmt":"2017-04-24T22:43:33","guid":{"rendered":"http:\/\/noticiasradioreflejos.com.ar\/noticias\/?p=9387"},"modified":"2017-04-24T19:43:33","modified_gmt":"2017-04-24T22:43:33","slug":"atletico-ventana-gano-y-se-acomoda-como-escolta-de-independiente","status":"publish","type":"post","link":"https:\/\/www.noticiasradioreflejos.com.ar\/2021\/atletico-ventana-gano-y-se-acomoda-como-escolta-de-independiente\/","title":{"rendered":"Atl\u00e9tico Ventana gano y se acomoda como escolta de Independiente"},"content":{"rendered":"<p>Este domingo se jug\u00f3 la segunda fecha del torneo de la Liga Pringlense de F\u00fatbol en la que Atl\u00e9tico Ventana logr\u00f3 su primera y contundente victoria, al ganarle como local, a Club de Pelota por 2 a 0. Los goles fueron anotados por Ariel Esp\u00ednola y Mat\u00edas Sonzini.<!--more--><br \/>\nEn divisi\u00f3n de reserva tambi\u00e9n gan\u00f3 el elenco serrano por 2 a 0. Los goles fueron obra de Matias Restivo y Ezequiel Milanesio.<br \/>\n<strong><u>El resto de los marcadores en primera fueron:<\/u><\/strong><\/p>\n<ul>\n<li>Sportivo 1 (Matias Meyer) \u2013 Divisorio 2 (Guillermo Pascual y Maximiliano Bib\u00e9).<\/li>\n<li>Almaceneros 5 (Brian Urban, Luis Caro Serventi, Silvio Gim\u00e9nez, David Haderne y Bartolom\u00e9 en contra) \u2013 Alem 3 (Federico Pellegrino, Victor Torrero y Franco Ruiz).<\/li>\n<li>Independiente 4 (Jos\u00e9 Luis Acosta x 2, Juli\u00e1n Siri\u00f3n y Agust\u00edn \u00c1lvarez) \u2013 Alumni 0<\/li>\n<\/ul>\n<p><strong>Posiciones: <\/strong>Independiente 6 puntos, Divisorio, Almaceneros y <strong>Atl\u00e9tico Ventana 4<\/strong>, Sportivo 3, Alem 1, Alumni y Club de Pelota sin unidades.<br \/>\n<strong><u>En reserva:<\/u><\/strong><\/p>\n<ul>\n<li>Sportivo 1 (Gonzalo Gonz\u00e1lez) \u2013 Divisorio 3 (Diego Ferreyra, Gast\u00f3n Acosta y C\u00e9sar P\u00e9rez).<\/li>\n<li>Almaceneros 1 (Norberto Ohaco) \u2013 Alem 1 (Sebasti\u00e1n Sosa).<\/li>\n<li>Independiente 2 (Diego Su\u00e1rez y Matias Ortelli) \u2013 Alumni 0.<\/li>\n<\/ul>\n<p><strong>Posiciones:<\/strong> Independiente 6 puntos, Divisorio y <strong>Atl\u00e9tico Ventana 4<\/strong>, Almaceneros y Alem 2, Alumni y Sportivo 1 y Club de Pelota sin unidades.<br \/>\n<strong><u>3\u00ba Fecha \u2013 30\/04<\/u><\/strong><br \/>\n<strong>\u2022 Almaceneros Vs. Atl\u00e9tico Ventana<br \/>\n<\/strong>\u2022 Alem Vs. Sportivo<br \/>\n\u2022 Divisorio Vs. Independiente<br \/>\n\u2022 Alumni Vs. Club de Pelota<\/p>\n","protected":false},"excerpt":{"rendered":"<p>Este domingo se jug\u00f3 la segunda fecha del torneo de la Liga Pringlense de F\u00fatbol en la que Atl\u00e9tico Ventana logr\u00f3 su primera y contundente victoria, al ganarle como local, a Club de Pelota por 2 a 0. Los goles fueron anotados por Ariel Esp\u00ednola y Mat\u00edas Sonzini.<\/p>\n","protected":false},"author":3,"featured_media":0,"comment_status":"closed","ping_status":"open","sticky":false,"template":"","format":"standard","meta":{"footnotes":""},"categories":[27],"tags":[],"class_list":["post-9387","post","type-post","status-publish","format-standard","hentry","category-deportes"],"yoast_head":"<!-- This site is optimized with the Yoast SEO plugin v25.9 - https:\/\/yoast.com\/wordpress\/plugins\/seo\/ -->\n<title>Atl\u00e9tico Ventana gano y se acomoda como escolta de Independiente - Noticias Radio Reflejos<\/title>\n<meta name=\"robots\" content=\"index, follow, max-snippet:-1, max-image-preview:large, max-video-preview:-1\" \/>\n<link rel=\"canonical\" href=\"https:\/\/www.noticiasradioreflejos.com.ar\/2021\/atletico-ventana-gano-y-se-acomoda-como-escolta-de-independiente\/\" \/>\n<meta property=\"og:locale\" content=\"es_ES\" \/>\n<meta property=\"og:type\" content=\"article\" \/>\n<meta property=\"og:title\" content=\"Atl\u00e9tico Ventana gano y se acomoda como escolta de Independiente - Noticias Radio Reflejos\" \/>\n<meta property=\"og:description\" content=\"Este domingo se jug\u00f3 la segunda fecha del torneo de la Liga Pringlense de F\u00fatbol en la que Atl\u00e9tico Ventana logr\u00f3 su primera y contundente victoria, al ganarle como local, a Club de Pelota por 2 a 0. Los goles fueron anotados por Ariel Esp\u00ednola y Mat\u00edas Sonzini.\" \/>\n<meta property=\"og:url\" content=\"https:\/\/www.noticiasradioreflejos.com.ar\/2021\/atletico-ventana-gano-y-se-acomoda-como-escolta-de-independiente\/\" \/>\n<meta property=\"og:site_name\" content=\"Noticias Radio Reflejos\" \/>\n<meta property=\"article:published_time\" content=\"2017-04-24T22:43:33+00:00\" \/>\n<meta property=\"og:image\" content=\"https:\/\/www.noticiasradioreflejos.com.ar\/2021\/wp-content\/uploads\/2021\/07\/logosol300x200.png\" \/>\n\t<meta property=\"og:image:width\" content=\"300\" \/>\n\t<meta property=\"og:image:height\" content=\"200\" \/>\n\t<meta property=\"og:image:type\" content=\"image\/png\" \/>\n<meta name=\"author\" content=\"Arnaldo Botto\" \/>\n<meta name=\"twitter:card\" content=\"summary_large_image\" \/>\n<script type=\"application\/ld+json\" class=\"yoast-schema-graph\">{\"@context\":\"https:\/\/schema.org\",\"@graph\":[{\"@type\":\"WebPage\",\"@id\":\"https:\/\/www.noticiasradioreflejos.com.ar\/2021\/atletico-ventana-gano-y-se-acomoda-como-escolta-de-independiente\/\",\"url\":\"https:\/\/www.noticiasradioreflejos.com.ar\/2021\/atletico-ventana-gano-y-se-acomoda-como-escolta-de-independiente\/\",\"name\":\"Atl\u00e9tico Ventana gano y se acomoda como escolta de Independiente - Noticias Radio Reflejos\",\"isPartOf\":{\"@id\":\"https:\/\/www.noticiasradioreflejos.com.ar\/2021\/#website\"},\"datePublished\":\"2017-04-24T22:43:33+00:00\",\"author\":{\"@id\":\"https:\/\/www.noticiasradioreflejos.com.ar\/2021\/#\/schema\/person\/ad82545263dcc5ec0996818884fd5fb1\"},\"breadcrumb\":{\"@id\":\"https:\/\/www.noticiasradioreflejos.com.ar\/2021\/atletico-ventana-gano-y-se-acomoda-como-escolta-de-independiente\/#breadcrumb\"},\"inLanguage\":\"es\",\"potentialAction\":[{\"@type\":\"ReadAction\",\"target\":[\"https:\/\/www.noticiasradioreflejos.com.ar\/2021\/atletico-ventana-gano-y-se-acomoda-como-escolta-de-independiente\/\"]}]},{\"@type\":\"BreadcrumbList\",\"@id\":\"https:\/\/www.noticiasradioreflejos.com.ar\/2021\/atletico-ventana-gano-y-se-acomoda-como-escolta-de-independiente\/#breadcrumb\",\"itemListElement\":[{\"@type\":\"ListItem\",\"position\":1,\"name\":\"Portada\",\"item\":\"https:\/\/www.noticiasradioreflejos.com.ar\/2021\/\"},{\"@type\":\"ListItem\",\"position\":2,\"name\":\"Atl\u00e9tico Ventana gano y se acomoda como escolta de Independiente\"}]},{\"@type\":\"WebSite\",\"@id\":\"https:\/\/www.noticiasradioreflejos.com.ar\/2021\/#website\",\"url\":\"https:\/\/www.noticiasradioreflejos.com.ar\/2021\/\",\"name\":\"Noticias Radio Reflejos\",\"description\":\"Las noticias de mi comarca\",\"potentialAction\":[{\"@type\":\"SearchAction\",\"target\":{\"@type\":\"EntryPoint\",\"urlTemplate\":\"https:\/\/www.noticiasradioreflejos.com.ar\/2021\/?s={search_term_string}\"},\"query-input\":{\"@type\":\"PropertyValueSpecification\",\"valueRequired\":true,\"valueName\":\"search_term_string\"}}],\"inLanguage\":\"es\"},{\"@type\":\"Person\",\"@id\":\"https:\/\/www.noticiasradioreflejos.com.ar\/2021\/#\/schema\/person\/ad82545263dcc5ec0996818884fd5fb1\",\"name\":\"Arnaldo Botto\",\"image\":{\"@type\":\"ImageObject\",\"inLanguage\":\"es\",\"@id\":\"https:\/\/www.noticiasradioreflejos.com.ar\/2021\/#\/schema\/person\/image\/\",\"url\":\"https:\/\/secure.gravatar.com\/avatar\/55cb5e37c1efa326397366e6974cb338056df65cb50e7d64d1cf314e87504837?s=96&d=mm&r=g\",\"contentUrl\":\"https:\/\/secure.gravatar.com\/avatar\/55cb5e37c1efa326397366e6974cb338056df65cb50e7d64d1cf314e87504837?s=96&d=mm&r=g\",\"caption\":\"Arnaldo Botto\"},\"url\":\"https:\/\/www.noticiasradioreflejos.com.ar\/2021\/author\/arnaldo\/\"}]}<\/script>\n<!-- \/ Yoast SEO plugin. -->","yoast_head_json":{"title":"Atl\u00e9tico Ventana gano y se acomoda como escolta de Independiente - Noticias Radio Reflejos","robots":{"index":"index","follow":"follow","max-snippet":"max-snippet:-1","max-image-preview":"max-image-preview:large","max-video-preview":"max-video-preview:-1"},"canonical":"https:\/\/www.noticiasradioreflejos.com.ar\/2021\/atletico-ventana-gano-y-se-acomoda-como-escolta-de-independiente\/","og_locale":"es_ES","og_type":"article","og_title":"Atl\u00e9tico Ventana gano y se acomoda como escolta de Independiente - Noticias Radio Reflejos","og_description":"Este domingo se jug\u00f3 la segunda fecha del torneo de la Liga Pringlense de F\u00fatbol en la que Atl\u00e9tico Ventana logr\u00f3 su primera y contundente victoria, al ganarle como local, a Club de Pelota por 2 a 0. Los goles fueron anotados por Ariel Esp\u00ednola y Mat\u00edas Sonzini.","og_url":"https:\/\/www.noticiasradioreflejos.com.ar\/2021\/atletico-ventana-gano-y-se-acomoda-como-escolta-de-independiente\/","og_site_name":"Noticias Radio Reflejos","article_published_time":"2017-04-24T22:43:33+00:00","og_image":[{"width":300,"height":200,"url":"https:\/\/www.noticiasradioreflejos.com.ar\/2021\/wp-content\/uploads\/2021\/07\/logosol300x200.png","type":"image\/png"}],"author":"Arnaldo Botto","twitter_card":"summary_large_image","schema":{"@context":"https:\/\/schema.org","@graph":[{"@type":"WebPage","@id":"https:\/\/www.noticiasradioreflejos.com.ar\/2021\/atletico-ventana-gano-y-se-acomoda-como-escolta-de-independiente\/","url":"https:\/\/www.noticiasradioreflejos.com.ar\/2021\/atletico-ventana-gano-y-se-acomoda-como-escolta-de-independiente\/","name":"Atl\u00e9tico Ventana gano y se acomoda como escolta de Independiente - Noticias Radio Reflejos","isPartOf":{"@id":"https:\/\/www.noticiasradioreflejos.com.ar\/2021\/#website"},"datePublished":"2017-04-24T22:43:33+00:00","author":{"@id":"https:\/\/www.noticiasradioreflejos.com.ar\/2021\/#\/schema\/person\/ad82545263dcc5ec0996818884fd5fb1"},"breadcrumb":{"@id":"https:\/\/www.noticiasradioreflejos.com.ar\/2021\/atletico-ventana-gano-y-se-acomoda-como-escolta-de-independiente\/#breadcrumb"},"inLanguage":"es","potentialAction":[{"@type":"ReadAction","target":["https:\/\/www.noticiasradioreflejos.com.ar\/2021\/atletico-ventana-gano-y-se-acomoda-como-escolta-de-independiente\/"]}]},{"@type":"BreadcrumbList","@id":"https:\/\/www.noticiasradioreflejos.com.ar\/2021\/atletico-ventana-gano-y-se-acomoda-como-escolta-de-independiente\/#breadcrumb","itemListElement":[{"@type":"ListItem","position":1,"name":"Portada","item":"https:\/\/www.noticiasradioreflejos.com.ar\/2021\/"},{"@type":"ListItem","position":2,"name":"Atl\u00e9tico Ventana gano y se acomoda como escolta de Independiente"}]},{"@type":"WebSite","@id":"https:\/\/www.noticiasradioreflejos.com.ar\/2021\/#website","url":"https:\/\/www.noticiasradioreflejos.com.ar\/2021\/","name":"Noticias Radio Reflejos","description":"Las noticias de mi comarca","potentialAction":[{"@type":"SearchAction","target":{"@type":"EntryPoint","urlTemplate":"https:\/\/www.noticiasradioreflejos.com.ar\/2021\/?s={search_term_string}"},"query-input":{"@type":"PropertyValueSpecification","valueRequired":true,"valueName":"search_term_string"}}],"inLanguage":"es"},{"@type":"Person","@id":"https:\/\/www.noticiasradioreflejos.com.ar\/2021\/#\/schema\/person\/ad82545263dcc5ec0996818884fd5fb1","name":"Arnaldo Botto","image":{"@type":"ImageObject","inLanguage":"es","@id":"https:\/\/www.noticiasradioreflejos.com.ar\/2021\/#\/schema\/person\/image\/","url":"https:\/\/secure.gravatar.com\/avatar\/55cb5e37c1efa326397366e6974cb338056df65cb50e7d64d1cf314e87504837?s=96&d=mm&r=g","contentUrl":"https:\/\/secure.gravatar.com\/avatar\/55cb5e37c1efa326397366e6974cb338056df65cb50e7d64d1cf314e87504837?s=96&d=mm&r=g","caption":"Arnaldo Botto"},"url":"https:\/\/www.noticiasradioreflejos.com.ar\/2021\/author\/arnaldo\/"}]}},"_links":{"self":[{"href":"https:\/\/www.noticiasradioreflejos.com.ar\/2021\/wp-json\/wp\/v2\/posts\/9387","targetHints":{"allow":["GET"]}}],"collection":[{"href":"https:\/\/www.noticiasradioreflejos.com.ar\/2021\/wp-json\/wp\/v2\/posts"}],"about":[{"href":"https:\/\/www.noticiasradioreflejos.com.ar\/2021\/wp-json\/wp\/v2\/types\/post"}],"author":[{"embeddable":true,"href":"https:\/\/www.noticiasradioreflejos.com.ar\/2021\/wp-json\/wp\/v2\/users\/3"}],"replies":[{"embeddable":true,"href":"https:\/\/www.noticiasradioreflejos.com.ar\/2021\/wp-json\/wp\/v2\/comments?post=9387"}],"version-history":[{"count":0,"href":"https:\/\/www.noticiasradioreflejos.com.ar\/2021\/wp-json\/wp\/v2\/posts\/9387\/revisions"}],"wp:attachment":[{"href":"https:\/\/www.noticiasradioreflejos.com.ar\/2021\/wp-json\/wp\/v2\/media?parent=9387"}],"wp:term":[{"taxonomy":"category","embeddable":true,"href":"https:\/\/www.noticiasradioreflejos.com.ar\/2021\/wp-json\/wp\/v2\/categories?post=9387"},{"taxonomy":"post_tag","embeddable":true,"href":"https:\/\/www.noticiasradioreflejos.com.ar\/2021\/wp-json\/wp\/v2\/tags?post=9387"}],"curies":[{"name":"wp","href":"https:\/\/api.w.org\/{rel}","templated":true}]}}