{"id":9383,"date":"2017-04-24T19:38:05","date_gmt":"2017-04-24T22:38:05","guid":{"rendered":"http:\/\/noticiasradioreflejos.com.ar\/noticias\/?p=9383"},"modified":"2017-04-24T19:38:05","modified_gmt":"2017-04-24T22:38:05","slug":"plan-provincial-de-finalizacion-de-estudios-obligatorios-ano-2017","status":"publish","type":"post","link":"https:\/\/www.noticiasradioreflejos.com.ar\/2021\/plan-provincial-de-finalizacion-de-estudios-obligatorios-ano-2017\/","title":{"rendered":"Plan Provincial de Finalizaci\u00f3n de Estudios Obligatorios\u00a0 &#8211; A\u00f1o 2017"},"content":{"rendered":"<p>Inscripci\u00f3n de Alumnos:<!--more--><br \/>\n<u><\/u>Jefatura Distrital Tornquist\u00a0 informa\u00a0 que se encuentra abierta la inscripci\u00f3n de alumnos\u00a0 hasta el d\u00eda <strong>5 de mayo<\/strong> del corriente, para las tutor\u00edas del Plan Provincial de Finalizaci\u00f3n de Estudios Obligatorios, l\u00ednea Deudores de Materias.<br \/>\nEste plan est\u00e1 dirigido a quienes han cursado todo o parte del nivel de educaci\u00f3n secundaria y tengan materias pendientes de aprobaci\u00f3n.<br \/>\nA trav\u00e9s del plan de tutor\u00edas, se les brinda la posibilidad de aprobarlas para completar as\u00ed sus estudios secundarios.<br \/>\nQuienes deseen inscribirse deber\u00e1n dirigirse a Jefatura Distrital Tornquist (Avda. 25 de Mayo 688)\u00a0 lunes, mi\u00e9rcoles y viernes de 15 a 19.30hs y los martes y jueves\u00a0 de 13.00 a 17.30hs.-<br \/>\nPara hacer efectiva la inscripci\u00f3n deber\u00e1n entregar un folio conteniendo:<br \/>\n* Fotocopias DNI (1\u00ba y 2\u00ba hoja).-<br \/>\n* N\u00ba telef\u00f3nico y\/o direcci\u00f3n de e-mail.-<br \/>\n* Certificaci\u00f3n de estudios extendida por la escuela de origen aclarando: Materias adeudadas y N\u00ba de Resoluci\u00f3n de Plan de Estudios.-<br \/>\nPara mayor informaci\u00f3n comunicarse a los tel\u00e9fonos\u00a0 4940629 o 4940631.<br \/>\n<strong><em>Juli\u00e1n A. Toy<\/em><\/strong><em> \u2013 Auxiliar Distrital Docente<\/em><\/p>\n","protected":false},"excerpt":{"rendered":"<p>Inscripci\u00f3n de Alumnos:<\/p>\n","protected":false},"author":3,"featured_media":0,"comment_status":"closed","ping_status":"open","sticky":false,"template":"","format":"standard","meta":{"footnotes":""},"categories":[34],"tags":[],"class_list":["post-9383","post","type-post","status-publish","format-standard","hentry","category-educacion"],"yoast_head":"<!-- This site is optimized with the Yoast SEO plugin v25.9 - https:\/\/yoast.com\/wordpress\/plugins\/seo\/ -->\n<title>Plan Provincial de Finalizaci\u00f3n de Estudios Obligatorios\u00a0 - A\u00f1o 2017 - Noticias Radio Reflejos<\/title>\n<meta name=\"robots\" content=\"index, follow, max-snippet:-1, max-image-preview:large, max-video-preview:-1\" \/>\n<link rel=\"canonical\" href=\"https:\/\/www.noticiasradioreflejos.com.ar\/2021\/plan-provincial-de-finalizacion-de-estudios-obligatorios-ano-2017\/\" \/>\n<meta property=\"og:locale\" content=\"es_ES\" \/>\n<meta property=\"og:type\" content=\"article\" \/>\n<meta property=\"og:title\" content=\"Plan Provincial de Finalizaci\u00f3n de Estudios Obligatorios\u00a0 - A\u00f1o 2017 - Noticias Radio Reflejos\" \/>\n<meta property=\"og:description\" content=\"Inscripci\u00f3n de Alumnos:\" \/>\n<meta property=\"og:url\" content=\"https:\/\/www.noticiasradioreflejos.com.ar\/2021\/plan-provincial-de-finalizacion-de-estudios-obligatorios-ano-2017\/\" \/>\n<meta property=\"og:site_name\" content=\"Noticias Radio Reflejos\" \/>\n<meta property=\"article:published_time\" content=\"2017-04-24T22:38:05+00:00\" \/>\n<meta property=\"og:image\" content=\"https:\/\/www.noticiasradioreflejos.com.ar\/2021\/wp-content\/uploads\/2021\/07\/logosol300x200.png\" \/>\n\t<meta property=\"og:image:width\" content=\"300\" \/>\n\t<meta property=\"og:image:height\" content=\"200\" \/>\n\t<meta property=\"og:image:type\" content=\"image\/png\" \/>\n<meta name=\"author\" content=\"Arnaldo Botto\" \/>\n<meta name=\"twitter:card\" content=\"summary_large_image\" \/>\n<script type=\"application\/ld+json\" class=\"yoast-schema-graph\">{\"@context\":\"https:\/\/schema.org\",\"@graph\":[{\"@type\":\"WebPage\",\"@id\":\"https:\/\/www.noticiasradioreflejos.com.ar\/2021\/plan-provincial-de-finalizacion-de-estudios-obligatorios-ano-2017\/\",\"url\":\"https:\/\/www.noticiasradioreflejos.com.ar\/2021\/plan-provincial-de-finalizacion-de-estudios-obligatorios-ano-2017\/\",\"name\":\"Plan Provincial de Finalizaci\u00f3n de Estudios Obligatorios\u00a0 - A\u00f1o 2017 - Noticias Radio Reflejos\",\"isPartOf\":{\"@id\":\"https:\/\/www.noticiasradioreflejos.com.ar\/2021\/#website\"},\"datePublished\":\"2017-04-24T22:38:05+00:00\",\"author\":{\"@id\":\"https:\/\/www.noticiasradioreflejos.com.ar\/2021\/#\/schema\/person\/ad82545263dcc5ec0996818884fd5fb1\"},\"breadcrumb\":{\"@id\":\"https:\/\/www.noticiasradioreflejos.com.ar\/2021\/plan-provincial-de-finalizacion-de-estudios-obligatorios-ano-2017\/#breadcrumb\"},\"inLanguage\":\"es\",\"potentialAction\":[{\"@type\":\"ReadAction\",\"target\":[\"https:\/\/www.noticiasradioreflejos.com.ar\/2021\/plan-provincial-de-finalizacion-de-estudios-obligatorios-ano-2017\/\"]}]},{\"@type\":\"BreadcrumbList\",\"@id\":\"https:\/\/www.noticiasradioreflejos.com.ar\/2021\/plan-provincial-de-finalizacion-de-estudios-obligatorios-ano-2017\/#breadcrumb\",\"itemListElement\":[{\"@type\":\"ListItem\",\"position\":1,\"name\":\"Portada\",\"item\":\"https:\/\/www.noticiasradioreflejos.com.ar\/2021\/\"},{\"@type\":\"ListItem\",\"position\":2,\"name\":\"Plan Provincial de Finalizaci\u00f3n de Estudios Obligatorios\u00a0 &#8211; A\u00f1o 2017\"}]},{\"@type\":\"WebSite\",\"@id\":\"https:\/\/www.noticiasradioreflejos.com.ar\/2021\/#website\",\"url\":\"https:\/\/www.noticiasradioreflejos.com.ar\/2021\/\",\"name\":\"Noticias Radio Reflejos\",\"description\":\"Las noticias de mi comarca\",\"potentialAction\":[{\"@type\":\"SearchAction\",\"target\":{\"@type\":\"EntryPoint\",\"urlTemplate\":\"https:\/\/www.noticiasradioreflejos.com.ar\/2021\/?s={search_term_string}\"},\"query-input\":{\"@type\":\"PropertyValueSpecification\",\"valueRequired\":true,\"valueName\":\"search_term_string\"}}],\"inLanguage\":\"es\"},{\"@type\":\"Person\",\"@id\":\"https:\/\/www.noticiasradioreflejos.com.ar\/2021\/#\/schema\/person\/ad82545263dcc5ec0996818884fd5fb1\",\"name\":\"Arnaldo Botto\",\"image\":{\"@type\":\"ImageObject\",\"inLanguage\":\"es\",\"@id\":\"https:\/\/www.noticiasradioreflejos.com.ar\/2021\/#\/schema\/person\/image\/\",\"url\":\"https:\/\/secure.gravatar.com\/avatar\/55cb5e37c1efa326397366e6974cb338056df65cb50e7d64d1cf314e87504837?s=96&d=mm&r=g\",\"contentUrl\":\"https:\/\/secure.gravatar.com\/avatar\/55cb5e37c1efa326397366e6974cb338056df65cb50e7d64d1cf314e87504837?s=96&d=mm&r=g\",\"caption\":\"Arnaldo Botto\"},\"url\":\"https:\/\/www.noticiasradioreflejos.com.ar\/2021\/author\/arnaldo\/\"}]}<\/script>\n<!-- \/ Yoast SEO plugin. -->","yoast_head_json":{"title":"Plan Provincial de Finalizaci\u00f3n de Estudios Obligatorios\u00a0 - A\u00f1o 2017 - Noticias Radio Reflejos","robots":{"index":"index","follow":"follow","max-snippet":"max-snippet:-1","max-image-preview":"max-image-preview:large","max-video-preview":"max-video-preview:-1"},"canonical":"https:\/\/www.noticiasradioreflejos.com.ar\/2021\/plan-provincial-de-finalizacion-de-estudios-obligatorios-ano-2017\/","og_locale":"es_ES","og_type":"article","og_title":"Plan Provincial de Finalizaci\u00f3n de Estudios Obligatorios\u00a0 - A\u00f1o 2017 - Noticias Radio Reflejos","og_description":"Inscripci\u00f3n de Alumnos:","og_url":"https:\/\/www.noticiasradioreflejos.com.ar\/2021\/plan-provincial-de-finalizacion-de-estudios-obligatorios-ano-2017\/","og_site_name":"Noticias Radio Reflejos","article_published_time":"2017-04-24T22:38:05+00:00","og_image":[{"width":300,"height":200,"url":"https:\/\/www.noticiasradioreflejos.com.ar\/2021\/wp-content\/uploads\/2021\/07\/logosol300x200.png","type":"image\/png"}],"author":"Arnaldo Botto","twitter_card":"summary_large_image","schema":{"@context":"https:\/\/schema.org","@graph":[{"@type":"WebPage","@id":"https:\/\/www.noticiasradioreflejos.com.ar\/2021\/plan-provincial-de-finalizacion-de-estudios-obligatorios-ano-2017\/","url":"https:\/\/www.noticiasradioreflejos.com.ar\/2021\/plan-provincial-de-finalizacion-de-estudios-obligatorios-ano-2017\/","name":"Plan Provincial de Finalizaci\u00f3n de Estudios Obligatorios\u00a0 - A\u00f1o 2017 - Noticias Radio Reflejos","isPartOf":{"@id":"https:\/\/www.noticiasradioreflejos.com.ar\/2021\/#website"},"datePublished":"2017-04-24T22:38:05+00:00","author":{"@id":"https:\/\/www.noticiasradioreflejos.com.ar\/2021\/#\/schema\/person\/ad82545263dcc5ec0996818884fd5fb1"},"breadcrumb":{"@id":"https:\/\/www.noticiasradioreflejos.com.ar\/2021\/plan-provincial-de-finalizacion-de-estudios-obligatorios-ano-2017\/#breadcrumb"},"inLanguage":"es","potentialAction":[{"@type":"ReadAction","target":["https:\/\/www.noticiasradioreflejos.com.ar\/2021\/plan-provincial-de-finalizacion-de-estudios-obligatorios-ano-2017\/"]}]},{"@type":"BreadcrumbList","@id":"https:\/\/www.noticiasradioreflejos.com.ar\/2021\/plan-provincial-de-finalizacion-de-estudios-obligatorios-ano-2017\/#breadcrumb","itemListElement":[{"@type":"ListItem","position":1,"name":"Portada","item":"https:\/\/www.noticiasradioreflejos.com.ar\/2021\/"},{"@type":"ListItem","position":2,"name":"Plan Provincial de Finalizaci\u00f3n de Estudios Obligatorios\u00a0 &#8211; A\u00f1o 2017"}]},{"@type":"WebSite","@id":"https:\/\/www.noticiasradioreflejos.com.ar\/2021\/#website","url":"https:\/\/www.noticiasradioreflejos.com.ar\/2021\/","name":"Noticias Radio Reflejos","description":"Las noticias de mi comarca","potentialAction":[{"@type":"SearchAction","target":{"@type":"EntryPoint","urlTemplate":"https:\/\/www.noticiasradioreflejos.com.ar\/2021\/?s={search_term_string}"},"query-input":{"@type":"PropertyValueSpecification","valueRequired":true,"valueName":"search_term_string"}}],"inLanguage":"es"},{"@type":"Person","@id":"https:\/\/www.noticiasradioreflejos.com.ar\/2021\/#\/schema\/person\/ad82545263dcc5ec0996818884fd5fb1","name":"Arnaldo Botto","image":{"@type":"ImageObject","inLanguage":"es","@id":"https:\/\/www.noticiasradioreflejos.com.ar\/2021\/#\/schema\/person\/image\/","url":"https:\/\/secure.gravatar.com\/avatar\/55cb5e37c1efa326397366e6974cb338056df65cb50e7d64d1cf314e87504837?s=96&d=mm&r=g","contentUrl":"https:\/\/secure.gravatar.com\/avatar\/55cb5e37c1efa326397366e6974cb338056df65cb50e7d64d1cf314e87504837?s=96&d=mm&r=g","caption":"Arnaldo Botto"},"url":"https:\/\/www.noticiasradioreflejos.com.ar\/2021\/author\/arnaldo\/"}]}},"_links":{"self":[{"href":"https:\/\/www.noticiasradioreflejos.com.ar\/2021\/wp-json\/wp\/v2\/posts\/9383","targetHints":{"allow":["GET"]}}],"collection":[{"href":"https:\/\/www.noticiasradioreflejos.com.ar\/2021\/wp-json\/wp\/v2\/posts"}],"about":[{"href":"https:\/\/www.noticiasradioreflejos.com.ar\/2021\/wp-json\/wp\/v2\/types\/post"}],"author":[{"embeddable":true,"href":"https:\/\/www.noticiasradioreflejos.com.ar\/2021\/wp-json\/wp\/v2\/users\/3"}],"replies":[{"embeddable":true,"href":"https:\/\/www.noticiasradioreflejos.com.ar\/2021\/wp-json\/wp\/v2\/comments?post=9383"}],"version-history":[{"count":0,"href":"https:\/\/www.noticiasradioreflejos.com.ar\/2021\/wp-json\/wp\/v2\/posts\/9383\/revisions"}],"wp:attachment":[{"href":"https:\/\/www.noticiasradioreflejos.com.ar\/2021\/wp-json\/wp\/v2\/media?parent=9383"}],"wp:term":[{"taxonomy":"category","embeddable":true,"href":"https:\/\/www.noticiasradioreflejos.com.ar\/2021\/wp-json\/wp\/v2\/categories?post=9383"},{"taxonomy":"post_tag","embeddable":true,"href":"https:\/\/www.noticiasradioreflejos.com.ar\/2021\/wp-json\/wp\/v2\/tags?post=9383"}],"curies":[{"name":"wp","href":"https:\/\/api.w.org\/{rel}","templated":true}]}}