{"id":9380,"date":"2017-04-24T19:38:15","date_gmt":"2017-04-24T22:38:15","guid":{"rendered":"http:\/\/noticiasradioreflejos.com.ar\/noticias\/?p=9380"},"modified":"2017-04-24T19:38:15","modified_gmt":"2017-04-24T22:38:15","slug":"el-semillero-verde-participo-de-un-encuentro-en-villa-mitre","status":"publish","type":"post","link":"https:\/\/www.noticiasradioreflejos.com.ar\/2021\/el-semillero-verde-participo-de-un-encuentro-en-villa-mitre\/","title":{"rendered":"El Semillero Verde particip\u00f3 de un encuentro en Villa Mitre"},"content":{"rendered":"<p>El pasado s\u00e1bado la Escuelita de F\u00fatbol del Club Uni\u00f3n, \u201cSemillero Verde\u201d, particip\u00f3 de un encuentro desarrollado en el Club Villa Mitre de Bah\u00eda Blanca.<!--more--><br \/>\nLa delegaci\u00f3n verde estuvo integrada por unos 60 ni\u00f1os de las categor\u00edas 2006 a 2011 y los profesores Pablo Romano, Facundo Mart\u00ednez, Ezequiel Schmidt y Juan Jos\u00e9 Heiland.<br \/>\nAdem\u00e1s de la entidad anfitriona y Uni\u00f3n, de la jornada tambi\u00e9n fueron parte las escuelitas de los clubes Bella Vista, Tiro Federal, EFUBA, Liniers de Bah\u00eda Blanca y Alem\u00a0 de Coronel Pringles.<br \/>\nLos ni\u00f1os que jugaron en cada una de las categor\u00edas se detallan a continuaci\u00f3n:<br \/>\n-CATEGORIA 2006: Iommi Dante, Luna Gonzalo, Buitrago Francisco, Go\u00f1i Joaqu\u00edn, Mu\u00f1oz Jonathan, Lencina Thiago, Klock Nicolas, Quintulican\u00a0 Tobias, Arias Dylan, Ferreyra Tomas, Torres Santiago, Uitixberea Patricio.<br \/>\n-CATEGORIA 2007: Lopez Luka, Artiles Benjam\u00edn, Reynoso Ian, Auce Francisco, Rodr\u00edguez Sebasti\u00e1n, Quintulican Nehuen, Salinas Francisco, Pintos Martin.<br \/>\n-CATEGORIA 2008: Saint Girons Cristian, Schaw Felipe, Nicoli M\u00e1ximo, Di Notolo Jairo, Consoli Thiago, Soto Leonel, Haag Lucas, Soto Diego, Cabrera Ian.<br \/>\n-CATEGORIA 2009: Santamarina Felipe, Scabuzo Thiago, Graff\u00a0 Ignacio, Barrios Leandro, Perez Galo, Bahuer Genaro, Dufaur Bautista, Polac Benjam\u00edn, Mac niles Benjamin.<br \/>\n-CATEGORIA 2010: Alarcon Ian, Cabrera Kevin, Cabrera Thiago, Buschi \u00c1ngelo, Melchior Juan, Mayer Juan Martin, Flores Nicol\u00e1s, Iparaguirre Dante, Funes Ezequiel.<br \/>\n-CATEGORIA 2011: Evangelista Manuel, Romano Alejo, Castillo Joaqu\u00edn, Ferro Bautista, Toy Benicio, Iparaguirre Fausto.<br \/>\n\u201cLos profesores agradecemos a los pap\u00e1s por confiar una vez m\u00e1s en nuestro trabajo, no solo acompa\u00f1ando a la delegaci\u00f3n de Uni\u00f3n, sino tambi\u00e9n brindando\u00a0 a sus hijos para que puedan vivenciar tan significativa experiencia\u201d, expresaron desde la coordinaci\u00f3n del Semillero.<br \/>\nLos pr\u00f3ximos compromisos de la escuelita ser\u00e1n el lunes 1 de mayo en el Club Atl\u00e9tico Ventana y el 25 del mismo mes en Automoto.<\/p>\n","protected":false},"excerpt":{"rendered":"<p>El pasado s\u00e1bado la Escuelita de F\u00fatbol del Club Uni\u00f3n, \u201cSemillero Verde\u201d, particip\u00f3 de un encuentro desarrollado en el Club Villa Mitre de Bah\u00eda Blanca.<\/p>\n","protected":false},"author":3,"featured_media":0,"comment_status":"closed","ping_status":"open","sticky":false,"template":"","format":"standard","meta":{"footnotes":""},"categories":[27],"tags":[],"class_list":["post-9380","post","type-post","status-publish","format-standard","hentry","category-deportes"],"yoast_head":"<!-- This site is optimized with the Yoast SEO plugin v25.9 - https:\/\/yoast.com\/wordpress\/plugins\/seo\/ -->\n<title>El Semillero Verde particip\u00f3 de un encuentro en Villa Mitre - Noticias Radio Reflejos<\/title>\n<meta name=\"robots\" content=\"index, follow, max-snippet:-1, max-image-preview:large, max-video-preview:-1\" \/>\n<link rel=\"canonical\" href=\"https:\/\/www.noticiasradioreflejos.com.ar\/2021\/el-semillero-verde-participo-de-un-encuentro-en-villa-mitre\/\" \/>\n<meta property=\"og:locale\" content=\"es_ES\" \/>\n<meta property=\"og:type\" content=\"article\" \/>\n<meta property=\"og:title\" content=\"El Semillero Verde particip\u00f3 de un encuentro en Villa Mitre - Noticias Radio Reflejos\" \/>\n<meta property=\"og:description\" content=\"El pasado s\u00e1bado la Escuelita de F\u00fatbol del Club Uni\u00f3n, \u201cSemillero Verde\u201d, particip\u00f3 de un encuentro desarrollado en el Club Villa Mitre de Bah\u00eda Blanca.\" \/>\n<meta property=\"og:url\" content=\"https:\/\/www.noticiasradioreflejos.com.ar\/2021\/el-semillero-verde-participo-de-un-encuentro-en-villa-mitre\/\" \/>\n<meta property=\"og:site_name\" content=\"Noticias Radio Reflejos\" \/>\n<meta property=\"article:published_time\" content=\"2017-04-24T22:38:15+00:00\" \/>\n<meta property=\"og:image\" content=\"https:\/\/www.noticiasradioreflejos.com.ar\/2021\/wp-content\/uploads\/2021\/07\/logosol300x200.png\" \/>\n\t<meta property=\"og:image:width\" content=\"300\" \/>\n\t<meta property=\"og:image:height\" content=\"200\" \/>\n\t<meta property=\"og:image:type\" content=\"image\/png\" \/>\n<meta name=\"author\" content=\"Arnaldo Botto\" \/>\n<meta name=\"twitter:card\" content=\"summary_large_image\" \/>\n<script type=\"application\/ld+json\" class=\"yoast-schema-graph\">{\"@context\":\"https:\/\/schema.org\",\"@graph\":[{\"@type\":\"WebPage\",\"@id\":\"https:\/\/www.noticiasradioreflejos.com.ar\/2021\/el-semillero-verde-participo-de-un-encuentro-en-villa-mitre\/\",\"url\":\"https:\/\/www.noticiasradioreflejos.com.ar\/2021\/el-semillero-verde-participo-de-un-encuentro-en-villa-mitre\/\",\"name\":\"El Semillero Verde particip\u00f3 de un encuentro en Villa Mitre - Noticias Radio Reflejos\",\"isPartOf\":{\"@id\":\"https:\/\/www.noticiasradioreflejos.com.ar\/2021\/#website\"},\"datePublished\":\"2017-04-24T22:38:15+00:00\",\"author\":{\"@id\":\"https:\/\/www.noticiasradioreflejos.com.ar\/2021\/#\/schema\/person\/ad82545263dcc5ec0996818884fd5fb1\"},\"breadcrumb\":{\"@id\":\"https:\/\/www.noticiasradioreflejos.com.ar\/2021\/el-semillero-verde-participo-de-un-encuentro-en-villa-mitre\/#breadcrumb\"},\"inLanguage\":\"es\",\"potentialAction\":[{\"@type\":\"ReadAction\",\"target\":[\"https:\/\/www.noticiasradioreflejos.com.ar\/2021\/el-semillero-verde-participo-de-un-encuentro-en-villa-mitre\/\"]}]},{\"@type\":\"BreadcrumbList\",\"@id\":\"https:\/\/www.noticiasradioreflejos.com.ar\/2021\/el-semillero-verde-participo-de-un-encuentro-en-villa-mitre\/#breadcrumb\",\"itemListElement\":[{\"@type\":\"ListItem\",\"position\":1,\"name\":\"Portada\",\"item\":\"https:\/\/www.noticiasradioreflejos.com.ar\/2021\/\"},{\"@type\":\"ListItem\",\"position\":2,\"name\":\"El Semillero Verde particip\u00f3 de un encuentro en Villa Mitre\"}]},{\"@type\":\"WebSite\",\"@id\":\"https:\/\/www.noticiasradioreflejos.com.ar\/2021\/#website\",\"url\":\"https:\/\/www.noticiasradioreflejos.com.ar\/2021\/\",\"name\":\"Noticias Radio Reflejos\",\"description\":\"Las noticias de mi comarca\",\"potentialAction\":[{\"@type\":\"SearchAction\",\"target\":{\"@type\":\"EntryPoint\",\"urlTemplate\":\"https:\/\/www.noticiasradioreflejos.com.ar\/2021\/?s={search_term_string}\"},\"query-input\":{\"@type\":\"PropertyValueSpecification\",\"valueRequired\":true,\"valueName\":\"search_term_string\"}}],\"inLanguage\":\"es\"},{\"@type\":\"Person\",\"@id\":\"https:\/\/www.noticiasradioreflejos.com.ar\/2021\/#\/schema\/person\/ad82545263dcc5ec0996818884fd5fb1\",\"name\":\"Arnaldo Botto\",\"image\":{\"@type\":\"ImageObject\",\"inLanguage\":\"es\",\"@id\":\"https:\/\/www.noticiasradioreflejos.com.ar\/2021\/#\/schema\/person\/image\/\",\"url\":\"https:\/\/secure.gravatar.com\/avatar\/55cb5e37c1efa326397366e6974cb338056df65cb50e7d64d1cf314e87504837?s=96&d=mm&r=g\",\"contentUrl\":\"https:\/\/secure.gravatar.com\/avatar\/55cb5e37c1efa326397366e6974cb338056df65cb50e7d64d1cf314e87504837?s=96&d=mm&r=g\",\"caption\":\"Arnaldo Botto\"},\"url\":\"https:\/\/www.noticiasradioreflejos.com.ar\/2021\/author\/arnaldo\/\"}]}<\/script>\n<!-- \/ Yoast SEO plugin. -->","yoast_head_json":{"title":"El Semillero Verde particip\u00f3 de un encuentro en Villa Mitre - Noticias Radio Reflejos","robots":{"index":"index","follow":"follow","max-snippet":"max-snippet:-1","max-image-preview":"max-image-preview:large","max-video-preview":"max-video-preview:-1"},"canonical":"https:\/\/www.noticiasradioreflejos.com.ar\/2021\/el-semillero-verde-participo-de-un-encuentro-en-villa-mitre\/","og_locale":"es_ES","og_type":"article","og_title":"El Semillero Verde particip\u00f3 de un encuentro en Villa Mitre - Noticias Radio Reflejos","og_description":"El pasado s\u00e1bado la Escuelita de F\u00fatbol del Club Uni\u00f3n, \u201cSemillero Verde\u201d, particip\u00f3 de un encuentro desarrollado en el Club Villa Mitre de Bah\u00eda Blanca.","og_url":"https:\/\/www.noticiasradioreflejos.com.ar\/2021\/el-semillero-verde-participo-de-un-encuentro-en-villa-mitre\/","og_site_name":"Noticias Radio Reflejos","article_published_time":"2017-04-24T22:38:15+00:00","og_image":[{"width":300,"height":200,"url":"https:\/\/www.noticiasradioreflejos.com.ar\/2021\/wp-content\/uploads\/2021\/07\/logosol300x200.png","type":"image\/png"}],"author":"Arnaldo Botto","twitter_card":"summary_large_image","schema":{"@context":"https:\/\/schema.org","@graph":[{"@type":"WebPage","@id":"https:\/\/www.noticiasradioreflejos.com.ar\/2021\/el-semillero-verde-participo-de-un-encuentro-en-villa-mitre\/","url":"https:\/\/www.noticiasradioreflejos.com.ar\/2021\/el-semillero-verde-participo-de-un-encuentro-en-villa-mitre\/","name":"El Semillero Verde particip\u00f3 de un encuentro en Villa Mitre - Noticias Radio Reflejos","isPartOf":{"@id":"https:\/\/www.noticiasradioreflejos.com.ar\/2021\/#website"},"datePublished":"2017-04-24T22:38:15+00:00","author":{"@id":"https:\/\/www.noticiasradioreflejos.com.ar\/2021\/#\/schema\/person\/ad82545263dcc5ec0996818884fd5fb1"},"breadcrumb":{"@id":"https:\/\/www.noticiasradioreflejos.com.ar\/2021\/el-semillero-verde-participo-de-un-encuentro-en-villa-mitre\/#breadcrumb"},"inLanguage":"es","potentialAction":[{"@type":"ReadAction","target":["https:\/\/www.noticiasradioreflejos.com.ar\/2021\/el-semillero-verde-participo-de-un-encuentro-en-villa-mitre\/"]}]},{"@type":"BreadcrumbList","@id":"https:\/\/www.noticiasradioreflejos.com.ar\/2021\/el-semillero-verde-participo-de-un-encuentro-en-villa-mitre\/#breadcrumb","itemListElement":[{"@type":"ListItem","position":1,"name":"Portada","item":"https:\/\/www.noticiasradioreflejos.com.ar\/2021\/"},{"@type":"ListItem","position":2,"name":"El Semillero Verde particip\u00f3 de un encuentro en Villa Mitre"}]},{"@type":"WebSite","@id":"https:\/\/www.noticiasradioreflejos.com.ar\/2021\/#website","url":"https:\/\/www.noticiasradioreflejos.com.ar\/2021\/","name":"Noticias Radio Reflejos","description":"Las noticias de mi comarca","potentialAction":[{"@type":"SearchAction","target":{"@type":"EntryPoint","urlTemplate":"https:\/\/www.noticiasradioreflejos.com.ar\/2021\/?s={search_term_string}"},"query-input":{"@type":"PropertyValueSpecification","valueRequired":true,"valueName":"search_term_string"}}],"inLanguage":"es"},{"@type":"Person","@id":"https:\/\/www.noticiasradioreflejos.com.ar\/2021\/#\/schema\/person\/ad82545263dcc5ec0996818884fd5fb1","name":"Arnaldo Botto","image":{"@type":"ImageObject","inLanguage":"es","@id":"https:\/\/www.noticiasradioreflejos.com.ar\/2021\/#\/schema\/person\/image\/","url":"https:\/\/secure.gravatar.com\/avatar\/55cb5e37c1efa326397366e6974cb338056df65cb50e7d64d1cf314e87504837?s=96&d=mm&r=g","contentUrl":"https:\/\/secure.gravatar.com\/avatar\/55cb5e37c1efa326397366e6974cb338056df65cb50e7d64d1cf314e87504837?s=96&d=mm&r=g","caption":"Arnaldo Botto"},"url":"https:\/\/www.noticiasradioreflejos.com.ar\/2021\/author\/arnaldo\/"}]}},"_links":{"self":[{"href":"https:\/\/www.noticiasradioreflejos.com.ar\/2021\/wp-json\/wp\/v2\/posts\/9380","targetHints":{"allow":["GET"]}}],"collection":[{"href":"https:\/\/www.noticiasradioreflejos.com.ar\/2021\/wp-json\/wp\/v2\/posts"}],"about":[{"href":"https:\/\/www.noticiasradioreflejos.com.ar\/2021\/wp-json\/wp\/v2\/types\/post"}],"author":[{"embeddable":true,"href":"https:\/\/www.noticiasradioreflejos.com.ar\/2021\/wp-json\/wp\/v2\/users\/3"}],"replies":[{"embeddable":true,"href":"https:\/\/www.noticiasradioreflejos.com.ar\/2021\/wp-json\/wp\/v2\/comments?post=9380"}],"version-history":[{"count":0,"href":"https:\/\/www.noticiasradioreflejos.com.ar\/2021\/wp-json\/wp\/v2\/posts\/9380\/revisions"}],"wp:attachment":[{"href":"https:\/\/www.noticiasradioreflejos.com.ar\/2021\/wp-json\/wp\/v2\/media?parent=9380"}],"wp:term":[{"taxonomy":"category","embeddable":true,"href":"https:\/\/www.noticiasradioreflejos.com.ar\/2021\/wp-json\/wp\/v2\/categories?post=9380"},{"taxonomy":"post_tag","embeddable":true,"href":"https:\/\/www.noticiasradioreflejos.com.ar\/2021\/wp-json\/wp\/v2\/tags?post=9380"}],"curies":[{"name":"wp","href":"https:\/\/api.w.org\/{rel}","templated":true}]}}