{"id":93768,"date":"2023-10-09T19:52:04","date_gmt":"2023-10-09T19:52:04","guid":{"rendered":"https:\/\/www.noticiasradioreflejos.com.ar\/2021\/?p=93768"},"modified":"2023-10-09T19:52:04","modified_gmt":"2023-10-09T19:52:04","slug":"lucrecia-dube-vimos-muchisimos-cuadros-respiratorios","status":"publish","type":"post","link":"https:\/\/www.noticiasradioreflejos.com.ar\/2021\/lucrecia-dube-vimos-muchisimos-cuadros-respiratorios\/","title":{"rendered":"Lucrecia Dube: \u201cVimos much\u00edsimos cuadros respiratorios\u201d"},"content":{"rendered":"<p>La doctora se refiri\u00f3 a la gran cantidad de personas enfermas, y si bien no hay testeos, asegur\u00f3 que \u201ctenemos la tranquilidad de que el tratamiento es el mismo para todos los cuadros\u201d.<!--more--><\/p>\n<p>La doctora Lucrecia Dube asegur\u00f3 esta ma\u00f1ana que \u201cvimos much\u00edsimos cuadros respiratorios, con gente que se siente muy mal, con tos, secreci\u00f3n nasal. Desde que no testeamos es dif\u00edcil saber si es covid, gripe A u otros virus\u201d.<\/p>\n<p>De todas maneras, y llevando calma, confirm\u00f3 que \u201cuno tiene la tranquilidad que el tratamiento es el mismo para todos estos cuadros. S\u00ed es importante sostener el reposo, una dieta liviana y la hidrataci\u00f3n\u201d.<\/p>\n<p>De la mano con esto subray\u00f3 que \u201chace unos a\u00f1os hacemos hincapi\u00e9 en no usar antibi\u00f3ticos por su cuenta. Tienen que ir al m\u00e9dico. Esto es una cuesti\u00f3n de paciencia. La gente si al tercer d\u00eda no mejora se pone nerviosa y toma medicamentos por su cuenta, y eso est\u00e1 mal\u201d.<\/p>\n<p>Al mismo tiempo resalt\u00f3 que \u201cno se est\u00e1n viendo cuadros graves de covid. La inmensa mayor\u00eda son ambulatorios. Estamos notando los efectos positivos de la vacuna. Por eso cuando vienen a consulta siempre preguntamos cuantas vacunas de covid tienen colocadas. Para la mayor\u00eda ahora la vacuna contra el covid es un refuerzo anual\u201d.<\/p>\n<p>Haciendo hincapi\u00e9 en el hecho de que \u201cuna persona menor de 50 a\u00f1os y no tiene enfermedades que comprometan su inmunidad, la vacunaci\u00f3n de refuerzos es una vez por a\u00f1o\u201d.<\/p>\n<p>Por \u00faltimo admiti\u00f3 que \u201cen el Hospital de Sierra y en todas las dependencias municipales y de salud p\u00fablica tenemos las vacunas ambivalentes, lo que genera una tranquilidad. Quienes tengan indicaci\u00f3n de vacunaci\u00f3n pueden acercarse sin problemas\u201d.<\/p>\n<p><iframe loading=\"lazy\" width=\"100%\" height=\"166\" scrolling=\"no\" frameborder=\"no\" allow=\"autoplay\" src=\"https:\/\/w.soundcloud.com\/player\/?url=https%3A\/\/api.soundcloud.com\/tracks\/1635812580&#038;color=%23ff5500&#038;auto_play=false&#038;hide_related=false&#038;show_comments=true&#038;show_user=true&#038;show_reposts=false&#038;show_teaser=true\"><\/iframe><\/p>\n<div style=\"font-size: 10px; color: #cccccc;line-break: anywhere;word-break: normal;overflow: hidden;white-space: nowrap;text-overflow: ellipsis; font-family: Interstate,Lucida Grande,Lucida Sans Unicode,Lucida Sans,Garuda,Verdana,Tahoma,sans-serif;font-weight: 100;\"><a href=\"https:\/\/soundcloud.com\/fmreflejos-103-7\" title=\"fmreflejos 103.7\" target=\"_blank\" style=\"color: #cccccc; text-decoration: none;\" rel=\"noopener\">fmreflejos 103.7<\/a> \u00b7 <a href=\"https:\/\/soundcloud.com\/fmreflejos-103-7\/lucrecia-dubue-9-10\" title=\"Lucrecia Dube 9 - 10\" target=\"_blank\" style=\"color: #cccccc; text-decoration: none;\" rel=\"noopener\">Lucrecia Dube 9 &#8211; 10<\/a><\/div>\n","protected":false},"excerpt":{"rendered":"<p>La doctora se refiri\u00f3 a la gran cantidad de personas enfermas, y si bien no hay testeos, asegur\u00f3 que \u201ctenemos la tranquilidad de que el tratamiento es el mismo para todos los cuadros\u201d.<\/p>\n","protected":false},"author":3,"featured_media":86661,"comment_status":"closed","ping_status":"closed","sticky":false,"template":"","format":"standard","meta":{"footnotes":""},"categories":[26],"tags":[48],"class_list":["post-93768","post","type-post","status-publish","format-standard","has-post-thumbnail","hentry","category-sociedad","tag-destacada"],"yoast_head":"<!-- This site is optimized with the Yoast SEO plugin v25.9 - https:\/\/yoast.com\/wordpress\/plugins\/seo\/ -->\n<title>Lucrecia Dube: \u201cVimos much\u00edsimos cuadros respiratorios\u201d - Noticias Radio Reflejos<\/title>\n<meta name=\"robots\" content=\"index, follow, max-snippet:-1, max-image-preview:large, max-video-preview:-1\" \/>\n<link rel=\"canonical\" href=\"https:\/\/www.noticiasradioreflejos.com.ar\/2021\/lucrecia-dube-vimos-muchisimos-cuadros-respiratorios\/\" \/>\n<meta property=\"og:locale\" content=\"es_ES\" \/>\n<meta property=\"og:type\" content=\"article\" \/>\n<meta property=\"og:title\" content=\"Lucrecia Dube: \u201cVimos much\u00edsimos cuadros respiratorios\u201d - Noticias Radio Reflejos\" \/>\n<meta property=\"og:description\" content=\"La doctora se refiri\u00f3 a la gran cantidad de personas enfermas, y si bien no hay testeos, asegur\u00f3 que \u201ctenemos la tranquilidad de que el tratamiento es el mismo para todos los cuadros\u201d.\" \/>\n<meta property=\"og:url\" content=\"https:\/\/www.noticiasradioreflejos.com.ar\/2021\/lucrecia-dube-vimos-muchisimos-cuadros-respiratorios\/\" \/>\n<meta property=\"og:site_name\" content=\"Noticias Radio Reflejos\" \/>\n<meta property=\"article:published_time\" content=\"2023-10-09T19:52:04+00:00\" \/>\n<meta property=\"og:image\" content=\"https:\/\/www.noticiasradioreflejos.com.ar\/2021\/wp-content\/uploads\/2023\/04\/Lucrecia-Dube.jpeg\" \/>\n\t<meta property=\"og:image:width\" content=\"1200\" \/>\n\t<meta property=\"og:image:height\" content=\"862\" \/>\n\t<meta property=\"og:image:type\" content=\"image\/jpeg\" \/>\n<meta name=\"author\" content=\"Arnaldo Botto\" \/>\n<meta name=\"twitter:card\" content=\"summary_large_image\" \/>\n<script type=\"application\/ld+json\" class=\"yoast-schema-graph\">{\"@context\":\"https:\/\/schema.org\",\"@graph\":[{\"@type\":\"WebPage\",\"@id\":\"https:\/\/www.noticiasradioreflejos.com.ar\/2021\/lucrecia-dube-vimos-muchisimos-cuadros-respiratorios\/\",\"url\":\"https:\/\/www.noticiasradioreflejos.com.ar\/2021\/lucrecia-dube-vimos-muchisimos-cuadros-respiratorios\/\",\"name\":\"Lucrecia Dube: \u201cVimos much\u00edsimos cuadros respiratorios\u201d - Noticias Radio Reflejos\",\"isPartOf\":{\"@id\":\"https:\/\/www.noticiasradioreflejos.com.ar\/2021\/#website\"},\"primaryImageOfPage\":{\"@id\":\"https:\/\/www.noticiasradioreflejos.com.ar\/2021\/lucrecia-dube-vimos-muchisimos-cuadros-respiratorios\/#primaryimage\"},\"image\":{\"@id\":\"https:\/\/www.noticiasradioreflejos.com.ar\/2021\/lucrecia-dube-vimos-muchisimos-cuadros-respiratorios\/#primaryimage\"},\"thumbnailUrl\":\"https:\/\/www.noticiasradioreflejos.com.ar\/2021\/wp-content\/uploads\/2023\/04\/Lucrecia-Dube.jpeg\",\"datePublished\":\"2023-10-09T19:52:04+00:00\",\"author\":{\"@id\":\"https:\/\/www.noticiasradioreflejos.com.ar\/2021\/#\/schema\/person\/ad82545263dcc5ec0996818884fd5fb1\"},\"breadcrumb\":{\"@id\":\"https:\/\/www.noticiasradioreflejos.com.ar\/2021\/lucrecia-dube-vimos-muchisimos-cuadros-respiratorios\/#breadcrumb\"},\"inLanguage\":\"es\",\"potentialAction\":[{\"@type\":\"ReadAction\",\"target\":[\"https:\/\/www.noticiasradioreflejos.com.ar\/2021\/lucrecia-dube-vimos-muchisimos-cuadros-respiratorios\/\"]}]},{\"@type\":\"ImageObject\",\"inLanguage\":\"es\",\"@id\":\"https:\/\/www.noticiasradioreflejos.com.ar\/2021\/lucrecia-dube-vimos-muchisimos-cuadros-respiratorios\/#primaryimage\",\"url\":\"https:\/\/www.noticiasradioreflejos.com.ar\/2021\/wp-content\/uploads\/2023\/04\/Lucrecia-Dube.jpeg\",\"contentUrl\":\"https:\/\/www.noticiasradioreflejos.com.ar\/2021\/wp-content\/uploads\/2023\/04\/Lucrecia-Dube.jpeg\",\"width\":1200,\"height\":862},{\"@type\":\"BreadcrumbList\",\"@id\":\"https:\/\/www.noticiasradioreflejos.com.ar\/2021\/lucrecia-dube-vimos-muchisimos-cuadros-respiratorios\/#breadcrumb\",\"itemListElement\":[{\"@type\":\"ListItem\",\"position\":1,\"name\":\"Portada\",\"item\":\"https:\/\/www.noticiasradioreflejos.com.ar\/2021\/\"},{\"@type\":\"ListItem\",\"position\":2,\"name\":\"Lucrecia Dube: \u201cVimos much\u00edsimos cuadros respiratorios\u201d\"}]},{\"@type\":\"WebSite\",\"@id\":\"https:\/\/www.noticiasradioreflejos.com.ar\/2021\/#website\",\"url\":\"https:\/\/www.noticiasradioreflejos.com.ar\/2021\/\",\"name\":\"Noticias Radio Reflejos\",\"description\":\"Las noticias de mi comarca\",\"potentialAction\":[{\"@type\":\"SearchAction\",\"target\":{\"@type\":\"EntryPoint\",\"urlTemplate\":\"https:\/\/www.noticiasradioreflejos.com.ar\/2021\/?s={search_term_string}\"},\"query-input\":{\"@type\":\"PropertyValueSpecification\",\"valueRequired\":true,\"valueName\":\"search_term_string\"}}],\"inLanguage\":\"es\"},{\"@type\":\"Person\",\"@id\":\"https:\/\/www.noticiasradioreflejos.com.ar\/2021\/#\/schema\/person\/ad82545263dcc5ec0996818884fd5fb1\",\"name\":\"Arnaldo Botto\",\"image\":{\"@type\":\"ImageObject\",\"inLanguage\":\"es\",\"@id\":\"https:\/\/www.noticiasradioreflejos.com.ar\/2021\/#\/schema\/person\/image\/\",\"url\":\"https:\/\/secure.gravatar.com\/avatar\/55cb5e37c1efa326397366e6974cb338056df65cb50e7d64d1cf314e87504837?s=96&d=mm&r=g\",\"contentUrl\":\"https:\/\/secure.gravatar.com\/avatar\/55cb5e37c1efa326397366e6974cb338056df65cb50e7d64d1cf314e87504837?s=96&d=mm&r=g\",\"caption\":\"Arnaldo Botto\"},\"url\":\"https:\/\/www.noticiasradioreflejos.com.ar\/2021\/author\/arnaldo\/\"}]}<\/script>\n<!-- \/ Yoast SEO plugin. -->","yoast_head_json":{"title":"Lucrecia Dube: \u201cVimos much\u00edsimos cuadros respiratorios\u201d - Noticias Radio Reflejos","robots":{"index":"index","follow":"follow","max-snippet":"max-snippet:-1","max-image-preview":"max-image-preview:large","max-video-preview":"max-video-preview:-1"},"canonical":"https:\/\/www.noticiasradioreflejos.com.ar\/2021\/lucrecia-dube-vimos-muchisimos-cuadros-respiratorios\/","og_locale":"es_ES","og_type":"article","og_title":"Lucrecia Dube: \u201cVimos much\u00edsimos cuadros respiratorios\u201d - Noticias Radio Reflejos","og_description":"La doctora se refiri\u00f3 a la gran cantidad de personas enfermas, y si bien no hay testeos, asegur\u00f3 que \u201ctenemos la tranquilidad de que el tratamiento es el mismo para todos los cuadros\u201d.","og_url":"https:\/\/www.noticiasradioreflejos.com.ar\/2021\/lucrecia-dube-vimos-muchisimos-cuadros-respiratorios\/","og_site_name":"Noticias Radio Reflejos","article_published_time":"2023-10-09T19:52:04+00:00","og_image":[{"width":1200,"height":862,"url":"https:\/\/www.noticiasradioreflejos.com.ar\/2021\/wp-content\/uploads\/2023\/04\/Lucrecia-Dube.jpeg","type":"image\/jpeg"}],"author":"Arnaldo Botto","twitter_card":"summary_large_image","schema":{"@context":"https:\/\/schema.org","@graph":[{"@type":"WebPage","@id":"https:\/\/www.noticiasradioreflejos.com.ar\/2021\/lucrecia-dube-vimos-muchisimos-cuadros-respiratorios\/","url":"https:\/\/www.noticiasradioreflejos.com.ar\/2021\/lucrecia-dube-vimos-muchisimos-cuadros-respiratorios\/","name":"Lucrecia Dube: \u201cVimos much\u00edsimos cuadros respiratorios\u201d - Noticias Radio Reflejos","isPartOf":{"@id":"https:\/\/www.noticiasradioreflejos.com.ar\/2021\/#website"},"primaryImageOfPage":{"@id":"https:\/\/www.noticiasradioreflejos.com.ar\/2021\/lucrecia-dube-vimos-muchisimos-cuadros-respiratorios\/#primaryimage"},"image":{"@id":"https:\/\/www.noticiasradioreflejos.com.ar\/2021\/lucrecia-dube-vimos-muchisimos-cuadros-respiratorios\/#primaryimage"},"thumbnailUrl":"https:\/\/www.noticiasradioreflejos.com.ar\/2021\/wp-content\/uploads\/2023\/04\/Lucrecia-Dube.jpeg","datePublished":"2023-10-09T19:52:04+00:00","author":{"@id":"https:\/\/www.noticiasradioreflejos.com.ar\/2021\/#\/schema\/person\/ad82545263dcc5ec0996818884fd5fb1"},"breadcrumb":{"@id":"https:\/\/www.noticiasradioreflejos.com.ar\/2021\/lucrecia-dube-vimos-muchisimos-cuadros-respiratorios\/#breadcrumb"},"inLanguage":"es","potentialAction":[{"@type":"ReadAction","target":["https:\/\/www.noticiasradioreflejos.com.ar\/2021\/lucrecia-dube-vimos-muchisimos-cuadros-respiratorios\/"]}]},{"@type":"ImageObject","inLanguage":"es","@id":"https:\/\/www.noticiasradioreflejos.com.ar\/2021\/lucrecia-dube-vimos-muchisimos-cuadros-respiratorios\/#primaryimage","url":"https:\/\/www.noticiasradioreflejos.com.ar\/2021\/wp-content\/uploads\/2023\/04\/Lucrecia-Dube.jpeg","contentUrl":"https:\/\/www.noticiasradioreflejos.com.ar\/2021\/wp-content\/uploads\/2023\/04\/Lucrecia-Dube.jpeg","width":1200,"height":862},{"@type":"BreadcrumbList","@id":"https:\/\/www.noticiasradioreflejos.com.ar\/2021\/lucrecia-dube-vimos-muchisimos-cuadros-respiratorios\/#breadcrumb","itemListElement":[{"@type":"ListItem","position":1,"name":"Portada","item":"https:\/\/www.noticiasradioreflejos.com.ar\/2021\/"},{"@type":"ListItem","position":2,"name":"Lucrecia Dube: \u201cVimos much\u00edsimos cuadros respiratorios\u201d"}]},{"@type":"WebSite","@id":"https:\/\/www.noticiasradioreflejos.com.ar\/2021\/#website","url":"https:\/\/www.noticiasradioreflejos.com.ar\/2021\/","name":"Noticias Radio Reflejos","description":"Las noticias de mi comarca","potentialAction":[{"@type":"SearchAction","target":{"@type":"EntryPoint","urlTemplate":"https:\/\/www.noticiasradioreflejos.com.ar\/2021\/?s={search_term_string}"},"query-input":{"@type":"PropertyValueSpecification","valueRequired":true,"valueName":"search_term_string"}}],"inLanguage":"es"},{"@type":"Person","@id":"https:\/\/www.noticiasradioreflejos.com.ar\/2021\/#\/schema\/person\/ad82545263dcc5ec0996818884fd5fb1","name":"Arnaldo Botto","image":{"@type":"ImageObject","inLanguage":"es","@id":"https:\/\/www.noticiasradioreflejos.com.ar\/2021\/#\/schema\/person\/image\/","url":"https:\/\/secure.gravatar.com\/avatar\/55cb5e37c1efa326397366e6974cb338056df65cb50e7d64d1cf314e87504837?s=96&d=mm&r=g","contentUrl":"https:\/\/secure.gravatar.com\/avatar\/55cb5e37c1efa326397366e6974cb338056df65cb50e7d64d1cf314e87504837?s=96&d=mm&r=g","caption":"Arnaldo Botto"},"url":"https:\/\/www.noticiasradioreflejos.com.ar\/2021\/author\/arnaldo\/"}]}},"_links":{"self":[{"href":"https:\/\/www.noticiasradioreflejos.com.ar\/2021\/wp-json\/wp\/v2\/posts\/93768","targetHints":{"allow":["GET"]}}],"collection":[{"href":"https:\/\/www.noticiasradioreflejos.com.ar\/2021\/wp-json\/wp\/v2\/posts"}],"about":[{"href":"https:\/\/www.noticiasradioreflejos.com.ar\/2021\/wp-json\/wp\/v2\/types\/post"}],"author":[{"embeddable":true,"href":"https:\/\/www.noticiasradioreflejos.com.ar\/2021\/wp-json\/wp\/v2\/users\/3"}],"replies":[{"embeddable":true,"href":"https:\/\/www.noticiasradioreflejos.com.ar\/2021\/wp-json\/wp\/v2\/comments?post=93768"}],"version-history":[{"count":2,"href":"https:\/\/www.noticiasradioreflejos.com.ar\/2021\/wp-json\/wp\/v2\/posts\/93768\/revisions"}],"predecessor-version":[{"id":93777,"href":"https:\/\/www.noticiasradioreflejos.com.ar\/2021\/wp-json\/wp\/v2\/posts\/93768\/revisions\/93777"}],"wp:featuredmedia":[{"embeddable":true,"href":"https:\/\/www.noticiasradioreflejos.com.ar\/2021\/wp-json\/wp\/v2\/media\/86661"}],"wp:attachment":[{"href":"https:\/\/www.noticiasradioreflejos.com.ar\/2021\/wp-json\/wp\/v2\/media?parent=93768"}],"wp:term":[{"taxonomy":"category","embeddable":true,"href":"https:\/\/www.noticiasradioreflejos.com.ar\/2021\/wp-json\/wp\/v2\/categories?post=93768"},{"taxonomy":"post_tag","embeddable":true,"href":"https:\/\/www.noticiasradioreflejos.com.ar\/2021\/wp-json\/wp\/v2\/tags?post=93768"}],"curies":[{"name":"wp","href":"https:\/\/api.w.org\/{rel}","templated":true}]}}