{"id":93765,"date":"2023-10-09T20:06:21","date_gmt":"2023-10-09T20:06:21","guid":{"rendered":"https:\/\/www.noticiasradioreflejos.com.ar\/2021\/?p=93765"},"modified":"2023-10-09T21:20:25","modified_gmt":"2023-10-09T21:20:25","slug":"carlos-giusti-en-mi-muestra-veran-obras-ineditas","status":"publish","type":"post","link":"https:\/\/www.noticiasradioreflejos.com.ar\/2021\/carlos-giusti-en-mi-muestra-veran-obras-ineditas\/","title":{"rendered":"Carlos Giusti: \u201cEn mi muestra ver\u00e1n obras in\u00e9ditas\u201d"},"content":{"rendered":"<p>El reconocido pintor de la comarca expondr\u00e1 este jueves en la Biblioteca de Saldungaray. \u201cLa tem\u00e1tica es sobre la Conquista del Desierto\u201d asegur\u00f3.<!--more--><\/p>\n<p>El pintor Carlos Giusti se presentar\u00e1 en los pr\u00f3ximos d\u00edas en la biblioteca de Saldungaray con una recopilaci\u00f3n de cuadros referidos a un momento determinado de la historia de nuestro pa\u00eds.<\/p>\n<p><a title=\"WhatsApp Image 2023-10-09 at 10.10.00\" href=\"https:\/\/www.flickr.com\/photos\/182279889@N02\/53245652887\/in\/dateposted-public\/\" data-flickr-embed=\"true\"><img loading=\"lazy\" decoding=\"async\" class=\"alignleft\" src=\"https:\/\/live.staticflickr.com\/65535\/53245652887_e148e92aa5.jpg\" alt=\"WhatsApp Image 2023-10-09 at 10.10.00\" width=\"452\" height=\"400\" \/><\/a>Al respecto el artista asegur\u00f3 que \u201cvamos a hacer una muestra en la Biblioteca de Saldungaray. Es una gran alegr\u00eda de poder estar ah\u00ed, donde trabajan tan bien. Hace ya un tiempo que se est\u00e1 moviendo con muchas actividades culturales\u201d.<\/p>\n<p>Detallando la actividad, aclar\u00f3 que \u201cesta muestra son cuadros, un total de ocho obras, algunas in\u00e9ditas de exposici\u00f3n. Ser\u00e1 este jueves a las 19:30 horas. El nombre que lleva es <strong>Sin Historia<\/strong>, un poco parafraseando la revista de F\u00e9lix Luna. La tem\u00e1tica es sobre la Conquista del Desierto, y es un poco ahondar nuestras ra\u00edces, en nuestros ind\u00edgenas.<\/p>\n<p>&nbsp;<\/p>\n<p>Hay muy poco material sobre nuestros ind\u00edgenas, de la gente que habitaba estos pagos\u201d.<\/p>\n<p>Sobre quienes lo acompa\u00f1aran explic\u00f3 que \u201cla Curadur\u00eda estar\u00e1 a argo de\u00a0 <strong>Ana Vidal<\/strong>, el montaje ser\u00e1 de <strong>Juan Bruto<\/strong>, que es otro colega y amigo. La m\u00fasica estar\u00e1 a cargo de <strong>Maximiliano Molina<\/strong>. Ah\u00ed vamos a estar, compartiendo\u201d.<\/p>\n<p>Por \u00faltimo admiti\u00f3 que \u201cestos cuadros son parte de mi historia de vida. Son parte de una muestra mucho m\u00e1s grande que se llama Testimonios. Esa muestra recorri\u00f3 diversos lugares. Esto es la primera parte de ese trabajo y hay obras nuevas que realic\u00e9 en la pandemia\u201d.<\/p>\n<p>&nbsp;<\/p>\n<p><iframe loading=\"lazy\" src=\"https:\/\/w.soundcloud.com\/player\/?url=https%3A\/\/api.soundcloud.com\/tracks\/1635827250&amp;color=%23ff5500&amp;auto_play=false&amp;hide_related=false&amp;show_comments=true&amp;show_user=true&amp;show_reposts=false&amp;show_teaser=true\" width=\"100%\" height=\"166\" frameborder=\"no\" scrolling=\"no\"><\/iframe><\/p>\n<div style=\"font-size: 10px; color: #cccccc; line-break: anywhere; word-break: normal; overflow: hidden; white-space: nowrap; text-overflow: ellipsis; font-family: Interstate,Lucida Grande,Lucida Sans Unicode,Lucida Sans,Garuda,Verdana,Tahoma,sans-serif; font-weight: 100;\"><a style=\"color: #cccccc; text-decoration: none;\" title=\"fmreflejos 103.7\" href=\"https:\/\/soundcloud.com\/fmreflejos-103-7\" target=\"_blank\" rel=\"noopener\">fmreflejos 103.7<\/a> \u00b7 <a style=\"color: #cccccc; text-decoration: none;\" title=\"Carlos Guisti 10 - 9\" href=\"https:\/\/soundcloud.com\/fmreflejos-103-7\/carlos-guisti-10-9\" target=\"_blank\" rel=\"noopener\">Carlos Guisti 10 &#8211; 9<\/a><\/div>\n<p><a title=\"WhatsApp Image 2023-10-09 at 16.09.40\" href=\"https:\/\/www.flickr.com\/photos\/182279889@N02\/53247028920\/in\/dateposted-public\/\" data-flickr-embed=\"true\"><img loading=\"lazy\" decoding=\"async\" class=\"aligncenter\" src=\"https:\/\/live.staticflickr.com\/65535\/53247028920_d79356d8ca.jpg\" alt=\"WhatsApp Image 2023-10-09 at 16.09.40\" width=\"500\" height=\"500\" \/><\/a><script async src=\"\/\/embedr.flickr.com\/assets\/client-code.js\" charset=\"utf-8\"><\/script><\/p>\n","protected":false},"excerpt":{"rendered":"<p>El reconocido pintor de la comarca expondr\u00e1 este jueves en la Biblioteca de Saldungaray. \u201cLa tem\u00e1tica es sobre la Conquista del Desierto\u201d asegur\u00f3.<\/p>\n","protected":false},"author":3,"featured_media":0,"comment_status":"closed","ping_status":"closed","sticky":false,"template":"","format":"standard","meta":{"footnotes":""},"categories":[35],"tags":[48],"class_list":["post-93765","post","type-post","status-publish","format-standard","hentry","category-cultura","tag-destacada"],"yoast_head":"<!-- This site is optimized with the Yoast SEO plugin v25.9 - https:\/\/yoast.com\/wordpress\/plugins\/seo\/ -->\n<title>Carlos Giusti: \u201cEn mi muestra ver\u00e1n obras in\u00e9ditas\u201d - Noticias Radio Reflejos<\/title>\n<meta name=\"robots\" content=\"index, follow, max-snippet:-1, max-image-preview:large, max-video-preview:-1\" \/>\n<link rel=\"canonical\" href=\"https:\/\/www.noticiasradioreflejos.com.ar\/2021\/carlos-giusti-en-mi-muestra-veran-obras-ineditas\/\" \/>\n<meta property=\"og:locale\" content=\"es_ES\" \/>\n<meta property=\"og:type\" content=\"article\" \/>\n<meta property=\"og:title\" content=\"Carlos Giusti: \u201cEn mi muestra ver\u00e1n obras in\u00e9ditas\u201d - Noticias Radio Reflejos\" \/>\n<meta property=\"og:description\" content=\"El reconocido pintor de la comarca expondr\u00e1 este jueves en la Biblioteca de Saldungaray. \u201cLa tem\u00e1tica es sobre la Conquista del Desierto\u201d asegur\u00f3.\" \/>\n<meta property=\"og:url\" content=\"https:\/\/www.noticiasradioreflejos.com.ar\/2021\/carlos-giusti-en-mi-muestra-veran-obras-ineditas\/\" \/>\n<meta property=\"og:site_name\" content=\"Noticias Radio Reflejos\" \/>\n<meta property=\"article:published_time\" content=\"2023-10-09T20:06:21+00:00\" \/>\n<meta property=\"article:modified_time\" content=\"2023-10-09T21:20:25+00:00\" \/>\n<meta property=\"og:image\" content=\"https:\/\/www.noticiasradioreflejos.com.ar\/2021\/wp-content\/uploads\/2023\/10\/Giusti.jpg\" \/>\n\t<meta property=\"og:image:width\" content=\"1049\" \/>\n\t<meta property=\"og:image:height\" content=\"664\" \/>\n\t<meta property=\"og:image:type\" content=\"image\/jpeg\" \/>\n<meta name=\"author\" content=\"Arnaldo Botto\" \/>\n<meta name=\"twitter:card\" content=\"summary_large_image\" \/>\n<script type=\"application\/ld+json\" class=\"yoast-schema-graph\">{\"@context\":\"https:\/\/schema.org\",\"@graph\":[{\"@type\":\"WebPage\",\"@id\":\"https:\/\/www.noticiasradioreflejos.com.ar\/2021\/carlos-giusti-en-mi-muestra-veran-obras-ineditas\/\",\"url\":\"https:\/\/www.noticiasradioreflejos.com.ar\/2021\/carlos-giusti-en-mi-muestra-veran-obras-ineditas\/\",\"name\":\"Carlos Giusti: \u201cEn mi muestra ver\u00e1n obras in\u00e9ditas\u201d - Noticias Radio Reflejos\",\"isPartOf\":{\"@id\":\"https:\/\/www.noticiasradioreflejos.com.ar\/2021\/#website\"},\"primaryImageOfPage\":{\"@id\":\"https:\/\/www.noticiasradioreflejos.com.ar\/2021\/carlos-giusti-en-mi-muestra-veran-obras-ineditas\/#primaryimage\"},\"image\":{\"@id\":\"https:\/\/www.noticiasradioreflejos.com.ar\/2021\/carlos-giusti-en-mi-muestra-veran-obras-ineditas\/#primaryimage\"},\"thumbnailUrl\":\"https:\/\/live.staticflickr.com\/65535\/53245652887_e148e92aa5.jpg\",\"datePublished\":\"2023-10-09T20:06:21+00:00\",\"dateModified\":\"2023-10-09T21:20:25+00:00\",\"author\":{\"@id\":\"https:\/\/www.noticiasradioreflejos.com.ar\/2021\/#\/schema\/person\/ad82545263dcc5ec0996818884fd5fb1\"},\"breadcrumb\":{\"@id\":\"https:\/\/www.noticiasradioreflejos.com.ar\/2021\/carlos-giusti-en-mi-muestra-veran-obras-ineditas\/#breadcrumb\"},\"inLanguage\":\"es\",\"potentialAction\":[{\"@type\":\"ReadAction\",\"target\":[\"https:\/\/www.noticiasradioreflejos.com.ar\/2021\/carlos-giusti-en-mi-muestra-veran-obras-ineditas\/\"]}]},{\"@type\":\"ImageObject\",\"inLanguage\":\"es\",\"@id\":\"https:\/\/www.noticiasradioreflejos.com.ar\/2021\/carlos-giusti-en-mi-muestra-veran-obras-ineditas\/#primaryimage\",\"url\":\"https:\/\/live.staticflickr.com\/65535\/53245652887_e148e92aa5.jpg\",\"contentUrl\":\"https:\/\/live.staticflickr.com\/65535\/53245652887_e148e92aa5.jpg\"},{\"@type\":\"BreadcrumbList\",\"@id\":\"https:\/\/www.noticiasradioreflejos.com.ar\/2021\/carlos-giusti-en-mi-muestra-veran-obras-ineditas\/#breadcrumb\",\"itemListElement\":[{\"@type\":\"ListItem\",\"position\":1,\"name\":\"Portada\",\"item\":\"https:\/\/www.noticiasradioreflejos.com.ar\/2021\/\"},{\"@type\":\"ListItem\",\"position\":2,\"name\":\"Carlos Giusti: \u201cEn mi muestra ver\u00e1n obras in\u00e9ditas\u201d\"}]},{\"@type\":\"WebSite\",\"@id\":\"https:\/\/www.noticiasradioreflejos.com.ar\/2021\/#website\",\"url\":\"https:\/\/www.noticiasradioreflejos.com.ar\/2021\/\",\"name\":\"Noticias Radio Reflejos\",\"description\":\"Las noticias de mi comarca\",\"potentialAction\":[{\"@type\":\"SearchAction\",\"target\":{\"@type\":\"EntryPoint\",\"urlTemplate\":\"https:\/\/www.noticiasradioreflejos.com.ar\/2021\/?s={search_term_string}\"},\"query-input\":{\"@type\":\"PropertyValueSpecification\",\"valueRequired\":true,\"valueName\":\"search_term_string\"}}],\"inLanguage\":\"es\"},{\"@type\":\"Person\",\"@id\":\"https:\/\/www.noticiasradioreflejos.com.ar\/2021\/#\/schema\/person\/ad82545263dcc5ec0996818884fd5fb1\",\"name\":\"Arnaldo Botto\",\"image\":{\"@type\":\"ImageObject\",\"inLanguage\":\"es\",\"@id\":\"https:\/\/www.noticiasradioreflejos.com.ar\/2021\/#\/schema\/person\/image\/\",\"url\":\"https:\/\/secure.gravatar.com\/avatar\/55cb5e37c1efa326397366e6974cb338056df65cb50e7d64d1cf314e87504837?s=96&d=mm&r=g\",\"contentUrl\":\"https:\/\/secure.gravatar.com\/avatar\/55cb5e37c1efa326397366e6974cb338056df65cb50e7d64d1cf314e87504837?s=96&d=mm&r=g\",\"caption\":\"Arnaldo Botto\"},\"url\":\"https:\/\/www.noticiasradioreflejos.com.ar\/2021\/author\/arnaldo\/\"}]}<\/script>\n<!-- \/ Yoast SEO plugin. -->","yoast_head_json":{"title":"Carlos Giusti: \u201cEn mi muestra ver\u00e1n obras in\u00e9ditas\u201d - Noticias Radio Reflejos","robots":{"index":"index","follow":"follow","max-snippet":"max-snippet:-1","max-image-preview":"max-image-preview:large","max-video-preview":"max-video-preview:-1"},"canonical":"https:\/\/www.noticiasradioreflejos.com.ar\/2021\/carlos-giusti-en-mi-muestra-veran-obras-ineditas\/","og_locale":"es_ES","og_type":"article","og_title":"Carlos Giusti: \u201cEn mi muestra ver\u00e1n obras in\u00e9ditas\u201d - Noticias Radio Reflejos","og_description":"El reconocido pintor de la comarca expondr\u00e1 este jueves en la Biblioteca de Saldungaray. \u201cLa tem\u00e1tica es sobre la Conquista del Desierto\u201d asegur\u00f3.","og_url":"https:\/\/www.noticiasradioreflejos.com.ar\/2021\/carlos-giusti-en-mi-muestra-veran-obras-ineditas\/","og_site_name":"Noticias Radio Reflejos","article_published_time":"2023-10-09T20:06:21+00:00","article_modified_time":"2023-10-09T21:20:25+00:00","og_image":[{"width":1049,"height":664,"url":"https:\/\/www.noticiasradioreflejos.com.ar\/2021\/wp-content\/uploads\/2023\/10\/Giusti.jpg","type":"image\/jpeg"}],"author":"Arnaldo Botto","twitter_card":"summary_large_image","schema":{"@context":"https:\/\/schema.org","@graph":[{"@type":"WebPage","@id":"https:\/\/www.noticiasradioreflejos.com.ar\/2021\/carlos-giusti-en-mi-muestra-veran-obras-ineditas\/","url":"https:\/\/www.noticiasradioreflejos.com.ar\/2021\/carlos-giusti-en-mi-muestra-veran-obras-ineditas\/","name":"Carlos Giusti: \u201cEn mi muestra ver\u00e1n obras in\u00e9ditas\u201d - Noticias Radio Reflejos","isPartOf":{"@id":"https:\/\/www.noticiasradioreflejos.com.ar\/2021\/#website"},"primaryImageOfPage":{"@id":"https:\/\/www.noticiasradioreflejos.com.ar\/2021\/carlos-giusti-en-mi-muestra-veran-obras-ineditas\/#primaryimage"},"image":{"@id":"https:\/\/www.noticiasradioreflejos.com.ar\/2021\/carlos-giusti-en-mi-muestra-veran-obras-ineditas\/#primaryimage"},"thumbnailUrl":"https:\/\/live.staticflickr.com\/65535\/53245652887_e148e92aa5.jpg","datePublished":"2023-10-09T20:06:21+00:00","dateModified":"2023-10-09T21:20:25+00:00","author":{"@id":"https:\/\/www.noticiasradioreflejos.com.ar\/2021\/#\/schema\/person\/ad82545263dcc5ec0996818884fd5fb1"},"breadcrumb":{"@id":"https:\/\/www.noticiasradioreflejos.com.ar\/2021\/carlos-giusti-en-mi-muestra-veran-obras-ineditas\/#breadcrumb"},"inLanguage":"es","potentialAction":[{"@type":"ReadAction","target":["https:\/\/www.noticiasradioreflejos.com.ar\/2021\/carlos-giusti-en-mi-muestra-veran-obras-ineditas\/"]}]},{"@type":"ImageObject","inLanguage":"es","@id":"https:\/\/www.noticiasradioreflejos.com.ar\/2021\/carlos-giusti-en-mi-muestra-veran-obras-ineditas\/#primaryimage","url":"https:\/\/live.staticflickr.com\/65535\/53245652887_e148e92aa5.jpg","contentUrl":"https:\/\/live.staticflickr.com\/65535\/53245652887_e148e92aa5.jpg"},{"@type":"BreadcrumbList","@id":"https:\/\/www.noticiasradioreflejos.com.ar\/2021\/carlos-giusti-en-mi-muestra-veran-obras-ineditas\/#breadcrumb","itemListElement":[{"@type":"ListItem","position":1,"name":"Portada","item":"https:\/\/www.noticiasradioreflejos.com.ar\/2021\/"},{"@type":"ListItem","position":2,"name":"Carlos Giusti: \u201cEn mi muestra ver\u00e1n obras in\u00e9ditas\u201d"}]},{"@type":"WebSite","@id":"https:\/\/www.noticiasradioreflejos.com.ar\/2021\/#website","url":"https:\/\/www.noticiasradioreflejos.com.ar\/2021\/","name":"Noticias Radio Reflejos","description":"Las noticias de mi comarca","potentialAction":[{"@type":"SearchAction","target":{"@type":"EntryPoint","urlTemplate":"https:\/\/www.noticiasradioreflejos.com.ar\/2021\/?s={search_term_string}"},"query-input":{"@type":"PropertyValueSpecification","valueRequired":true,"valueName":"search_term_string"}}],"inLanguage":"es"},{"@type":"Person","@id":"https:\/\/www.noticiasradioreflejos.com.ar\/2021\/#\/schema\/person\/ad82545263dcc5ec0996818884fd5fb1","name":"Arnaldo Botto","image":{"@type":"ImageObject","inLanguage":"es","@id":"https:\/\/www.noticiasradioreflejos.com.ar\/2021\/#\/schema\/person\/image\/","url":"https:\/\/secure.gravatar.com\/avatar\/55cb5e37c1efa326397366e6974cb338056df65cb50e7d64d1cf314e87504837?s=96&d=mm&r=g","contentUrl":"https:\/\/secure.gravatar.com\/avatar\/55cb5e37c1efa326397366e6974cb338056df65cb50e7d64d1cf314e87504837?s=96&d=mm&r=g","caption":"Arnaldo Botto"},"url":"https:\/\/www.noticiasradioreflejos.com.ar\/2021\/author\/arnaldo\/"}]}},"_links":{"self":[{"href":"https:\/\/www.noticiasradioreflejos.com.ar\/2021\/wp-json\/wp\/v2\/posts\/93765","targetHints":{"allow":["GET"]}}],"collection":[{"href":"https:\/\/www.noticiasradioreflejos.com.ar\/2021\/wp-json\/wp\/v2\/posts"}],"about":[{"href":"https:\/\/www.noticiasradioreflejos.com.ar\/2021\/wp-json\/wp\/v2\/types\/post"}],"author":[{"embeddable":true,"href":"https:\/\/www.noticiasradioreflejos.com.ar\/2021\/wp-json\/wp\/v2\/users\/3"}],"replies":[{"embeddable":true,"href":"https:\/\/www.noticiasradioreflejos.com.ar\/2021\/wp-json\/wp\/v2\/comments?post=93765"}],"version-history":[{"count":4,"href":"https:\/\/www.noticiasradioreflejos.com.ar\/2021\/wp-json\/wp\/v2\/posts\/93765\/revisions"}],"predecessor-version":[{"id":93784,"href":"https:\/\/www.noticiasradioreflejos.com.ar\/2021\/wp-json\/wp\/v2\/posts\/93765\/revisions\/93784"}],"wp:attachment":[{"href":"https:\/\/www.noticiasradioreflejos.com.ar\/2021\/wp-json\/wp\/v2\/media?parent=93765"}],"wp:term":[{"taxonomy":"category","embeddable":true,"href":"https:\/\/www.noticiasradioreflejos.com.ar\/2021\/wp-json\/wp\/v2\/categories?post=93765"},{"taxonomy":"post_tag","embeddable":true,"href":"https:\/\/www.noticiasradioreflejos.com.ar\/2021\/wp-json\/wp\/v2\/tags?post=93765"}],"curies":[{"name":"wp","href":"https:\/\/api.w.org\/{rel}","templated":true}]}}