{"id":93728,"date":"2023-10-09T11:18:44","date_gmt":"2023-10-09T11:18:44","guid":{"rendered":"https:\/\/www.noticiasradioreflejos.com.ar\/2021\/?p=93728"},"modified":"2023-10-09T11:18:44","modified_gmt":"2023-10-09T11:18:44","slug":"cruces-chicanas-y-pocas-sorpresas-en-el-segundo-debate-presidencial","status":"publish","type":"post","link":"https:\/\/www.noticiasradioreflejos.com.ar\/2021\/cruces-chicanas-y-pocas-sorpresas-en-el-segundo-debate-presidencial\/","title":{"rendered":"Cruces, chicanas y pocas sorpresas en el segundo debate presidencial"},"content":{"rendered":"<p>Los cinco candidatos que competir\u00e1n por la Presidencia el pr\u00f3ximo 22 de octubre estuvieron hoy nuevamente cara a cara en el marco del segundo debate obligatorio, en el que hicieron referencia al conflicto en Medio Oriente, presentaron sus propuestas para combatir al delito, mantuvieron cruces en el bloque de preguntas y respuestas, y expusieron las pol\u00edticas p\u00fablicas que pondr\u00e1n en marcha para fomentar el trabajo, la producci\u00f3n y frenar el cambio clim\u00e1tico.<!--more--><br \/>\nSergio Massa (Uni\u00f3n por la Patria, UxP), Patricia Bullrich (Juntos por el Cambio, JxC), Javier Milei (La Libertad Avanza, LLA), Juan Schiaretti (Hacemos por Nuestro Pa\u00eds, HNP) y Myriam Bregman (Frente de Izquierda y Trabajadores-Unidad, FIT-U) debatieron en el sal\u00f3n de actos de la Facultad de Derecho de la Universidad de Buenos Aires (UBA) sobre los temas \u00abSeguridad\u00bb; \u00abTrabajo y producci\u00f3n\u00bb; y \u00abDesarrollo humano, vivienda y protecci\u00f3n del ambiente\u00bb, \u00e9ste \u00faltimo elegido por la ciudadan\u00eda.<\/p>\n<p>Los postulantes se refirieron tambi\u00e9n al conflicto b\u00e9lico que desde hace dos d\u00edas tiene como escenario a Medio Oriente, enfrenta al Ej\u00e9rcito israel\u00ed con milicianos de Hamas y dej\u00f3 un saldo de m\u00e1s de un millar de muertos.<\/p>\n<p><a title=\"09-10-2023_los_candidatos_realizan_el_segundo (1)\" href=\"https:\/\/www.flickr.com\/photos\/182279889@N02\/53245702063\/in\/dateposted-public\/\" data-flickr-embed=\"true\"><img loading=\"lazy\" decoding=\"async\" src=\"https:\/\/live.staticflickr.com\/65535\/53245702063_0a1d76e19a_c.jpg\" alt=\"09-10-2023_los_candidatos_realizan_el_segundo (1)\" width=\"800\" height=\"533\" \/><\/a><script async src=\"\/\/embedr.flickr.com\/assets\/client-code.js\" charset=\"utf-8\"><\/script><\/p>\n<p>Bullrich, Milei y Schiaretti se solidarizaron con Israel, Bregman expres\u00f3 su dolor por las v\u00edctimas civiles de un conflicto que, a su criterio, tiene como base la pol\u00edtica israel\u00ed \u00abde ocupaci\u00f3n y apartheid contra el pueblo palestino\u00bb, en tanto que Massa tambi\u00e9n mostr\u00f3 su adhesi\u00f3n a las \u00abv\u00edctimas de un ataque terrorista brutal que enluta al mundo\u00bb.<\/p>\n<p>Tambi\u00e9n, el candidato de UxP anunci\u00f3 que si gana las elecciones una de sus decisiones ser\u00e1 incluir a \u00abHamas en la lista de organizaciones terroristas\u00bb consideradas por la Argentina, y al mismo tiempo resalt\u00f3 que \u00e9l promueve \u00abla ley de juzgamiento en ausencia\u00bb que se podr\u00eda aplicar a quienes cometieron los atentados contra la Embajada de Israel y la AMIA, en 1992 y 1994 respectivamente, para que \u00absean juzgados y condenados en el pa\u00eds\u00bb.<\/p>\n<p>Sobre esa iniciativa, sostuvo que es \u00abbloqueada sistem\u00e1ticamente por el partido de Bullrich\u00bb, en alusi\u00f3n al PRO.<\/p>\n<p>En materia de seguridad, el primero de los ejes tem\u00e1ticos del debate, Massa dijo que le exigir\u00e1 \u00abcuentas a la Justicia\u00bb y crear\u00e1 una agencia federal, una suerte de \u00abFBI argentino\u00bb instalado en la ciudad de Rosario, que pasar\u00e1 a ser integrado por \u00ablos mejores de cada una de las cuatro fuerzas federales\u00bb, en alusi\u00f3n a la Polic\u00eda Federal, la Gendarmer\u00eda, la Polic\u00eda de Seguridad Aeroportuaria y la Prefectura.<\/p>\n<p>Bullrich asegur\u00f3 que cuando se desempe\u00f1\u00f3 como ministra de Seguridad durante el gobierno de Cambiemos enfrent\u00f3 a \u00abcada una de las mafias narcotraficantes y criminales\u00bb, se comprometi\u00f3 a \u00abentrar a Rosario\u00bb inclusive con \u00ablas Fuerzas Armadas\u00bb y a bajar la imputabilidad de menores a los 14 a\u00f1os, mientras que se mostr\u00f3 acompa\u00f1ada de Luis Chocobar, el polic\u00eda condenado por el homicidio de un delincuente que hab\u00eda atacado a pu\u00f1aladas a un turista estadounidense en 2017.<\/p>\n<p><a title=\"09-10-2023_los_candidatos_realizan_el_segundo (4)\" href=\"https:\/\/www.flickr.com\/photos\/182279889@N02\/53245408491\/in\/dateposted-public\/\" data-flickr-embed=\"true\"><img loading=\"lazy\" decoding=\"async\" src=\"https:\/\/live.staticflickr.com\/65535\/53245408491_883c9f58b0_c.jpg\" alt=\"09-10-2023_los_candidatos_realizan_el_segundo (4)\" width=\"800\" height=\"539\" \/><\/a><script async src=\"\/\/embedr.flickr.com\/assets\/client-code.js\" charset=\"utf-8\"><\/script><br \/>\nMilei culp\u00f3 tambi\u00e9n \u00aba la casta pol\u00edtica\u00bb de que el pa\u00eds sea, seg\u00fan dijo, \u00abun ba\u00f1o de sangre\u00bb producto del incremento del delito, y como l\u00ednea de acci\u00f3n plante\u00f3 reformar las leyes de Seguridad Interior, Defensa Nacional e Inteligencia\u00bb, como tambi\u00e9n \u00abmodificar el sistema carcelario, el C\u00f3digo Procesal Penal e impulsar una forma del sistema judicial para que sea verdaderamente independiente\u00bb.<\/p>\n<p>Al igual que Milei, Schiaretti anunci\u00f3 que en el caso de resultar triunfante modificar\u00e1 el C\u00f3digo Procesal Penal y la Ley Penal Juvenil, adem\u00e1s de darle participaci\u00f3n a las Fuerzas Armadas para impedir que las fronteras sean \u00abun colador\u00bb de las drogas.<\/p>\n<p>Bullrich protagoniz\u00f3 duros cruces con Massa y Milei: al candidato de UxP le mencion\u00f3 la renuncia del intendente de Lomas de Zamora, Mart\u00edn Insaurralde, tras difundirse fotos de un viaje sobre un yate en Europa.<\/p>\n<p>El apellido del ex jefe de Gabinete bonaerense fue varias veces mencionado por Bullrich; lo hizo con insistencia e intercalando la palabra \u00abInsaurralde\u00bb con referencias a \u00ablos bolsos de (Jos\u00e9) L\u00f3pez\u00bb, increpaciones como \u00abdejen de robar\u00bb y alguna menci\u00f3n a \u00ablos hoteles de Cristina\u00bb, por las causas Hotesur-Los Sauces.<\/p>\n<p>La candidata de JxC busc\u00f3 poner a la defensiva a Massa con esos temas, para lo que apel\u00f3 a un lenguaje directo y frontal que el propio Massa, sin mostrarse perturbado, defini\u00f3 como \u00abvulgar\u00bb.<\/p>\n<p><a title=\"09-10-2023_los_candidatos_realizan_el_segundo (2)\" href=\"https:\/\/www.flickr.com\/photos\/182279889@N02\/53245408506\/in\/dateposted-public\/\" data-flickr-embed=\"true\"><img loading=\"lazy\" decoding=\"async\" src=\"https:\/\/live.staticflickr.com\/65535\/53245408506_1a8a439d16_c.jpg\" alt=\"09-10-2023_los_candidatos_realizan_el_segundo (2)\" width=\"800\" height=\"533\" \/><\/a><script async src=\"\/\/embedr.flickr.com\/assets\/client-code.js\" charset=\"utf-8\"><\/script><\/p>\n<p>Pero cuando Bullrich le pregunt\u00f3 directamente por Insaurralde, Massa record\u00f3 que \u00e9l mismo le hab\u00eda pedido la renuncia al cargo y a su postulaci\u00f3n.<\/p>\n<p>\u00abCometi\u00f3 un hecho grav\u00edsimo. Le ped\u00ed la renuncia al cargo y a la candidatura (a concejal de Lomas de Zamora). Patricia, vos nunca pediste la renuncia de (el diputado Gerardo) Milman\u00bb, respondi\u00f3 Massa sobre la situaci\u00f3n judicial de quien fue viceministro de Seguridad de Bullrich, al que la querella de la vicepresidenta Cristina Kirchner reclam\u00f3 el secuestro de todos los dispositivos electr\u00f3nicos que utiliz\u00f3 antes del atentado.<\/p>\n<p>Bullrich tambi\u00e9n tuvo cuestionamientos para Milei, a quien le reproch\u00f3 su sociedad pol\u00edtica con el sindicalista Luis Barrionuevo, y adem\u00e1s asegur\u00f3 que el exsecretario general de Gastron\u00f3micos \u00able banca la campa\u00f1a\u00bb al economista ultraliberal.<\/p>\n<p>En respuesta, el postulante de LLA contraatac\u00f3 acus\u00e1ndola nuevamente de \u00abmontonera asesina\u00bb.<\/p>\n<p>Otro cruce casi teatral lo protagonizaron Massa y Milei, luego de que el primero se valiera de un cortocircuito previo entre el economista y Myriam Bregman para objetarle su trato irrespetuoso a la mujer.<\/p>\n<p>\u00abHasta ac\u00e1 llegaste, Javier. Dej\u00e1 de faltarle el respeto a las mujeres\u00bb, lo fren\u00f3 Massa a partir de una r\u00e9plica que el libertario le hab\u00eda dado a Bregman.<\/p>\n<p><a title=\"09-10-2023_los_candidatos_realizan_el_segundo (3)\" href=\"https:\/\/www.flickr.com\/photos\/182279889@N02\/53245408501\/in\/dateposted-public\/\" data-flickr-embed=\"true\"><img loading=\"lazy\" decoding=\"async\" src=\"https:\/\/live.staticflickr.com\/65535\/53245408501_5265055fd1_c.jpg\" alt=\"09-10-2023_los_candidatos_realizan_el_segundo (3)\" width=\"800\" height=\"533\" \/><\/a><\/p>\n<p>Milei, por su parte, intent\u00f3 justificar su voto contrario a la Ley de Cardiopat\u00edas Cong\u00e9nitas, una observaci\u00f3n con la que Massa busc\u00f3 incomodarlo.<\/p>\n<p>\u00abTu adicci\u00f3n al estatismo te hace mal. Te aviso que hay salud p\u00fablica. Ese tipo de cardiopat\u00edas tienen que ser atrapadas y trabajadas por la salud p\u00fablica. Si vos ten\u00e9s que hacer una ley para que hagan lo que tengan que hacer, entonces funciona mal\u00bb, argument\u00f3 a modo de respuesta.<\/p>\n<p>Sobre el eje \u00abTrabajo y producci\u00f3n\u00bb, Massa destac\u00f3 que \u00ab16,5 millones de argentinos que reciben la devoluci\u00f3n del IVA\u00bb, culmin\u00f3 \u00abcon la mentira del impuesto a las Ganancias sobre el salario\u00bb e impulsar\u00e1 \u00abla obligatoriedad de que las empresas paguen por la misma tarea la misma remuneraci\u00f3n a hombres y mujeres\u00bb.<\/p>\n<p>Milei opin\u00f3 que Massa \u00abse olvida del capital y, como consecuencia, el 30% de los trabajadores formales est\u00e1n por debajo de la l\u00ednea de la pobreza\u00bb, mientras que Schiaretti consider\u00f3 que \u00abpara que haya trabajo y producci\u00f3n tiene que haber inversi\u00f3n\u00bb.<\/p>\n<p>En tanto, Bregman critic\u00f3 a Massa por haber firmado con el Fondo Monetario Internacional (FMI) \u00abm\u00e1s tarifazos, aumento de combustibles, menos salarios y jubilaciones\u00bb para despu\u00e9s de las elecciones.<\/p>\n<p>Acerca del eje tem\u00e1tico \u00abDesarrollo humano, vivienda y protecci\u00f3n del ambiente\u00bb, que hab\u00eda sido incluido en el debate a partir de la participaci\u00f3n ciudadana, Massa se comprometi\u00f3 a \u00abdar acceso a cr\u00e9ditos hipotecarios\u00bb y a ofrecer \u00abdos millones de lotes con servicios y con inversi\u00f3n p\u00fablica\u00bb.<\/p>\n<p>Sobre la protecci\u00f3n del medioambiente, Milei minimiz\u00f3 los efectos del cambio clim\u00e1tico, dijo que las advertencias cient\u00edficas \u00abson falsas\u00bb y lo \u00fanico que buscan las pol\u00edticas para mitigar sus consecuencias \u00abes recaudar fondos para financiar vagos socialistas que escriben papers de cuarta\u00bb.<\/p>\n<p>Hacia el final del debate, Massa ratific\u00f3 hoy su propuesta de \u00abgobierno de unidad\u00bb integrado por \u00ablos mejores dirigentes, no importa de qu\u00e9 partido\u00bb sean, y llam\u00f3 a los argentinos a votar el 22 de octubre \u00absin bronca ni odio\u00bb sino buscando \u00abla bandera argentina\u00bb en el cuarto oscuro.<\/p>\n<p>Por su parte, Bullrich solicit\u00f3 a cada elector que utilice \u00abel poder que tiene en sus manos para que haya un cambio de verdad\u00bb en el pa\u00eds, mientras que Milei consider\u00f3 que los debates presidenciales, establecidos en forma obligatoria por ley, fueron una \u00abpantomima irritante\u00bb.<\/p>\n<p>La moderaci\u00f3n del debate estuvo a cargo de los periodistas Mariana Ver\u00f3n, Marcelo Bonelli, Soledad Larghi y Sergio Roulier, quienes llevaron adelante una pulseada transmitida por la TV P\u00fablica con libre acceso para todos los canales que estuvo organizada en momentos y ejes tem\u00e1ticos.<\/p>\n<p>Tras una presentaci\u00f3n inicial, los candidatos expusieron y se cruzaron sobre t\u00f3picos como \u00abSeguridad\u00bb, \u00abTrabajo y producci\u00f3n\u00bb y \u00abDesarrollo humano, vivienda y protecci\u00f3n ambiental\u00bb, para finalmente hacerse y responderse preguntas.<\/p>\n<p>Gobernadores, ministros, legisladores, intendentes y referentes de los cinco espacios pol\u00edticos que competir\u00e1n en las presidenciales acompa\u00f1aron a los candidatos durante el debate y en las horas previas.<\/p>\n<p>Junto a Massa estuvo el jefe de Gabinete y candidato a vicepresidente, Agust\u00edn Rossi, mientras que Bullrich pos\u00f3 para la foto con referentes de JxC, entre ellos el expresidente Mauricio Macri, quien en los \u00faltimos d\u00edas hab\u00eda instado a su espacio pol\u00edtico a acompa\u00f1ar las reformas que encare un eventual gobierno de Milei.<\/p>\n<p>Fuera de la Facultad de Derecho de la UBA se concentraron representantes de pueblos originarios y deudores de los cr\u00e9ditos UVA para reclamar soluciones a diferentes planteos.<\/p>\n<p>Un eventual tercer debate, en el que solo participar\u00e1n los dos candidatos que definan la elecci\u00f3n en un balotaje si el 22 de octubre no se consagra un ganador, se llevar\u00e1 a cabo el 12 de noviembre pr\u00f3ximo tambi\u00e9n en el Sal\u00f3n de Actos de la Facultad de Derecho.<\/p>\n","protected":false},"excerpt":{"rendered":"<p>Los cinco candidatos que competir\u00e1n por la Presidencia el pr\u00f3ximo 22 de octubre estuvieron hoy nuevamente cara a cara en el marco del segundo debate obligatorio, en el que hicieron referencia al conflicto en Medio Oriente, presentaron sus propuestas para combatir al delito, mantuvieron cruces en el bloque de preguntas y respuestas, y expusieron las [&hellip;]<\/p>\n","protected":false},"author":3,"featured_media":93730,"comment_status":"closed","ping_status":"closed","sticky":false,"template":"","format":"standard","meta":{"footnotes":""},"categories":[24],"tags":[48],"class_list":["post-93728","post","type-post","status-publish","format-standard","has-post-thumbnail","hentry","category-politica","tag-destacada"],"yoast_head":"<!-- This site is optimized with the Yoast SEO plugin v25.9 - https:\/\/yoast.com\/wordpress\/plugins\/seo\/ -->\n<title>Cruces, chicanas y pocas sorpresas en el segundo debate presidencial - Noticias Radio Reflejos<\/title>\n<meta name=\"robots\" content=\"index, follow, max-snippet:-1, max-image-preview:large, max-video-preview:-1\" \/>\n<link rel=\"canonical\" href=\"https:\/\/www.noticiasradioreflejos.com.ar\/2021\/cruces-chicanas-y-pocas-sorpresas-en-el-segundo-debate-presidencial\/\" \/>\n<meta property=\"og:locale\" content=\"es_ES\" \/>\n<meta property=\"og:type\" content=\"article\" \/>\n<meta property=\"og:title\" content=\"Cruces, chicanas y pocas sorpresas en el segundo debate presidencial - Noticias Radio Reflejos\" \/>\n<meta property=\"og:description\" content=\"Los cinco candidatos que competir\u00e1n por la Presidencia el pr\u00f3ximo 22 de octubre estuvieron hoy nuevamente cara a cara en el marco del segundo debate obligatorio, en el que hicieron referencia al conflicto en Medio Oriente, presentaron sus propuestas para combatir al delito, mantuvieron cruces en el bloque de preguntas y respuestas, y expusieron las [&hellip;]\" \/>\n<meta property=\"og:url\" content=\"https:\/\/www.noticiasradioreflejos.com.ar\/2021\/cruces-chicanas-y-pocas-sorpresas-en-el-segundo-debate-presidencial\/\" \/>\n<meta property=\"og:site_name\" content=\"Noticias Radio Reflejos\" \/>\n<meta property=\"article:published_time\" content=\"2023-10-09T11:18:44+00:00\" \/>\n<meta property=\"og:image\" content=\"https:\/\/www.noticiasradioreflejos.com.ar\/2021\/wp-content\/uploads\/2023\/10\/09-10-2023_los_candidatos_realizan_el_segundo-1.jpg\" \/>\n\t<meta property=\"og:image:width\" content=\"720\" \/>\n\t<meta property=\"og:image:height\" content=\"480\" \/>\n\t<meta property=\"og:image:type\" content=\"image\/jpeg\" \/>\n<meta name=\"author\" content=\"Arnaldo Botto\" \/>\n<meta name=\"twitter:card\" content=\"summary_large_image\" \/>\n<script type=\"application\/ld+json\" class=\"yoast-schema-graph\">{\"@context\":\"https:\/\/schema.org\",\"@graph\":[{\"@type\":\"WebPage\",\"@id\":\"https:\/\/www.noticiasradioreflejos.com.ar\/2021\/cruces-chicanas-y-pocas-sorpresas-en-el-segundo-debate-presidencial\/\",\"url\":\"https:\/\/www.noticiasradioreflejos.com.ar\/2021\/cruces-chicanas-y-pocas-sorpresas-en-el-segundo-debate-presidencial\/\",\"name\":\"Cruces, chicanas y pocas sorpresas en el segundo debate presidencial - Noticias Radio Reflejos\",\"isPartOf\":{\"@id\":\"https:\/\/www.noticiasradioreflejos.com.ar\/2021\/#website\"},\"primaryImageOfPage\":{\"@id\":\"https:\/\/www.noticiasradioreflejos.com.ar\/2021\/cruces-chicanas-y-pocas-sorpresas-en-el-segundo-debate-presidencial\/#primaryimage\"},\"image\":{\"@id\":\"https:\/\/www.noticiasradioreflejos.com.ar\/2021\/cruces-chicanas-y-pocas-sorpresas-en-el-segundo-debate-presidencial\/#primaryimage\"},\"thumbnailUrl\":\"https:\/\/www.noticiasradioreflejos.com.ar\/2021\/wp-content\/uploads\/2023\/10\/09-10-2023_los_candidatos_realizan_el_segundo-1.jpg\",\"datePublished\":\"2023-10-09T11:18:44+00:00\",\"author\":{\"@id\":\"https:\/\/www.noticiasradioreflejos.com.ar\/2021\/#\/schema\/person\/ad82545263dcc5ec0996818884fd5fb1\"},\"breadcrumb\":{\"@id\":\"https:\/\/www.noticiasradioreflejos.com.ar\/2021\/cruces-chicanas-y-pocas-sorpresas-en-el-segundo-debate-presidencial\/#breadcrumb\"},\"inLanguage\":\"es\",\"potentialAction\":[{\"@type\":\"ReadAction\",\"target\":[\"https:\/\/www.noticiasradioreflejos.com.ar\/2021\/cruces-chicanas-y-pocas-sorpresas-en-el-segundo-debate-presidencial\/\"]}]},{\"@type\":\"ImageObject\",\"inLanguage\":\"es\",\"@id\":\"https:\/\/www.noticiasradioreflejos.com.ar\/2021\/cruces-chicanas-y-pocas-sorpresas-en-el-segundo-debate-presidencial\/#primaryimage\",\"url\":\"https:\/\/www.noticiasradioreflejos.com.ar\/2021\/wp-content\/uploads\/2023\/10\/09-10-2023_los_candidatos_realizan_el_segundo-1.jpg\",\"contentUrl\":\"https:\/\/www.noticiasradioreflejos.com.ar\/2021\/wp-content\/uploads\/2023\/10\/09-10-2023_los_candidatos_realizan_el_segundo-1.jpg\",\"width\":720,\"height\":480},{\"@type\":\"BreadcrumbList\",\"@id\":\"https:\/\/www.noticiasradioreflejos.com.ar\/2021\/cruces-chicanas-y-pocas-sorpresas-en-el-segundo-debate-presidencial\/#breadcrumb\",\"itemListElement\":[{\"@type\":\"ListItem\",\"position\":1,\"name\":\"Portada\",\"item\":\"https:\/\/www.noticiasradioreflejos.com.ar\/2021\/\"},{\"@type\":\"ListItem\",\"position\":2,\"name\":\"Cruces, chicanas y pocas sorpresas en el segundo debate presidencial\"}]},{\"@type\":\"WebSite\",\"@id\":\"https:\/\/www.noticiasradioreflejos.com.ar\/2021\/#website\",\"url\":\"https:\/\/www.noticiasradioreflejos.com.ar\/2021\/\",\"name\":\"Noticias Radio Reflejos\",\"description\":\"Las noticias de mi comarca\",\"potentialAction\":[{\"@type\":\"SearchAction\",\"target\":{\"@type\":\"EntryPoint\",\"urlTemplate\":\"https:\/\/www.noticiasradioreflejos.com.ar\/2021\/?s={search_term_string}\"},\"query-input\":{\"@type\":\"PropertyValueSpecification\",\"valueRequired\":true,\"valueName\":\"search_term_string\"}}],\"inLanguage\":\"es\"},{\"@type\":\"Person\",\"@id\":\"https:\/\/www.noticiasradioreflejos.com.ar\/2021\/#\/schema\/person\/ad82545263dcc5ec0996818884fd5fb1\",\"name\":\"Arnaldo Botto\",\"image\":{\"@type\":\"ImageObject\",\"inLanguage\":\"es\",\"@id\":\"https:\/\/www.noticiasradioreflejos.com.ar\/2021\/#\/schema\/person\/image\/\",\"url\":\"https:\/\/secure.gravatar.com\/avatar\/55cb5e37c1efa326397366e6974cb338056df65cb50e7d64d1cf314e87504837?s=96&d=mm&r=g\",\"contentUrl\":\"https:\/\/secure.gravatar.com\/avatar\/55cb5e37c1efa326397366e6974cb338056df65cb50e7d64d1cf314e87504837?s=96&d=mm&r=g\",\"caption\":\"Arnaldo Botto\"},\"url\":\"https:\/\/www.noticiasradioreflejos.com.ar\/2021\/author\/arnaldo\/\"}]}<\/script>\n<!-- \/ Yoast SEO plugin. -->","yoast_head_json":{"title":"Cruces, chicanas y pocas sorpresas en el segundo debate presidencial - Noticias Radio Reflejos","robots":{"index":"index","follow":"follow","max-snippet":"max-snippet:-1","max-image-preview":"max-image-preview:large","max-video-preview":"max-video-preview:-1"},"canonical":"https:\/\/www.noticiasradioreflejos.com.ar\/2021\/cruces-chicanas-y-pocas-sorpresas-en-el-segundo-debate-presidencial\/","og_locale":"es_ES","og_type":"article","og_title":"Cruces, chicanas y pocas sorpresas en el segundo debate presidencial - Noticias Radio Reflejos","og_description":"Los cinco candidatos que competir\u00e1n por la Presidencia el pr\u00f3ximo 22 de octubre estuvieron hoy nuevamente cara a cara en el marco del segundo debate obligatorio, en el que hicieron referencia al conflicto en Medio Oriente, presentaron sus propuestas para combatir al delito, mantuvieron cruces en el bloque de preguntas y respuestas, y expusieron las [&hellip;]","og_url":"https:\/\/www.noticiasradioreflejos.com.ar\/2021\/cruces-chicanas-y-pocas-sorpresas-en-el-segundo-debate-presidencial\/","og_site_name":"Noticias Radio Reflejos","article_published_time":"2023-10-09T11:18:44+00:00","og_image":[{"width":720,"height":480,"url":"https:\/\/www.noticiasradioreflejos.com.ar\/2021\/wp-content\/uploads\/2023\/10\/09-10-2023_los_candidatos_realizan_el_segundo-1.jpg","type":"image\/jpeg"}],"author":"Arnaldo Botto","twitter_card":"summary_large_image","schema":{"@context":"https:\/\/schema.org","@graph":[{"@type":"WebPage","@id":"https:\/\/www.noticiasradioreflejos.com.ar\/2021\/cruces-chicanas-y-pocas-sorpresas-en-el-segundo-debate-presidencial\/","url":"https:\/\/www.noticiasradioreflejos.com.ar\/2021\/cruces-chicanas-y-pocas-sorpresas-en-el-segundo-debate-presidencial\/","name":"Cruces, chicanas y pocas sorpresas en el segundo debate presidencial - Noticias Radio Reflejos","isPartOf":{"@id":"https:\/\/www.noticiasradioreflejos.com.ar\/2021\/#website"},"primaryImageOfPage":{"@id":"https:\/\/www.noticiasradioreflejos.com.ar\/2021\/cruces-chicanas-y-pocas-sorpresas-en-el-segundo-debate-presidencial\/#primaryimage"},"image":{"@id":"https:\/\/www.noticiasradioreflejos.com.ar\/2021\/cruces-chicanas-y-pocas-sorpresas-en-el-segundo-debate-presidencial\/#primaryimage"},"thumbnailUrl":"https:\/\/www.noticiasradioreflejos.com.ar\/2021\/wp-content\/uploads\/2023\/10\/09-10-2023_los_candidatos_realizan_el_segundo-1.jpg","datePublished":"2023-10-09T11:18:44+00:00","author":{"@id":"https:\/\/www.noticiasradioreflejos.com.ar\/2021\/#\/schema\/person\/ad82545263dcc5ec0996818884fd5fb1"},"breadcrumb":{"@id":"https:\/\/www.noticiasradioreflejos.com.ar\/2021\/cruces-chicanas-y-pocas-sorpresas-en-el-segundo-debate-presidencial\/#breadcrumb"},"inLanguage":"es","potentialAction":[{"@type":"ReadAction","target":["https:\/\/www.noticiasradioreflejos.com.ar\/2021\/cruces-chicanas-y-pocas-sorpresas-en-el-segundo-debate-presidencial\/"]}]},{"@type":"ImageObject","inLanguage":"es","@id":"https:\/\/www.noticiasradioreflejos.com.ar\/2021\/cruces-chicanas-y-pocas-sorpresas-en-el-segundo-debate-presidencial\/#primaryimage","url":"https:\/\/www.noticiasradioreflejos.com.ar\/2021\/wp-content\/uploads\/2023\/10\/09-10-2023_los_candidatos_realizan_el_segundo-1.jpg","contentUrl":"https:\/\/www.noticiasradioreflejos.com.ar\/2021\/wp-content\/uploads\/2023\/10\/09-10-2023_los_candidatos_realizan_el_segundo-1.jpg","width":720,"height":480},{"@type":"BreadcrumbList","@id":"https:\/\/www.noticiasradioreflejos.com.ar\/2021\/cruces-chicanas-y-pocas-sorpresas-en-el-segundo-debate-presidencial\/#breadcrumb","itemListElement":[{"@type":"ListItem","position":1,"name":"Portada","item":"https:\/\/www.noticiasradioreflejos.com.ar\/2021\/"},{"@type":"ListItem","position":2,"name":"Cruces, chicanas y pocas sorpresas en el segundo debate presidencial"}]},{"@type":"WebSite","@id":"https:\/\/www.noticiasradioreflejos.com.ar\/2021\/#website","url":"https:\/\/www.noticiasradioreflejos.com.ar\/2021\/","name":"Noticias Radio Reflejos","description":"Las noticias de mi comarca","potentialAction":[{"@type":"SearchAction","target":{"@type":"EntryPoint","urlTemplate":"https:\/\/www.noticiasradioreflejos.com.ar\/2021\/?s={search_term_string}"},"query-input":{"@type":"PropertyValueSpecification","valueRequired":true,"valueName":"search_term_string"}}],"inLanguage":"es"},{"@type":"Person","@id":"https:\/\/www.noticiasradioreflejos.com.ar\/2021\/#\/schema\/person\/ad82545263dcc5ec0996818884fd5fb1","name":"Arnaldo Botto","image":{"@type":"ImageObject","inLanguage":"es","@id":"https:\/\/www.noticiasradioreflejos.com.ar\/2021\/#\/schema\/person\/image\/","url":"https:\/\/secure.gravatar.com\/avatar\/55cb5e37c1efa326397366e6974cb338056df65cb50e7d64d1cf314e87504837?s=96&d=mm&r=g","contentUrl":"https:\/\/secure.gravatar.com\/avatar\/55cb5e37c1efa326397366e6974cb338056df65cb50e7d64d1cf314e87504837?s=96&d=mm&r=g","caption":"Arnaldo Botto"},"url":"https:\/\/www.noticiasradioreflejos.com.ar\/2021\/author\/arnaldo\/"}]}},"_links":{"self":[{"href":"https:\/\/www.noticiasradioreflejos.com.ar\/2021\/wp-json\/wp\/v2\/posts\/93728","targetHints":{"allow":["GET"]}}],"collection":[{"href":"https:\/\/www.noticiasradioreflejos.com.ar\/2021\/wp-json\/wp\/v2\/posts"}],"about":[{"href":"https:\/\/www.noticiasradioreflejos.com.ar\/2021\/wp-json\/wp\/v2\/types\/post"}],"author":[{"embeddable":true,"href":"https:\/\/www.noticiasradioreflejos.com.ar\/2021\/wp-json\/wp\/v2\/users\/3"}],"replies":[{"embeddable":true,"href":"https:\/\/www.noticiasradioreflejos.com.ar\/2021\/wp-json\/wp\/v2\/comments?post=93728"}],"version-history":[{"count":1,"href":"https:\/\/www.noticiasradioreflejos.com.ar\/2021\/wp-json\/wp\/v2\/posts\/93728\/revisions"}],"predecessor-version":[{"id":93731,"href":"https:\/\/www.noticiasradioreflejos.com.ar\/2021\/wp-json\/wp\/v2\/posts\/93728\/revisions\/93731"}],"wp:featuredmedia":[{"embeddable":true,"href":"https:\/\/www.noticiasradioreflejos.com.ar\/2021\/wp-json\/wp\/v2\/media\/93730"}],"wp:attachment":[{"href":"https:\/\/www.noticiasradioreflejos.com.ar\/2021\/wp-json\/wp\/v2\/media?parent=93728"}],"wp:term":[{"taxonomy":"category","embeddable":true,"href":"https:\/\/www.noticiasradioreflejos.com.ar\/2021\/wp-json\/wp\/v2\/categories?post=93728"},{"taxonomy":"post_tag","embeddable":true,"href":"https:\/\/www.noticiasradioreflejos.com.ar\/2021\/wp-json\/wp\/v2\/tags?post=93728"}],"curies":[{"name":"wp","href":"https:\/\/api.w.org\/{rel}","templated":true}]}}