{"id":93722,"date":"2023-10-09T11:07:29","date_gmt":"2023-10-09T11:07:29","guid":{"rendered":"https:\/\/www.noticiasradioreflejos.com.ar\/2021\/?p=93722"},"modified":"2023-10-09T11:07:29","modified_gmt":"2023-10-09T11:07:29","slug":"mas-de-20-mil-personas-disfrutaron-del-festival-primavera-bonaerense","status":"publish","type":"post","link":"https:\/\/www.noticiasradioreflejos.com.ar\/2021\/mas-de-20-mil-personas-disfrutaron-del-festival-primavera-bonaerense\/","title":{"rendered":"M\u00e1s de 20 mil personas disfrutaron del Festival Primavera Bonaerense"},"content":{"rendered":"<p dir=\"ltr\">Turf, La Joaqui, Mimi Maura, Miss Bolivia, entre otros, le pusieron m\u00fasica al evento realizado por el Instituto Cultural del Gobierno de la provincia de Buenos Aires. Los municipios bonaerenses estuvieron invitados a mostrar los productos que m\u00e1s los identifican. Se conocieron los ganadores de Maravillosa M\u00fasica y la Liga Bonaerense de Freestyle. <!--more--><\/p>\n<p dir=\"ltr\">M\u00e1s de 20 mil personas vivieron una jornada llena de m\u00fasica en el Festival Primavera Bonaerense, el evento realizado por el Instituto Cultural del Gobierno de la Provincia de Buenos Aires para celebrar la llegada de la nueva estaci\u00f3n en el Estadio \u00danico Diego Armando Maradona de La Plata. El event\u00f3 cont\u00f3 con la presentaci\u00f3n libre y gratuita de Turf, La Joaqui, Mimi Maura, Miss Bolivia, Dani Ribba, y Mora y los Metegoles.<\/p>\n<p>&nbsp;<\/p>\n<p><a title=\"DSC_9933\" href=\"https:\/\/www.flickr.com\/photos\/182279889@N02\/53245391626\/in\/dateposted-public\/\" data-flickr-embed=\"true\"><img loading=\"lazy\" decoding=\"async\" src=\"https:\/\/live.staticflickr.com\/65535\/53245391626_61c9c5dc56_c.jpg\" alt=\"DSC_9933\" width=\"800\" height=\"533\" \/><\/a><\/p>\n<p dir=\"ltr\">\u201cEs una enorme felicidad que se realicen este tipo de eventos, porque garantizan el acceso de todos y todas a la cultura. La finalidad de este espect\u00e1culo es fomentar la convivencia de las diversas expresiones musicales con una feria de artesanos y productores locales, y las finales de dos programas juveniles como lo son Maravillosa M\u00fasica y la Liga Bonaerense de Freestyle\u201d, destac\u00f3 la presidenta del Instituto Cultural bonaerense, Florencia Saintout.<\/p>\n<p>&nbsp;<\/p>\n<p dir=\"ltr\">\u00abEventos como el de hoy generan el encuentro entre diferentes generaciones y distintas disciplinas art\u00edsticas como la m\u00fasica, la artesan\u00eda, el dise\u00f1o, la cer\u00e1mica y la cocina. Estas son pol\u00edticas para garantizar el derecho al disfrute, a la felicidad del pueblo, a gozar, usar y recrear nuestra cultura\u00bb, complet\u00f3 la funcionaria del gabinete de Axel Kicillof.<\/p>\n<p>&nbsp;<\/p>\n<p dir=\"ltr\">La Joaqui, una de las artistas musicales m\u00e1s influyentes del g\u00e9nero urbano en la actualidad, afirm\u00f3 estar orgullosa de ser protagonista en la presente edici\u00f3n de Primavera Bonaerense: \u201cAgradezco esta oportunidad de poder dar este show ante tanta gente, con entrada libre y gratuita, y compartir todo lo que siento con todas las clases sociales. Es importante que desde el Estado se haga este tipo de festivales\u201d.<\/p>\n<p>&nbsp;<\/p>\n<p dir=\"ltr\">En el mismo sentido, Dani Ribba, se\u00f1al\u00f3: \u201cMe parece que es una idea s\u00faper importante acercar este tipo de espect\u00e1culos a todas las familias, que tengan un fin de semana distinto y que puedan disfrutar a pura m\u00fasica\u201d.<\/p>\n<p><a title=\"DSC_0281\" href=\"https:\/\/www.flickr.com\/photos\/182279889@N02\/53245886015\/in\/dateposted-public\/\" data-flickr-embed=\"true\"><img loading=\"lazy\" decoding=\"async\" src=\"https:\/\/live.staticflickr.com\/65535\/53245886015_d4b47c9424_c.jpg\" alt=\"DSC_0281\" width=\"800\" height=\"533\" \/><\/a><\/p>\n<p>&nbsp;<\/p>\n<p dir=\"ltr\">El Parque de la Identidad Bonaerense tambi\u00e9n form\u00f3 parte de las propuestas del evento, con un espacio destinado a poner en valor la identidad de los 135 municipios bonaerenses, quienes fueron invitados a mostrar sus ofertas gastron\u00f3micas, productos regionales, art\u00edculos de dise\u00f1o y accesorios manufacturados por artesanos y emprendedores.<\/p>\n<p>&nbsp;<\/p>\n<p dir=\"ltr\">Iv\u00e1n y Nadia, emprendedores de indumentaria y dise\u00f1o de Esteban Echeverr\u00eda, destacaron \u201cla importancia de participar en estos espacios, porque acercan a quienes realizan productos manufacturados a la gente para mostrar qui\u00e9nes somos y qu\u00e9 queremos transmitir\u201d. Por su parte, Tamara, ceramista de Berisso, afirm\u00f3: \u201cEs una gran oportunidad de demostrar lo que hacemos en nuestra comunidad\u201d. Mariano, orfebre de San Vicente, agreg\u00f3: \u201cNos hace m\u00e1s visibles, podemos hacer redes y contactos con otros productores y emprendedores\u201d.<\/p>\n<p>&nbsp;<\/p>\n<p dir=\"ltr\">Tambi\u00e9n tuvo lugar el Desfile Perform\u00e1tico de Dise\u00f1o Sustentable, con una puesta en escena de indumentaria, calzado y accesorios generados por dise\u00f1adoras y productoras de la Provincia, a partir del concepto de sustentabilidad en la moda, aplicado al proceso productivo de las prendas y objetos, as\u00ed como tambi\u00e9n a sus usos y reciclados.<\/p>\n<p><a title=\"EMI01329\" href=\"https:\/\/www.flickr.com\/photos\/182279889@N02\/53245886515\/in\/dateposted-public\/\" data-flickr-embed=\"true\"><img loading=\"lazy\" decoding=\"async\" src=\"https:\/\/live.staticflickr.com\/65535\/53245886515_952ee6ba4c_c.jpg\" alt=\"EMI01329\" width=\"800\" height=\"533\" \/><\/a><\/p>\n<h4 dir=\"ltr\"><strong>Finales de Maravillosa y Freestyle<\/strong><\/h4>\n<p dir=\"ltr\">La Liga Bonaerense de Freestyle y el concurso de bandas juveniles Maravillosa M\u00fasica estuvieron presentes con su instancia final, despu\u00e9s de haber recorrido la Provincia durante todo el a\u00f1o. Estos programas, impulsados por el Instituto Cultural, re\u00fanen a diferentes artistas bonaerenses y buscan impulsar la escena urbana local como herramienta de expresi\u00f3n cultural de j\u00f3venes. Los ganadores del concurso juvenil de m\u00fasica fueron Nada me Convence (Avellaneda) y Sonora La Prosa (Azul), mientras que en el g\u00e9nero urbano los vencedores fueron Exe y Conti, representantes de la localidad de Bah\u00eda Blanca.<\/p>\n<p>&nbsp;<\/p>\n<p dir=\"ltr\">Para los m\u00fasicos de Sonora La Prosa, \u201cfue un sue\u00f1o\u201d hecho realidad. \u201cSubirse a esa monstruosidad de escenario fue una locura, algo que pocas veces se vive. Y todo gracias a Maravillosa M\u00fasica, porque tener la oportunidad de estar ac\u00e1, con este sonido, este hermoso espacio, ante una gran cantidad de p\u00fablico. Es \u00fanico, estamos todos muy contentos\u201d. Desde Nada me Convence, completaron: \u201cNos sentimos incre\u00edbles, fue una experiencia que no hab\u00edamos tenido nunca. Fue muy lindo estar ac\u00e1, tener esta oportunidad\u201d.<\/p>\n<p>&nbsp;<\/p>\n<p dir=\"ltr\">Los vencedores de Freestyle fueron dos j\u00f3venes artistas urbanos de Bah\u00eda Blanca. Confi, uno de ellos, dijo: \u201cFue una fecha muy linda y disfrutable para todos los amantes del Freestyle, con un nivel de competencia alt\u00edsimo que super\u00f3 todas las expectativas\u201d. Exe, el otro ganador, explic\u00f3: \u201cLa Liga de Freestyle es un evento que une artistas de toda la Provincia. Somos muchos competidores que buscamos expresarnos y estar en un espacio grande, y representa un desaf\u00edo y un orgullo medirse con gente talentosa de distintas localidades de la provincia de Buenos Aires\u201d.<\/p>\n","protected":false},"excerpt":{"rendered":"<p>Turf, La Joaqui, Mimi Maura, Miss Bolivia, entre otros, le pusieron m\u00fasica al evento realizado por el Instituto Cultural del Gobierno de la provincia de Buenos Aires. Los municipios bonaerenses estuvieron invitados a mostrar los productos que m\u00e1s los identifican. Se conocieron los ganadores de Maravillosa M\u00fasica y la Liga Bonaerense de Freestyle.<\/p>\n","protected":false},"author":3,"featured_media":93723,"comment_status":"closed","ping_status":"closed","sticky":false,"template":"","format":"standard","meta":{"footnotes":""},"categories":[35,58,26],"tags":[48],"class_list":["post-93722","post","type-post","status-publish","format-standard","has-post-thumbnail","hentry","category-cultura","category-gobierno","category-sociedad","tag-destacada"],"yoast_head":"<!-- This site is optimized with the Yoast SEO plugin v25.9 - https:\/\/yoast.com\/wordpress\/plugins\/seo\/ -->\n<title>M\u00e1s de 20 mil personas disfrutaron del Festival Primavera Bonaerense - Noticias Radio Reflejos<\/title>\n<meta name=\"robots\" content=\"index, follow, max-snippet:-1, max-image-preview:large, max-video-preview:-1\" \/>\n<link rel=\"canonical\" href=\"https:\/\/www.noticiasradioreflejos.com.ar\/2021\/mas-de-20-mil-personas-disfrutaron-del-festival-primavera-bonaerense\/\" \/>\n<meta property=\"og:locale\" content=\"es_ES\" \/>\n<meta property=\"og:type\" content=\"article\" \/>\n<meta property=\"og:title\" content=\"M\u00e1s de 20 mil personas disfrutaron del Festival Primavera Bonaerense - Noticias Radio Reflejos\" \/>\n<meta property=\"og:description\" content=\"Turf, La Joaqui, Mimi Maura, Miss Bolivia, entre otros, le pusieron m\u00fasica al evento realizado por el Instituto Cultural del Gobierno de la provincia de Buenos Aires. Los municipios bonaerenses estuvieron invitados a mostrar los productos que m\u00e1s los identifican. Se conocieron los ganadores de Maravillosa M\u00fasica y la Liga Bonaerense de Freestyle.\" \/>\n<meta property=\"og:url\" content=\"https:\/\/www.noticiasradioreflejos.com.ar\/2021\/mas-de-20-mil-personas-disfrutaron-del-festival-primavera-bonaerense\/\" \/>\n<meta property=\"og:site_name\" content=\"Noticias Radio Reflejos\" \/>\n<meta property=\"article:published_time\" content=\"2023-10-09T11:07:29+00:00\" \/>\n<meta property=\"og:image\" content=\"https:\/\/www.noticiasradioreflejos.com.ar\/2021\/wp-content\/uploads\/2023\/10\/DSC_0294.jpg\" \/>\n\t<meta property=\"og:image:width\" content=\"936\" \/>\n\t<meta property=\"og:image:height\" content=\"624\" \/>\n\t<meta property=\"og:image:type\" content=\"image\/jpeg\" \/>\n<meta name=\"author\" content=\"Arnaldo Botto\" \/>\n<meta name=\"twitter:card\" content=\"summary_large_image\" \/>\n<script type=\"application\/ld+json\" class=\"yoast-schema-graph\">{\"@context\":\"https:\/\/schema.org\",\"@graph\":[{\"@type\":\"WebPage\",\"@id\":\"https:\/\/www.noticiasradioreflejos.com.ar\/2021\/mas-de-20-mil-personas-disfrutaron-del-festival-primavera-bonaerense\/\",\"url\":\"https:\/\/www.noticiasradioreflejos.com.ar\/2021\/mas-de-20-mil-personas-disfrutaron-del-festival-primavera-bonaerense\/\",\"name\":\"M\u00e1s de 20 mil personas disfrutaron del Festival Primavera Bonaerense - Noticias Radio Reflejos\",\"isPartOf\":{\"@id\":\"https:\/\/www.noticiasradioreflejos.com.ar\/2021\/#website\"},\"primaryImageOfPage\":{\"@id\":\"https:\/\/www.noticiasradioreflejos.com.ar\/2021\/mas-de-20-mil-personas-disfrutaron-del-festival-primavera-bonaerense\/#primaryimage\"},\"image\":{\"@id\":\"https:\/\/www.noticiasradioreflejos.com.ar\/2021\/mas-de-20-mil-personas-disfrutaron-del-festival-primavera-bonaerense\/#primaryimage\"},\"thumbnailUrl\":\"https:\/\/www.noticiasradioreflejos.com.ar\/2021\/wp-content\/uploads\/2023\/10\/DSC_0294.jpg\",\"datePublished\":\"2023-10-09T11:07:29+00:00\",\"author\":{\"@id\":\"https:\/\/www.noticiasradioreflejos.com.ar\/2021\/#\/schema\/person\/ad82545263dcc5ec0996818884fd5fb1\"},\"breadcrumb\":{\"@id\":\"https:\/\/www.noticiasradioreflejos.com.ar\/2021\/mas-de-20-mil-personas-disfrutaron-del-festival-primavera-bonaerense\/#breadcrumb\"},\"inLanguage\":\"es\",\"potentialAction\":[{\"@type\":\"ReadAction\",\"target\":[\"https:\/\/www.noticiasradioreflejos.com.ar\/2021\/mas-de-20-mil-personas-disfrutaron-del-festival-primavera-bonaerense\/\"]}]},{\"@type\":\"ImageObject\",\"inLanguage\":\"es\",\"@id\":\"https:\/\/www.noticiasradioreflejos.com.ar\/2021\/mas-de-20-mil-personas-disfrutaron-del-festival-primavera-bonaerense\/#primaryimage\",\"url\":\"https:\/\/www.noticiasradioreflejos.com.ar\/2021\/wp-content\/uploads\/2023\/10\/DSC_0294.jpg\",\"contentUrl\":\"https:\/\/www.noticiasradioreflejos.com.ar\/2021\/wp-content\/uploads\/2023\/10\/DSC_0294.jpg\",\"width\":936,\"height\":624},{\"@type\":\"BreadcrumbList\",\"@id\":\"https:\/\/www.noticiasradioreflejos.com.ar\/2021\/mas-de-20-mil-personas-disfrutaron-del-festival-primavera-bonaerense\/#breadcrumb\",\"itemListElement\":[{\"@type\":\"ListItem\",\"position\":1,\"name\":\"Portada\",\"item\":\"https:\/\/www.noticiasradioreflejos.com.ar\/2021\/\"},{\"@type\":\"ListItem\",\"position\":2,\"name\":\"M\u00e1s de 20 mil personas disfrutaron del Festival Primavera Bonaerense\"}]},{\"@type\":\"WebSite\",\"@id\":\"https:\/\/www.noticiasradioreflejos.com.ar\/2021\/#website\",\"url\":\"https:\/\/www.noticiasradioreflejos.com.ar\/2021\/\",\"name\":\"Noticias Radio Reflejos\",\"description\":\"Las noticias de mi comarca\",\"potentialAction\":[{\"@type\":\"SearchAction\",\"target\":{\"@type\":\"EntryPoint\",\"urlTemplate\":\"https:\/\/www.noticiasradioreflejos.com.ar\/2021\/?s={search_term_string}\"},\"query-input\":{\"@type\":\"PropertyValueSpecification\",\"valueRequired\":true,\"valueName\":\"search_term_string\"}}],\"inLanguage\":\"es\"},{\"@type\":\"Person\",\"@id\":\"https:\/\/www.noticiasradioreflejos.com.ar\/2021\/#\/schema\/person\/ad82545263dcc5ec0996818884fd5fb1\",\"name\":\"Arnaldo Botto\",\"image\":{\"@type\":\"ImageObject\",\"inLanguage\":\"es\",\"@id\":\"https:\/\/www.noticiasradioreflejos.com.ar\/2021\/#\/schema\/person\/image\/\",\"url\":\"https:\/\/secure.gravatar.com\/avatar\/55cb5e37c1efa326397366e6974cb338056df65cb50e7d64d1cf314e87504837?s=96&d=mm&r=g\",\"contentUrl\":\"https:\/\/secure.gravatar.com\/avatar\/55cb5e37c1efa326397366e6974cb338056df65cb50e7d64d1cf314e87504837?s=96&d=mm&r=g\",\"caption\":\"Arnaldo Botto\"},\"url\":\"https:\/\/www.noticiasradioreflejos.com.ar\/2021\/author\/arnaldo\/\"}]}<\/script>\n<!-- \/ Yoast SEO plugin. -->","yoast_head_json":{"title":"M\u00e1s de 20 mil personas disfrutaron del Festival Primavera Bonaerense - Noticias Radio Reflejos","robots":{"index":"index","follow":"follow","max-snippet":"max-snippet:-1","max-image-preview":"max-image-preview:large","max-video-preview":"max-video-preview:-1"},"canonical":"https:\/\/www.noticiasradioreflejos.com.ar\/2021\/mas-de-20-mil-personas-disfrutaron-del-festival-primavera-bonaerense\/","og_locale":"es_ES","og_type":"article","og_title":"M\u00e1s de 20 mil personas disfrutaron del Festival Primavera Bonaerense - Noticias Radio Reflejos","og_description":"Turf, La Joaqui, Mimi Maura, Miss Bolivia, entre otros, le pusieron m\u00fasica al evento realizado por el Instituto Cultural del Gobierno de la provincia de Buenos Aires. Los municipios bonaerenses estuvieron invitados a mostrar los productos que m\u00e1s los identifican. Se conocieron los ganadores de Maravillosa M\u00fasica y la Liga Bonaerense de Freestyle.","og_url":"https:\/\/www.noticiasradioreflejos.com.ar\/2021\/mas-de-20-mil-personas-disfrutaron-del-festival-primavera-bonaerense\/","og_site_name":"Noticias Radio Reflejos","article_published_time":"2023-10-09T11:07:29+00:00","og_image":[{"width":936,"height":624,"url":"https:\/\/www.noticiasradioreflejos.com.ar\/2021\/wp-content\/uploads\/2023\/10\/DSC_0294.jpg","type":"image\/jpeg"}],"author":"Arnaldo Botto","twitter_card":"summary_large_image","schema":{"@context":"https:\/\/schema.org","@graph":[{"@type":"WebPage","@id":"https:\/\/www.noticiasradioreflejos.com.ar\/2021\/mas-de-20-mil-personas-disfrutaron-del-festival-primavera-bonaerense\/","url":"https:\/\/www.noticiasradioreflejos.com.ar\/2021\/mas-de-20-mil-personas-disfrutaron-del-festival-primavera-bonaerense\/","name":"M\u00e1s de 20 mil personas disfrutaron del Festival Primavera Bonaerense - Noticias Radio Reflejos","isPartOf":{"@id":"https:\/\/www.noticiasradioreflejos.com.ar\/2021\/#website"},"primaryImageOfPage":{"@id":"https:\/\/www.noticiasradioreflejos.com.ar\/2021\/mas-de-20-mil-personas-disfrutaron-del-festival-primavera-bonaerense\/#primaryimage"},"image":{"@id":"https:\/\/www.noticiasradioreflejos.com.ar\/2021\/mas-de-20-mil-personas-disfrutaron-del-festival-primavera-bonaerense\/#primaryimage"},"thumbnailUrl":"https:\/\/www.noticiasradioreflejos.com.ar\/2021\/wp-content\/uploads\/2023\/10\/DSC_0294.jpg","datePublished":"2023-10-09T11:07:29+00:00","author":{"@id":"https:\/\/www.noticiasradioreflejos.com.ar\/2021\/#\/schema\/person\/ad82545263dcc5ec0996818884fd5fb1"},"breadcrumb":{"@id":"https:\/\/www.noticiasradioreflejos.com.ar\/2021\/mas-de-20-mil-personas-disfrutaron-del-festival-primavera-bonaerense\/#breadcrumb"},"inLanguage":"es","potentialAction":[{"@type":"ReadAction","target":["https:\/\/www.noticiasradioreflejos.com.ar\/2021\/mas-de-20-mil-personas-disfrutaron-del-festival-primavera-bonaerense\/"]}]},{"@type":"ImageObject","inLanguage":"es","@id":"https:\/\/www.noticiasradioreflejos.com.ar\/2021\/mas-de-20-mil-personas-disfrutaron-del-festival-primavera-bonaerense\/#primaryimage","url":"https:\/\/www.noticiasradioreflejos.com.ar\/2021\/wp-content\/uploads\/2023\/10\/DSC_0294.jpg","contentUrl":"https:\/\/www.noticiasradioreflejos.com.ar\/2021\/wp-content\/uploads\/2023\/10\/DSC_0294.jpg","width":936,"height":624},{"@type":"BreadcrumbList","@id":"https:\/\/www.noticiasradioreflejos.com.ar\/2021\/mas-de-20-mil-personas-disfrutaron-del-festival-primavera-bonaerense\/#breadcrumb","itemListElement":[{"@type":"ListItem","position":1,"name":"Portada","item":"https:\/\/www.noticiasradioreflejos.com.ar\/2021\/"},{"@type":"ListItem","position":2,"name":"M\u00e1s de 20 mil personas disfrutaron del Festival Primavera Bonaerense"}]},{"@type":"WebSite","@id":"https:\/\/www.noticiasradioreflejos.com.ar\/2021\/#website","url":"https:\/\/www.noticiasradioreflejos.com.ar\/2021\/","name":"Noticias Radio Reflejos","description":"Las noticias de mi comarca","potentialAction":[{"@type":"SearchAction","target":{"@type":"EntryPoint","urlTemplate":"https:\/\/www.noticiasradioreflejos.com.ar\/2021\/?s={search_term_string}"},"query-input":{"@type":"PropertyValueSpecification","valueRequired":true,"valueName":"search_term_string"}}],"inLanguage":"es"},{"@type":"Person","@id":"https:\/\/www.noticiasradioreflejos.com.ar\/2021\/#\/schema\/person\/ad82545263dcc5ec0996818884fd5fb1","name":"Arnaldo Botto","image":{"@type":"ImageObject","inLanguage":"es","@id":"https:\/\/www.noticiasradioreflejos.com.ar\/2021\/#\/schema\/person\/image\/","url":"https:\/\/secure.gravatar.com\/avatar\/55cb5e37c1efa326397366e6974cb338056df65cb50e7d64d1cf314e87504837?s=96&d=mm&r=g","contentUrl":"https:\/\/secure.gravatar.com\/avatar\/55cb5e37c1efa326397366e6974cb338056df65cb50e7d64d1cf314e87504837?s=96&d=mm&r=g","caption":"Arnaldo Botto"},"url":"https:\/\/www.noticiasradioreflejos.com.ar\/2021\/author\/arnaldo\/"}]}},"_links":{"self":[{"href":"https:\/\/www.noticiasradioreflejos.com.ar\/2021\/wp-json\/wp\/v2\/posts\/93722","targetHints":{"allow":["GET"]}}],"collection":[{"href":"https:\/\/www.noticiasradioreflejos.com.ar\/2021\/wp-json\/wp\/v2\/posts"}],"about":[{"href":"https:\/\/www.noticiasradioreflejos.com.ar\/2021\/wp-json\/wp\/v2\/types\/post"}],"author":[{"embeddable":true,"href":"https:\/\/www.noticiasradioreflejos.com.ar\/2021\/wp-json\/wp\/v2\/users\/3"}],"replies":[{"embeddable":true,"href":"https:\/\/www.noticiasradioreflejos.com.ar\/2021\/wp-json\/wp\/v2\/comments?post=93722"}],"version-history":[{"count":1,"href":"https:\/\/www.noticiasradioreflejos.com.ar\/2021\/wp-json\/wp\/v2\/posts\/93722\/revisions"}],"predecessor-version":[{"id":93724,"href":"https:\/\/www.noticiasradioreflejos.com.ar\/2021\/wp-json\/wp\/v2\/posts\/93722\/revisions\/93724"}],"wp:featuredmedia":[{"embeddable":true,"href":"https:\/\/www.noticiasradioreflejos.com.ar\/2021\/wp-json\/wp\/v2\/media\/93723"}],"wp:attachment":[{"href":"https:\/\/www.noticiasradioreflejos.com.ar\/2021\/wp-json\/wp\/v2\/media?parent=93722"}],"wp:term":[{"taxonomy":"category","embeddable":true,"href":"https:\/\/www.noticiasradioreflejos.com.ar\/2021\/wp-json\/wp\/v2\/categories?post=93722"},{"taxonomy":"post_tag","embeddable":true,"href":"https:\/\/www.noticiasradioreflejos.com.ar\/2021\/wp-json\/wp\/v2\/tags?post=93722"}],"curies":[{"name":"wp","href":"https:\/\/api.w.org\/{rel}","templated":true}]}}