{"id":93574,"date":"2023-10-03T16:49:04","date_gmt":"2023-10-03T16:49:04","guid":{"rendered":"https:\/\/www.noticiasradioreflejos.com.ar\/2021\/?p=93574"},"modified":"2023-10-03T16:49:04","modified_gmt":"2023-10-03T16:49:04","slug":"durante-el-mes-de-la-concientizacion-salud-realizara-pap-sin-costo","status":"publish","type":"post","link":"https:\/\/www.noticiasradioreflejos.com.ar\/2021\/durante-el-mes-de-la-concientizacion-salud-realizara-pap-sin-costo\/","title":{"rendered":"Durante el mes de la Concientizaci\u00f3n, Salud realizar\u00e1 Pap sin costo"},"content":{"rendered":"<p>En el mes de la Concientizaci\u00f3n sobre el C\u00e1ncer G\u00e9nito Mamario, la Secretaria de Salud municipal realizar\u00e1 Papanicolaou de forma gratuita durante todo octubre. <!--more--><\/p>\n<p><a data-flickr-embed=\"true\" href=\"https:\/\/www.flickr.com\/photos\/182279889@N02\/53232254100\/in\/dateposted-public\/\" title=\"papsgratuitos\"><img loading=\"lazy\" decoding=\"async\" src=\"https:\/\/live.staticflickr.com\/65535\/53232254100_89d5a59acd_z.jpg\" width=\"512\" height=\"640\" alt=\"papsgratuitos\"\/><\/a><script async src=\"\/\/embedr.flickr.com\/assets\/client-code.js\" charset=\"utf-8\"><\/script><\/p>\n<p>En todos los centros de atenci\u00f3n del distrito, podr\u00e1n acercarse mujeres, con orden m\u00e9dica; y aquellas que tengan obra social, deber\u00e1n hacerlo con el carnet; para realizarse el control correspondiente sin costo. <\/p>\n<p>La iniciativa tiene como objetivo fomentar la conciencia sobre la importancia de detecci\u00f3n temprana y diagnostico precoz del c\u00e1ncer de mama y cervical. <\/p>\n<p>Para solicitar turnos, deber\u00e1n comunicarse o acercarse a los siguientes centros de salud: <\/p>\n<p>Hospital Municipal \u201cDr. Alberto Castro\u201d al 4940.407<br \/>\nHospital Menor \u201cDr. Emilio Aldaya\u201d al 4915.030<br \/>\nCAPS Saldungaray \u201cDr. Luis Agote\u201d al 4916.035<br \/>\nCAPS Villa Ventana \u201cDr. Julio Pugliese\u201d al 4910.250<\/p>\n<p>Esta nueva edici\u00f3n de esta campa\u00f1a, es reflejo del compromiso continuo de la cartera de salud, de brindar bienestar a las vecinas, alentando a realizarse los ex\u00e1menes regulares para prevenir y detectar enfermedades.<\/p>\n","protected":false},"excerpt":{"rendered":"<p>En el mes de la Concientizaci\u00f3n sobre el C\u00e1ncer G\u00e9nito Mamario, la Secretaria de Salud municipal realizar\u00e1 Papanicolaou de forma gratuita durante todo octubre.<\/p>\n","protected":false},"author":3,"featured_media":0,"comment_status":"closed","ping_status":"closed","sticky":false,"template":"","format":"standard","meta":{"footnotes":""},"categories":[30],"tags":[],"class_list":["post-93574","post","type-post","status-publish","format-standard","hentry","category-salud"],"yoast_head":"<!-- This site is optimized with the Yoast SEO plugin v25.9 - https:\/\/yoast.com\/wordpress\/plugins\/seo\/ -->\n<title>Durante el mes de la Concientizaci\u00f3n, Salud realizar\u00e1 Pap sin costo - Noticias Radio Reflejos<\/title>\n<meta name=\"robots\" content=\"index, follow, max-snippet:-1, max-image-preview:large, max-video-preview:-1\" \/>\n<link rel=\"canonical\" href=\"https:\/\/www.noticiasradioreflejos.com.ar\/2021\/durante-el-mes-de-la-concientizacion-salud-realizara-pap-sin-costo\/\" \/>\n<meta property=\"og:locale\" content=\"es_ES\" \/>\n<meta property=\"og:type\" content=\"article\" \/>\n<meta property=\"og:title\" content=\"Durante el mes de la Concientizaci\u00f3n, Salud realizar\u00e1 Pap sin costo - Noticias Radio Reflejos\" \/>\n<meta property=\"og:description\" content=\"En el mes de la Concientizaci\u00f3n sobre el C\u00e1ncer G\u00e9nito Mamario, la Secretaria de Salud municipal realizar\u00e1 Papanicolaou de forma gratuita durante todo octubre.\" \/>\n<meta property=\"og:url\" content=\"https:\/\/www.noticiasradioreflejos.com.ar\/2021\/durante-el-mes-de-la-concientizacion-salud-realizara-pap-sin-costo\/\" \/>\n<meta property=\"og:site_name\" content=\"Noticias Radio Reflejos\" \/>\n<meta property=\"article:published_time\" content=\"2023-10-03T16:49:04+00:00\" \/>\n<meta property=\"og:image\" content=\"https:\/\/live.staticflickr.com\/65535\/53232254100_89d5a59acd_z.jpg\" \/>\n<meta name=\"author\" content=\"Arnaldo Botto\" \/>\n<meta name=\"twitter:card\" content=\"summary_large_image\" \/>\n<script type=\"application\/ld+json\" class=\"yoast-schema-graph\">{\"@context\":\"https:\/\/schema.org\",\"@graph\":[{\"@type\":\"WebPage\",\"@id\":\"https:\/\/www.noticiasradioreflejos.com.ar\/2021\/durante-el-mes-de-la-concientizacion-salud-realizara-pap-sin-costo\/\",\"url\":\"https:\/\/www.noticiasradioreflejos.com.ar\/2021\/durante-el-mes-de-la-concientizacion-salud-realizara-pap-sin-costo\/\",\"name\":\"Durante el mes de la Concientizaci\u00f3n, Salud realizar\u00e1 Pap sin costo - Noticias Radio Reflejos\",\"isPartOf\":{\"@id\":\"https:\/\/www.noticiasradioreflejos.com.ar\/2021\/#website\"},\"primaryImageOfPage\":{\"@id\":\"https:\/\/www.noticiasradioreflejos.com.ar\/2021\/durante-el-mes-de-la-concientizacion-salud-realizara-pap-sin-costo\/#primaryimage\"},\"image\":{\"@id\":\"https:\/\/www.noticiasradioreflejos.com.ar\/2021\/durante-el-mes-de-la-concientizacion-salud-realizara-pap-sin-costo\/#primaryimage\"},\"thumbnailUrl\":\"https:\/\/live.staticflickr.com\/65535\/53232254100_89d5a59acd_z.jpg\",\"datePublished\":\"2023-10-03T16:49:04+00:00\",\"author\":{\"@id\":\"https:\/\/www.noticiasradioreflejos.com.ar\/2021\/#\/schema\/person\/ad82545263dcc5ec0996818884fd5fb1\"},\"breadcrumb\":{\"@id\":\"https:\/\/www.noticiasradioreflejos.com.ar\/2021\/durante-el-mes-de-la-concientizacion-salud-realizara-pap-sin-costo\/#breadcrumb\"},\"inLanguage\":\"es\",\"potentialAction\":[{\"@type\":\"ReadAction\",\"target\":[\"https:\/\/www.noticiasradioreflejos.com.ar\/2021\/durante-el-mes-de-la-concientizacion-salud-realizara-pap-sin-costo\/\"]}]},{\"@type\":\"ImageObject\",\"inLanguage\":\"es\",\"@id\":\"https:\/\/www.noticiasradioreflejos.com.ar\/2021\/durante-el-mes-de-la-concientizacion-salud-realizara-pap-sin-costo\/#primaryimage\",\"url\":\"https:\/\/live.staticflickr.com\/65535\/53232254100_89d5a59acd_z.jpg\",\"contentUrl\":\"https:\/\/live.staticflickr.com\/65535\/53232254100_89d5a59acd_z.jpg\"},{\"@type\":\"BreadcrumbList\",\"@id\":\"https:\/\/www.noticiasradioreflejos.com.ar\/2021\/durante-el-mes-de-la-concientizacion-salud-realizara-pap-sin-costo\/#breadcrumb\",\"itemListElement\":[{\"@type\":\"ListItem\",\"position\":1,\"name\":\"Portada\",\"item\":\"https:\/\/www.noticiasradioreflejos.com.ar\/2021\/\"},{\"@type\":\"ListItem\",\"position\":2,\"name\":\"Durante el mes de la Concientizaci\u00f3n, Salud realizar\u00e1 Pap sin costo\"}]},{\"@type\":\"WebSite\",\"@id\":\"https:\/\/www.noticiasradioreflejos.com.ar\/2021\/#website\",\"url\":\"https:\/\/www.noticiasradioreflejos.com.ar\/2021\/\",\"name\":\"Noticias Radio Reflejos\",\"description\":\"Las noticias de mi comarca\",\"potentialAction\":[{\"@type\":\"SearchAction\",\"target\":{\"@type\":\"EntryPoint\",\"urlTemplate\":\"https:\/\/www.noticiasradioreflejos.com.ar\/2021\/?s={search_term_string}\"},\"query-input\":{\"@type\":\"PropertyValueSpecification\",\"valueRequired\":true,\"valueName\":\"search_term_string\"}}],\"inLanguage\":\"es\"},{\"@type\":\"Person\",\"@id\":\"https:\/\/www.noticiasradioreflejos.com.ar\/2021\/#\/schema\/person\/ad82545263dcc5ec0996818884fd5fb1\",\"name\":\"Arnaldo Botto\",\"image\":{\"@type\":\"ImageObject\",\"inLanguage\":\"es\",\"@id\":\"https:\/\/www.noticiasradioreflejos.com.ar\/2021\/#\/schema\/person\/image\/\",\"url\":\"https:\/\/secure.gravatar.com\/avatar\/55cb5e37c1efa326397366e6974cb338056df65cb50e7d64d1cf314e87504837?s=96&d=mm&r=g\",\"contentUrl\":\"https:\/\/secure.gravatar.com\/avatar\/55cb5e37c1efa326397366e6974cb338056df65cb50e7d64d1cf314e87504837?s=96&d=mm&r=g\",\"caption\":\"Arnaldo Botto\"},\"url\":\"https:\/\/www.noticiasradioreflejos.com.ar\/2021\/author\/arnaldo\/\"}]}<\/script>\n<!-- \/ Yoast SEO plugin. -->","yoast_head_json":{"title":"Durante el mes de la Concientizaci\u00f3n, Salud realizar\u00e1 Pap sin costo - Noticias Radio Reflejos","robots":{"index":"index","follow":"follow","max-snippet":"max-snippet:-1","max-image-preview":"max-image-preview:large","max-video-preview":"max-video-preview:-1"},"canonical":"https:\/\/www.noticiasradioreflejos.com.ar\/2021\/durante-el-mes-de-la-concientizacion-salud-realizara-pap-sin-costo\/","og_locale":"es_ES","og_type":"article","og_title":"Durante el mes de la Concientizaci\u00f3n, Salud realizar\u00e1 Pap sin costo - Noticias Radio Reflejos","og_description":"En el mes de la Concientizaci\u00f3n sobre el C\u00e1ncer G\u00e9nito Mamario, la Secretaria de Salud municipal realizar\u00e1 Papanicolaou de forma gratuita durante todo octubre.","og_url":"https:\/\/www.noticiasradioreflejos.com.ar\/2021\/durante-el-mes-de-la-concientizacion-salud-realizara-pap-sin-costo\/","og_site_name":"Noticias Radio Reflejos","article_published_time":"2023-10-03T16:49:04+00:00","og_image":[{"url":"https:\/\/live.staticflickr.com\/65535\/53232254100_89d5a59acd_z.jpg","type":"","width":"","height":""}],"author":"Arnaldo Botto","twitter_card":"summary_large_image","schema":{"@context":"https:\/\/schema.org","@graph":[{"@type":"WebPage","@id":"https:\/\/www.noticiasradioreflejos.com.ar\/2021\/durante-el-mes-de-la-concientizacion-salud-realizara-pap-sin-costo\/","url":"https:\/\/www.noticiasradioreflejos.com.ar\/2021\/durante-el-mes-de-la-concientizacion-salud-realizara-pap-sin-costo\/","name":"Durante el mes de la Concientizaci\u00f3n, Salud realizar\u00e1 Pap sin costo - Noticias Radio Reflejos","isPartOf":{"@id":"https:\/\/www.noticiasradioreflejos.com.ar\/2021\/#website"},"primaryImageOfPage":{"@id":"https:\/\/www.noticiasradioreflejos.com.ar\/2021\/durante-el-mes-de-la-concientizacion-salud-realizara-pap-sin-costo\/#primaryimage"},"image":{"@id":"https:\/\/www.noticiasradioreflejos.com.ar\/2021\/durante-el-mes-de-la-concientizacion-salud-realizara-pap-sin-costo\/#primaryimage"},"thumbnailUrl":"https:\/\/live.staticflickr.com\/65535\/53232254100_89d5a59acd_z.jpg","datePublished":"2023-10-03T16:49:04+00:00","author":{"@id":"https:\/\/www.noticiasradioreflejos.com.ar\/2021\/#\/schema\/person\/ad82545263dcc5ec0996818884fd5fb1"},"breadcrumb":{"@id":"https:\/\/www.noticiasradioreflejos.com.ar\/2021\/durante-el-mes-de-la-concientizacion-salud-realizara-pap-sin-costo\/#breadcrumb"},"inLanguage":"es","potentialAction":[{"@type":"ReadAction","target":["https:\/\/www.noticiasradioreflejos.com.ar\/2021\/durante-el-mes-de-la-concientizacion-salud-realizara-pap-sin-costo\/"]}]},{"@type":"ImageObject","inLanguage":"es","@id":"https:\/\/www.noticiasradioreflejos.com.ar\/2021\/durante-el-mes-de-la-concientizacion-salud-realizara-pap-sin-costo\/#primaryimage","url":"https:\/\/live.staticflickr.com\/65535\/53232254100_89d5a59acd_z.jpg","contentUrl":"https:\/\/live.staticflickr.com\/65535\/53232254100_89d5a59acd_z.jpg"},{"@type":"BreadcrumbList","@id":"https:\/\/www.noticiasradioreflejos.com.ar\/2021\/durante-el-mes-de-la-concientizacion-salud-realizara-pap-sin-costo\/#breadcrumb","itemListElement":[{"@type":"ListItem","position":1,"name":"Portada","item":"https:\/\/www.noticiasradioreflejos.com.ar\/2021\/"},{"@type":"ListItem","position":2,"name":"Durante el mes de la Concientizaci\u00f3n, Salud realizar\u00e1 Pap sin costo"}]},{"@type":"WebSite","@id":"https:\/\/www.noticiasradioreflejos.com.ar\/2021\/#website","url":"https:\/\/www.noticiasradioreflejos.com.ar\/2021\/","name":"Noticias Radio Reflejos","description":"Las noticias de mi comarca","potentialAction":[{"@type":"SearchAction","target":{"@type":"EntryPoint","urlTemplate":"https:\/\/www.noticiasradioreflejos.com.ar\/2021\/?s={search_term_string}"},"query-input":{"@type":"PropertyValueSpecification","valueRequired":true,"valueName":"search_term_string"}}],"inLanguage":"es"},{"@type":"Person","@id":"https:\/\/www.noticiasradioreflejos.com.ar\/2021\/#\/schema\/person\/ad82545263dcc5ec0996818884fd5fb1","name":"Arnaldo Botto","image":{"@type":"ImageObject","inLanguage":"es","@id":"https:\/\/www.noticiasradioreflejos.com.ar\/2021\/#\/schema\/person\/image\/","url":"https:\/\/secure.gravatar.com\/avatar\/55cb5e37c1efa326397366e6974cb338056df65cb50e7d64d1cf314e87504837?s=96&d=mm&r=g","contentUrl":"https:\/\/secure.gravatar.com\/avatar\/55cb5e37c1efa326397366e6974cb338056df65cb50e7d64d1cf314e87504837?s=96&d=mm&r=g","caption":"Arnaldo Botto"},"url":"https:\/\/www.noticiasradioreflejos.com.ar\/2021\/author\/arnaldo\/"}]}},"_links":{"self":[{"href":"https:\/\/www.noticiasradioreflejos.com.ar\/2021\/wp-json\/wp\/v2\/posts\/93574","targetHints":{"allow":["GET"]}}],"collection":[{"href":"https:\/\/www.noticiasradioreflejos.com.ar\/2021\/wp-json\/wp\/v2\/posts"}],"about":[{"href":"https:\/\/www.noticiasradioreflejos.com.ar\/2021\/wp-json\/wp\/v2\/types\/post"}],"author":[{"embeddable":true,"href":"https:\/\/www.noticiasradioreflejos.com.ar\/2021\/wp-json\/wp\/v2\/users\/3"}],"replies":[{"embeddable":true,"href":"https:\/\/www.noticiasradioreflejos.com.ar\/2021\/wp-json\/wp\/v2\/comments?post=93574"}],"version-history":[{"count":1,"href":"https:\/\/www.noticiasradioreflejos.com.ar\/2021\/wp-json\/wp\/v2\/posts\/93574\/revisions"}],"predecessor-version":[{"id":93578,"href":"https:\/\/www.noticiasradioreflejos.com.ar\/2021\/wp-json\/wp\/v2\/posts\/93574\/revisions\/93578"}],"wp:attachment":[{"href":"https:\/\/www.noticiasradioreflejos.com.ar\/2021\/wp-json\/wp\/v2\/media?parent=93574"}],"wp:term":[{"taxonomy":"category","embeddable":true,"href":"https:\/\/www.noticiasradioreflejos.com.ar\/2021\/wp-json\/wp\/v2\/categories?post=93574"},{"taxonomy":"post_tag","embeddable":true,"href":"https:\/\/www.noticiasradioreflejos.com.ar\/2021\/wp-json\/wp\/v2\/tags?post=93574"}],"curies":[{"name":"wp","href":"https:\/\/api.w.org\/{rel}","templated":true}]}}