{"id":93547,"date":"2023-10-03T11:09:02","date_gmt":"2023-10-03T11:09:02","guid":{"rendered":"https:\/\/www.noticiasradioreflejos.com.ar\/2021\/?p=93547"},"modified":"2023-10-03T11:09:02","modified_gmt":"2023-10-03T11:09:02","slug":"kicillof-dijo-que-insaurralde-debera-dar-las-explicaciones-ya-no-forma-parte-de-mi-gobierno","status":"publish","type":"post","link":"https:\/\/www.noticiasradioreflejos.com.ar\/2021\/kicillof-dijo-que-insaurralde-debera-dar-las-explicaciones-ya-no-forma-parte-de-mi-gobierno\/","title":{"rendered":"Kicillof dijo que Insaurralde \u00abdeber\u00e1 dar las explicaciones, ya no forma parte de mi gobierno\u00bb"},"content":{"rendered":"<p>El gobernador bonaerense, Axel Kicillof, asegur\u00f3 esta noche que \u00abno estaba al tanto\u00bb del viaje a Europa del exjefe de Gabinete Mart\u00edn Insaurralde con la modelo Sof\u00eda Cl\u00e9rici y asegur\u00f3 que el exintendente de Lomas de Zamora es quien debe dar las explicaciones del caso.<!--more--><\/p>\n<p>\u00abNo estaba al tanto, me enter\u00e9 como todos por las redes (sociales); inmediatamente me puse en contacto, me puse a averiguar porque estamos en \u00e9poca de elecciones, donde surgen cosas, hay fake news en las que ponen tu cara en una pel\u00edcula, y corrobor\u00e9\u00bb el episodio, dijo Kicillof en una entrevista con el canal Telef\u00e9.<\/p>\n<p>El gobernador ratific\u00f3 que \u00abeso hab\u00eda ocurrido, y despu\u00e9s de unas charlas se resolvi\u00f3: (Insaurralde) present\u00f3 la renuncia y se la acept\u00e9 inmediatamente\u00bb.<\/p>\n<p>\u00abPara un caso de este tipo fue muy rotundo como respuesta, despu\u00e9s hay derivaciones, explicaciones para dar pero lo tiene que hacer \u00e9l\u00bb pues \u00abya no forma parte de mi gobierno\u00bb, aclar\u00f3 Kicillof.<\/p>\n<p>En referencia a cuando le preguntan c\u00f3mo no sab\u00eda de este hecho, sostuvo que el expresidente Mauricio \u00abMacri espiaba a sus funcionarios, pero no es mi funci\u00f3n en mi caso\u00bb.<\/p>\n<p>El mandatario provincial confirm\u00f3 adem\u00e1s que \u00abdecid\u00ed cesar la Jefatura de Gabinete\u00bb que ocupaba Insaurralde, pero \u00abno por este caso en particular\u00bb sino porque \u00abse cre\u00f3 en la \u00e9poca de (el exgobernador Daniel) Scioli y se superpone con funciones de diversos ministerios\u00bb.<\/p>\n<p>Tambi\u00e9n le atribuy\u00f3 un cariz pol\u00edtico al manejo del caso Insaurralde: \u00abComo est\u00e1n preocupados de que a (la candidata de Juntos por el Cambio, Patricia) Bullrich no le est\u00e1 yendo bien, como vimos en el debate, est\u00e1n buscando este tipo de cosas para darle una dimensi\u00f3n\u00bb.<\/p>\n<p>\u00abEl punto m\u00edo es seguir trabajando, no hay que distraerse\u00bb, enfatiz\u00f3 Kicillof.<\/p><\/div>\n","protected":false},"excerpt":{"rendered":"<p>El gobernador bonaerense, Axel Kicillof, asegur\u00f3 esta noche que \u00abno estaba al tanto\u00bb del viaje a Europa del exjefe de Gabinete Mart\u00edn Insaurralde con la modelo Sof\u00eda Cl\u00e9rici y asegur\u00f3 que el exintendente de Lomas de Zamora es quien debe dar las explicaciones del caso.<\/p>\n","protected":false},"author":3,"featured_media":83191,"comment_status":"closed","ping_status":"closed","sticky":false,"template":"","format":"standard","meta":{"footnotes":""},"categories":[24],"tags":[],"class_list":["post-93547","post","type-post","status-publish","format-standard","has-post-thumbnail","hentry","category-politica"],"yoast_head":"<!-- This site is optimized with the Yoast SEO plugin v25.9 - https:\/\/yoast.com\/wordpress\/plugins\/seo\/ -->\n<title>Kicillof dijo que Insaurralde &quot;deber\u00e1 dar las explicaciones, ya no forma parte de mi gobierno&quot; - Noticias Radio Reflejos<\/title>\n<meta name=\"robots\" content=\"index, follow, max-snippet:-1, max-image-preview:large, max-video-preview:-1\" \/>\n<link rel=\"canonical\" href=\"https:\/\/www.noticiasradioreflejos.com.ar\/2021\/kicillof-dijo-que-insaurralde-debera-dar-las-explicaciones-ya-no-forma-parte-de-mi-gobierno\/\" \/>\n<meta property=\"og:locale\" content=\"es_ES\" \/>\n<meta property=\"og:type\" content=\"article\" \/>\n<meta property=\"og:title\" content=\"Kicillof dijo que Insaurralde &quot;deber\u00e1 dar las explicaciones, ya no forma parte de mi gobierno&quot; - Noticias Radio Reflejos\" \/>\n<meta property=\"og:description\" content=\"El gobernador bonaerense, Axel Kicillof, asegur\u00f3 esta noche que \u00abno estaba al tanto\u00bb del viaje a Europa del exjefe de Gabinete Mart\u00edn Insaurralde con la modelo Sof\u00eda Cl\u00e9rici y asegur\u00f3 que el exintendente de Lomas de Zamora es quien debe dar las explicaciones del caso.\" \/>\n<meta property=\"og:url\" content=\"https:\/\/www.noticiasradioreflejos.com.ar\/2021\/kicillof-dijo-que-insaurralde-debera-dar-las-explicaciones-ya-no-forma-parte-de-mi-gobierno\/\" \/>\n<meta property=\"og:site_name\" content=\"Noticias Radio Reflejos\" \/>\n<meta property=\"article:published_time\" content=\"2023-10-03T11:09:02+00:00\" \/>\n<meta property=\"og:image\" content=\"https:\/\/www.noticiasradioreflejos.com.ar\/2021\/wp-content\/uploads\/2023\/01\/Axel-Kicillof-1-1568x1044-1.jpg\" \/>\n\t<meta property=\"og:image:width\" content=\"1568\" \/>\n\t<meta property=\"og:image:height\" content=\"1044\" \/>\n\t<meta property=\"og:image:type\" content=\"image\/jpeg\" \/>\n<meta name=\"author\" content=\"Arnaldo Botto\" \/>\n<meta name=\"twitter:card\" content=\"summary_large_image\" \/>\n<script type=\"application\/ld+json\" class=\"yoast-schema-graph\">{\"@context\":\"https:\/\/schema.org\",\"@graph\":[{\"@type\":\"WebPage\",\"@id\":\"https:\/\/www.noticiasradioreflejos.com.ar\/2021\/kicillof-dijo-que-insaurralde-debera-dar-las-explicaciones-ya-no-forma-parte-de-mi-gobierno\/\",\"url\":\"https:\/\/www.noticiasradioreflejos.com.ar\/2021\/kicillof-dijo-que-insaurralde-debera-dar-las-explicaciones-ya-no-forma-parte-de-mi-gobierno\/\",\"name\":\"Kicillof dijo que Insaurralde \\\"deber\u00e1 dar las explicaciones, ya no forma parte de mi gobierno\\\" - Noticias Radio Reflejos\",\"isPartOf\":{\"@id\":\"https:\/\/www.noticiasradioreflejos.com.ar\/2021\/#website\"},\"primaryImageOfPage\":{\"@id\":\"https:\/\/www.noticiasradioreflejos.com.ar\/2021\/kicillof-dijo-que-insaurralde-debera-dar-las-explicaciones-ya-no-forma-parte-de-mi-gobierno\/#primaryimage\"},\"image\":{\"@id\":\"https:\/\/www.noticiasradioreflejos.com.ar\/2021\/kicillof-dijo-que-insaurralde-debera-dar-las-explicaciones-ya-no-forma-parte-de-mi-gobierno\/#primaryimage\"},\"thumbnailUrl\":\"https:\/\/www.noticiasradioreflejos.com.ar\/2021\/wp-content\/uploads\/2023\/01\/Axel-Kicillof-1-1568x1044-1.jpg\",\"datePublished\":\"2023-10-03T11:09:02+00:00\",\"author\":{\"@id\":\"https:\/\/www.noticiasradioreflejos.com.ar\/2021\/#\/schema\/person\/ad82545263dcc5ec0996818884fd5fb1\"},\"breadcrumb\":{\"@id\":\"https:\/\/www.noticiasradioreflejos.com.ar\/2021\/kicillof-dijo-que-insaurralde-debera-dar-las-explicaciones-ya-no-forma-parte-de-mi-gobierno\/#breadcrumb\"},\"inLanguage\":\"es\",\"potentialAction\":[{\"@type\":\"ReadAction\",\"target\":[\"https:\/\/www.noticiasradioreflejos.com.ar\/2021\/kicillof-dijo-que-insaurralde-debera-dar-las-explicaciones-ya-no-forma-parte-de-mi-gobierno\/\"]}]},{\"@type\":\"ImageObject\",\"inLanguage\":\"es\",\"@id\":\"https:\/\/www.noticiasradioreflejos.com.ar\/2021\/kicillof-dijo-que-insaurralde-debera-dar-las-explicaciones-ya-no-forma-parte-de-mi-gobierno\/#primaryimage\",\"url\":\"https:\/\/www.noticiasradioreflejos.com.ar\/2021\/wp-content\/uploads\/2023\/01\/Axel-Kicillof-1-1568x1044-1.jpg\",\"contentUrl\":\"https:\/\/www.noticiasradioreflejos.com.ar\/2021\/wp-content\/uploads\/2023\/01\/Axel-Kicillof-1-1568x1044-1.jpg\",\"width\":1568,\"height\":1044},{\"@type\":\"BreadcrumbList\",\"@id\":\"https:\/\/www.noticiasradioreflejos.com.ar\/2021\/kicillof-dijo-que-insaurralde-debera-dar-las-explicaciones-ya-no-forma-parte-de-mi-gobierno\/#breadcrumb\",\"itemListElement\":[{\"@type\":\"ListItem\",\"position\":1,\"name\":\"Portada\",\"item\":\"https:\/\/www.noticiasradioreflejos.com.ar\/2021\/\"},{\"@type\":\"ListItem\",\"position\":2,\"name\":\"Kicillof dijo que Insaurralde \u00abdeber\u00e1 dar las explicaciones, ya no forma parte de mi gobierno\u00bb\"}]},{\"@type\":\"WebSite\",\"@id\":\"https:\/\/www.noticiasradioreflejos.com.ar\/2021\/#website\",\"url\":\"https:\/\/www.noticiasradioreflejos.com.ar\/2021\/\",\"name\":\"Noticias Radio Reflejos\",\"description\":\"Las noticias de mi comarca\",\"potentialAction\":[{\"@type\":\"SearchAction\",\"target\":{\"@type\":\"EntryPoint\",\"urlTemplate\":\"https:\/\/www.noticiasradioreflejos.com.ar\/2021\/?s={search_term_string}\"},\"query-input\":{\"@type\":\"PropertyValueSpecification\",\"valueRequired\":true,\"valueName\":\"search_term_string\"}}],\"inLanguage\":\"es\"},{\"@type\":\"Person\",\"@id\":\"https:\/\/www.noticiasradioreflejos.com.ar\/2021\/#\/schema\/person\/ad82545263dcc5ec0996818884fd5fb1\",\"name\":\"Arnaldo Botto\",\"image\":{\"@type\":\"ImageObject\",\"inLanguage\":\"es\",\"@id\":\"https:\/\/www.noticiasradioreflejos.com.ar\/2021\/#\/schema\/person\/image\/\",\"url\":\"https:\/\/secure.gravatar.com\/avatar\/55cb5e37c1efa326397366e6974cb338056df65cb50e7d64d1cf314e87504837?s=96&d=mm&r=g\",\"contentUrl\":\"https:\/\/secure.gravatar.com\/avatar\/55cb5e37c1efa326397366e6974cb338056df65cb50e7d64d1cf314e87504837?s=96&d=mm&r=g\",\"caption\":\"Arnaldo Botto\"},\"url\":\"https:\/\/www.noticiasradioreflejos.com.ar\/2021\/author\/arnaldo\/\"}]}<\/script>\n<!-- \/ Yoast SEO plugin. -->","yoast_head_json":{"title":"Kicillof dijo que Insaurralde \"deber\u00e1 dar las explicaciones, ya no forma parte de mi gobierno\" - Noticias Radio Reflejos","robots":{"index":"index","follow":"follow","max-snippet":"max-snippet:-1","max-image-preview":"max-image-preview:large","max-video-preview":"max-video-preview:-1"},"canonical":"https:\/\/www.noticiasradioreflejos.com.ar\/2021\/kicillof-dijo-que-insaurralde-debera-dar-las-explicaciones-ya-no-forma-parte-de-mi-gobierno\/","og_locale":"es_ES","og_type":"article","og_title":"Kicillof dijo que Insaurralde \"deber\u00e1 dar las explicaciones, ya no forma parte de mi gobierno\" - Noticias Radio Reflejos","og_description":"El gobernador bonaerense, Axel Kicillof, asegur\u00f3 esta noche que \u00abno estaba al tanto\u00bb del viaje a Europa del exjefe de Gabinete Mart\u00edn Insaurralde con la modelo Sof\u00eda Cl\u00e9rici y asegur\u00f3 que el exintendente de Lomas de Zamora es quien debe dar las explicaciones del caso.","og_url":"https:\/\/www.noticiasradioreflejos.com.ar\/2021\/kicillof-dijo-que-insaurralde-debera-dar-las-explicaciones-ya-no-forma-parte-de-mi-gobierno\/","og_site_name":"Noticias Radio Reflejos","article_published_time":"2023-10-03T11:09:02+00:00","og_image":[{"width":1568,"height":1044,"url":"https:\/\/www.noticiasradioreflejos.com.ar\/2021\/wp-content\/uploads\/2023\/01\/Axel-Kicillof-1-1568x1044-1.jpg","type":"image\/jpeg"}],"author":"Arnaldo Botto","twitter_card":"summary_large_image","schema":{"@context":"https:\/\/schema.org","@graph":[{"@type":"WebPage","@id":"https:\/\/www.noticiasradioreflejos.com.ar\/2021\/kicillof-dijo-que-insaurralde-debera-dar-las-explicaciones-ya-no-forma-parte-de-mi-gobierno\/","url":"https:\/\/www.noticiasradioreflejos.com.ar\/2021\/kicillof-dijo-que-insaurralde-debera-dar-las-explicaciones-ya-no-forma-parte-de-mi-gobierno\/","name":"Kicillof dijo que Insaurralde \"deber\u00e1 dar las explicaciones, ya no forma parte de mi gobierno\" - Noticias Radio Reflejos","isPartOf":{"@id":"https:\/\/www.noticiasradioreflejos.com.ar\/2021\/#website"},"primaryImageOfPage":{"@id":"https:\/\/www.noticiasradioreflejos.com.ar\/2021\/kicillof-dijo-que-insaurralde-debera-dar-las-explicaciones-ya-no-forma-parte-de-mi-gobierno\/#primaryimage"},"image":{"@id":"https:\/\/www.noticiasradioreflejos.com.ar\/2021\/kicillof-dijo-que-insaurralde-debera-dar-las-explicaciones-ya-no-forma-parte-de-mi-gobierno\/#primaryimage"},"thumbnailUrl":"https:\/\/www.noticiasradioreflejos.com.ar\/2021\/wp-content\/uploads\/2023\/01\/Axel-Kicillof-1-1568x1044-1.jpg","datePublished":"2023-10-03T11:09:02+00:00","author":{"@id":"https:\/\/www.noticiasradioreflejos.com.ar\/2021\/#\/schema\/person\/ad82545263dcc5ec0996818884fd5fb1"},"breadcrumb":{"@id":"https:\/\/www.noticiasradioreflejos.com.ar\/2021\/kicillof-dijo-que-insaurralde-debera-dar-las-explicaciones-ya-no-forma-parte-de-mi-gobierno\/#breadcrumb"},"inLanguage":"es","potentialAction":[{"@type":"ReadAction","target":["https:\/\/www.noticiasradioreflejos.com.ar\/2021\/kicillof-dijo-que-insaurralde-debera-dar-las-explicaciones-ya-no-forma-parte-de-mi-gobierno\/"]}]},{"@type":"ImageObject","inLanguage":"es","@id":"https:\/\/www.noticiasradioreflejos.com.ar\/2021\/kicillof-dijo-que-insaurralde-debera-dar-las-explicaciones-ya-no-forma-parte-de-mi-gobierno\/#primaryimage","url":"https:\/\/www.noticiasradioreflejos.com.ar\/2021\/wp-content\/uploads\/2023\/01\/Axel-Kicillof-1-1568x1044-1.jpg","contentUrl":"https:\/\/www.noticiasradioreflejos.com.ar\/2021\/wp-content\/uploads\/2023\/01\/Axel-Kicillof-1-1568x1044-1.jpg","width":1568,"height":1044},{"@type":"BreadcrumbList","@id":"https:\/\/www.noticiasradioreflejos.com.ar\/2021\/kicillof-dijo-que-insaurralde-debera-dar-las-explicaciones-ya-no-forma-parte-de-mi-gobierno\/#breadcrumb","itemListElement":[{"@type":"ListItem","position":1,"name":"Portada","item":"https:\/\/www.noticiasradioreflejos.com.ar\/2021\/"},{"@type":"ListItem","position":2,"name":"Kicillof dijo que Insaurralde \u00abdeber\u00e1 dar las explicaciones, ya no forma parte de mi gobierno\u00bb"}]},{"@type":"WebSite","@id":"https:\/\/www.noticiasradioreflejos.com.ar\/2021\/#website","url":"https:\/\/www.noticiasradioreflejos.com.ar\/2021\/","name":"Noticias Radio Reflejos","description":"Las noticias de mi comarca","potentialAction":[{"@type":"SearchAction","target":{"@type":"EntryPoint","urlTemplate":"https:\/\/www.noticiasradioreflejos.com.ar\/2021\/?s={search_term_string}"},"query-input":{"@type":"PropertyValueSpecification","valueRequired":true,"valueName":"search_term_string"}}],"inLanguage":"es"},{"@type":"Person","@id":"https:\/\/www.noticiasradioreflejos.com.ar\/2021\/#\/schema\/person\/ad82545263dcc5ec0996818884fd5fb1","name":"Arnaldo Botto","image":{"@type":"ImageObject","inLanguage":"es","@id":"https:\/\/www.noticiasradioreflejos.com.ar\/2021\/#\/schema\/person\/image\/","url":"https:\/\/secure.gravatar.com\/avatar\/55cb5e37c1efa326397366e6974cb338056df65cb50e7d64d1cf314e87504837?s=96&d=mm&r=g","contentUrl":"https:\/\/secure.gravatar.com\/avatar\/55cb5e37c1efa326397366e6974cb338056df65cb50e7d64d1cf314e87504837?s=96&d=mm&r=g","caption":"Arnaldo Botto"},"url":"https:\/\/www.noticiasradioreflejos.com.ar\/2021\/author\/arnaldo\/"}]}},"_links":{"self":[{"href":"https:\/\/www.noticiasradioreflejos.com.ar\/2021\/wp-json\/wp\/v2\/posts\/93547","targetHints":{"allow":["GET"]}}],"collection":[{"href":"https:\/\/www.noticiasradioreflejos.com.ar\/2021\/wp-json\/wp\/v2\/posts"}],"about":[{"href":"https:\/\/www.noticiasradioreflejos.com.ar\/2021\/wp-json\/wp\/v2\/types\/post"}],"author":[{"embeddable":true,"href":"https:\/\/www.noticiasradioreflejos.com.ar\/2021\/wp-json\/wp\/v2\/users\/3"}],"replies":[{"embeddable":true,"href":"https:\/\/www.noticiasradioreflejos.com.ar\/2021\/wp-json\/wp\/v2\/comments?post=93547"}],"version-history":[{"count":1,"href":"https:\/\/www.noticiasradioreflejos.com.ar\/2021\/wp-json\/wp\/v2\/posts\/93547\/revisions"}],"predecessor-version":[{"id":93548,"href":"https:\/\/www.noticiasradioreflejos.com.ar\/2021\/wp-json\/wp\/v2\/posts\/93547\/revisions\/93548"}],"wp:featuredmedia":[{"embeddable":true,"href":"https:\/\/www.noticiasradioreflejos.com.ar\/2021\/wp-json\/wp\/v2\/media\/83191"}],"wp:attachment":[{"href":"https:\/\/www.noticiasradioreflejos.com.ar\/2021\/wp-json\/wp\/v2\/media?parent=93547"}],"wp:term":[{"taxonomy":"category","embeddable":true,"href":"https:\/\/www.noticiasradioreflejos.com.ar\/2021\/wp-json\/wp\/v2\/categories?post=93547"},{"taxonomy":"post_tag","embeddable":true,"href":"https:\/\/www.noticiasradioreflejos.com.ar\/2021\/wp-json\/wp\/v2\/tags?post=93547"}],"curies":[{"name":"wp","href":"https:\/\/api.w.org\/{rel}","templated":true}]}}