{"id":9353,"date":"2017-04-24T08:58:07","date_gmt":"2017-04-24T11:58:07","guid":{"rendered":"http:\/\/noticiasradioreflejos.com.ar\/noticias\/?p=9353"},"modified":"2017-04-24T08:58:07","modified_gmt":"2017-04-24T11:58:07","slug":"lluvias-en-la-zona-3","status":"publish","type":"post","link":"https:\/\/www.noticiasradioreflejos.com.ar\/2021\/lluvias-en-la-zona-3\/","title":{"rendered":"LLuvias en la zona"},"content":{"rendered":"<p>Cerca de la hora 23 de este domingo 23 de abril, suaves chaparrones llegaron a la comarca tur\u00edstica de Sierra de la Ventana. Tanto en la zona urbano como en la rural los registros apenas alcanzaron 2,5 mm y como m\u00e1ximo 3 mm en Villa Ventana. La lluvia lleg\u00f3 sin vientos y se extendi\u00f3 por poco m\u00e1s de una hora.<br \/>\nDiferente situaci\u00f3n se vivi\u00f3 en el sector noroeste de nuestra zona, donde las mediciones alcanzaron hasta los 56 mm como el caso de Huanguel\u00e9n y Casbas.<br \/>\nLa ma\u00f1ana de hoy mostraba sectores de densa niebla en la sona serrana, con cielo despejado y una m\u00ednima de 5,2\u00b0.<!--more--><br \/>\n<strong>Datos de la regi\u00f3n: <\/strong><br \/>\n2,00 mm en Sierra de la Ventana<br \/>\n2, 5 mm en Calqu\u00edn,<br \/>\n3,00 mm en Villa Ventana<br \/>\n1,5 mm en Tornquist.<br \/>\n11 mm en Fra pal<br \/>\n3,1 mm en El Pantanoso<br \/>\n2,o mm en San Eloy<br \/>\n3,3 mm en Cnel Pringles<br \/>\n25 mm. en Pig\u00fc\u00e9<br \/>\n29 mm. en Coronel Su\u00e1rez<br \/>\n56 mm. en Huanguel\u00e9n<br \/>\n32 mm. en Carhu\u00e9<br \/>\n22 mm. en San Miguel Arc\u00e1ngel<br \/>\n53 mm. en Casbas<br \/>\n29 mm. en Macach\u00edn<\/p>\n","protected":false},"excerpt":{"rendered":"<p>Cerca de la hora 23 de este domingo 23 de abril, suaves chaparrones llegaron a la comarca tur\u00edstica de Sierra de la Ventana. Tanto en la zona urbano como en la rural los registros apenas alcanzaron 2,5 mm y como m\u00e1ximo 3 mm en Villa Ventana. La lluvia lleg\u00f3 sin vientos y se extendi\u00f3 por [&hellip;]<\/p>\n","protected":false},"author":3,"featured_media":0,"comment_status":"closed","ping_status":"open","sticky":false,"template":"","format":"standard","meta":{"footnotes":""},"categories":[26],"tags":[],"class_list":["post-9353","post","type-post","status-publish","format-standard","hentry","category-sociedad"],"yoast_head":"<!-- This site is optimized with the Yoast SEO plugin v25.9 - https:\/\/yoast.com\/wordpress\/plugins\/seo\/ -->\n<title>LLuvias en la zona - Noticias Radio Reflejos<\/title>\n<meta name=\"robots\" content=\"index, follow, max-snippet:-1, max-image-preview:large, max-video-preview:-1\" \/>\n<link rel=\"canonical\" href=\"https:\/\/www.noticiasradioreflejos.com.ar\/2021\/lluvias-en-la-zona-3\/\" \/>\n<meta property=\"og:locale\" content=\"es_ES\" \/>\n<meta property=\"og:type\" content=\"article\" \/>\n<meta property=\"og:title\" content=\"LLuvias en la zona - Noticias Radio Reflejos\" \/>\n<meta property=\"og:description\" content=\"Cerca de la hora 23 de este domingo 23 de abril, suaves chaparrones llegaron a la comarca tur\u00edstica de Sierra de la Ventana. Tanto en la zona urbano como en la rural los registros apenas alcanzaron 2,5 mm y como m\u00e1ximo 3 mm en Villa Ventana. La lluvia lleg\u00f3 sin vientos y se extendi\u00f3 por [&hellip;]\" \/>\n<meta property=\"og:url\" content=\"https:\/\/www.noticiasradioreflejos.com.ar\/2021\/lluvias-en-la-zona-3\/\" \/>\n<meta property=\"og:site_name\" content=\"Noticias Radio Reflejos\" \/>\n<meta property=\"article:published_time\" content=\"2017-04-24T11:58:07+00:00\" \/>\n<meta property=\"og:image\" content=\"https:\/\/www.noticiasradioreflejos.com.ar\/2021\/wp-content\/uploads\/2021\/07\/logosol300x200.png\" \/>\n\t<meta property=\"og:image:width\" content=\"300\" \/>\n\t<meta property=\"og:image:height\" content=\"200\" \/>\n\t<meta property=\"og:image:type\" content=\"image\/png\" \/>\n<meta name=\"author\" content=\"Arnaldo Botto\" \/>\n<meta name=\"twitter:card\" content=\"summary_large_image\" \/>\n<script type=\"application\/ld+json\" class=\"yoast-schema-graph\">{\"@context\":\"https:\/\/schema.org\",\"@graph\":[{\"@type\":\"WebPage\",\"@id\":\"https:\/\/www.noticiasradioreflejos.com.ar\/2021\/lluvias-en-la-zona-3\/\",\"url\":\"https:\/\/www.noticiasradioreflejos.com.ar\/2021\/lluvias-en-la-zona-3\/\",\"name\":\"LLuvias en la zona - Noticias Radio Reflejos\",\"isPartOf\":{\"@id\":\"https:\/\/www.noticiasradioreflejos.com.ar\/2021\/#website\"},\"datePublished\":\"2017-04-24T11:58:07+00:00\",\"author\":{\"@id\":\"https:\/\/www.noticiasradioreflejos.com.ar\/2021\/#\/schema\/person\/ad82545263dcc5ec0996818884fd5fb1\"},\"breadcrumb\":{\"@id\":\"https:\/\/www.noticiasradioreflejos.com.ar\/2021\/lluvias-en-la-zona-3\/#breadcrumb\"},\"inLanguage\":\"es\",\"potentialAction\":[{\"@type\":\"ReadAction\",\"target\":[\"https:\/\/www.noticiasradioreflejos.com.ar\/2021\/lluvias-en-la-zona-3\/\"]}]},{\"@type\":\"BreadcrumbList\",\"@id\":\"https:\/\/www.noticiasradioreflejos.com.ar\/2021\/lluvias-en-la-zona-3\/#breadcrumb\",\"itemListElement\":[{\"@type\":\"ListItem\",\"position\":1,\"name\":\"Portada\",\"item\":\"https:\/\/www.noticiasradioreflejos.com.ar\/2021\/\"},{\"@type\":\"ListItem\",\"position\":2,\"name\":\"LLuvias en la zona\"}]},{\"@type\":\"WebSite\",\"@id\":\"https:\/\/www.noticiasradioreflejos.com.ar\/2021\/#website\",\"url\":\"https:\/\/www.noticiasradioreflejos.com.ar\/2021\/\",\"name\":\"Noticias Radio Reflejos\",\"description\":\"Las noticias de mi comarca\",\"potentialAction\":[{\"@type\":\"SearchAction\",\"target\":{\"@type\":\"EntryPoint\",\"urlTemplate\":\"https:\/\/www.noticiasradioreflejos.com.ar\/2021\/?s={search_term_string}\"},\"query-input\":{\"@type\":\"PropertyValueSpecification\",\"valueRequired\":true,\"valueName\":\"search_term_string\"}}],\"inLanguage\":\"es\"},{\"@type\":\"Person\",\"@id\":\"https:\/\/www.noticiasradioreflejos.com.ar\/2021\/#\/schema\/person\/ad82545263dcc5ec0996818884fd5fb1\",\"name\":\"Arnaldo Botto\",\"image\":{\"@type\":\"ImageObject\",\"inLanguage\":\"es\",\"@id\":\"https:\/\/www.noticiasradioreflejos.com.ar\/2021\/#\/schema\/person\/image\/\",\"url\":\"https:\/\/secure.gravatar.com\/avatar\/55cb5e37c1efa326397366e6974cb338056df65cb50e7d64d1cf314e87504837?s=96&d=mm&r=g\",\"contentUrl\":\"https:\/\/secure.gravatar.com\/avatar\/55cb5e37c1efa326397366e6974cb338056df65cb50e7d64d1cf314e87504837?s=96&d=mm&r=g\",\"caption\":\"Arnaldo Botto\"},\"url\":\"https:\/\/www.noticiasradioreflejos.com.ar\/2021\/author\/arnaldo\/\"}]}<\/script>\n<!-- \/ Yoast SEO plugin. -->","yoast_head_json":{"title":"LLuvias en la zona - Noticias Radio Reflejos","robots":{"index":"index","follow":"follow","max-snippet":"max-snippet:-1","max-image-preview":"max-image-preview:large","max-video-preview":"max-video-preview:-1"},"canonical":"https:\/\/www.noticiasradioreflejos.com.ar\/2021\/lluvias-en-la-zona-3\/","og_locale":"es_ES","og_type":"article","og_title":"LLuvias en la zona - Noticias Radio Reflejos","og_description":"Cerca de la hora 23 de este domingo 23 de abril, suaves chaparrones llegaron a la comarca tur\u00edstica de Sierra de la Ventana. Tanto en la zona urbano como en la rural los registros apenas alcanzaron 2,5 mm y como m\u00e1ximo 3 mm en Villa Ventana. La lluvia lleg\u00f3 sin vientos y se extendi\u00f3 por [&hellip;]","og_url":"https:\/\/www.noticiasradioreflejos.com.ar\/2021\/lluvias-en-la-zona-3\/","og_site_name":"Noticias Radio Reflejos","article_published_time":"2017-04-24T11:58:07+00:00","og_image":[{"width":300,"height":200,"url":"https:\/\/www.noticiasradioreflejos.com.ar\/2021\/wp-content\/uploads\/2021\/07\/logosol300x200.png","type":"image\/png"}],"author":"Arnaldo Botto","twitter_card":"summary_large_image","schema":{"@context":"https:\/\/schema.org","@graph":[{"@type":"WebPage","@id":"https:\/\/www.noticiasradioreflejos.com.ar\/2021\/lluvias-en-la-zona-3\/","url":"https:\/\/www.noticiasradioreflejos.com.ar\/2021\/lluvias-en-la-zona-3\/","name":"LLuvias en la zona - Noticias Radio Reflejos","isPartOf":{"@id":"https:\/\/www.noticiasradioreflejos.com.ar\/2021\/#website"},"datePublished":"2017-04-24T11:58:07+00:00","author":{"@id":"https:\/\/www.noticiasradioreflejos.com.ar\/2021\/#\/schema\/person\/ad82545263dcc5ec0996818884fd5fb1"},"breadcrumb":{"@id":"https:\/\/www.noticiasradioreflejos.com.ar\/2021\/lluvias-en-la-zona-3\/#breadcrumb"},"inLanguage":"es","potentialAction":[{"@type":"ReadAction","target":["https:\/\/www.noticiasradioreflejos.com.ar\/2021\/lluvias-en-la-zona-3\/"]}]},{"@type":"BreadcrumbList","@id":"https:\/\/www.noticiasradioreflejos.com.ar\/2021\/lluvias-en-la-zona-3\/#breadcrumb","itemListElement":[{"@type":"ListItem","position":1,"name":"Portada","item":"https:\/\/www.noticiasradioreflejos.com.ar\/2021\/"},{"@type":"ListItem","position":2,"name":"LLuvias en la zona"}]},{"@type":"WebSite","@id":"https:\/\/www.noticiasradioreflejos.com.ar\/2021\/#website","url":"https:\/\/www.noticiasradioreflejos.com.ar\/2021\/","name":"Noticias Radio Reflejos","description":"Las noticias de mi comarca","potentialAction":[{"@type":"SearchAction","target":{"@type":"EntryPoint","urlTemplate":"https:\/\/www.noticiasradioreflejos.com.ar\/2021\/?s={search_term_string}"},"query-input":{"@type":"PropertyValueSpecification","valueRequired":true,"valueName":"search_term_string"}}],"inLanguage":"es"},{"@type":"Person","@id":"https:\/\/www.noticiasradioreflejos.com.ar\/2021\/#\/schema\/person\/ad82545263dcc5ec0996818884fd5fb1","name":"Arnaldo Botto","image":{"@type":"ImageObject","inLanguage":"es","@id":"https:\/\/www.noticiasradioreflejos.com.ar\/2021\/#\/schema\/person\/image\/","url":"https:\/\/secure.gravatar.com\/avatar\/55cb5e37c1efa326397366e6974cb338056df65cb50e7d64d1cf314e87504837?s=96&d=mm&r=g","contentUrl":"https:\/\/secure.gravatar.com\/avatar\/55cb5e37c1efa326397366e6974cb338056df65cb50e7d64d1cf314e87504837?s=96&d=mm&r=g","caption":"Arnaldo Botto"},"url":"https:\/\/www.noticiasradioreflejos.com.ar\/2021\/author\/arnaldo\/"}]}},"_links":{"self":[{"href":"https:\/\/www.noticiasradioreflejos.com.ar\/2021\/wp-json\/wp\/v2\/posts\/9353","targetHints":{"allow":["GET"]}}],"collection":[{"href":"https:\/\/www.noticiasradioreflejos.com.ar\/2021\/wp-json\/wp\/v2\/posts"}],"about":[{"href":"https:\/\/www.noticiasradioreflejos.com.ar\/2021\/wp-json\/wp\/v2\/types\/post"}],"author":[{"embeddable":true,"href":"https:\/\/www.noticiasradioreflejos.com.ar\/2021\/wp-json\/wp\/v2\/users\/3"}],"replies":[{"embeddable":true,"href":"https:\/\/www.noticiasradioreflejos.com.ar\/2021\/wp-json\/wp\/v2\/comments?post=9353"}],"version-history":[{"count":0,"href":"https:\/\/www.noticiasradioreflejos.com.ar\/2021\/wp-json\/wp\/v2\/posts\/9353\/revisions"}],"wp:attachment":[{"href":"https:\/\/www.noticiasradioreflejos.com.ar\/2021\/wp-json\/wp\/v2\/media?parent=9353"}],"wp:term":[{"taxonomy":"category","embeddable":true,"href":"https:\/\/www.noticiasradioreflejos.com.ar\/2021\/wp-json\/wp\/v2\/categories?post=9353"},{"taxonomy":"post_tag","embeddable":true,"href":"https:\/\/www.noticiasradioreflejos.com.ar\/2021\/wp-json\/wp\/v2\/tags?post=9353"}],"curies":[{"name":"wp","href":"https:\/\/api.w.org\/{rel}","templated":true}]}}