{"id":93449,"date":"2023-09-29T19:02:25","date_gmt":"2023-09-29T19:02:25","guid":{"rendered":"https:\/\/www.noticiasradioreflejos.com.ar\/2021\/?p=93449"},"modified":"2023-09-29T19:04:09","modified_gmt":"2023-09-29T19:04:09","slug":"el-consejo-escolar-de-tornquist-informa-a-la-comunidad-los-trabajos-realizados-durante-el-mes-de-septiembre-2","status":"publish","type":"post","link":"https:\/\/www.noticiasradioreflejos.com.ar\/2021\/el-consejo-escolar-de-tornquist-informa-a-la-comunidad-los-trabajos-realizados-durante-el-mes-de-septiembre-2\/","title":{"rendered":"El Consejo Escolar de Tornquist informa a la comunidad los trabajos realizados durante el mes de septiembre."},"content":{"rendered":"<p>Dichos trabajos son financiados con Fondos Compensador, Presupuestario, Educativo, SAE (Servicio Alimentario Escolar) y PEED (Programa de Emergencia Educativa), en los siguientes establecimientos educativos:<!--more--><\/p>\n<p>Establecimientos de la zona este del distrito: Limpieza y mantenimientos de tanques y cisternas. (Fondo Presupuestario)<\/p>\n<p>Unidad Acad\u00e9mica Ernesto Tornquist: Arreglo de escritorios, bancos y sillas. Reparaci\u00f3n de canillas en ba\u00f1o de mujeres. Cambio de luminarias. Desag\u00fce de techo de cocina. Arreglo de puerta de entrada a la cocina. Reparaci\u00f3n de inodoros del ba\u00f1o de varones y del ba\u00f1o de docentes. Arreglo de puerta de salida al patio. (Fondo Compensador)<br \/>\nJI N\u00b0905 Tornquist: Recambio de canilla exterior. Reparaci\u00f3n de inodoro. Cambio de flotante. (Fondo Compensador) Construcci\u00f3n de arenero. (Fondo Educativo) Limpieza de tanque y cambio de flotante de agua. (Fondo Presupuestario)<br \/>\nES N\u00b02 Sierra de la Ventana: Colocaci\u00f3n de reflector en el patio exterior. Desarme de luminaria y reparaci\u00f3n de tres tubos. Reacondicionamiento de piso y amurado de rejilla met\u00e1lica. Extracci\u00f3n de dos inodoros y desobstrucci\u00f3n de los mismos. Reparaci\u00f3n de p\u00e9rdida de agua en mingitorio e inodoro. (Fondo Compensador)<br \/>\nJI N\u00b0903 Sierra de la Ventana: Revisi\u00f3n de tres estabilizadores de corriente. (Fondo Compensador)<br \/>\nJI N\u00b0902 Saldungaray: Cambio de flotante en tanque de agua. (Fondo Compensador) Se realiz\u00f3 el recambio del port\u00f3n lateral. Resta el amurado y el automatizado del mismo y se est\u00e1 realizando la impermeabilizaci\u00f3n de las losas. (Fondos PEED)<br \/>\nEEE N\u00b0502 Saldungaray: Cambio de tubos LED. (Fondo Compensador)<br \/>\nEP N\u00b02 Saldungaray: Purgaci\u00f3n de ca\u00f1er\u00edas en ba\u00f1os. Reparaci\u00f3n de dos canillas. Limpieza del extractor de la cocina. (Fondo Compensador)<br \/>\nEP N\u00b024 Chasic\u00f3: Instalaci\u00f3n de cocina industrial. (Fondo SAE) Reemplazo de flotante de tanque de 1000 lts, de manguera, de codos y canillas. Colocaci\u00f3n de postes para sujetar canillas. Abertura de zanja para tapar ca\u00f1o de ingreso de agua. Reacondicionamiento de marco de puerta y mucheta en el ba\u00f1o de direcci\u00f3n. (Fondo Compensador)<br \/>\nUnidad Acad\u00e9mica Ernesto Tornquist: Limpieza y desobstrucci\u00f3n de pozo. (Fondo Compensador)<br \/>\nCATDI N\u00b01 Tornquist: Corte de pasto. (Fondo Presupuestario)<br \/>\nES N\u00b01 Tornquist: Desagote y limpieza de pozo. (Fondo Presupuestario)<br \/>\n<a data-flickr-embed=\"true\" href=\"https:\/\/www.flickr.com\/photos\/182279889@N02\/53222604203\/in\/dateposted-public\/\" title=\"ep12\"><img loading=\"lazy\" decoding=\"async\" src=\"https:\/\/live.staticflickr.com\/65535\/53222604203_5ce8c57e38_z.jpg\" width=\"296\" height=\"640\" alt=\"ep12\"\/><\/a><script async src=\"\/\/embedr.flickr.com\/assets\/client-code.js\" charset=\"utf-8\"><\/script><br \/>\nEP N\u00b012 y JIRIMM N\u00b04 Fuerte Argentino: La construcci\u00f3n del dep\u00f3sito se encuentra finalizada. (Fondo Educativo) Control y cambio de filtro de tanque de agua. (Fondo Compensador)<br \/>\nEEE N\u00b0501 Tornquist: Cambio de 3 tubos LED. (Fondo Compensador)<br \/>\nJI N\u00b0901 Tornquist: Cambio de 12 tubos LED. Recambio de l\u00e1mpara de 48 w. Amurado de pizarr\u00f3n y reparaci\u00f3n de inodoros ba\u00f1os de varones y sala de dos a\u00f1os. (Fondo Compensador) Corte de pasto. (Fondo Presupuestario)<br \/>\n<a data-flickr-embed=\"true\" href=\"https:\/\/www.flickr.com\/photos\/182279889@N02\/53222796550\/in\/dateposted-public\/\" title=\"JI 907\"><img loading=\"lazy\" decoding=\"async\" src=\"https:\/\/live.staticflickr.com\/65535\/53222796550_a0ee5a9045_z.jpg\" width=\"640\" height=\"288\" alt=\"JI 907\"\/><\/a><script async src=\"\/\/embedr.flickr.com\/assets\/client-code.js\" charset=\"utf-8\"><\/script><br \/>\nJI N\u00b0907 Tornquist: Corte de pasto. (Fondo Presupuestario)<br \/>\nEP N\u00b01 Tornquist: Fabricaci\u00f3n de dos baldosones de 45 x 45 cm y colocaci\u00f3n de los mismos sobre desag\u00fces del patio. Cambio de vidrios. (Fondo Compensador)<br \/>\nES N\u00b03 Anexo Tornquist: Reparaci\u00f3n de cortina de preceptor\u00eda. (Fondo Compensador)<br \/>\nEP N\u00b010 y JIRIMM N\u00b02 Paraje La Ventana: Corte de 18 tornillos para extraer restos de chapa rota en el SUM y colocaci\u00f3n de una nueva. (Fondo Compensador)<br \/>\nEP N\u00b025 y JIRIMM N\u00b05 Berraondo: Recambio de termotanque. (Fondo Compensador)<br \/>\nEP N\u00b013 Paraje La Querencia: Control de murci\u00e9lago, cerrado interior\/exterior y desinfecci\u00f3n. (Fondo Presupuestario)<br \/>\n\u2026\u2026\u2026\u2026\u2026\u2026\u2026\u2026\u2026\u2026\u2026\u2026\u2026\u2026\u2026\u2026\u2026\u2026\u2026\u2026\u2026\u2026\u2026\u2026\u2026\u2026\u2026\u2026\u2026\u2026\u2026\u2026\u2026\u2026\u2026\u2026\u2026\u2026\u2026\u2026\u2026\u2026\u2026\u2026\u2026\u2026\u2026\u2026\u2026\u2026\u2026\u2026\u2026\u2026\u2026\u2026\u2026\u2026\u2026\u2026\u2026\u2026\u2026\u2026\u2026.<br \/>\nContinuamos a la espera, por parte del Municipio de Tornquist, de los siguientes pedidos de subsidio, aclarando que los montos se tendr\u00e1n que actualizar al momento de ser aprobados:<br \/>\nJIRIMM N\u00b05 Berraondo: Puesta en valor del edificio $ 928.000.- Fecha de ingreso: 06\/07\/2022<br \/>\nESA N\u00b01 Tornquist: Colocaci\u00f3n de puerta de acceso al patio $ 133.100.- Fecha de ingreso: 13\/07\/2022<br \/>\nEP N\u00b07 Estancia Funke: Confecci\u00f3n de dos bibliotecas $ 137.000.- Fecha de ingreso: 15\/07\/2022<br \/>\nEP N\u00b07 Estancia Funke: Pago para gastos de servicios operativos y funcionamiento $ 26.000.- Fecha de ingreso: 18\/08\/2022<br \/>\nJI N\u00b0906 Villa Ventana: Pintura exterior del establecimiento. $ 365.031.- Fecha de ingreso: 19\/10\/2022<br \/>\nJI N\u00b0907 Tornquist: Estructura con material enrejado para paredes, techo y lona (arenero) $ 494.260.- Fecha de ingreso: 23\/10\/2022<br \/>\nEP N\u00b012 Fuerte Argentino: Puesta en valor del edificio exterior. $ 1.724.635.- Fecha de ingreso: 15\/12\/2022<br \/>\nJI N\u00b0906 Villa Ventana: Confecci\u00f3n y colocaci\u00f3n de bajomesada, alacena y frentes para el ba\u00f1o. $ 387.000.- Fecha de ingreso: 30\/03\/2023<br \/>\nEST N\u00b01 Tornquist: Compra de materiales para la instalaci\u00f3n el\u00e9ctrica del taller de soldadura, herrer\u00eda y torner\u00eda. $ 937.469.- Fecha de ingreso: 31\/03\/2023<br \/>\nJI N\u00b0901 Tornquist: Reemplazo de chapas trasl\u00facidas por chapas galvanizadas. $ 150.000.- Fecha de ingreso: 18\/04\/2023<br \/>\nCEF N\u00b09 Villa Ventana: Compra de 1 matafuego. $ 31,346,60.- Fecha de ingreso: 07\/06\/2023<br \/>\nEP N\u00b02 Saldungaray: Colocaci\u00f3n de bacha y mesada en el comedor. $ 300.000.- Fecha de ingreso: 08\/06\/2023<br \/>\nESA N\u00b01 Tornquist: Reparaci\u00f3n de ca\u00f1er\u00edas en ba\u00f1os. Colocaci\u00f3n de tanque de agua de 400 lts. Cambio de grifer\u00eda y readecuaci\u00f3n de agua fr\u00eda para lavarropas. $ 510.000.- Fecha de ingreso: 21\/06\/2023<br \/>\nJI N\u00b0907 Tornquist: Desarmado y fabricaci\u00f3n de dos puertas para pasillo. $ 135.000.- Fecha de ingreso: 23\/06\/2023<br \/>\nEP N\u00b024 Chasic\u00f3: Construcci\u00f3n de cocina y comedor. $ 20.628.503,11.- Fecha de ingreso: 26\/07\/2023<br \/>\nJIRIMM N\u00b06 Paraje Sauce Chico: Puesta en valor del patio. $ 289.800.- Fecha de ingreso: 22\/09\/2023<\/p>\n","protected":false},"excerpt":{"rendered":"<p>Dichos trabajos son financiados con Fondos Compensador, Presupuestario, Educativo, SAE (Servicio Alimentario Escolar) y PEED (Programa de Emergencia Educativa), en los siguientes establecimientos educativos:<\/p>\n","protected":false},"author":3,"featured_media":93450,"comment_status":"closed","ping_status":"closed","sticky":false,"template":"","format":"standard","meta":{"footnotes":""},"categories":[34],"tags":[],"class_list":["post-93449","post","type-post","status-publish","format-standard","has-post-thumbnail","hentry","category-educacion"],"yoast_head":"<!-- This site is optimized with the Yoast SEO plugin v25.9 - https:\/\/yoast.com\/wordpress\/plugins\/seo\/ -->\n<title>El Consejo Escolar de Tornquist informa a la comunidad los trabajos realizados durante el mes de septiembre. - Noticias Radio Reflejos<\/title>\n<meta name=\"robots\" content=\"index, follow, max-snippet:-1, max-image-preview:large, max-video-preview:-1\" \/>\n<link rel=\"canonical\" href=\"https:\/\/www.noticiasradioreflejos.com.ar\/2021\/el-consejo-escolar-de-tornquist-informa-a-la-comunidad-los-trabajos-realizados-durante-el-mes-de-septiembre-2\/\" \/>\n<meta property=\"og:locale\" content=\"es_ES\" \/>\n<meta property=\"og:type\" content=\"article\" \/>\n<meta property=\"og:title\" content=\"El Consejo Escolar de Tornquist informa a la comunidad los trabajos realizados durante el mes de septiembre. - Noticias Radio Reflejos\" \/>\n<meta property=\"og:description\" content=\"Dichos trabajos son financiados con Fondos Compensador, Presupuestario, Educativo, SAE (Servicio Alimentario Escolar) y PEED (Programa de Emergencia Educativa), en los siguientes establecimientos educativos:\" \/>\n<meta property=\"og:url\" content=\"https:\/\/www.noticiasradioreflejos.com.ar\/2021\/el-consejo-escolar-de-tornquist-informa-a-la-comunidad-los-trabajos-realizados-durante-el-mes-de-septiembre-2\/\" \/>\n<meta property=\"og:site_name\" content=\"Noticias Radio Reflejos\" \/>\n<meta property=\"article:published_time\" content=\"2023-09-29T19:02:25+00:00\" \/>\n<meta property=\"article:modified_time\" content=\"2023-09-29T19:04:09+00:00\" \/>\n<meta property=\"og:image\" content=\"https:\/\/www.noticiasradioreflejos.com.ar\/2021\/wp-content\/uploads\/2023\/09\/JI905.jpg\" \/>\n\t<meta property=\"og:image:width\" content=\"1600\" \/>\n\t<meta property=\"og:image:height\" content=\"720\" \/>\n\t<meta property=\"og:image:type\" content=\"image\/jpeg\" \/>\n<meta name=\"author\" content=\"Arnaldo Botto\" \/>\n<meta name=\"twitter:card\" content=\"summary_large_image\" \/>\n<script type=\"application\/ld+json\" class=\"yoast-schema-graph\">{\"@context\":\"https:\/\/schema.org\",\"@graph\":[{\"@type\":\"WebPage\",\"@id\":\"https:\/\/www.noticiasradioreflejos.com.ar\/2021\/el-consejo-escolar-de-tornquist-informa-a-la-comunidad-los-trabajos-realizados-durante-el-mes-de-septiembre-2\/\",\"url\":\"https:\/\/www.noticiasradioreflejos.com.ar\/2021\/el-consejo-escolar-de-tornquist-informa-a-la-comunidad-los-trabajos-realizados-durante-el-mes-de-septiembre-2\/\",\"name\":\"El Consejo Escolar de Tornquist informa a la comunidad los trabajos realizados durante el mes de septiembre. - Noticias Radio Reflejos\",\"isPartOf\":{\"@id\":\"https:\/\/www.noticiasradioreflejos.com.ar\/2021\/#website\"},\"primaryImageOfPage\":{\"@id\":\"https:\/\/www.noticiasradioreflejos.com.ar\/2021\/el-consejo-escolar-de-tornquist-informa-a-la-comunidad-los-trabajos-realizados-durante-el-mes-de-septiembre-2\/#primaryimage\"},\"image\":{\"@id\":\"https:\/\/www.noticiasradioreflejos.com.ar\/2021\/el-consejo-escolar-de-tornquist-informa-a-la-comunidad-los-trabajos-realizados-durante-el-mes-de-septiembre-2\/#primaryimage\"},\"thumbnailUrl\":\"https:\/\/www.noticiasradioreflejos.com.ar\/2021\/wp-content\/uploads\/2023\/09\/JI905.jpg\",\"datePublished\":\"2023-09-29T19:02:25+00:00\",\"dateModified\":\"2023-09-29T19:04:09+00:00\",\"author\":{\"@id\":\"https:\/\/www.noticiasradioreflejos.com.ar\/2021\/#\/schema\/person\/ad82545263dcc5ec0996818884fd5fb1\"},\"breadcrumb\":{\"@id\":\"https:\/\/www.noticiasradioreflejos.com.ar\/2021\/el-consejo-escolar-de-tornquist-informa-a-la-comunidad-los-trabajos-realizados-durante-el-mes-de-septiembre-2\/#breadcrumb\"},\"inLanguage\":\"es\",\"potentialAction\":[{\"@type\":\"ReadAction\",\"target\":[\"https:\/\/www.noticiasradioreflejos.com.ar\/2021\/el-consejo-escolar-de-tornquist-informa-a-la-comunidad-los-trabajos-realizados-durante-el-mes-de-septiembre-2\/\"]}]},{\"@type\":\"ImageObject\",\"inLanguage\":\"es\",\"@id\":\"https:\/\/www.noticiasradioreflejos.com.ar\/2021\/el-consejo-escolar-de-tornquist-informa-a-la-comunidad-los-trabajos-realizados-durante-el-mes-de-septiembre-2\/#primaryimage\",\"url\":\"https:\/\/www.noticiasradioreflejos.com.ar\/2021\/wp-content\/uploads\/2023\/09\/JI905.jpg\",\"contentUrl\":\"https:\/\/www.noticiasradioreflejos.com.ar\/2021\/wp-content\/uploads\/2023\/09\/JI905.jpg\",\"width\":1600,\"height\":720},{\"@type\":\"BreadcrumbList\",\"@id\":\"https:\/\/www.noticiasradioreflejos.com.ar\/2021\/el-consejo-escolar-de-tornquist-informa-a-la-comunidad-los-trabajos-realizados-durante-el-mes-de-septiembre-2\/#breadcrumb\",\"itemListElement\":[{\"@type\":\"ListItem\",\"position\":1,\"name\":\"Portada\",\"item\":\"https:\/\/www.noticiasradioreflejos.com.ar\/2021\/\"},{\"@type\":\"ListItem\",\"position\":2,\"name\":\"El Consejo Escolar de Tornquist informa a la comunidad los trabajos realizados durante el mes de septiembre.\"}]},{\"@type\":\"WebSite\",\"@id\":\"https:\/\/www.noticiasradioreflejos.com.ar\/2021\/#website\",\"url\":\"https:\/\/www.noticiasradioreflejos.com.ar\/2021\/\",\"name\":\"Noticias Radio Reflejos\",\"description\":\"Las noticias de mi comarca\",\"potentialAction\":[{\"@type\":\"SearchAction\",\"target\":{\"@type\":\"EntryPoint\",\"urlTemplate\":\"https:\/\/www.noticiasradioreflejos.com.ar\/2021\/?s={search_term_string}\"},\"query-input\":{\"@type\":\"PropertyValueSpecification\",\"valueRequired\":true,\"valueName\":\"search_term_string\"}}],\"inLanguage\":\"es\"},{\"@type\":\"Person\",\"@id\":\"https:\/\/www.noticiasradioreflejos.com.ar\/2021\/#\/schema\/person\/ad82545263dcc5ec0996818884fd5fb1\",\"name\":\"Arnaldo Botto\",\"image\":{\"@type\":\"ImageObject\",\"inLanguage\":\"es\",\"@id\":\"https:\/\/www.noticiasradioreflejos.com.ar\/2021\/#\/schema\/person\/image\/\",\"url\":\"https:\/\/secure.gravatar.com\/avatar\/55cb5e37c1efa326397366e6974cb338056df65cb50e7d64d1cf314e87504837?s=96&d=mm&r=g\",\"contentUrl\":\"https:\/\/secure.gravatar.com\/avatar\/55cb5e37c1efa326397366e6974cb338056df65cb50e7d64d1cf314e87504837?s=96&d=mm&r=g\",\"caption\":\"Arnaldo Botto\"},\"url\":\"https:\/\/www.noticiasradioreflejos.com.ar\/2021\/author\/arnaldo\/\"}]}<\/script>\n<!-- \/ Yoast SEO plugin. -->","yoast_head_json":{"title":"El Consejo Escolar de Tornquist informa a la comunidad los trabajos realizados durante el mes de septiembre. - Noticias Radio Reflejos","robots":{"index":"index","follow":"follow","max-snippet":"max-snippet:-1","max-image-preview":"max-image-preview:large","max-video-preview":"max-video-preview:-1"},"canonical":"https:\/\/www.noticiasradioreflejos.com.ar\/2021\/el-consejo-escolar-de-tornquist-informa-a-la-comunidad-los-trabajos-realizados-durante-el-mes-de-septiembre-2\/","og_locale":"es_ES","og_type":"article","og_title":"El Consejo Escolar de Tornquist informa a la comunidad los trabajos realizados durante el mes de septiembre. - Noticias Radio Reflejos","og_description":"Dichos trabajos son financiados con Fondos Compensador, Presupuestario, Educativo, SAE (Servicio Alimentario Escolar) y PEED (Programa de Emergencia Educativa), en los siguientes establecimientos educativos:","og_url":"https:\/\/www.noticiasradioreflejos.com.ar\/2021\/el-consejo-escolar-de-tornquist-informa-a-la-comunidad-los-trabajos-realizados-durante-el-mes-de-septiembre-2\/","og_site_name":"Noticias Radio Reflejos","article_published_time":"2023-09-29T19:02:25+00:00","article_modified_time":"2023-09-29T19:04:09+00:00","og_image":[{"width":1600,"height":720,"url":"https:\/\/www.noticiasradioreflejos.com.ar\/2021\/wp-content\/uploads\/2023\/09\/JI905.jpg","type":"image\/jpeg"}],"author":"Arnaldo Botto","twitter_card":"summary_large_image","schema":{"@context":"https:\/\/schema.org","@graph":[{"@type":"WebPage","@id":"https:\/\/www.noticiasradioreflejos.com.ar\/2021\/el-consejo-escolar-de-tornquist-informa-a-la-comunidad-los-trabajos-realizados-durante-el-mes-de-septiembre-2\/","url":"https:\/\/www.noticiasradioreflejos.com.ar\/2021\/el-consejo-escolar-de-tornquist-informa-a-la-comunidad-los-trabajos-realizados-durante-el-mes-de-septiembre-2\/","name":"El Consejo Escolar de Tornquist informa a la comunidad los trabajos realizados durante el mes de septiembre. - Noticias Radio Reflejos","isPartOf":{"@id":"https:\/\/www.noticiasradioreflejos.com.ar\/2021\/#website"},"primaryImageOfPage":{"@id":"https:\/\/www.noticiasradioreflejos.com.ar\/2021\/el-consejo-escolar-de-tornquist-informa-a-la-comunidad-los-trabajos-realizados-durante-el-mes-de-septiembre-2\/#primaryimage"},"image":{"@id":"https:\/\/www.noticiasradioreflejos.com.ar\/2021\/el-consejo-escolar-de-tornquist-informa-a-la-comunidad-los-trabajos-realizados-durante-el-mes-de-septiembre-2\/#primaryimage"},"thumbnailUrl":"https:\/\/www.noticiasradioreflejos.com.ar\/2021\/wp-content\/uploads\/2023\/09\/JI905.jpg","datePublished":"2023-09-29T19:02:25+00:00","dateModified":"2023-09-29T19:04:09+00:00","author":{"@id":"https:\/\/www.noticiasradioreflejos.com.ar\/2021\/#\/schema\/person\/ad82545263dcc5ec0996818884fd5fb1"},"breadcrumb":{"@id":"https:\/\/www.noticiasradioreflejos.com.ar\/2021\/el-consejo-escolar-de-tornquist-informa-a-la-comunidad-los-trabajos-realizados-durante-el-mes-de-septiembre-2\/#breadcrumb"},"inLanguage":"es","potentialAction":[{"@type":"ReadAction","target":["https:\/\/www.noticiasradioreflejos.com.ar\/2021\/el-consejo-escolar-de-tornquist-informa-a-la-comunidad-los-trabajos-realizados-durante-el-mes-de-septiembre-2\/"]}]},{"@type":"ImageObject","inLanguage":"es","@id":"https:\/\/www.noticiasradioreflejos.com.ar\/2021\/el-consejo-escolar-de-tornquist-informa-a-la-comunidad-los-trabajos-realizados-durante-el-mes-de-septiembre-2\/#primaryimage","url":"https:\/\/www.noticiasradioreflejos.com.ar\/2021\/wp-content\/uploads\/2023\/09\/JI905.jpg","contentUrl":"https:\/\/www.noticiasradioreflejos.com.ar\/2021\/wp-content\/uploads\/2023\/09\/JI905.jpg","width":1600,"height":720},{"@type":"BreadcrumbList","@id":"https:\/\/www.noticiasradioreflejos.com.ar\/2021\/el-consejo-escolar-de-tornquist-informa-a-la-comunidad-los-trabajos-realizados-durante-el-mes-de-septiembre-2\/#breadcrumb","itemListElement":[{"@type":"ListItem","position":1,"name":"Portada","item":"https:\/\/www.noticiasradioreflejos.com.ar\/2021\/"},{"@type":"ListItem","position":2,"name":"El Consejo Escolar de Tornquist informa a la comunidad los trabajos realizados durante el mes de septiembre."}]},{"@type":"WebSite","@id":"https:\/\/www.noticiasradioreflejos.com.ar\/2021\/#website","url":"https:\/\/www.noticiasradioreflejos.com.ar\/2021\/","name":"Noticias Radio Reflejos","description":"Las noticias de mi comarca","potentialAction":[{"@type":"SearchAction","target":{"@type":"EntryPoint","urlTemplate":"https:\/\/www.noticiasradioreflejos.com.ar\/2021\/?s={search_term_string}"},"query-input":{"@type":"PropertyValueSpecification","valueRequired":true,"valueName":"search_term_string"}}],"inLanguage":"es"},{"@type":"Person","@id":"https:\/\/www.noticiasradioreflejos.com.ar\/2021\/#\/schema\/person\/ad82545263dcc5ec0996818884fd5fb1","name":"Arnaldo Botto","image":{"@type":"ImageObject","inLanguage":"es","@id":"https:\/\/www.noticiasradioreflejos.com.ar\/2021\/#\/schema\/person\/image\/","url":"https:\/\/secure.gravatar.com\/avatar\/55cb5e37c1efa326397366e6974cb338056df65cb50e7d64d1cf314e87504837?s=96&d=mm&r=g","contentUrl":"https:\/\/secure.gravatar.com\/avatar\/55cb5e37c1efa326397366e6974cb338056df65cb50e7d64d1cf314e87504837?s=96&d=mm&r=g","caption":"Arnaldo Botto"},"url":"https:\/\/www.noticiasradioreflejos.com.ar\/2021\/author\/arnaldo\/"}]}},"_links":{"self":[{"href":"https:\/\/www.noticiasradioreflejos.com.ar\/2021\/wp-json\/wp\/v2\/posts\/93449","targetHints":{"allow":["GET"]}}],"collection":[{"href":"https:\/\/www.noticiasradioreflejos.com.ar\/2021\/wp-json\/wp\/v2\/posts"}],"about":[{"href":"https:\/\/www.noticiasradioreflejos.com.ar\/2021\/wp-json\/wp\/v2\/types\/post"}],"author":[{"embeddable":true,"href":"https:\/\/www.noticiasradioreflejos.com.ar\/2021\/wp-json\/wp\/v2\/users\/3"}],"replies":[{"embeddable":true,"href":"https:\/\/www.noticiasradioreflejos.com.ar\/2021\/wp-json\/wp\/v2\/comments?post=93449"}],"version-history":[{"count":3,"href":"https:\/\/www.noticiasradioreflejos.com.ar\/2021\/wp-json\/wp\/v2\/posts\/93449\/revisions"}],"predecessor-version":[{"id":93453,"href":"https:\/\/www.noticiasradioreflejos.com.ar\/2021\/wp-json\/wp\/v2\/posts\/93449\/revisions\/93453"}],"wp:featuredmedia":[{"embeddable":true,"href":"https:\/\/www.noticiasradioreflejos.com.ar\/2021\/wp-json\/wp\/v2\/media\/93450"}],"wp:attachment":[{"href":"https:\/\/www.noticiasradioreflejos.com.ar\/2021\/wp-json\/wp\/v2\/media?parent=93449"}],"wp:term":[{"taxonomy":"category","embeddable":true,"href":"https:\/\/www.noticiasradioreflejos.com.ar\/2021\/wp-json\/wp\/v2\/categories?post=93449"},{"taxonomy":"post_tag","embeddable":true,"href":"https:\/\/www.noticiasradioreflejos.com.ar\/2021\/wp-json\/wp\/v2\/tags?post=93449"}],"curies":[{"name":"wp","href":"https:\/\/api.w.org\/{rel}","templated":true}]}}