{"id":93446,"date":"2023-09-29T18:59:30","date_gmt":"2023-09-29T18:59:30","guid":{"rendered":"https:\/\/www.noticiasradioreflejos.com.ar\/2021\/?p=93446"},"modified":"2023-09-29T18:59:30","modified_gmt":"2023-09-29T18:59:30","slug":"el-departamento-de-arbolado-continua-forestando-junto-a-la-empresa-navarro-john-deer","status":"publish","type":"post","link":"https:\/\/www.noticiasradioreflejos.com.ar\/2021\/el-departamento-de-arbolado-continua-forestando-junto-a-la-empresa-navarro-john-deer\/","title":{"rendered":"El departamento de Arbolado contin\u00faa forestando junto a la empresa Navarro-John Deer"},"content":{"rendered":"<p>Dando continuidad al convenio rubricado por el intendente municipal Sergio Bordoni, junto a la empresa Navarro- John Deer, el Departamento de Arbolado P\u00fablico llev\u00f3 adelante dos jornadas de plantaci\u00f3n en las localidades de Tres Picos y Chasic\u00f3. <!--more--><\/p>\n<p>A trav\u00e9s del programa \u00a1Am\u00e9rica Latina m\u00e1s Verde!; de la empresa, se trabaj\u00f3 sobre el acceso y frente a la escuela de la localidad de Tres Picos, donde se plantaron 30 nuevas plantas: 15 cina cina y 15 cupressuscyparis leylandii.<\/p>\n<p><a data-flickr-embed=\"true\" href=\"https:\/\/www.flickr.com\/photos\/182279889@N02\/53222765025\/in\/dateposted-public\/\" title=\"trespicos1\"><img loading=\"lazy\" decoding=\"async\" src=\"https:\/\/live.staticflickr.com\/65535\/53222765025_d468674748_z.jpg\" width=\"640\" height=\"360\" alt=\"trespicos1\"\/><\/a><script async src=\"\/\/embedr.flickr.com\/assets\/client-code.js\" charset=\"utf-8\"><\/script><\/p>\n<p>En tanto en Chasic\u00f3 se implantaron 2 calden (acceso y plaza), 10 casuarinas, 10 cupressuscyparis leylandii y 8 eucaliptos. Es importante destacar, que, durante la jornada, los alumnos de la Escuela n\u00b024 \u201cManuel Leo\u201d, colaboraron con la plantaci\u00f3n en el marco de un trabajo que realizaron sobre plantas nativas. <\/p>\n<p><a data-flickr-embed=\"true\" href=\"https:\/\/www.flickr.com\/photos\/182279889@N02\/53222571923\/in\/dateposted-public\/\" title=\"Chasico2\"><img loading=\"lazy\" decoding=\"async\" src=\"https:\/\/live.staticflickr.com\/65535\/53222571923_2e94d591d0_z.jpg\" width=\"640\" height=\"480\" alt=\"Chasico2\"\/><\/a><script async src=\"\/\/embedr.flickr.com\/assets\/client-code.js\" charset=\"utf-8\"><\/script><\/p>\n<p>Nuevamente agradecemos a la empresa Navarro-John Deer, por pensar en nuestro municipio para desarrollar este programa, que nos permite de manera mitigar los efectos del cambio clim\u00e1tico a trav\u00e9s de la mejora de los espacios verdes de las distintas localidades. <\/p>\n","protected":false},"excerpt":{"rendered":"<p>Dando continuidad al convenio rubricado por el intendente municipal Sergio Bordoni, junto a la empresa Navarro- John Deer, el Departamento de Arbolado P\u00fablico llev\u00f3 adelante dos jornadas de plantaci\u00f3n en las localidades de Tres Picos y Chasic\u00f3.<\/p>\n","protected":false},"author":3,"featured_media":0,"comment_status":"closed","ping_status":"closed","sticky":false,"template":"","format":"standard","meta":{"footnotes":""},"categories":[28],"tags":[],"class_list":["post-93446","post","type-post","status-publish","format-standard","hentry","category-municipales"],"yoast_head":"<!-- This site is optimized with the Yoast SEO plugin v25.9 - https:\/\/yoast.com\/wordpress\/plugins\/seo\/ -->\n<title>El departamento de Arbolado contin\u00faa forestando junto a la empresa Navarro-John Deer - Noticias Radio Reflejos<\/title>\n<meta name=\"robots\" content=\"index, follow, max-snippet:-1, max-image-preview:large, max-video-preview:-1\" \/>\n<link rel=\"canonical\" href=\"https:\/\/www.noticiasradioreflejos.com.ar\/2021\/el-departamento-de-arbolado-continua-forestando-junto-a-la-empresa-navarro-john-deer\/\" \/>\n<meta property=\"og:locale\" content=\"es_ES\" \/>\n<meta property=\"og:type\" content=\"article\" \/>\n<meta property=\"og:title\" content=\"El departamento de Arbolado contin\u00faa forestando junto a la empresa Navarro-John Deer - Noticias Radio Reflejos\" \/>\n<meta property=\"og:description\" content=\"Dando continuidad al convenio rubricado por el intendente municipal Sergio Bordoni, junto a la empresa Navarro- John Deer, el Departamento de Arbolado P\u00fablico llev\u00f3 adelante dos jornadas de plantaci\u00f3n en las localidades de Tres Picos y Chasic\u00f3.\" \/>\n<meta property=\"og:url\" content=\"https:\/\/www.noticiasradioreflejos.com.ar\/2021\/el-departamento-de-arbolado-continua-forestando-junto-a-la-empresa-navarro-john-deer\/\" \/>\n<meta property=\"og:site_name\" content=\"Noticias Radio Reflejos\" \/>\n<meta property=\"article:published_time\" content=\"2023-09-29T18:59:30+00:00\" \/>\n<meta property=\"og:image\" content=\"https:\/\/live.staticflickr.com\/65535\/53222765025_d468674748_z.jpg\" \/>\n<meta name=\"author\" content=\"Arnaldo Botto\" \/>\n<meta name=\"twitter:card\" content=\"summary_large_image\" \/>\n<script type=\"application\/ld+json\" class=\"yoast-schema-graph\">{\"@context\":\"https:\/\/schema.org\",\"@graph\":[{\"@type\":\"WebPage\",\"@id\":\"https:\/\/www.noticiasradioreflejos.com.ar\/2021\/el-departamento-de-arbolado-continua-forestando-junto-a-la-empresa-navarro-john-deer\/\",\"url\":\"https:\/\/www.noticiasradioreflejos.com.ar\/2021\/el-departamento-de-arbolado-continua-forestando-junto-a-la-empresa-navarro-john-deer\/\",\"name\":\"El departamento de Arbolado contin\u00faa forestando junto a la empresa Navarro-John Deer - Noticias Radio Reflejos\",\"isPartOf\":{\"@id\":\"https:\/\/www.noticiasradioreflejos.com.ar\/2021\/#website\"},\"primaryImageOfPage\":{\"@id\":\"https:\/\/www.noticiasradioreflejos.com.ar\/2021\/el-departamento-de-arbolado-continua-forestando-junto-a-la-empresa-navarro-john-deer\/#primaryimage\"},\"image\":{\"@id\":\"https:\/\/www.noticiasradioreflejos.com.ar\/2021\/el-departamento-de-arbolado-continua-forestando-junto-a-la-empresa-navarro-john-deer\/#primaryimage\"},\"thumbnailUrl\":\"https:\/\/live.staticflickr.com\/65535\/53222765025_d468674748_z.jpg\",\"datePublished\":\"2023-09-29T18:59:30+00:00\",\"author\":{\"@id\":\"https:\/\/www.noticiasradioreflejos.com.ar\/2021\/#\/schema\/person\/ad82545263dcc5ec0996818884fd5fb1\"},\"breadcrumb\":{\"@id\":\"https:\/\/www.noticiasradioreflejos.com.ar\/2021\/el-departamento-de-arbolado-continua-forestando-junto-a-la-empresa-navarro-john-deer\/#breadcrumb\"},\"inLanguage\":\"es\",\"potentialAction\":[{\"@type\":\"ReadAction\",\"target\":[\"https:\/\/www.noticiasradioreflejos.com.ar\/2021\/el-departamento-de-arbolado-continua-forestando-junto-a-la-empresa-navarro-john-deer\/\"]}]},{\"@type\":\"ImageObject\",\"inLanguage\":\"es\",\"@id\":\"https:\/\/www.noticiasradioreflejos.com.ar\/2021\/el-departamento-de-arbolado-continua-forestando-junto-a-la-empresa-navarro-john-deer\/#primaryimage\",\"url\":\"https:\/\/live.staticflickr.com\/65535\/53222765025_d468674748_z.jpg\",\"contentUrl\":\"https:\/\/live.staticflickr.com\/65535\/53222765025_d468674748_z.jpg\"},{\"@type\":\"BreadcrumbList\",\"@id\":\"https:\/\/www.noticiasradioreflejos.com.ar\/2021\/el-departamento-de-arbolado-continua-forestando-junto-a-la-empresa-navarro-john-deer\/#breadcrumb\",\"itemListElement\":[{\"@type\":\"ListItem\",\"position\":1,\"name\":\"Portada\",\"item\":\"https:\/\/www.noticiasradioreflejos.com.ar\/2021\/\"},{\"@type\":\"ListItem\",\"position\":2,\"name\":\"El departamento de Arbolado contin\u00faa forestando junto a la empresa Navarro-John Deer\"}]},{\"@type\":\"WebSite\",\"@id\":\"https:\/\/www.noticiasradioreflejos.com.ar\/2021\/#website\",\"url\":\"https:\/\/www.noticiasradioreflejos.com.ar\/2021\/\",\"name\":\"Noticias Radio Reflejos\",\"description\":\"Las noticias de mi comarca\",\"potentialAction\":[{\"@type\":\"SearchAction\",\"target\":{\"@type\":\"EntryPoint\",\"urlTemplate\":\"https:\/\/www.noticiasradioreflejos.com.ar\/2021\/?s={search_term_string}\"},\"query-input\":{\"@type\":\"PropertyValueSpecification\",\"valueRequired\":true,\"valueName\":\"search_term_string\"}}],\"inLanguage\":\"es\"},{\"@type\":\"Person\",\"@id\":\"https:\/\/www.noticiasradioreflejos.com.ar\/2021\/#\/schema\/person\/ad82545263dcc5ec0996818884fd5fb1\",\"name\":\"Arnaldo Botto\",\"image\":{\"@type\":\"ImageObject\",\"inLanguage\":\"es\",\"@id\":\"https:\/\/www.noticiasradioreflejos.com.ar\/2021\/#\/schema\/person\/image\/\",\"url\":\"https:\/\/secure.gravatar.com\/avatar\/55cb5e37c1efa326397366e6974cb338056df65cb50e7d64d1cf314e87504837?s=96&d=mm&r=g\",\"contentUrl\":\"https:\/\/secure.gravatar.com\/avatar\/55cb5e37c1efa326397366e6974cb338056df65cb50e7d64d1cf314e87504837?s=96&d=mm&r=g\",\"caption\":\"Arnaldo Botto\"},\"url\":\"https:\/\/www.noticiasradioreflejos.com.ar\/2021\/author\/arnaldo\/\"}]}<\/script>\n<!-- \/ Yoast SEO plugin. -->","yoast_head_json":{"title":"El departamento de Arbolado contin\u00faa forestando junto a la empresa Navarro-John Deer - Noticias Radio Reflejos","robots":{"index":"index","follow":"follow","max-snippet":"max-snippet:-1","max-image-preview":"max-image-preview:large","max-video-preview":"max-video-preview:-1"},"canonical":"https:\/\/www.noticiasradioreflejos.com.ar\/2021\/el-departamento-de-arbolado-continua-forestando-junto-a-la-empresa-navarro-john-deer\/","og_locale":"es_ES","og_type":"article","og_title":"El departamento de Arbolado contin\u00faa forestando junto a la empresa Navarro-John Deer - Noticias Radio Reflejos","og_description":"Dando continuidad al convenio rubricado por el intendente municipal Sergio Bordoni, junto a la empresa Navarro- John Deer, el Departamento de Arbolado P\u00fablico llev\u00f3 adelante dos jornadas de plantaci\u00f3n en las localidades de Tres Picos y Chasic\u00f3.","og_url":"https:\/\/www.noticiasradioreflejos.com.ar\/2021\/el-departamento-de-arbolado-continua-forestando-junto-a-la-empresa-navarro-john-deer\/","og_site_name":"Noticias Radio Reflejos","article_published_time":"2023-09-29T18:59:30+00:00","og_image":[{"url":"https:\/\/live.staticflickr.com\/65535\/53222765025_d468674748_z.jpg","type":"","width":"","height":""}],"author":"Arnaldo Botto","twitter_card":"summary_large_image","schema":{"@context":"https:\/\/schema.org","@graph":[{"@type":"WebPage","@id":"https:\/\/www.noticiasradioreflejos.com.ar\/2021\/el-departamento-de-arbolado-continua-forestando-junto-a-la-empresa-navarro-john-deer\/","url":"https:\/\/www.noticiasradioreflejos.com.ar\/2021\/el-departamento-de-arbolado-continua-forestando-junto-a-la-empresa-navarro-john-deer\/","name":"El departamento de Arbolado contin\u00faa forestando junto a la empresa Navarro-John Deer - Noticias Radio Reflejos","isPartOf":{"@id":"https:\/\/www.noticiasradioreflejos.com.ar\/2021\/#website"},"primaryImageOfPage":{"@id":"https:\/\/www.noticiasradioreflejos.com.ar\/2021\/el-departamento-de-arbolado-continua-forestando-junto-a-la-empresa-navarro-john-deer\/#primaryimage"},"image":{"@id":"https:\/\/www.noticiasradioreflejos.com.ar\/2021\/el-departamento-de-arbolado-continua-forestando-junto-a-la-empresa-navarro-john-deer\/#primaryimage"},"thumbnailUrl":"https:\/\/live.staticflickr.com\/65535\/53222765025_d468674748_z.jpg","datePublished":"2023-09-29T18:59:30+00:00","author":{"@id":"https:\/\/www.noticiasradioreflejos.com.ar\/2021\/#\/schema\/person\/ad82545263dcc5ec0996818884fd5fb1"},"breadcrumb":{"@id":"https:\/\/www.noticiasradioreflejos.com.ar\/2021\/el-departamento-de-arbolado-continua-forestando-junto-a-la-empresa-navarro-john-deer\/#breadcrumb"},"inLanguage":"es","potentialAction":[{"@type":"ReadAction","target":["https:\/\/www.noticiasradioreflejos.com.ar\/2021\/el-departamento-de-arbolado-continua-forestando-junto-a-la-empresa-navarro-john-deer\/"]}]},{"@type":"ImageObject","inLanguage":"es","@id":"https:\/\/www.noticiasradioreflejos.com.ar\/2021\/el-departamento-de-arbolado-continua-forestando-junto-a-la-empresa-navarro-john-deer\/#primaryimage","url":"https:\/\/live.staticflickr.com\/65535\/53222765025_d468674748_z.jpg","contentUrl":"https:\/\/live.staticflickr.com\/65535\/53222765025_d468674748_z.jpg"},{"@type":"BreadcrumbList","@id":"https:\/\/www.noticiasradioreflejos.com.ar\/2021\/el-departamento-de-arbolado-continua-forestando-junto-a-la-empresa-navarro-john-deer\/#breadcrumb","itemListElement":[{"@type":"ListItem","position":1,"name":"Portada","item":"https:\/\/www.noticiasradioreflejos.com.ar\/2021\/"},{"@type":"ListItem","position":2,"name":"El departamento de Arbolado contin\u00faa forestando junto a la empresa Navarro-John Deer"}]},{"@type":"WebSite","@id":"https:\/\/www.noticiasradioreflejos.com.ar\/2021\/#website","url":"https:\/\/www.noticiasradioreflejos.com.ar\/2021\/","name":"Noticias Radio Reflejos","description":"Las noticias de mi comarca","potentialAction":[{"@type":"SearchAction","target":{"@type":"EntryPoint","urlTemplate":"https:\/\/www.noticiasradioreflejos.com.ar\/2021\/?s={search_term_string}"},"query-input":{"@type":"PropertyValueSpecification","valueRequired":true,"valueName":"search_term_string"}}],"inLanguage":"es"},{"@type":"Person","@id":"https:\/\/www.noticiasradioreflejos.com.ar\/2021\/#\/schema\/person\/ad82545263dcc5ec0996818884fd5fb1","name":"Arnaldo Botto","image":{"@type":"ImageObject","inLanguage":"es","@id":"https:\/\/www.noticiasradioreflejos.com.ar\/2021\/#\/schema\/person\/image\/","url":"https:\/\/secure.gravatar.com\/avatar\/55cb5e37c1efa326397366e6974cb338056df65cb50e7d64d1cf314e87504837?s=96&d=mm&r=g","contentUrl":"https:\/\/secure.gravatar.com\/avatar\/55cb5e37c1efa326397366e6974cb338056df65cb50e7d64d1cf314e87504837?s=96&d=mm&r=g","caption":"Arnaldo Botto"},"url":"https:\/\/www.noticiasradioreflejos.com.ar\/2021\/author\/arnaldo\/"}]}},"_links":{"self":[{"href":"https:\/\/www.noticiasradioreflejos.com.ar\/2021\/wp-json\/wp\/v2\/posts\/93446","targetHints":{"allow":["GET"]}}],"collection":[{"href":"https:\/\/www.noticiasradioreflejos.com.ar\/2021\/wp-json\/wp\/v2\/posts"}],"about":[{"href":"https:\/\/www.noticiasradioreflejos.com.ar\/2021\/wp-json\/wp\/v2\/types\/post"}],"author":[{"embeddable":true,"href":"https:\/\/www.noticiasradioreflejos.com.ar\/2021\/wp-json\/wp\/v2\/users\/3"}],"replies":[{"embeddable":true,"href":"https:\/\/www.noticiasradioreflejos.com.ar\/2021\/wp-json\/wp\/v2\/comments?post=93446"}],"version-history":[{"count":1,"href":"https:\/\/www.noticiasradioreflejos.com.ar\/2021\/wp-json\/wp\/v2\/posts\/93446\/revisions"}],"predecessor-version":[{"id":93448,"href":"https:\/\/www.noticiasradioreflejos.com.ar\/2021\/wp-json\/wp\/v2\/posts\/93446\/revisions\/93448"}],"wp:attachment":[{"href":"https:\/\/www.noticiasradioreflejos.com.ar\/2021\/wp-json\/wp\/v2\/media?parent=93446"}],"wp:term":[{"taxonomy":"category","embeddable":true,"href":"https:\/\/www.noticiasradioreflejos.com.ar\/2021\/wp-json\/wp\/v2\/categories?post=93446"},{"taxonomy":"post_tag","embeddable":true,"href":"https:\/\/www.noticiasradioreflejos.com.ar\/2021\/wp-json\/wp\/v2\/tags?post=93446"}],"curies":[{"name":"wp","href":"https:\/\/api.w.org\/{rel}","templated":true}]}}