{"id":93426,"date":"2023-09-29T19:57:08","date_gmt":"2023-09-29T19:57:08","guid":{"rendered":"https:\/\/www.noticiasradioreflejos.com.ar\/2021\/?p=93426"},"modified":"2023-09-29T19:57:08","modified_gmt":"2023-09-29T19:57:08","slug":"detalles-del-debate-entre-candidatos-a-intendente-de-esta-tarde","status":"publish","type":"post","link":"https:\/\/www.noticiasradioreflejos.com.ar\/2021\/detalles-del-debate-entre-candidatos-a-intendente-de-esta-tarde\/","title":{"rendered":"Detalles del debate entre candidatos a intendente de esta tarde"},"content":{"rendered":"<p><strong>Ocurrir\u00e1 desde las 19 en la Biblioteca Popular \u201cMariano Moreno\u201d de Sierra de la Ventana<\/strong>. Durar\u00e1 poco m\u00e1s de una hora y ser\u00e1 transmitido por <strong>FM Reflejos, canal 2 de Sierravisi\u00f3n<\/strong> y las redes sociales de la instituci\u00f3n, con posibilidad de que lo tomen gratuitamente los medios.<!--more--><\/p>\n<p>Sin gr\u00e1ficos, ni anotaciones y mucho menos el celular. Solo los tres candidatos, un escritorio para cada una y un pu\u00f1ado de hojas en blanco junto con una lapicera; elementos que les suministrar\u00e1n en la biblioteca misma.<\/p>\n<p>Esas ser\u00e1n las \u00fanicas herramientas disponibles que tendr\u00e1n para s\u00ed (m\u00e1s all\u00e1 de su ret\u00f3rica) Sergio Bordoni, Federico Labarthe y Gabriel Rodr\u00edguez, los cuales desde las 19 debatir\u00e1n en la Biblioteca Popular \u201cMariano Moreno\u201d de Sierra de la ventana.<\/p>\n<p>Dicho encuentro ser\u00e1 transmitido en vivo a trav\u00e9s del Instagram y Facebook de dicha instituci\u00f3n; se\u00f1al que podr\u00e1 ser tomada libremente por los medios de comunicaci\u00f3n que as\u00ed lo deseen.<\/p>\n<p>Seg\u00fan se difundi\u00f3, la idea original es que este debate dure poco m\u00e1s de una hora, bajo la moderaci\u00f3n de Gino Perrone.<\/p>\n<p>El cronograma prev\u00e9 seis \u00e1reas tem\u00e1ticas (\u201cEconom\u00eda y Finanzas\u201d, \u201cEducaci\u00f3n y Cultura\u201d, \u201cDesarrollo social, Diversidad y G\u00e9nero\u201d, \u201cEmpleo, Producci\u00f3n e Infraestructura\u201d, \u201cAmbiente y Vivienda\u201d; \u201cSeguridad y Salud\u201d) adem\u00e1s de un tiempo a preguntas entre candidatos y un espacio posterior a consultas de los vecinos a trav\u00e9s de las redes.<\/p>\n<p>Buscando que esto sea din\u00e1mico y atractivo para el p\u00fablico, las exposiciones no podr\u00e1n pasar los tres minutos, y las respuestas a los cuestionamientos no superar\u00e1n los 60 segundos. Al mismo tiempo cada uno de los intervinientes tendr\u00e1 hasta 2 minutos para dar su introducci\u00f3n.<\/p>\n<p>Previo a todo esto ser\u00e1n sorteados la disposici\u00f3n f\u00edsica en el escenario, el orden en el que van a hablar, como as\u00ed tambi\u00e9n, la disposici\u00f3n de los seis temas.<\/p>\n<p  style=\" margin: 12px auto 6px auto; font-family: Helvetica,Arial,Sans-serif; font-style: normal; font-variant: normal; font-weight: normal; font-size: 14px; line-height: normal; font-size-adjust: none; font-stretch: normal; -x-system-font: none; display: block;\">   <a title=\"View Copia de Reglamento Debate Municipal Tornquist 2023 - Para Candidatos-2 on Scribd\" href=\"https:\/\/www.scribd.com\/document\/674524867\/Copia-de-Reglamento-Debate-Municipal-Tornquist-2023-Para-Candidatos-2#from_embed\"  style=\"text-decoration: underline;\" >Copia de Reglamento Debate Municipal Tornquist 2023 &#8211; Para Candidatos-2<\/a> by <a title=\"View FM Reflejos Sierra de la Ventana's profile on Scribd\" href=\"https:\/\/es.scribd.com\/user\/128459674\/FM-Reflejos-Sierra-de-la-Ventana#from_embed\"  style=\"text-decoration: underline;\" >FM Reflejos Sierra de la Ventana<\/a> on Scribd<\/p>\n<p><iframe loading=\"lazy\" class=\"scribd_iframe_embed\" title=\"Copia de Reglamento Debate Municipal Tornquist 2023 - Para Candidatos-2\" src=\"https:\/\/es.scribd.com\/embeds\/674524867\/content?start_page=1&#038;view_mode=scroll&#038;access_key=key-JZCnPPQ3WIBt0e7A3Tzk\" data-auto-height=\"true\" data-aspect-ratio=\"0.7080062794348508\" scrolling=\"no\" id=\"doc_91739\" width=\"100%\" height=\"600\" frameborder=\"0\"><\/iframe><script type=\"text\/javascript\">(function() { var scribd = document.createElement(\"script\"); scribd.type = \"text\/javascript\"; scribd.async = true; scribd.src = \"https:\/\/es.scribd.com\/javascripts\/embed_code\/inject.js\"; var s = document.getElementsByTagName(\"script\")[0]; s.parentNode.insertBefore(scribd, s); })();<\/script><\/p>\n","protected":false},"excerpt":{"rendered":"<p>Ocurrir\u00e1 desde las 19 en la Biblioteca Popular \u201cMariano Moreno\u201d de Sierra de la Ventana. Durar\u00e1 poco m\u00e1s de una hora y ser\u00e1 transmitido por FM Reflejos, canal 2 de Sierravisi\u00f3n y las redes sociales de la instituci\u00f3n, con posibilidad de que lo tomen gratuitamente los medios.<\/p>\n","protected":false},"author":3,"featured_media":0,"comment_status":"closed","ping_status":"closed","sticky":false,"template":"","format":"standard","meta":{"footnotes":""},"categories":[24],"tags":[48],"class_list":["post-93426","post","type-post","status-publish","format-standard","hentry","category-politica","tag-destacada"],"yoast_head":"<!-- This site is optimized with the Yoast SEO plugin v25.9 - https:\/\/yoast.com\/wordpress\/plugins\/seo\/ -->\n<title>Detalles del debate entre candidatos a intendente de esta tarde - Noticias Radio Reflejos<\/title>\n<meta name=\"robots\" content=\"index, follow, max-snippet:-1, max-image-preview:large, max-video-preview:-1\" \/>\n<link rel=\"canonical\" href=\"https:\/\/www.noticiasradioreflejos.com.ar\/2021\/detalles-del-debate-entre-candidatos-a-intendente-de-esta-tarde\/\" \/>\n<meta property=\"og:locale\" content=\"es_ES\" \/>\n<meta property=\"og:type\" content=\"article\" \/>\n<meta property=\"og:title\" content=\"Detalles del debate entre candidatos a intendente de esta tarde - Noticias Radio Reflejos\" \/>\n<meta property=\"og:description\" content=\"Ocurrir\u00e1 desde las 19 en la Biblioteca Popular \u201cMariano Moreno\u201d de Sierra de la Ventana. Durar\u00e1 poco m\u00e1s de una hora y ser\u00e1 transmitido por FM Reflejos, canal 2 de Sierravisi\u00f3n y las redes sociales de la instituci\u00f3n, con posibilidad de que lo tomen gratuitamente los medios.\" \/>\n<meta property=\"og:url\" content=\"https:\/\/www.noticiasradioreflejos.com.ar\/2021\/detalles-del-debate-entre-candidatos-a-intendente-de-esta-tarde\/\" \/>\n<meta property=\"og:site_name\" content=\"Noticias Radio Reflejos\" \/>\n<meta property=\"article:published_time\" content=\"2023-09-29T19:57:08+00:00\" \/>\n<meta property=\"og:image\" content=\"https:\/\/www.noticiasradioreflejos.com.ar\/2021\/wp-content\/uploads\/2021\/07\/logosol300x200.png\" \/>\n\t<meta property=\"og:image:width\" content=\"300\" \/>\n\t<meta property=\"og:image:height\" content=\"200\" \/>\n\t<meta property=\"og:image:type\" content=\"image\/png\" \/>\n<meta name=\"author\" content=\"Arnaldo Botto\" \/>\n<meta name=\"twitter:card\" content=\"summary_large_image\" \/>\n<script type=\"application\/ld+json\" class=\"yoast-schema-graph\">{\"@context\":\"https:\/\/schema.org\",\"@graph\":[{\"@type\":\"WebPage\",\"@id\":\"https:\/\/www.noticiasradioreflejos.com.ar\/2021\/detalles-del-debate-entre-candidatos-a-intendente-de-esta-tarde\/\",\"url\":\"https:\/\/www.noticiasradioreflejos.com.ar\/2021\/detalles-del-debate-entre-candidatos-a-intendente-de-esta-tarde\/\",\"name\":\"Detalles del debate entre candidatos a intendente de esta tarde - Noticias Radio Reflejos\",\"isPartOf\":{\"@id\":\"https:\/\/www.noticiasradioreflejos.com.ar\/2021\/#website\"},\"datePublished\":\"2023-09-29T19:57:08+00:00\",\"author\":{\"@id\":\"https:\/\/www.noticiasradioreflejos.com.ar\/2021\/#\/schema\/person\/ad82545263dcc5ec0996818884fd5fb1\"},\"breadcrumb\":{\"@id\":\"https:\/\/www.noticiasradioreflejos.com.ar\/2021\/detalles-del-debate-entre-candidatos-a-intendente-de-esta-tarde\/#breadcrumb\"},\"inLanguage\":\"es\",\"potentialAction\":[{\"@type\":\"ReadAction\",\"target\":[\"https:\/\/www.noticiasradioreflejos.com.ar\/2021\/detalles-del-debate-entre-candidatos-a-intendente-de-esta-tarde\/\"]}]},{\"@type\":\"BreadcrumbList\",\"@id\":\"https:\/\/www.noticiasradioreflejos.com.ar\/2021\/detalles-del-debate-entre-candidatos-a-intendente-de-esta-tarde\/#breadcrumb\",\"itemListElement\":[{\"@type\":\"ListItem\",\"position\":1,\"name\":\"Portada\",\"item\":\"https:\/\/www.noticiasradioreflejos.com.ar\/2021\/\"},{\"@type\":\"ListItem\",\"position\":2,\"name\":\"Detalles del debate entre candidatos a intendente de esta tarde\"}]},{\"@type\":\"WebSite\",\"@id\":\"https:\/\/www.noticiasradioreflejos.com.ar\/2021\/#website\",\"url\":\"https:\/\/www.noticiasradioreflejos.com.ar\/2021\/\",\"name\":\"Noticias Radio Reflejos\",\"description\":\"Las noticias de mi comarca\",\"potentialAction\":[{\"@type\":\"SearchAction\",\"target\":{\"@type\":\"EntryPoint\",\"urlTemplate\":\"https:\/\/www.noticiasradioreflejos.com.ar\/2021\/?s={search_term_string}\"},\"query-input\":{\"@type\":\"PropertyValueSpecification\",\"valueRequired\":true,\"valueName\":\"search_term_string\"}}],\"inLanguage\":\"es\"},{\"@type\":\"Person\",\"@id\":\"https:\/\/www.noticiasradioreflejos.com.ar\/2021\/#\/schema\/person\/ad82545263dcc5ec0996818884fd5fb1\",\"name\":\"Arnaldo Botto\",\"image\":{\"@type\":\"ImageObject\",\"inLanguage\":\"es\",\"@id\":\"https:\/\/www.noticiasradioreflejos.com.ar\/2021\/#\/schema\/person\/image\/\",\"url\":\"https:\/\/secure.gravatar.com\/avatar\/55cb5e37c1efa326397366e6974cb338056df65cb50e7d64d1cf314e87504837?s=96&d=mm&r=g\",\"contentUrl\":\"https:\/\/secure.gravatar.com\/avatar\/55cb5e37c1efa326397366e6974cb338056df65cb50e7d64d1cf314e87504837?s=96&d=mm&r=g\",\"caption\":\"Arnaldo Botto\"},\"url\":\"https:\/\/www.noticiasradioreflejos.com.ar\/2021\/author\/arnaldo\/\"}]}<\/script>\n<!-- \/ Yoast SEO plugin. -->","yoast_head_json":{"title":"Detalles del debate entre candidatos a intendente de esta tarde - Noticias Radio Reflejos","robots":{"index":"index","follow":"follow","max-snippet":"max-snippet:-1","max-image-preview":"max-image-preview:large","max-video-preview":"max-video-preview:-1"},"canonical":"https:\/\/www.noticiasradioreflejos.com.ar\/2021\/detalles-del-debate-entre-candidatos-a-intendente-de-esta-tarde\/","og_locale":"es_ES","og_type":"article","og_title":"Detalles del debate entre candidatos a intendente de esta tarde - Noticias Radio Reflejos","og_description":"Ocurrir\u00e1 desde las 19 en la Biblioteca Popular \u201cMariano Moreno\u201d de Sierra de la Ventana. Durar\u00e1 poco m\u00e1s de una hora y ser\u00e1 transmitido por FM Reflejos, canal 2 de Sierravisi\u00f3n y las redes sociales de la instituci\u00f3n, con posibilidad de que lo tomen gratuitamente los medios.","og_url":"https:\/\/www.noticiasradioreflejos.com.ar\/2021\/detalles-del-debate-entre-candidatos-a-intendente-de-esta-tarde\/","og_site_name":"Noticias Radio Reflejos","article_published_time":"2023-09-29T19:57:08+00:00","og_image":[{"width":300,"height":200,"url":"https:\/\/www.noticiasradioreflejos.com.ar\/2021\/wp-content\/uploads\/2021\/07\/logosol300x200.png","type":"image\/png"}],"author":"Arnaldo Botto","twitter_card":"summary_large_image","schema":{"@context":"https:\/\/schema.org","@graph":[{"@type":"WebPage","@id":"https:\/\/www.noticiasradioreflejos.com.ar\/2021\/detalles-del-debate-entre-candidatos-a-intendente-de-esta-tarde\/","url":"https:\/\/www.noticiasradioreflejos.com.ar\/2021\/detalles-del-debate-entre-candidatos-a-intendente-de-esta-tarde\/","name":"Detalles del debate entre candidatos a intendente de esta tarde - Noticias Radio Reflejos","isPartOf":{"@id":"https:\/\/www.noticiasradioreflejos.com.ar\/2021\/#website"},"datePublished":"2023-09-29T19:57:08+00:00","author":{"@id":"https:\/\/www.noticiasradioreflejos.com.ar\/2021\/#\/schema\/person\/ad82545263dcc5ec0996818884fd5fb1"},"breadcrumb":{"@id":"https:\/\/www.noticiasradioreflejos.com.ar\/2021\/detalles-del-debate-entre-candidatos-a-intendente-de-esta-tarde\/#breadcrumb"},"inLanguage":"es","potentialAction":[{"@type":"ReadAction","target":["https:\/\/www.noticiasradioreflejos.com.ar\/2021\/detalles-del-debate-entre-candidatos-a-intendente-de-esta-tarde\/"]}]},{"@type":"BreadcrumbList","@id":"https:\/\/www.noticiasradioreflejos.com.ar\/2021\/detalles-del-debate-entre-candidatos-a-intendente-de-esta-tarde\/#breadcrumb","itemListElement":[{"@type":"ListItem","position":1,"name":"Portada","item":"https:\/\/www.noticiasradioreflejos.com.ar\/2021\/"},{"@type":"ListItem","position":2,"name":"Detalles del debate entre candidatos a intendente de esta tarde"}]},{"@type":"WebSite","@id":"https:\/\/www.noticiasradioreflejos.com.ar\/2021\/#website","url":"https:\/\/www.noticiasradioreflejos.com.ar\/2021\/","name":"Noticias Radio Reflejos","description":"Las noticias de mi comarca","potentialAction":[{"@type":"SearchAction","target":{"@type":"EntryPoint","urlTemplate":"https:\/\/www.noticiasradioreflejos.com.ar\/2021\/?s={search_term_string}"},"query-input":{"@type":"PropertyValueSpecification","valueRequired":true,"valueName":"search_term_string"}}],"inLanguage":"es"},{"@type":"Person","@id":"https:\/\/www.noticiasradioreflejos.com.ar\/2021\/#\/schema\/person\/ad82545263dcc5ec0996818884fd5fb1","name":"Arnaldo Botto","image":{"@type":"ImageObject","inLanguage":"es","@id":"https:\/\/www.noticiasradioreflejos.com.ar\/2021\/#\/schema\/person\/image\/","url":"https:\/\/secure.gravatar.com\/avatar\/55cb5e37c1efa326397366e6974cb338056df65cb50e7d64d1cf314e87504837?s=96&d=mm&r=g","contentUrl":"https:\/\/secure.gravatar.com\/avatar\/55cb5e37c1efa326397366e6974cb338056df65cb50e7d64d1cf314e87504837?s=96&d=mm&r=g","caption":"Arnaldo Botto"},"url":"https:\/\/www.noticiasradioreflejos.com.ar\/2021\/author\/arnaldo\/"}]}},"_links":{"self":[{"href":"https:\/\/www.noticiasradioreflejos.com.ar\/2021\/wp-json\/wp\/v2\/posts\/93426","targetHints":{"allow":["GET"]}}],"collection":[{"href":"https:\/\/www.noticiasradioreflejos.com.ar\/2021\/wp-json\/wp\/v2\/posts"}],"about":[{"href":"https:\/\/www.noticiasradioreflejos.com.ar\/2021\/wp-json\/wp\/v2\/types\/post"}],"author":[{"embeddable":true,"href":"https:\/\/www.noticiasradioreflejos.com.ar\/2021\/wp-json\/wp\/v2\/users\/3"}],"replies":[{"embeddable":true,"href":"https:\/\/www.noticiasradioreflejos.com.ar\/2021\/wp-json\/wp\/v2\/comments?post=93426"}],"version-history":[{"count":3,"href":"https:\/\/www.noticiasradioreflejos.com.ar\/2021\/wp-json\/wp\/v2\/posts\/93426\/revisions"}],"predecessor-version":[{"id":93455,"href":"https:\/\/www.noticiasradioreflejos.com.ar\/2021\/wp-json\/wp\/v2\/posts\/93426\/revisions\/93455"}],"wp:attachment":[{"href":"https:\/\/www.noticiasradioreflejos.com.ar\/2021\/wp-json\/wp\/v2\/media?parent=93426"}],"wp:term":[{"taxonomy":"category","embeddable":true,"href":"https:\/\/www.noticiasradioreflejos.com.ar\/2021\/wp-json\/wp\/v2\/categories?post=93426"},{"taxonomy":"post_tag","embeddable":true,"href":"https:\/\/www.noticiasradioreflejos.com.ar\/2021\/wp-json\/wp\/v2\/tags?post=93426"}],"curies":[{"name":"wp","href":"https:\/\/api.w.org\/{rel}","templated":true}]}}