{"id":9341,"date":"2017-04-24T08:09:53","date_gmt":"2017-04-24T11:09:53","guid":{"rendered":"http:\/\/noticiasradioreflejos.com.ar\/noticias\/?p=9341"},"modified":"2017-04-24T08:09:53","modified_gmt":"2017-04-24T11:09:53","slug":"el-frente-renovador-de-tornquist-participo-de-una-jornada-de-capacitacion-en-bahia-blanca","status":"publish","type":"post","link":"https:\/\/www.noticiasradioreflejos.com.ar\/2021\/el-frente-renovador-de-tornquist-participo-de-una-jornada-de-capacitacion-en-bahia-blanca\/","title":{"rendered":"El Frente Renovador de Tornquist particip\u00f3 de una jornada de capacitaci\u00f3n en Bah\u00eda Blanca."},"content":{"rendered":"<p><a title=\"Jornada Paridad 3\" href=\"http:\/\/farm5.staticflickr.com\/4181\/34238948555_faa83ef0b4.jpg\" rel=\"\"><img loading=\"lazy\" decoding=\"async\" class=\"alignleft\" style=\"float: left;\" title=\"Jornada Paridad 3\" src=\"http:\/\/farm5.staticflickr.com\/4181\/34238948555_faa83ef0b4.jpg\" alt=\"Jornada Paridad 3\" width=\"500\" height=\"281\" \/><\/a>El Frente Renovador Tornquist, representados por Luc\u00eda Alc\u00e1ntara, Mar\u00eda Cristina Maldonado y Carlos Dana, participaron en la Jornada sobre Paridad, Redes Sociales y el Rol de la Mujer en la Pol\u00edtica y en los Gremios que se realiz\u00f3 en Bah\u00eda Blanca.<br \/>\nEn la misma, disertaron Miguel Ag\u00fcero, Marcela Durrieu, Mar\u00eda Marta Corrado y Norma Stroili Mendoza.<br \/>\nAs\u00ed como en este caso, las actividades del FR Tornquist contin\u00faan llev\u00e1ndose adelante en conjunto con las instituciones intermedias del Distrito.<br \/>\n<a title=\"Jornada Paridad 1\" href=\"http:\/\/farm3.staticflickr.com\/2920\/34082246032_c7f9ba729e_z.jpg\" rel=\"\"><img loading=\"lazy\" decoding=\"async\" class=\"aligncenter\" title=\"Jornada Paridad 1\" src=\"http:\/\/farm3.staticflickr.com\/2920\/34082246032_c7f9ba729e_z.jpg\" alt=\"Jornada Paridad 1\" width=\"640\" height=\"360\" \/><\/a><\/p>\n","protected":false},"excerpt":{"rendered":"<p>El Frente Renovador Tornquist, representados por Luc\u00eda Alc\u00e1ntara, Mar\u00eda Cristina Maldonado y Carlos Dana, participaron en la Jornada sobre Paridad, Redes Sociales y el Rol de la Mujer en la Pol\u00edtica y en los Gremios que se realiz\u00f3 en Bah\u00eda Blanca. En la misma, disertaron Miguel Ag\u00fcero, Marcela Durrieu, Mar\u00eda Marta Corrado y Norma Stroili [&hellip;]<\/p>\n","protected":false},"author":3,"featured_media":0,"comment_status":"closed","ping_status":"open","sticky":false,"template":"","format":"standard","meta":{"footnotes":""},"categories":[24],"tags":[],"class_list":["post-9341","post","type-post","status-publish","format-standard","hentry","category-politica"],"yoast_head":"<!-- This site is optimized with the Yoast SEO plugin v25.9 - https:\/\/yoast.com\/wordpress\/plugins\/seo\/ -->\n<title>El Frente Renovador de Tornquist particip\u00f3 de una jornada de capacitaci\u00f3n en Bah\u00eda Blanca. - Noticias Radio Reflejos<\/title>\n<meta name=\"robots\" content=\"index, follow, max-snippet:-1, max-image-preview:large, max-video-preview:-1\" \/>\n<link rel=\"canonical\" href=\"https:\/\/www.noticiasradioreflejos.com.ar\/2021\/el-frente-renovador-de-tornquist-participo-de-una-jornada-de-capacitacion-en-bahia-blanca\/\" \/>\n<meta property=\"og:locale\" content=\"es_ES\" \/>\n<meta property=\"og:type\" content=\"article\" \/>\n<meta property=\"og:title\" content=\"El Frente Renovador de Tornquist particip\u00f3 de una jornada de capacitaci\u00f3n en Bah\u00eda Blanca. - Noticias Radio Reflejos\" \/>\n<meta property=\"og:description\" content=\"El Frente Renovador Tornquist, representados por Luc\u00eda Alc\u00e1ntara, Mar\u00eda Cristina Maldonado y Carlos Dana, participaron en la Jornada sobre Paridad, Redes Sociales y el Rol de la Mujer en la Pol\u00edtica y en los Gremios que se realiz\u00f3 en Bah\u00eda Blanca. En la misma, disertaron Miguel Ag\u00fcero, Marcela Durrieu, Mar\u00eda Marta Corrado y Norma Stroili [&hellip;]\" \/>\n<meta property=\"og:url\" content=\"https:\/\/www.noticiasradioreflejos.com.ar\/2021\/el-frente-renovador-de-tornquist-participo-de-una-jornada-de-capacitacion-en-bahia-blanca\/\" \/>\n<meta property=\"og:site_name\" content=\"Noticias Radio Reflejos\" \/>\n<meta property=\"article:published_time\" content=\"2017-04-24T11:09:53+00:00\" \/>\n<meta property=\"og:image\" content=\"http:\/\/farm5.staticflickr.com\/4181\/34238948555_faa83ef0b4.jpg\" \/>\n<meta name=\"author\" content=\"Arnaldo Botto\" \/>\n<meta name=\"twitter:card\" content=\"summary_large_image\" \/>\n<script type=\"application\/ld+json\" class=\"yoast-schema-graph\">{\"@context\":\"https:\/\/schema.org\",\"@graph\":[{\"@type\":\"WebPage\",\"@id\":\"https:\/\/www.noticiasradioreflejos.com.ar\/2021\/el-frente-renovador-de-tornquist-participo-de-una-jornada-de-capacitacion-en-bahia-blanca\/\",\"url\":\"https:\/\/www.noticiasradioreflejos.com.ar\/2021\/el-frente-renovador-de-tornquist-participo-de-una-jornada-de-capacitacion-en-bahia-blanca\/\",\"name\":\"El Frente Renovador de Tornquist particip\u00f3 de una jornada de capacitaci\u00f3n en Bah\u00eda Blanca. - Noticias Radio Reflejos\",\"isPartOf\":{\"@id\":\"https:\/\/www.noticiasradioreflejos.com.ar\/2021\/#website\"},\"primaryImageOfPage\":{\"@id\":\"https:\/\/www.noticiasradioreflejos.com.ar\/2021\/el-frente-renovador-de-tornquist-participo-de-una-jornada-de-capacitacion-en-bahia-blanca\/#primaryimage\"},\"image\":{\"@id\":\"https:\/\/www.noticiasradioreflejos.com.ar\/2021\/el-frente-renovador-de-tornquist-participo-de-una-jornada-de-capacitacion-en-bahia-blanca\/#primaryimage\"},\"thumbnailUrl\":\"http:\/\/farm5.staticflickr.com\/4181\/34238948555_faa83ef0b4.jpg\",\"datePublished\":\"2017-04-24T11:09:53+00:00\",\"author\":{\"@id\":\"https:\/\/www.noticiasradioreflejos.com.ar\/2021\/#\/schema\/person\/ad82545263dcc5ec0996818884fd5fb1\"},\"breadcrumb\":{\"@id\":\"https:\/\/www.noticiasradioreflejos.com.ar\/2021\/el-frente-renovador-de-tornquist-participo-de-una-jornada-de-capacitacion-en-bahia-blanca\/#breadcrumb\"},\"inLanguage\":\"es\",\"potentialAction\":[{\"@type\":\"ReadAction\",\"target\":[\"https:\/\/www.noticiasradioreflejos.com.ar\/2021\/el-frente-renovador-de-tornquist-participo-de-una-jornada-de-capacitacion-en-bahia-blanca\/\"]}]},{\"@type\":\"ImageObject\",\"inLanguage\":\"es\",\"@id\":\"https:\/\/www.noticiasradioreflejos.com.ar\/2021\/el-frente-renovador-de-tornquist-participo-de-una-jornada-de-capacitacion-en-bahia-blanca\/#primaryimage\",\"url\":\"http:\/\/farm5.staticflickr.com\/4181\/34238948555_faa83ef0b4.jpg\",\"contentUrl\":\"http:\/\/farm5.staticflickr.com\/4181\/34238948555_faa83ef0b4.jpg\"},{\"@type\":\"BreadcrumbList\",\"@id\":\"https:\/\/www.noticiasradioreflejos.com.ar\/2021\/el-frente-renovador-de-tornquist-participo-de-una-jornada-de-capacitacion-en-bahia-blanca\/#breadcrumb\",\"itemListElement\":[{\"@type\":\"ListItem\",\"position\":1,\"name\":\"Portada\",\"item\":\"https:\/\/www.noticiasradioreflejos.com.ar\/2021\/\"},{\"@type\":\"ListItem\",\"position\":2,\"name\":\"El Frente Renovador de Tornquist particip\u00f3 de una jornada de capacitaci\u00f3n en Bah\u00eda Blanca.\"}]},{\"@type\":\"WebSite\",\"@id\":\"https:\/\/www.noticiasradioreflejos.com.ar\/2021\/#website\",\"url\":\"https:\/\/www.noticiasradioreflejos.com.ar\/2021\/\",\"name\":\"Noticias Radio Reflejos\",\"description\":\"Las noticias de mi comarca\",\"potentialAction\":[{\"@type\":\"SearchAction\",\"target\":{\"@type\":\"EntryPoint\",\"urlTemplate\":\"https:\/\/www.noticiasradioreflejos.com.ar\/2021\/?s={search_term_string}\"},\"query-input\":{\"@type\":\"PropertyValueSpecification\",\"valueRequired\":true,\"valueName\":\"search_term_string\"}}],\"inLanguage\":\"es\"},{\"@type\":\"Person\",\"@id\":\"https:\/\/www.noticiasradioreflejos.com.ar\/2021\/#\/schema\/person\/ad82545263dcc5ec0996818884fd5fb1\",\"name\":\"Arnaldo Botto\",\"image\":{\"@type\":\"ImageObject\",\"inLanguage\":\"es\",\"@id\":\"https:\/\/www.noticiasradioreflejos.com.ar\/2021\/#\/schema\/person\/image\/\",\"url\":\"https:\/\/secure.gravatar.com\/avatar\/55cb5e37c1efa326397366e6974cb338056df65cb50e7d64d1cf314e87504837?s=96&d=mm&r=g\",\"contentUrl\":\"https:\/\/secure.gravatar.com\/avatar\/55cb5e37c1efa326397366e6974cb338056df65cb50e7d64d1cf314e87504837?s=96&d=mm&r=g\",\"caption\":\"Arnaldo Botto\"},\"url\":\"https:\/\/www.noticiasradioreflejos.com.ar\/2021\/author\/arnaldo\/\"}]}<\/script>\n<!-- \/ Yoast SEO plugin. -->","yoast_head_json":{"title":"El Frente Renovador de Tornquist particip\u00f3 de una jornada de capacitaci\u00f3n en Bah\u00eda Blanca. - Noticias Radio Reflejos","robots":{"index":"index","follow":"follow","max-snippet":"max-snippet:-1","max-image-preview":"max-image-preview:large","max-video-preview":"max-video-preview:-1"},"canonical":"https:\/\/www.noticiasradioreflejos.com.ar\/2021\/el-frente-renovador-de-tornquist-participo-de-una-jornada-de-capacitacion-en-bahia-blanca\/","og_locale":"es_ES","og_type":"article","og_title":"El Frente Renovador de Tornquist particip\u00f3 de una jornada de capacitaci\u00f3n en Bah\u00eda Blanca. - Noticias Radio Reflejos","og_description":"El Frente Renovador Tornquist, representados por Luc\u00eda Alc\u00e1ntara, Mar\u00eda Cristina Maldonado y Carlos Dana, participaron en la Jornada sobre Paridad, Redes Sociales y el Rol de la Mujer en la Pol\u00edtica y en los Gremios que se realiz\u00f3 en Bah\u00eda Blanca. En la misma, disertaron Miguel Ag\u00fcero, Marcela Durrieu, Mar\u00eda Marta Corrado y Norma Stroili [&hellip;]","og_url":"https:\/\/www.noticiasradioreflejos.com.ar\/2021\/el-frente-renovador-de-tornquist-participo-de-una-jornada-de-capacitacion-en-bahia-blanca\/","og_site_name":"Noticias Radio Reflejos","article_published_time":"2017-04-24T11:09:53+00:00","og_image":[{"url":"http:\/\/farm5.staticflickr.com\/4181\/34238948555_faa83ef0b4.jpg","type":"","width":"","height":""}],"author":"Arnaldo Botto","twitter_card":"summary_large_image","schema":{"@context":"https:\/\/schema.org","@graph":[{"@type":"WebPage","@id":"https:\/\/www.noticiasradioreflejos.com.ar\/2021\/el-frente-renovador-de-tornquist-participo-de-una-jornada-de-capacitacion-en-bahia-blanca\/","url":"https:\/\/www.noticiasradioreflejos.com.ar\/2021\/el-frente-renovador-de-tornquist-participo-de-una-jornada-de-capacitacion-en-bahia-blanca\/","name":"El Frente Renovador de Tornquist particip\u00f3 de una jornada de capacitaci\u00f3n en Bah\u00eda Blanca. - Noticias Radio Reflejos","isPartOf":{"@id":"https:\/\/www.noticiasradioreflejos.com.ar\/2021\/#website"},"primaryImageOfPage":{"@id":"https:\/\/www.noticiasradioreflejos.com.ar\/2021\/el-frente-renovador-de-tornquist-participo-de-una-jornada-de-capacitacion-en-bahia-blanca\/#primaryimage"},"image":{"@id":"https:\/\/www.noticiasradioreflejos.com.ar\/2021\/el-frente-renovador-de-tornquist-participo-de-una-jornada-de-capacitacion-en-bahia-blanca\/#primaryimage"},"thumbnailUrl":"http:\/\/farm5.staticflickr.com\/4181\/34238948555_faa83ef0b4.jpg","datePublished":"2017-04-24T11:09:53+00:00","author":{"@id":"https:\/\/www.noticiasradioreflejos.com.ar\/2021\/#\/schema\/person\/ad82545263dcc5ec0996818884fd5fb1"},"breadcrumb":{"@id":"https:\/\/www.noticiasradioreflejos.com.ar\/2021\/el-frente-renovador-de-tornquist-participo-de-una-jornada-de-capacitacion-en-bahia-blanca\/#breadcrumb"},"inLanguage":"es","potentialAction":[{"@type":"ReadAction","target":["https:\/\/www.noticiasradioreflejos.com.ar\/2021\/el-frente-renovador-de-tornquist-participo-de-una-jornada-de-capacitacion-en-bahia-blanca\/"]}]},{"@type":"ImageObject","inLanguage":"es","@id":"https:\/\/www.noticiasradioreflejos.com.ar\/2021\/el-frente-renovador-de-tornquist-participo-de-una-jornada-de-capacitacion-en-bahia-blanca\/#primaryimage","url":"http:\/\/farm5.staticflickr.com\/4181\/34238948555_faa83ef0b4.jpg","contentUrl":"http:\/\/farm5.staticflickr.com\/4181\/34238948555_faa83ef0b4.jpg"},{"@type":"BreadcrumbList","@id":"https:\/\/www.noticiasradioreflejos.com.ar\/2021\/el-frente-renovador-de-tornquist-participo-de-una-jornada-de-capacitacion-en-bahia-blanca\/#breadcrumb","itemListElement":[{"@type":"ListItem","position":1,"name":"Portada","item":"https:\/\/www.noticiasradioreflejos.com.ar\/2021\/"},{"@type":"ListItem","position":2,"name":"El Frente Renovador de Tornquist particip\u00f3 de una jornada de capacitaci\u00f3n en Bah\u00eda Blanca."}]},{"@type":"WebSite","@id":"https:\/\/www.noticiasradioreflejos.com.ar\/2021\/#website","url":"https:\/\/www.noticiasradioreflejos.com.ar\/2021\/","name":"Noticias Radio Reflejos","description":"Las noticias de mi comarca","potentialAction":[{"@type":"SearchAction","target":{"@type":"EntryPoint","urlTemplate":"https:\/\/www.noticiasradioreflejos.com.ar\/2021\/?s={search_term_string}"},"query-input":{"@type":"PropertyValueSpecification","valueRequired":true,"valueName":"search_term_string"}}],"inLanguage":"es"},{"@type":"Person","@id":"https:\/\/www.noticiasradioreflejos.com.ar\/2021\/#\/schema\/person\/ad82545263dcc5ec0996818884fd5fb1","name":"Arnaldo Botto","image":{"@type":"ImageObject","inLanguage":"es","@id":"https:\/\/www.noticiasradioreflejos.com.ar\/2021\/#\/schema\/person\/image\/","url":"https:\/\/secure.gravatar.com\/avatar\/55cb5e37c1efa326397366e6974cb338056df65cb50e7d64d1cf314e87504837?s=96&d=mm&r=g","contentUrl":"https:\/\/secure.gravatar.com\/avatar\/55cb5e37c1efa326397366e6974cb338056df65cb50e7d64d1cf314e87504837?s=96&d=mm&r=g","caption":"Arnaldo Botto"},"url":"https:\/\/www.noticiasradioreflejos.com.ar\/2021\/author\/arnaldo\/"}]}},"_links":{"self":[{"href":"https:\/\/www.noticiasradioreflejos.com.ar\/2021\/wp-json\/wp\/v2\/posts\/9341","targetHints":{"allow":["GET"]}}],"collection":[{"href":"https:\/\/www.noticiasradioreflejos.com.ar\/2021\/wp-json\/wp\/v2\/posts"}],"about":[{"href":"https:\/\/www.noticiasradioreflejos.com.ar\/2021\/wp-json\/wp\/v2\/types\/post"}],"author":[{"embeddable":true,"href":"https:\/\/www.noticiasradioreflejos.com.ar\/2021\/wp-json\/wp\/v2\/users\/3"}],"replies":[{"embeddable":true,"href":"https:\/\/www.noticiasradioreflejos.com.ar\/2021\/wp-json\/wp\/v2\/comments?post=9341"}],"version-history":[{"count":0,"href":"https:\/\/www.noticiasradioreflejos.com.ar\/2021\/wp-json\/wp\/v2\/posts\/9341\/revisions"}],"wp:attachment":[{"href":"https:\/\/www.noticiasradioreflejos.com.ar\/2021\/wp-json\/wp\/v2\/media?parent=9341"}],"wp:term":[{"taxonomy":"category","embeddable":true,"href":"https:\/\/www.noticiasradioreflejos.com.ar\/2021\/wp-json\/wp\/v2\/categories?post=9341"},{"taxonomy":"post_tag","embeddable":true,"href":"https:\/\/www.noticiasradioreflejos.com.ar\/2021\/wp-json\/wp\/v2\/tags?post=9341"}],"curies":[{"name":"wp","href":"https:\/\/api.w.org\/{rel}","templated":true}]}}