{"id":9338,"date":"2017-04-24T08:02:06","date_gmt":"2017-04-24T11:02:06","guid":{"rendered":"http:\/\/noticiasradioreflejos.com.ar\/noticias\/?p=9338"},"modified":"2017-04-24T08:02:06","modified_gmt":"2017-04-24T11:02:06","slug":"homenaje-a-los-navegantes-de-la-guerra-de-malvinas-y-al-crucero-belgrano","status":"publish","type":"post","link":"https:\/\/www.noticiasradioreflejos.com.ar\/2021\/homenaje-a-los-navegantes-de-la-guerra-de-malvinas-y-al-crucero-belgrano\/","title":{"rendered":"Homenaje a los navegantes de la Guerra de Malvinas y al Crucero Belgrano."},"content":{"rendered":"<p>S\u00e1bado,29, domingo 30 y lunes 1\u00b0 de mayo. Organizan conjuntamente el Consorcio de Gesti\u00f3n y los Veteranos de Guerra.<br \/>\nHabr\u00e1 visita a barcos de guerra, muestras militares y el domingo a las once una misa de campa\u00f1a por los ca\u00eddos.<!--more--><br \/>\nA partir del pr\u00f3ximo s\u00e1bado 29 en el puerto de ingeniero White, un homenaje al crucero \u201cGeneral Belgrano\u201d; al submarino \u201cSanta Fe\u201d, aviso ARA \u201cAlf\u00e9rez Sobral\u201d, la corbeta \u201cGuerrico\u201d y al resto de las unidades y dotaciones de la Flota de Mar. A los tripulantes y fallecido del pesquero \u201cNarwal\u201d, Guardacostas GC-83 \u00abR\u00edo Iguaz\u00fa\u00bb de la Prefectura Naval y su tripulaci\u00f3n, a los hombres, mujeres y nav\u00edos de la Marina Mercante Nacional y a todos los civiles del carguero \u201cIsla de los Estados\u201d hundido en Puerto Argentino.<br \/>\nSe invita a la comunidad a visitar en muelle a la corbeta \u201cSpiro\u201d y al aviso \u201cTeniente Olivieri\u201d, ambos de la Armada Argentina y a un remolcador de la Flota Mercante. Paralelamente se podr\u00e1 recorrer una exposici\u00f3n del Comando de Infanter\u00eda de Marina y de la Aviaci\u00f3n Naval.<br \/>\nServicio de cantina a cargo de los Scouts Ernesto Pilling.<br \/>\nFinalmente el martes dos de mayo, a las 16, en la plaza \u201cH\u00e9roes de Malvinas\u201d sobre la calle V\u00e9lez Sarsfield dentro del ejido portuario se llevar\u00e1 a cabo la ceremonia central de homenaje. Previamente, a las 14.30, autoridades e invitados participar\u00e1n en las aguas del estuario de una invocaci\u00f3n religiosa y del lanzamiento de ofrendas florales al mar.<\/p>\n","protected":false},"excerpt":{"rendered":"<p>S\u00e1bado,29, domingo 30 y lunes 1\u00b0 de mayo. Organizan conjuntamente el Consorcio de Gesti\u00f3n y los Veteranos de Guerra. Habr\u00e1 visita a barcos de guerra, muestras militares y el domingo a las once una misa de campa\u00f1a por los ca\u00eddos.<\/p>\n","protected":false},"author":3,"featured_media":0,"comment_status":"closed","ping_status":"open","sticky":false,"template":"","format":"standard","meta":{"footnotes":""},"categories":[26],"tags":[],"class_list":["post-9338","post","type-post","status-publish","format-standard","hentry","category-sociedad"],"yoast_head":"<!-- This site is optimized with the Yoast SEO plugin v25.9 - https:\/\/yoast.com\/wordpress\/plugins\/seo\/ -->\n<title>Homenaje a los navegantes de la Guerra de Malvinas y al Crucero Belgrano. - Noticias Radio Reflejos<\/title>\n<meta name=\"robots\" content=\"index, follow, max-snippet:-1, max-image-preview:large, max-video-preview:-1\" \/>\n<link rel=\"canonical\" href=\"https:\/\/www.noticiasradioreflejos.com.ar\/2021\/homenaje-a-los-navegantes-de-la-guerra-de-malvinas-y-al-crucero-belgrano\/\" \/>\n<meta property=\"og:locale\" content=\"es_ES\" \/>\n<meta property=\"og:type\" content=\"article\" \/>\n<meta property=\"og:title\" content=\"Homenaje a los navegantes de la Guerra de Malvinas y al Crucero Belgrano. - Noticias Radio Reflejos\" \/>\n<meta property=\"og:description\" content=\"S\u00e1bado,29, domingo 30 y lunes 1\u00b0 de mayo. Organizan conjuntamente el Consorcio de Gesti\u00f3n y los Veteranos de Guerra. Habr\u00e1 visita a barcos de guerra, muestras militares y el domingo a las once una misa de campa\u00f1a por los ca\u00eddos.\" \/>\n<meta property=\"og:url\" content=\"https:\/\/www.noticiasradioreflejos.com.ar\/2021\/homenaje-a-los-navegantes-de-la-guerra-de-malvinas-y-al-crucero-belgrano\/\" \/>\n<meta property=\"og:site_name\" content=\"Noticias Radio Reflejos\" \/>\n<meta property=\"article:published_time\" content=\"2017-04-24T11:02:06+00:00\" \/>\n<meta property=\"og:image\" content=\"https:\/\/www.noticiasradioreflejos.com.ar\/2021\/wp-content\/uploads\/2021\/07\/logosol300x200.png\" \/>\n\t<meta property=\"og:image:width\" content=\"300\" \/>\n\t<meta property=\"og:image:height\" content=\"200\" \/>\n\t<meta property=\"og:image:type\" content=\"image\/png\" \/>\n<meta name=\"author\" content=\"Arnaldo Botto\" \/>\n<meta name=\"twitter:card\" content=\"summary_large_image\" \/>\n<script type=\"application\/ld+json\" class=\"yoast-schema-graph\">{\"@context\":\"https:\/\/schema.org\",\"@graph\":[{\"@type\":\"WebPage\",\"@id\":\"https:\/\/www.noticiasradioreflejos.com.ar\/2021\/homenaje-a-los-navegantes-de-la-guerra-de-malvinas-y-al-crucero-belgrano\/\",\"url\":\"https:\/\/www.noticiasradioreflejos.com.ar\/2021\/homenaje-a-los-navegantes-de-la-guerra-de-malvinas-y-al-crucero-belgrano\/\",\"name\":\"Homenaje a los navegantes de la Guerra de Malvinas y al Crucero Belgrano. - Noticias Radio Reflejos\",\"isPartOf\":{\"@id\":\"https:\/\/www.noticiasradioreflejos.com.ar\/2021\/#website\"},\"datePublished\":\"2017-04-24T11:02:06+00:00\",\"author\":{\"@id\":\"https:\/\/www.noticiasradioreflejos.com.ar\/2021\/#\/schema\/person\/ad82545263dcc5ec0996818884fd5fb1\"},\"breadcrumb\":{\"@id\":\"https:\/\/www.noticiasradioreflejos.com.ar\/2021\/homenaje-a-los-navegantes-de-la-guerra-de-malvinas-y-al-crucero-belgrano\/#breadcrumb\"},\"inLanguage\":\"es\",\"potentialAction\":[{\"@type\":\"ReadAction\",\"target\":[\"https:\/\/www.noticiasradioreflejos.com.ar\/2021\/homenaje-a-los-navegantes-de-la-guerra-de-malvinas-y-al-crucero-belgrano\/\"]}]},{\"@type\":\"BreadcrumbList\",\"@id\":\"https:\/\/www.noticiasradioreflejos.com.ar\/2021\/homenaje-a-los-navegantes-de-la-guerra-de-malvinas-y-al-crucero-belgrano\/#breadcrumb\",\"itemListElement\":[{\"@type\":\"ListItem\",\"position\":1,\"name\":\"Portada\",\"item\":\"https:\/\/www.noticiasradioreflejos.com.ar\/2021\/\"},{\"@type\":\"ListItem\",\"position\":2,\"name\":\"Homenaje a los navegantes de la Guerra de Malvinas y al Crucero Belgrano.\"}]},{\"@type\":\"WebSite\",\"@id\":\"https:\/\/www.noticiasradioreflejos.com.ar\/2021\/#website\",\"url\":\"https:\/\/www.noticiasradioreflejos.com.ar\/2021\/\",\"name\":\"Noticias Radio Reflejos\",\"description\":\"Las noticias de mi comarca\",\"potentialAction\":[{\"@type\":\"SearchAction\",\"target\":{\"@type\":\"EntryPoint\",\"urlTemplate\":\"https:\/\/www.noticiasradioreflejos.com.ar\/2021\/?s={search_term_string}\"},\"query-input\":{\"@type\":\"PropertyValueSpecification\",\"valueRequired\":true,\"valueName\":\"search_term_string\"}}],\"inLanguage\":\"es\"},{\"@type\":\"Person\",\"@id\":\"https:\/\/www.noticiasradioreflejos.com.ar\/2021\/#\/schema\/person\/ad82545263dcc5ec0996818884fd5fb1\",\"name\":\"Arnaldo Botto\",\"image\":{\"@type\":\"ImageObject\",\"inLanguage\":\"es\",\"@id\":\"https:\/\/www.noticiasradioreflejos.com.ar\/2021\/#\/schema\/person\/image\/\",\"url\":\"https:\/\/secure.gravatar.com\/avatar\/55cb5e37c1efa326397366e6974cb338056df65cb50e7d64d1cf314e87504837?s=96&d=mm&r=g\",\"contentUrl\":\"https:\/\/secure.gravatar.com\/avatar\/55cb5e37c1efa326397366e6974cb338056df65cb50e7d64d1cf314e87504837?s=96&d=mm&r=g\",\"caption\":\"Arnaldo Botto\"},\"url\":\"https:\/\/www.noticiasradioreflejos.com.ar\/2021\/author\/arnaldo\/\"}]}<\/script>\n<!-- \/ Yoast SEO plugin. -->","yoast_head_json":{"title":"Homenaje a los navegantes de la Guerra de Malvinas y al Crucero Belgrano. - Noticias Radio Reflejos","robots":{"index":"index","follow":"follow","max-snippet":"max-snippet:-1","max-image-preview":"max-image-preview:large","max-video-preview":"max-video-preview:-1"},"canonical":"https:\/\/www.noticiasradioreflejos.com.ar\/2021\/homenaje-a-los-navegantes-de-la-guerra-de-malvinas-y-al-crucero-belgrano\/","og_locale":"es_ES","og_type":"article","og_title":"Homenaje a los navegantes de la Guerra de Malvinas y al Crucero Belgrano. - Noticias Radio Reflejos","og_description":"S\u00e1bado,29, domingo 30 y lunes 1\u00b0 de mayo. Organizan conjuntamente el Consorcio de Gesti\u00f3n y los Veteranos de Guerra. Habr\u00e1 visita a barcos de guerra, muestras militares y el domingo a las once una misa de campa\u00f1a por los ca\u00eddos.","og_url":"https:\/\/www.noticiasradioreflejos.com.ar\/2021\/homenaje-a-los-navegantes-de-la-guerra-de-malvinas-y-al-crucero-belgrano\/","og_site_name":"Noticias Radio Reflejos","article_published_time":"2017-04-24T11:02:06+00:00","og_image":[{"width":300,"height":200,"url":"https:\/\/www.noticiasradioreflejos.com.ar\/2021\/wp-content\/uploads\/2021\/07\/logosol300x200.png","type":"image\/png"}],"author":"Arnaldo Botto","twitter_card":"summary_large_image","schema":{"@context":"https:\/\/schema.org","@graph":[{"@type":"WebPage","@id":"https:\/\/www.noticiasradioreflejos.com.ar\/2021\/homenaje-a-los-navegantes-de-la-guerra-de-malvinas-y-al-crucero-belgrano\/","url":"https:\/\/www.noticiasradioreflejos.com.ar\/2021\/homenaje-a-los-navegantes-de-la-guerra-de-malvinas-y-al-crucero-belgrano\/","name":"Homenaje a los navegantes de la Guerra de Malvinas y al Crucero Belgrano. - Noticias Radio Reflejos","isPartOf":{"@id":"https:\/\/www.noticiasradioreflejos.com.ar\/2021\/#website"},"datePublished":"2017-04-24T11:02:06+00:00","author":{"@id":"https:\/\/www.noticiasradioreflejos.com.ar\/2021\/#\/schema\/person\/ad82545263dcc5ec0996818884fd5fb1"},"breadcrumb":{"@id":"https:\/\/www.noticiasradioreflejos.com.ar\/2021\/homenaje-a-los-navegantes-de-la-guerra-de-malvinas-y-al-crucero-belgrano\/#breadcrumb"},"inLanguage":"es","potentialAction":[{"@type":"ReadAction","target":["https:\/\/www.noticiasradioreflejos.com.ar\/2021\/homenaje-a-los-navegantes-de-la-guerra-de-malvinas-y-al-crucero-belgrano\/"]}]},{"@type":"BreadcrumbList","@id":"https:\/\/www.noticiasradioreflejos.com.ar\/2021\/homenaje-a-los-navegantes-de-la-guerra-de-malvinas-y-al-crucero-belgrano\/#breadcrumb","itemListElement":[{"@type":"ListItem","position":1,"name":"Portada","item":"https:\/\/www.noticiasradioreflejos.com.ar\/2021\/"},{"@type":"ListItem","position":2,"name":"Homenaje a los navegantes de la Guerra de Malvinas y al Crucero Belgrano."}]},{"@type":"WebSite","@id":"https:\/\/www.noticiasradioreflejos.com.ar\/2021\/#website","url":"https:\/\/www.noticiasradioreflejos.com.ar\/2021\/","name":"Noticias Radio Reflejos","description":"Las noticias de mi comarca","potentialAction":[{"@type":"SearchAction","target":{"@type":"EntryPoint","urlTemplate":"https:\/\/www.noticiasradioreflejos.com.ar\/2021\/?s={search_term_string}"},"query-input":{"@type":"PropertyValueSpecification","valueRequired":true,"valueName":"search_term_string"}}],"inLanguage":"es"},{"@type":"Person","@id":"https:\/\/www.noticiasradioreflejos.com.ar\/2021\/#\/schema\/person\/ad82545263dcc5ec0996818884fd5fb1","name":"Arnaldo Botto","image":{"@type":"ImageObject","inLanguage":"es","@id":"https:\/\/www.noticiasradioreflejos.com.ar\/2021\/#\/schema\/person\/image\/","url":"https:\/\/secure.gravatar.com\/avatar\/55cb5e37c1efa326397366e6974cb338056df65cb50e7d64d1cf314e87504837?s=96&d=mm&r=g","contentUrl":"https:\/\/secure.gravatar.com\/avatar\/55cb5e37c1efa326397366e6974cb338056df65cb50e7d64d1cf314e87504837?s=96&d=mm&r=g","caption":"Arnaldo Botto"},"url":"https:\/\/www.noticiasradioreflejos.com.ar\/2021\/author\/arnaldo\/"}]}},"_links":{"self":[{"href":"https:\/\/www.noticiasradioreflejos.com.ar\/2021\/wp-json\/wp\/v2\/posts\/9338","targetHints":{"allow":["GET"]}}],"collection":[{"href":"https:\/\/www.noticiasradioreflejos.com.ar\/2021\/wp-json\/wp\/v2\/posts"}],"about":[{"href":"https:\/\/www.noticiasradioreflejos.com.ar\/2021\/wp-json\/wp\/v2\/types\/post"}],"author":[{"embeddable":true,"href":"https:\/\/www.noticiasradioreflejos.com.ar\/2021\/wp-json\/wp\/v2\/users\/3"}],"replies":[{"embeddable":true,"href":"https:\/\/www.noticiasradioreflejos.com.ar\/2021\/wp-json\/wp\/v2\/comments?post=9338"}],"version-history":[{"count":0,"href":"https:\/\/www.noticiasradioreflejos.com.ar\/2021\/wp-json\/wp\/v2\/posts\/9338\/revisions"}],"wp:attachment":[{"href":"https:\/\/www.noticiasradioreflejos.com.ar\/2021\/wp-json\/wp\/v2\/media?parent=9338"}],"wp:term":[{"taxonomy":"category","embeddable":true,"href":"https:\/\/www.noticiasradioreflejos.com.ar\/2021\/wp-json\/wp\/v2\/categories?post=9338"},{"taxonomy":"post_tag","embeddable":true,"href":"https:\/\/www.noticiasradioreflejos.com.ar\/2021\/wp-json\/wp\/v2\/tags?post=9338"}],"curies":[{"name":"wp","href":"https:\/\/api.w.org\/{rel}","templated":true}]}}