{"id":9332,"date":"2017-04-23T20:12:29","date_gmt":"2017-04-23T23:12:29","guid":{"rendered":"http:\/\/noticiasradioreflejos.com.ar\/noticias\/?p=9332"},"modified":"2017-04-23T20:12:29","modified_gmt":"2017-04-23T23:12:29","slug":"brillante-10-fiesta-de-la-vendimia-en-cerros-colorados","status":"publish","type":"post","link":"https:\/\/www.noticiasradioreflejos.com.ar\/2021\/brillante-10-fiesta-de-la-vendimia-en-cerros-colorados\/","title":{"rendered":"Brillante 10\u00b0 Fiesta de la Vendimia en Cerros Colorados"},"content":{"rendered":"<p><a title=\"10 fiesta Vendi mia Cerros Colorados (25)\" href=\"http:\/\/farm5.staticflickr.com\/4194\/34070806882_0ee6f6bc76.jpg\" rel=\"\"><img loading=\"lazy\" decoding=\"async\" class=\"alignleft\" style=\"float: left;\" title=\"10 fiesta Vendi mia Cerros Colorados (25)\" src=\"http:\/\/farm5.staticflickr.com\/4194\/34070806882_0ee6f6bc76.jpg\" alt=\"10 fiesta Vendi mia Cerros Colorados (25)\" width=\"500\" height=\"281\" \/><\/a>Por 10\u00b0 a\u00f1o consecutivo, Villa Ventana tuvo su Fiesta de la Vendimia en el lugar que dio nacimiento a la producci\u00f3n vitivin\u00edcola de la Comarca Serrana.<br \/>\nBrillante fue la jornada, la organizaci\u00f3n, el almuerzo servido y el balance total de una fiesta muy particular de Villa Ventana.<br \/>\nEl s\u00e1bado 22 de abril era la cita para unas 300 personas, entre los que estaban invitados intendentes de la regi\u00f3n, autoridades provinciales y municipales, vecinos de Villa Ventana, Saldungaray, Tornquist , y amigos de la Finca Cerros Colorados, para celebrar esto que naci\u00f3 como un sue\u00f1o y que hoy se ha transformado en un producto tradicional de nuestra zona, el vino.<!--more--><br \/>\nCelebrar la idea, el esfuerzo, la dedicaci\u00f3n y amor conque se producen las dos variedades de vinos serranos, Malbec y Cabernet Sauvignon. Celebrar la cosecha, que este a\u00f1o sum\u00f3 m\u00e1s de 8 mil kgs de uvas conteniendo los sabores que hacen tan caracter\u00edstico y \u00fanico a este noble producto, \u00a0y que al cabo de dos a\u00f1os, llegar\u00e1n convertidos en m\u00e1s de 5 mil litros a la boca de muchos conocedores y curiosos por descubrir su \u00abterroir\u00bb.<br \/>\nEl d\u00eda no pod\u00eda presentarse mejor: pintado, con una temperatura agradable, sol a pleno que hizo lucir los verdes, ocres y morados de las hojas de los vi\u00f1edos \u00a0ya desprovistos de racimos, que d\u00edas atr\u00e1s fueron cortados y hoy ya se encuentran en su proceso de vitivinificaci\u00f3n.<br \/>\nEn la Bodega, entretanto, <strong>Edgardo Santiago<\/strong> continuaba con el trabajo, bombeando y filtrando cientos de litros del jugo\u00a0que lograron del prensado durante los d\u00edas de la cosecha, para que se vayan cumpliendo los tiempos de maduraci\u00f3n del nuevo vino.<br \/>\nUna picada para recibir a los invitados y un fuego grande con vaca con cuero as\u00e1ndose desde muy temprano, junto a cientos de chorizos y cuartos de b\u00fafalos que cr\u00eda el establecimiento, bajo la supervisi\u00f3n\u00a0don Segundo Nieto, un pampeano experto en asados, que vino a cocinar para la ocasi\u00f3n.<a title=\"10 fiesta Vendi mia Cerros Colorados (13)\" href=\"http:\/\/farm3.staticflickr.com\/2940\/33417193133_dd7c59dd16_z.jpg\" rel=\"\"><img loading=\"lazy\" decoding=\"async\" class=\"aligncenter\" title=\"10 fiesta Vendi mia Cerros Colorados (13)\" src=\"http:\/\/farm3.staticflickr.com\/2940\/33417193133_dd7c59dd16_z.jpg\" alt=\"10 fiesta Vendi mia Cerros Colorados (13)\" width=\"640\" height=\"360\" \/><\/a><br \/>\nEs un d\u00eda de alegr\u00eda para <strong>Jorge Neuss y Silvia<\/strong> su mujer, que reciben a cada invitado agradeciendo la presencia, y para quienes llegan y se encuentran con este magn\u00edfico y bello lugar, a 600 mts sobre el nivel del mar, con el Napost\u00e1 y el Cerro Tres Picos visibles al alcance de la mano.<br \/>\n<strong>Sergio Bordoni<\/strong>, Intendente de Tornquist, estuvo presente junto a gran parte de su gabinete en esta 10\u00b0 Fiesta de la Vendimia en Villa Ventana. Lo acompa\u00f1aron los intendentes de Bah\u00eda Blanca <strong>H\u00e9ctor Gay<\/strong>, de Cnel. Su\u00e1rez <strong>Roberto \u00abPachi\u00bb Palacios<\/strong> y de Cnel. Pringles<strong>\u00a0Carlos Berterret<\/strong>, todos junto a sus esposas.<br \/>\nBordoni destaca que durante la 5\u00b0 Fiesta Provincial de la Vendimia en Saldungaray, la gente que pas\u00f3 por los puestos se volc\u00f3 en mayor medida a comprar los vinos de Cerros Colorados.<br \/>\n<a title=\"10 fiesta Vendi mia Cerros Colorados (21)\" href=\"http:\/\/farm5.staticflickr.com\/4158\/33417189723_1000a7ecfd_z.jpg\" rel=\"\"><img loading=\"lazy\" decoding=\"async\" class=\"aligncenter\" title=\"10 fiesta Vendi mia Cerros Colorados (21)\" src=\"http:\/\/farm5.staticflickr.com\/4158\/33417189723_1000a7ecfd_z.jpg\" alt=\"10 fiesta Vendi mia Cerros Colorados (21)\" width=\"640\" height=\"360\" \/><\/a><br \/>\nEl Intendente de Bah\u00eda Blanca H\u00e9ctor Gay, recuerda una an\u00e9cdota que lo liga a esta Fiesta, cuando durante un programa radial que conduc\u00eda por LU2 Radio Bah\u00eda Blanca, realiza una nota telef\u00f3nica a Jorge Neuss, qui\u00e9n le cuenta sobre esta fiesta que se desarrollaba en Villa Ventana y lo invita a participar de la misma.<br \/>\nAl d\u00eda siguiente, cientos de personas se agolpaban en la tranquera de Cerros Colorados pidiendo pasar, creyendo que se trataba de una fiesta popular debido a que hab\u00edan escuchado la nota radial. Ese d\u00eda naci\u00f3 la idea de convertir a esta Fiesta de la Vendimia en Fiesta Provincial.<br \/>\n<a title=\"10 fiesta Vendi mia Cerros Colorados (33)\" href=\"http:\/\/farm3.staticflickr.com\/2944\/34070804742_ab890c4611_z.jpg\" rel=\"\"><img loading=\"lazy\" decoding=\"async\" class=\"aligncenter\" title=\"10 fiesta Vendi mia Cerros Colorados (33)\" src=\"http:\/\/farm3.staticflickr.com\/2944\/34070804742_ab890c4611_z.jpg\" alt=\"10 fiesta Vendi mia Cerros Colorados (33)\" width=\"640\" height=\"360\" \/><\/a><br \/>\nEl almuerzo estuvo acompa\u00f1ado de m\u00fasica en vivo, en primer lugar con un grupo folcl\u00f3rico de R\u00edo Colorado, y el broche final qued\u00f3 para Facundo Saravia, que por segundo a\u00f1o consecutivo atrap\u00f3 al p\u00fablico con sus inolvidables temas \u00abChalchaleros\u00bb y su inconfundible voz.<br \/>\nNeuss subi\u00f3 al escenario para agradecer a los presentes, en especial al Intendente Sergio Bordoni y a sus pares de la Regi\u00f3n, y comprometi\u00f3 al jefe comunal de Tornquist para la construcci\u00f3n del piso del cuartel de bomberos de Villa Ventana.<br \/>\nComo ya lo describimos, la jornada fue brillante en todo sentido, y la invitaci\u00f3n se renueva para el a\u00f1o que viene.<br \/>\n<a href=\"https:\/\/www.facebook.com\/reflejosfm\/media_set?set=a.10212794812533929.1073742033.1496587978&amp;type=3\">Ver todas las fotos:<\/a><br \/>\n<iframe loading=\"lazy\" src=\"https:\/\/w.soundcloud.com\/player\/?url=https%3A\/\/api.soundcloud.com\/tracks\/319142792&amp;color=ff5500&amp;auto_play=false&amp;hide_related=false&amp;show_comments=true&amp;show_user=true&amp;show_reposts=false\" width=\"100%\" height=\"166\" frameborder=\"no\" scrolling=\"no\"><\/iframe><br \/>\n<iframe loading=\"lazy\" src=\"https:\/\/w.soundcloud.com\/player\/?url=https%3A\/\/api.soundcloud.com\/tracks\/319143126&amp;color=ff5500&amp;auto_play=false&amp;hide_related=false&amp;show_comments=true&amp;show_user=true&amp;show_reposts=false\" width=\"100%\" height=\"166\" frameborder=\"no\" scrolling=\"no\"><\/iframe><br \/>\n<iframe loading=\"lazy\" src=\"https:\/\/w.soundcloud.com\/player\/?url=https%3A\/\/api.soundcloud.com\/tracks\/319143727&amp;color=ff5500&amp;auto_play=false&amp;hide_related=false&amp;show_comments=true&amp;show_user=true&amp;show_reposts=false\" width=\"100%\" height=\"166\" frameborder=\"no\" scrolling=\"no\"><\/iframe><br \/>\n<a title=\"10 fiesta Vendi mia Cerros Colorados (16)\" href=\"http:\/\/farm3.staticflickr.com\/2817\/34070809082_c660d355ee_z.jpg\" rel=\"\"><img loading=\"lazy\" decoding=\"async\" class=\"aligncenter\" title=\"10 fiesta Vendi mia Cerros Colorados (16)\" src=\"http:\/\/farm3.staticflickr.com\/2817\/34070809082_c660d355ee_z.jpg\" alt=\"10 fiesta Vendi mia Cerros Colorados (16)\" width=\"640\" height=\"360\" \/><\/a><br \/>\n<a title=\"10 fiesta Vendi mia Cerros Colorados (26)\" href=\"http:\/\/farm3.staticflickr.com\/2819\/33417187503_c43c9901c0_z.jpg\" rel=\"\"><img loading=\"lazy\" decoding=\"async\" class=\"aligncenter\" title=\"10 fiesta Vendi mia Cerros Colorados (26)\" src=\"http:\/\/farm3.staticflickr.com\/2819\/33417187503_c43c9901c0_z.jpg\" alt=\"10 fiesta Vendi mia Cerros Colorados (26)\" width=\"640\" height=\"360\" \/><\/a><br \/>\n<a title=\"10 fiesta Vendi mia Cerros Colorados (57)\" href=\"http:\/\/farm3.staticflickr.com\/2918\/33417184693_a3a234f72c_z.jpg\" rel=\"\"><img loading=\"lazy\" decoding=\"async\" class=\"aligncenter\" title=\"10 fiesta Vendi mia Cerros Colorados (57)\" src=\"http:\/\/farm3.staticflickr.com\/2918\/33417184693_a3a234f72c_z.jpg\" alt=\"10 fiesta Vendi mia Cerros Colorados (57)\" width=\"640\" height=\"360\" \/><\/a><br \/>\n<a title=\"10 fiesta Vendi mia Cerros Colorados (68)\" href=\"http:\/\/farm3.staticflickr.com\/2917\/34070801922_109ae52f02_z.jpg\" rel=\"\"><img loading=\"lazy\" decoding=\"async\" class=\"aligncenter\" title=\"10 fiesta Vendi mia Cerros Colorados (68)\" src=\"http:\/\/farm3.staticflickr.com\/2917\/34070801922_109ae52f02_z.jpg\" alt=\"10 fiesta Vendi mia Cerros Colorados (68)\" width=\"640\" height=\"360\" \/><\/a><br \/>\n<a title=\"10 fiesta Vendi mia Cerros Colorados (92)\" href=\"http:\/\/farm5.staticflickr.com\/4175\/34070799582_8d0854b589_z.jpg\" rel=\"\"><img loading=\"lazy\" decoding=\"async\" class=\"aligncenter\" title=\"10 fiesta Vendi mia Cerros Colorados (92)\" src=\"http:\/\/farm5.staticflickr.com\/4175\/34070799582_8d0854b589_z.jpg\" alt=\"10 fiesta Vendi mia Cerros Colorados (92)\" width=\"640\" height=\"360\" \/><\/a><\/p>\n","protected":false},"excerpt":{"rendered":"<p>Por 10\u00b0 a\u00f1o consecutivo, Villa Ventana tuvo su Fiesta de la Vendimia en el lugar que dio nacimiento a la producci\u00f3n vitivin\u00edcola de la Comarca Serrana. Brillante fue la jornada, la organizaci\u00f3n, el almuerzo servido y el balance total de una fiesta muy particular de Villa Ventana. El s\u00e1bado 22 de abril era la cita [&hellip;]<\/p>\n","protected":false},"author":3,"featured_media":0,"comment_status":"closed","ping_status":"open","sticky":false,"template":"","format":"standard","meta":{"footnotes":""},"categories":[26],"tags":[],"class_list":["post-9332","post","type-post","status-publish","format-standard","hentry","category-sociedad"],"yoast_head":"<!-- This site is optimized with the Yoast SEO plugin v25.9 - https:\/\/yoast.com\/wordpress\/plugins\/seo\/ -->\n<title>Brillante 10\u00b0 Fiesta de la Vendimia en Cerros Colorados - Noticias Radio Reflejos<\/title>\n<meta name=\"robots\" content=\"index, follow, max-snippet:-1, max-image-preview:large, max-video-preview:-1\" \/>\n<link rel=\"canonical\" href=\"https:\/\/www.noticiasradioreflejos.com.ar\/2021\/brillante-10-fiesta-de-la-vendimia-en-cerros-colorados\/\" \/>\n<meta property=\"og:locale\" content=\"es_ES\" \/>\n<meta property=\"og:type\" content=\"article\" \/>\n<meta property=\"og:title\" content=\"Brillante 10\u00b0 Fiesta de la Vendimia en Cerros Colorados - Noticias Radio Reflejos\" \/>\n<meta property=\"og:description\" content=\"Por 10\u00b0 a\u00f1o consecutivo, Villa Ventana tuvo su Fiesta de la Vendimia en el lugar que dio nacimiento a la producci\u00f3n vitivin\u00edcola de la Comarca Serrana. Brillante fue la jornada, la organizaci\u00f3n, el almuerzo servido y el balance total de una fiesta muy particular de Villa Ventana. El s\u00e1bado 22 de abril era la cita [&hellip;]\" \/>\n<meta property=\"og:url\" content=\"https:\/\/www.noticiasradioreflejos.com.ar\/2021\/brillante-10-fiesta-de-la-vendimia-en-cerros-colorados\/\" \/>\n<meta property=\"og:site_name\" content=\"Noticias Radio Reflejos\" \/>\n<meta property=\"article:published_time\" content=\"2017-04-23T23:12:29+00:00\" \/>\n<meta property=\"og:image\" content=\"http:\/\/farm5.staticflickr.com\/4194\/34070806882_0ee6f6bc76.jpg\" \/>\n<meta name=\"author\" content=\"Arnaldo Botto\" \/>\n<meta name=\"twitter:card\" content=\"summary_large_image\" \/>\n<script type=\"application\/ld+json\" class=\"yoast-schema-graph\">{\"@context\":\"https:\/\/schema.org\",\"@graph\":[{\"@type\":\"WebPage\",\"@id\":\"https:\/\/www.noticiasradioreflejos.com.ar\/2021\/brillante-10-fiesta-de-la-vendimia-en-cerros-colorados\/\",\"url\":\"https:\/\/www.noticiasradioreflejos.com.ar\/2021\/brillante-10-fiesta-de-la-vendimia-en-cerros-colorados\/\",\"name\":\"Brillante 10\u00b0 Fiesta de la Vendimia en Cerros Colorados - Noticias Radio Reflejos\",\"isPartOf\":{\"@id\":\"https:\/\/www.noticiasradioreflejos.com.ar\/2021\/#website\"},\"primaryImageOfPage\":{\"@id\":\"https:\/\/www.noticiasradioreflejos.com.ar\/2021\/brillante-10-fiesta-de-la-vendimia-en-cerros-colorados\/#primaryimage\"},\"image\":{\"@id\":\"https:\/\/www.noticiasradioreflejos.com.ar\/2021\/brillante-10-fiesta-de-la-vendimia-en-cerros-colorados\/#primaryimage\"},\"thumbnailUrl\":\"http:\/\/farm5.staticflickr.com\/4194\/34070806882_0ee6f6bc76.jpg\",\"datePublished\":\"2017-04-23T23:12:29+00:00\",\"author\":{\"@id\":\"https:\/\/www.noticiasradioreflejos.com.ar\/2021\/#\/schema\/person\/ad82545263dcc5ec0996818884fd5fb1\"},\"breadcrumb\":{\"@id\":\"https:\/\/www.noticiasradioreflejos.com.ar\/2021\/brillante-10-fiesta-de-la-vendimia-en-cerros-colorados\/#breadcrumb\"},\"inLanguage\":\"es\",\"potentialAction\":[{\"@type\":\"ReadAction\",\"target\":[\"https:\/\/www.noticiasradioreflejos.com.ar\/2021\/brillante-10-fiesta-de-la-vendimia-en-cerros-colorados\/\"]}]},{\"@type\":\"ImageObject\",\"inLanguage\":\"es\",\"@id\":\"https:\/\/www.noticiasradioreflejos.com.ar\/2021\/brillante-10-fiesta-de-la-vendimia-en-cerros-colorados\/#primaryimage\",\"url\":\"http:\/\/farm5.staticflickr.com\/4194\/34070806882_0ee6f6bc76.jpg\",\"contentUrl\":\"http:\/\/farm5.staticflickr.com\/4194\/34070806882_0ee6f6bc76.jpg\"},{\"@type\":\"BreadcrumbList\",\"@id\":\"https:\/\/www.noticiasradioreflejos.com.ar\/2021\/brillante-10-fiesta-de-la-vendimia-en-cerros-colorados\/#breadcrumb\",\"itemListElement\":[{\"@type\":\"ListItem\",\"position\":1,\"name\":\"Portada\",\"item\":\"https:\/\/www.noticiasradioreflejos.com.ar\/2021\/\"},{\"@type\":\"ListItem\",\"position\":2,\"name\":\"Brillante 10\u00b0 Fiesta de la Vendimia en Cerros Colorados\"}]},{\"@type\":\"WebSite\",\"@id\":\"https:\/\/www.noticiasradioreflejos.com.ar\/2021\/#website\",\"url\":\"https:\/\/www.noticiasradioreflejos.com.ar\/2021\/\",\"name\":\"Noticias Radio Reflejos\",\"description\":\"Las noticias de mi comarca\",\"potentialAction\":[{\"@type\":\"SearchAction\",\"target\":{\"@type\":\"EntryPoint\",\"urlTemplate\":\"https:\/\/www.noticiasradioreflejos.com.ar\/2021\/?s={search_term_string}\"},\"query-input\":{\"@type\":\"PropertyValueSpecification\",\"valueRequired\":true,\"valueName\":\"search_term_string\"}}],\"inLanguage\":\"es\"},{\"@type\":\"Person\",\"@id\":\"https:\/\/www.noticiasradioreflejos.com.ar\/2021\/#\/schema\/person\/ad82545263dcc5ec0996818884fd5fb1\",\"name\":\"Arnaldo Botto\",\"image\":{\"@type\":\"ImageObject\",\"inLanguage\":\"es\",\"@id\":\"https:\/\/www.noticiasradioreflejos.com.ar\/2021\/#\/schema\/person\/image\/\",\"url\":\"https:\/\/secure.gravatar.com\/avatar\/55cb5e37c1efa326397366e6974cb338056df65cb50e7d64d1cf314e87504837?s=96&d=mm&r=g\",\"contentUrl\":\"https:\/\/secure.gravatar.com\/avatar\/55cb5e37c1efa326397366e6974cb338056df65cb50e7d64d1cf314e87504837?s=96&d=mm&r=g\",\"caption\":\"Arnaldo Botto\"},\"url\":\"https:\/\/www.noticiasradioreflejos.com.ar\/2021\/author\/arnaldo\/\"}]}<\/script>\n<!-- \/ Yoast SEO plugin. -->","yoast_head_json":{"title":"Brillante 10\u00b0 Fiesta de la Vendimia en Cerros Colorados - Noticias Radio Reflejos","robots":{"index":"index","follow":"follow","max-snippet":"max-snippet:-1","max-image-preview":"max-image-preview:large","max-video-preview":"max-video-preview:-1"},"canonical":"https:\/\/www.noticiasradioreflejos.com.ar\/2021\/brillante-10-fiesta-de-la-vendimia-en-cerros-colorados\/","og_locale":"es_ES","og_type":"article","og_title":"Brillante 10\u00b0 Fiesta de la Vendimia en Cerros Colorados - Noticias Radio Reflejos","og_description":"Por 10\u00b0 a\u00f1o consecutivo, Villa Ventana tuvo su Fiesta de la Vendimia en el lugar que dio nacimiento a la producci\u00f3n vitivin\u00edcola de la Comarca Serrana. Brillante fue la jornada, la organizaci\u00f3n, el almuerzo servido y el balance total de una fiesta muy particular de Villa Ventana. El s\u00e1bado 22 de abril era la cita [&hellip;]","og_url":"https:\/\/www.noticiasradioreflejos.com.ar\/2021\/brillante-10-fiesta-de-la-vendimia-en-cerros-colorados\/","og_site_name":"Noticias Radio Reflejos","article_published_time":"2017-04-23T23:12:29+00:00","og_image":[{"url":"http:\/\/farm5.staticflickr.com\/4194\/34070806882_0ee6f6bc76.jpg","type":"","width":"","height":""}],"author":"Arnaldo Botto","twitter_card":"summary_large_image","schema":{"@context":"https:\/\/schema.org","@graph":[{"@type":"WebPage","@id":"https:\/\/www.noticiasradioreflejos.com.ar\/2021\/brillante-10-fiesta-de-la-vendimia-en-cerros-colorados\/","url":"https:\/\/www.noticiasradioreflejos.com.ar\/2021\/brillante-10-fiesta-de-la-vendimia-en-cerros-colorados\/","name":"Brillante 10\u00b0 Fiesta de la Vendimia en Cerros Colorados - Noticias Radio Reflejos","isPartOf":{"@id":"https:\/\/www.noticiasradioreflejos.com.ar\/2021\/#website"},"primaryImageOfPage":{"@id":"https:\/\/www.noticiasradioreflejos.com.ar\/2021\/brillante-10-fiesta-de-la-vendimia-en-cerros-colorados\/#primaryimage"},"image":{"@id":"https:\/\/www.noticiasradioreflejos.com.ar\/2021\/brillante-10-fiesta-de-la-vendimia-en-cerros-colorados\/#primaryimage"},"thumbnailUrl":"http:\/\/farm5.staticflickr.com\/4194\/34070806882_0ee6f6bc76.jpg","datePublished":"2017-04-23T23:12:29+00:00","author":{"@id":"https:\/\/www.noticiasradioreflejos.com.ar\/2021\/#\/schema\/person\/ad82545263dcc5ec0996818884fd5fb1"},"breadcrumb":{"@id":"https:\/\/www.noticiasradioreflejos.com.ar\/2021\/brillante-10-fiesta-de-la-vendimia-en-cerros-colorados\/#breadcrumb"},"inLanguage":"es","potentialAction":[{"@type":"ReadAction","target":["https:\/\/www.noticiasradioreflejos.com.ar\/2021\/brillante-10-fiesta-de-la-vendimia-en-cerros-colorados\/"]}]},{"@type":"ImageObject","inLanguage":"es","@id":"https:\/\/www.noticiasradioreflejos.com.ar\/2021\/brillante-10-fiesta-de-la-vendimia-en-cerros-colorados\/#primaryimage","url":"http:\/\/farm5.staticflickr.com\/4194\/34070806882_0ee6f6bc76.jpg","contentUrl":"http:\/\/farm5.staticflickr.com\/4194\/34070806882_0ee6f6bc76.jpg"},{"@type":"BreadcrumbList","@id":"https:\/\/www.noticiasradioreflejos.com.ar\/2021\/brillante-10-fiesta-de-la-vendimia-en-cerros-colorados\/#breadcrumb","itemListElement":[{"@type":"ListItem","position":1,"name":"Portada","item":"https:\/\/www.noticiasradioreflejos.com.ar\/2021\/"},{"@type":"ListItem","position":2,"name":"Brillante 10\u00b0 Fiesta de la Vendimia en Cerros Colorados"}]},{"@type":"WebSite","@id":"https:\/\/www.noticiasradioreflejos.com.ar\/2021\/#website","url":"https:\/\/www.noticiasradioreflejos.com.ar\/2021\/","name":"Noticias Radio Reflejos","description":"Las noticias de mi comarca","potentialAction":[{"@type":"SearchAction","target":{"@type":"EntryPoint","urlTemplate":"https:\/\/www.noticiasradioreflejos.com.ar\/2021\/?s={search_term_string}"},"query-input":{"@type":"PropertyValueSpecification","valueRequired":true,"valueName":"search_term_string"}}],"inLanguage":"es"},{"@type":"Person","@id":"https:\/\/www.noticiasradioreflejos.com.ar\/2021\/#\/schema\/person\/ad82545263dcc5ec0996818884fd5fb1","name":"Arnaldo Botto","image":{"@type":"ImageObject","inLanguage":"es","@id":"https:\/\/www.noticiasradioreflejos.com.ar\/2021\/#\/schema\/person\/image\/","url":"https:\/\/secure.gravatar.com\/avatar\/55cb5e37c1efa326397366e6974cb338056df65cb50e7d64d1cf314e87504837?s=96&d=mm&r=g","contentUrl":"https:\/\/secure.gravatar.com\/avatar\/55cb5e37c1efa326397366e6974cb338056df65cb50e7d64d1cf314e87504837?s=96&d=mm&r=g","caption":"Arnaldo Botto"},"url":"https:\/\/www.noticiasradioreflejos.com.ar\/2021\/author\/arnaldo\/"}]}},"_links":{"self":[{"href":"https:\/\/www.noticiasradioreflejos.com.ar\/2021\/wp-json\/wp\/v2\/posts\/9332","targetHints":{"allow":["GET"]}}],"collection":[{"href":"https:\/\/www.noticiasradioreflejos.com.ar\/2021\/wp-json\/wp\/v2\/posts"}],"about":[{"href":"https:\/\/www.noticiasradioreflejos.com.ar\/2021\/wp-json\/wp\/v2\/types\/post"}],"author":[{"embeddable":true,"href":"https:\/\/www.noticiasradioreflejos.com.ar\/2021\/wp-json\/wp\/v2\/users\/3"}],"replies":[{"embeddable":true,"href":"https:\/\/www.noticiasradioreflejos.com.ar\/2021\/wp-json\/wp\/v2\/comments?post=9332"}],"version-history":[{"count":0,"href":"https:\/\/www.noticiasradioreflejos.com.ar\/2021\/wp-json\/wp\/v2\/posts\/9332\/revisions"}],"wp:attachment":[{"href":"https:\/\/www.noticiasradioreflejos.com.ar\/2021\/wp-json\/wp\/v2\/media?parent=9332"}],"wp:term":[{"taxonomy":"category","embeddable":true,"href":"https:\/\/www.noticiasradioreflejos.com.ar\/2021\/wp-json\/wp\/v2\/categories?post=9332"},{"taxonomy":"post_tag","embeddable":true,"href":"https:\/\/www.noticiasradioreflejos.com.ar\/2021\/wp-json\/wp\/v2\/tags?post=9332"}],"curies":[{"name":"wp","href":"https:\/\/api.w.org\/{rel}","templated":true}]}}