{"id":9319,"date":"2017-04-21T11:25:33","date_gmt":"2017-04-21T14:25:33","guid":{"rendered":"http:\/\/noticiasradioreflejos.com.ar\/noticias\/?p=9319"},"modified":"2017-04-21T11:25:33","modified_gmt":"2017-04-21T14:25:33","slug":"hoy-capacitacion-las-empresas-de-familia-en-villa-ventana","status":"publish","type":"post","link":"https:\/\/www.noticiasradioreflejos.com.ar\/2021\/hoy-capacitacion-las-empresas-de-familia-en-villa-ventana\/","title":{"rendered":"Hoy Capacitaci\u00f3n \u201cLas Empresas de Familia\u201d en Villa Ventana"},"content":{"rendered":"<p><a title=\"CAPACITACION SOBRE PROBLEMATICA DE EMPRESAS FAMILIARES\" href=\"http:\/\/farm3.staticflickr.com\/2867\/33842371271_129fddaa65_z.jpg\" rel=\"\"><img loading=\"lazy\" decoding=\"async\" class=\"alignleft\" style=\"float: left;\" title=\"CAPACITACION SOBRE PROBLEMATICA DE EMPRESAS FAMILIARES\" src=\"http:\/\/farm3.staticflickr.com\/2867\/33842371271_129fddaa65_z.jpg\" alt=\"CAPACITACION SOBRE PROBLEMATICA DE EMPRESAS FAMILIARES\" width=\"418\" height=\"640\" \/><\/a>Importante Capacitaci\u00f3n sobre la problem\u00e1tica t\u00edpica de las empresas familiares se realizar\u00e1 hoy, Viernes 21 de abril 20 hs. en la Biblioteca Popular Macedonio Fern\u00e1ndez Villa Ventana.<br \/>\nPara invitar y contarnos detalles de la charla que tendr\u00e1 a su cargo Roberto Jol\u00edas, nos comunicamos telef\u00f3nicamente con Gabriela Garc\u00eda, integrante de la C\u00e1mara de Comercio y turismo de Villa Ventana.<!--more--><br \/>\nGabriela invitaba a quienes hasta el momento no se inscribieron a hacerlo, informando que ya hay m\u00e1s de 50 inscriptos y considerando que el sal\u00f3n de la biblioteca no es muy espacioso quedar\u00eda muy poco lugar disponible para esta noche.<br \/>\nEl rubro de la charla se presta especialmente a muchos emprendimientos que hay en la comarca que son empresas familiares.<br \/>\nEn la organizaci\u00f3n del evento se sumaron todas las asociaciones y c\u00e1maras del distrito de Tornquist.<br \/>\nRubro: \u201cLas Empresas de Familia\u201d<br \/>\nActividad: \u201cLa problem\u00e1tica t\u00edpicas de las empresas familiares\u201d<br \/>\n\u2022 Qu\u00e9 es una empresa de familia? Caracter\u00edsticas fundamentales.<br \/>\n\u2022 La visi\u00f3n sist\u00e9mica de la empresa familiar: Propiedad, Empresa y Familia.<br \/>\n\u2022 Caracter\u00edsticas particulares de las empresas familiares.<br \/>\n\u2022 El principal generador de complejidad en la empresa familiar.<br \/>\n\u2022 Los principales conflictos en la empresa familiar. Padres e hijos trabajando juntos. Hermanos siendo socios. Marido y mujer trabajando juntos.<br \/>\n\u2022 El ingreso de familiares en la empresa. Condiciones y requisitos.<br \/>\n\u2022 El pago de salarios en la empresa familiar.<br \/>\n\u2022 El protocolo familiar como instrumento facilitador de la continuidad de la empresa familiar.<br \/>\nInformes e inscripci\u00f3n al tel celular 291-154299372 o por mail: camaradecomercioyturismovilla@yahoo.com.ar<br \/>\nfacebook : C\u00e1mara de Ctvv<br \/>\nCupos limitados.<br \/>\n<iframe loading=\"lazy\" src=\"https:\/\/w.soundcloud.com\/player\/?url=https%3A\/\/api.soundcloud.com\/tracks\/318800199&amp;color=ff5500&amp;auto_play=false&amp;hide_related=false&amp;show_comments=true&amp;show_user=true&amp;show_reposts=false\" width=\"100%\" height=\"166\" frameborder=\"no\" scrolling=\"no\"><\/iframe><\/p>\n","protected":false},"excerpt":{"rendered":"<p>Importante Capacitaci\u00f3n sobre la problem\u00e1tica t\u00edpica de las empresas familiares se realizar\u00e1 hoy, Viernes 21 de abril 20 hs. en la Biblioteca Popular Macedonio Fern\u00e1ndez Villa Ventana. Para invitar y contarnos detalles de la charla que tendr\u00e1 a su cargo Roberto Jol\u00edas, nos comunicamos telef\u00f3nicamente con Gabriela Garc\u00eda, integrante de la C\u00e1mara de Comercio y [&hellip;]<\/p>\n","protected":false},"author":3,"featured_media":0,"comment_status":"closed","ping_status":"open","sticky":false,"template":"","format":"standard","meta":{"footnotes":""},"categories":[26],"tags":[],"class_list":["post-9319","post","type-post","status-publish","format-standard","hentry","category-sociedad"],"yoast_head":"<!-- This site is optimized with the Yoast SEO plugin v25.9 - https:\/\/yoast.com\/wordpress\/plugins\/seo\/ -->\n<title>Hoy Capacitaci\u00f3n \u201cLas Empresas de Familia\u201d en Villa Ventana - Noticias Radio Reflejos<\/title>\n<meta name=\"robots\" content=\"index, follow, max-snippet:-1, max-image-preview:large, max-video-preview:-1\" \/>\n<link rel=\"canonical\" href=\"https:\/\/www.noticiasradioreflejos.com.ar\/2021\/hoy-capacitacion-las-empresas-de-familia-en-villa-ventana\/\" \/>\n<meta property=\"og:locale\" content=\"es_ES\" \/>\n<meta property=\"og:type\" content=\"article\" \/>\n<meta property=\"og:title\" content=\"Hoy Capacitaci\u00f3n \u201cLas Empresas de Familia\u201d en Villa Ventana - Noticias Radio Reflejos\" \/>\n<meta property=\"og:description\" content=\"Importante Capacitaci\u00f3n sobre la problem\u00e1tica t\u00edpica de las empresas familiares se realizar\u00e1 hoy, Viernes 21 de abril 20 hs. en la Biblioteca Popular Macedonio Fern\u00e1ndez Villa Ventana. Para invitar y contarnos detalles de la charla que tendr\u00e1 a su cargo Roberto Jol\u00edas, nos comunicamos telef\u00f3nicamente con Gabriela Garc\u00eda, integrante de la C\u00e1mara de Comercio y [&hellip;]\" \/>\n<meta property=\"og:url\" content=\"https:\/\/www.noticiasradioreflejos.com.ar\/2021\/hoy-capacitacion-las-empresas-de-familia-en-villa-ventana\/\" \/>\n<meta property=\"og:site_name\" content=\"Noticias Radio Reflejos\" \/>\n<meta property=\"article:published_time\" content=\"2017-04-21T14:25:33+00:00\" \/>\n<meta property=\"og:image\" content=\"http:\/\/farm3.staticflickr.com\/2867\/33842371271_129fddaa65_z.jpg\" \/>\n<meta name=\"author\" content=\"Arnaldo Botto\" \/>\n<meta name=\"twitter:card\" content=\"summary_large_image\" \/>\n<script type=\"application\/ld+json\" class=\"yoast-schema-graph\">{\"@context\":\"https:\/\/schema.org\",\"@graph\":[{\"@type\":\"WebPage\",\"@id\":\"https:\/\/www.noticiasradioreflejos.com.ar\/2021\/hoy-capacitacion-las-empresas-de-familia-en-villa-ventana\/\",\"url\":\"https:\/\/www.noticiasradioreflejos.com.ar\/2021\/hoy-capacitacion-las-empresas-de-familia-en-villa-ventana\/\",\"name\":\"Hoy Capacitaci\u00f3n \u201cLas Empresas de Familia\u201d en Villa Ventana - Noticias Radio Reflejos\",\"isPartOf\":{\"@id\":\"https:\/\/www.noticiasradioreflejos.com.ar\/2021\/#website\"},\"primaryImageOfPage\":{\"@id\":\"https:\/\/www.noticiasradioreflejos.com.ar\/2021\/hoy-capacitacion-las-empresas-de-familia-en-villa-ventana\/#primaryimage\"},\"image\":{\"@id\":\"https:\/\/www.noticiasradioreflejos.com.ar\/2021\/hoy-capacitacion-las-empresas-de-familia-en-villa-ventana\/#primaryimage\"},\"thumbnailUrl\":\"http:\/\/farm3.staticflickr.com\/2867\/33842371271_129fddaa65_z.jpg\",\"datePublished\":\"2017-04-21T14:25:33+00:00\",\"author\":{\"@id\":\"https:\/\/www.noticiasradioreflejos.com.ar\/2021\/#\/schema\/person\/ad82545263dcc5ec0996818884fd5fb1\"},\"breadcrumb\":{\"@id\":\"https:\/\/www.noticiasradioreflejos.com.ar\/2021\/hoy-capacitacion-las-empresas-de-familia-en-villa-ventana\/#breadcrumb\"},\"inLanguage\":\"es\",\"potentialAction\":[{\"@type\":\"ReadAction\",\"target\":[\"https:\/\/www.noticiasradioreflejos.com.ar\/2021\/hoy-capacitacion-las-empresas-de-familia-en-villa-ventana\/\"]}]},{\"@type\":\"ImageObject\",\"inLanguage\":\"es\",\"@id\":\"https:\/\/www.noticiasradioreflejos.com.ar\/2021\/hoy-capacitacion-las-empresas-de-familia-en-villa-ventana\/#primaryimage\",\"url\":\"http:\/\/farm3.staticflickr.com\/2867\/33842371271_129fddaa65_z.jpg\",\"contentUrl\":\"http:\/\/farm3.staticflickr.com\/2867\/33842371271_129fddaa65_z.jpg\"},{\"@type\":\"BreadcrumbList\",\"@id\":\"https:\/\/www.noticiasradioreflejos.com.ar\/2021\/hoy-capacitacion-las-empresas-de-familia-en-villa-ventana\/#breadcrumb\",\"itemListElement\":[{\"@type\":\"ListItem\",\"position\":1,\"name\":\"Portada\",\"item\":\"https:\/\/www.noticiasradioreflejos.com.ar\/2021\/\"},{\"@type\":\"ListItem\",\"position\":2,\"name\":\"Hoy Capacitaci\u00f3n \u201cLas Empresas de Familia\u201d en Villa Ventana\"}]},{\"@type\":\"WebSite\",\"@id\":\"https:\/\/www.noticiasradioreflejos.com.ar\/2021\/#website\",\"url\":\"https:\/\/www.noticiasradioreflejos.com.ar\/2021\/\",\"name\":\"Noticias Radio Reflejos\",\"description\":\"Las noticias de mi comarca\",\"potentialAction\":[{\"@type\":\"SearchAction\",\"target\":{\"@type\":\"EntryPoint\",\"urlTemplate\":\"https:\/\/www.noticiasradioreflejos.com.ar\/2021\/?s={search_term_string}\"},\"query-input\":{\"@type\":\"PropertyValueSpecification\",\"valueRequired\":true,\"valueName\":\"search_term_string\"}}],\"inLanguage\":\"es\"},{\"@type\":\"Person\",\"@id\":\"https:\/\/www.noticiasradioreflejos.com.ar\/2021\/#\/schema\/person\/ad82545263dcc5ec0996818884fd5fb1\",\"name\":\"Arnaldo Botto\",\"image\":{\"@type\":\"ImageObject\",\"inLanguage\":\"es\",\"@id\":\"https:\/\/www.noticiasradioreflejos.com.ar\/2021\/#\/schema\/person\/image\/\",\"url\":\"https:\/\/secure.gravatar.com\/avatar\/55cb5e37c1efa326397366e6974cb338056df65cb50e7d64d1cf314e87504837?s=96&d=mm&r=g\",\"contentUrl\":\"https:\/\/secure.gravatar.com\/avatar\/55cb5e37c1efa326397366e6974cb338056df65cb50e7d64d1cf314e87504837?s=96&d=mm&r=g\",\"caption\":\"Arnaldo Botto\"},\"url\":\"https:\/\/www.noticiasradioreflejos.com.ar\/2021\/author\/arnaldo\/\"}]}<\/script>\n<!-- \/ Yoast SEO plugin. -->","yoast_head_json":{"title":"Hoy Capacitaci\u00f3n \u201cLas Empresas de Familia\u201d en Villa Ventana - Noticias Radio Reflejos","robots":{"index":"index","follow":"follow","max-snippet":"max-snippet:-1","max-image-preview":"max-image-preview:large","max-video-preview":"max-video-preview:-1"},"canonical":"https:\/\/www.noticiasradioreflejos.com.ar\/2021\/hoy-capacitacion-las-empresas-de-familia-en-villa-ventana\/","og_locale":"es_ES","og_type":"article","og_title":"Hoy Capacitaci\u00f3n \u201cLas Empresas de Familia\u201d en Villa Ventana - Noticias Radio Reflejos","og_description":"Importante Capacitaci\u00f3n sobre la problem\u00e1tica t\u00edpica de las empresas familiares se realizar\u00e1 hoy, Viernes 21 de abril 20 hs. en la Biblioteca Popular Macedonio Fern\u00e1ndez Villa Ventana. Para invitar y contarnos detalles de la charla que tendr\u00e1 a su cargo Roberto Jol\u00edas, nos comunicamos telef\u00f3nicamente con Gabriela Garc\u00eda, integrante de la C\u00e1mara de Comercio y [&hellip;]","og_url":"https:\/\/www.noticiasradioreflejos.com.ar\/2021\/hoy-capacitacion-las-empresas-de-familia-en-villa-ventana\/","og_site_name":"Noticias Radio Reflejos","article_published_time":"2017-04-21T14:25:33+00:00","og_image":[{"url":"http:\/\/farm3.staticflickr.com\/2867\/33842371271_129fddaa65_z.jpg","type":"","width":"","height":""}],"author":"Arnaldo Botto","twitter_card":"summary_large_image","schema":{"@context":"https:\/\/schema.org","@graph":[{"@type":"WebPage","@id":"https:\/\/www.noticiasradioreflejos.com.ar\/2021\/hoy-capacitacion-las-empresas-de-familia-en-villa-ventana\/","url":"https:\/\/www.noticiasradioreflejos.com.ar\/2021\/hoy-capacitacion-las-empresas-de-familia-en-villa-ventana\/","name":"Hoy Capacitaci\u00f3n \u201cLas Empresas de Familia\u201d en Villa Ventana - Noticias Radio Reflejos","isPartOf":{"@id":"https:\/\/www.noticiasradioreflejos.com.ar\/2021\/#website"},"primaryImageOfPage":{"@id":"https:\/\/www.noticiasradioreflejos.com.ar\/2021\/hoy-capacitacion-las-empresas-de-familia-en-villa-ventana\/#primaryimage"},"image":{"@id":"https:\/\/www.noticiasradioreflejos.com.ar\/2021\/hoy-capacitacion-las-empresas-de-familia-en-villa-ventana\/#primaryimage"},"thumbnailUrl":"http:\/\/farm3.staticflickr.com\/2867\/33842371271_129fddaa65_z.jpg","datePublished":"2017-04-21T14:25:33+00:00","author":{"@id":"https:\/\/www.noticiasradioreflejos.com.ar\/2021\/#\/schema\/person\/ad82545263dcc5ec0996818884fd5fb1"},"breadcrumb":{"@id":"https:\/\/www.noticiasradioreflejos.com.ar\/2021\/hoy-capacitacion-las-empresas-de-familia-en-villa-ventana\/#breadcrumb"},"inLanguage":"es","potentialAction":[{"@type":"ReadAction","target":["https:\/\/www.noticiasradioreflejos.com.ar\/2021\/hoy-capacitacion-las-empresas-de-familia-en-villa-ventana\/"]}]},{"@type":"ImageObject","inLanguage":"es","@id":"https:\/\/www.noticiasradioreflejos.com.ar\/2021\/hoy-capacitacion-las-empresas-de-familia-en-villa-ventana\/#primaryimage","url":"http:\/\/farm3.staticflickr.com\/2867\/33842371271_129fddaa65_z.jpg","contentUrl":"http:\/\/farm3.staticflickr.com\/2867\/33842371271_129fddaa65_z.jpg"},{"@type":"BreadcrumbList","@id":"https:\/\/www.noticiasradioreflejos.com.ar\/2021\/hoy-capacitacion-las-empresas-de-familia-en-villa-ventana\/#breadcrumb","itemListElement":[{"@type":"ListItem","position":1,"name":"Portada","item":"https:\/\/www.noticiasradioreflejos.com.ar\/2021\/"},{"@type":"ListItem","position":2,"name":"Hoy Capacitaci\u00f3n \u201cLas Empresas de Familia\u201d en Villa Ventana"}]},{"@type":"WebSite","@id":"https:\/\/www.noticiasradioreflejos.com.ar\/2021\/#website","url":"https:\/\/www.noticiasradioreflejos.com.ar\/2021\/","name":"Noticias Radio Reflejos","description":"Las noticias de mi comarca","potentialAction":[{"@type":"SearchAction","target":{"@type":"EntryPoint","urlTemplate":"https:\/\/www.noticiasradioreflejos.com.ar\/2021\/?s={search_term_string}"},"query-input":{"@type":"PropertyValueSpecification","valueRequired":true,"valueName":"search_term_string"}}],"inLanguage":"es"},{"@type":"Person","@id":"https:\/\/www.noticiasradioreflejos.com.ar\/2021\/#\/schema\/person\/ad82545263dcc5ec0996818884fd5fb1","name":"Arnaldo Botto","image":{"@type":"ImageObject","inLanguage":"es","@id":"https:\/\/www.noticiasradioreflejos.com.ar\/2021\/#\/schema\/person\/image\/","url":"https:\/\/secure.gravatar.com\/avatar\/55cb5e37c1efa326397366e6974cb338056df65cb50e7d64d1cf314e87504837?s=96&d=mm&r=g","contentUrl":"https:\/\/secure.gravatar.com\/avatar\/55cb5e37c1efa326397366e6974cb338056df65cb50e7d64d1cf314e87504837?s=96&d=mm&r=g","caption":"Arnaldo Botto"},"url":"https:\/\/www.noticiasradioreflejos.com.ar\/2021\/author\/arnaldo\/"}]}},"_links":{"self":[{"href":"https:\/\/www.noticiasradioreflejos.com.ar\/2021\/wp-json\/wp\/v2\/posts\/9319","targetHints":{"allow":["GET"]}}],"collection":[{"href":"https:\/\/www.noticiasradioreflejos.com.ar\/2021\/wp-json\/wp\/v2\/posts"}],"about":[{"href":"https:\/\/www.noticiasradioreflejos.com.ar\/2021\/wp-json\/wp\/v2\/types\/post"}],"author":[{"embeddable":true,"href":"https:\/\/www.noticiasradioreflejos.com.ar\/2021\/wp-json\/wp\/v2\/users\/3"}],"replies":[{"embeddable":true,"href":"https:\/\/www.noticiasradioreflejos.com.ar\/2021\/wp-json\/wp\/v2\/comments?post=9319"}],"version-history":[{"count":0,"href":"https:\/\/www.noticiasradioreflejos.com.ar\/2021\/wp-json\/wp\/v2\/posts\/9319\/revisions"}],"wp:attachment":[{"href":"https:\/\/www.noticiasradioreflejos.com.ar\/2021\/wp-json\/wp\/v2\/media?parent=9319"}],"wp:term":[{"taxonomy":"category","embeddable":true,"href":"https:\/\/www.noticiasradioreflejos.com.ar\/2021\/wp-json\/wp\/v2\/categories?post=9319"},{"taxonomy":"post_tag","embeddable":true,"href":"https:\/\/www.noticiasradioreflejos.com.ar\/2021\/wp-json\/wp\/v2\/tags?post=9319"}],"curies":[{"name":"wp","href":"https:\/\/api.w.org\/{rel}","templated":true}]}}