{"id":93070,"date":"2023-09-21T19:10:15","date_gmt":"2023-09-21T19:10:15","guid":{"rendered":"https:\/\/www.noticiasradioreflejos.com.ar\/2021\/?p=93070"},"modified":"2023-09-21T19:10:15","modified_gmt":"2023-09-21T19:10:15","slug":"en-dorrego-se-abrio-la-primera-sala-maternal-de-la-provincia-para-alumnas-mamas","status":"publish","type":"post","link":"https:\/\/www.noticiasradioreflejos.com.ar\/2021\/en-dorrego-se-abrio-la-primera-sala-maternal-de-la-provincia-para-alumnas-mamas\/","title":{"rendered":"En Dorrego se abri\u00f3 la primera sala maternal de la provincia para alumnas mam\u00e1s"},"content":{"rendered":"<p>As\u00ed lo confirm\u00f3<strong> Eugenia De Dios<\/strong>, encargada del distrito educacional de aquella ciudad. \u201cEn otro momento esto hubiese sido impensado\u201d asegur\u00f3.<!--more--><\/p>\n<p>En otra entrega del micro <strong>Tiempo Educativo<\/strong> tuvo la palabra la docente <strong>Eugenia De Dios<\/strong>, la cual hoy cumple funciones como encargada del distrito de Coronel Dorrego como inspectora.<\/p>\n<p><a data-flickr-embed=\"true\" href=\"https:\/\/www.flickr.com\/photos\/182279889@N02\/53204231635\/in\/dateposted-public\/\" title=\"Sala maternal (1)\"><img loading=\"lazy\" decoding=\"async\" src=\"https:\/\/live.staticflickr.com\/65535\/53204231635_7a844c933d_c.jpg\" width=\"800\" height=\"800\" alt=\"Sala maternal (1)\"\/><\/a><script async src=\"\/\/embedr.flickr.com\/assets\/client-code.js\" charset=\"utf-8\"><\/script><\/p>\n<p>Seg\u00fan su \u00f3ptica, \u201cvenimos con un a\u00f1o donde educativamente se est\u00e1 ampliamente desarrollando. Hace poco se cre\u00f3 una escuela de art\u00edstica, ayer en el paraje La Aurora inauguramos un jard\u00edn rural\u201d.<\/p>\n<p>De igual forma profundiz\u00f3 en otro hito saliente, ya que ratific\u00f3 que \u201cinauguramos la primera sala maternal de la provincia dentro de la escuela secundaria profesional. Ten\u00edamos varias alumnas\/mam\u00e1 y ten\u00edamos que generar un espacio donde pudieran cuidar a sus hijos mientras ellas estudian\u201d.<\/p>\n<p>Al mismo tiempo aclar\u00f3 que \u201cla posibilidad mientras tengamos cupo, tambi\u00e9n es para aquellos estudiantes de secundario que tienen que cuidar a sus hermanitos, y eso les impide tener una trayectoria real dentro de las escuelas. Es un acompa\u00f1amiento muy importante para ellos\u201d.<\/p>\n<p>Recordando todo el camino andado hasta este gran momento, asegur\u00f3 que \u201cdesde el d\u00eda que dijimos que estas estudiantes mam\u00e1 tienen que tener una posibilidad y una educaci\u00f3n distinta, fuimos acompa\u00f1ados de buena forma por las autoridades. Nunca tuvimos un pero. Siempre estuvo pautada la posibilidad\u201d.<\/p>\n<p>Por \u00faltimo afirm\u00f3 que \u201cen otro momento esto hubiese sido impensado. En la gesti\u00f3n anterior lo \u00fanico que se priorizaba era optimizar recursos reduciendo matr\u00edcula. Siempre achicar el presupuesto y no pensar en estas particularidades\u201d.<\/p>\n<p><iframe loading=\"lazy\" width=\"100%\" height=\"166\" scrolling=\"no\" frameborder=\"no\" allow=\"autoplay\" src=\"https:\/\/w.soundcloud.com\/player\/?url=https%3A\/\/api.soundcloud.com\/tracks\/1621677252&#038;color=%23ff5500&#038;auto_play=false&#038;hide_related=false&#038;show_comments=true&#038;show_user=true&#038;show_reposts=false&#038;show_teaser=true\"><\/iframe><\/p>\n<div style=\"font-size: 10px; color: #cccccc;line-break: anywhere;word-break: normal;overflow: hidden;white-space: nowrap;text-overflow: ellipsis; font-family: Interstate,Lucida Grande,Lucida Sans Unicode,Lucida Sans,Garuda,Verdana,Tahoma,sans-serif;font-weight: 100;\"><a href=\"https:\/\/soundcloud.com\/fmreflejos-103-7\" title=\"fmreflejos 103.7\" target=\"_blank\" style=\"color: #cccccc; text-decoration: none;\" rel=\"noopener\">fmreflejos 103.7<\/a> \u00b7 <a href=\"https:\/\/soundcloud.com\/fmreflejos-103-7\/eugenia-de-dios\" title=\"Eugenia De Dios\" target=\"_blank\" style=\"color: #cccccc; text-decoration: none;\" rel=\"noopener\">Eugenia De Dios<\/a><\/div>\n<p><a data-flickr-embed=\"true\" href=\"https:\/\/www.flickr.com\/photos\/182279889@N02\/53204231605\/in\/dateposted-public\/\" title=\"Sala maternal 4\"><img loading=\"lazy\" decoding=\"async\" src=\"https:\/\/live.staticflickr.com\/65535\/53204231605_c73555d1de_c.jpg\" width=\"640\" height=\"800\" alt=\"Sala maternal 4\"\/><\/a><script async src=\"\/\/embedr.flickr.com\/assets\/client-code.js\" charset=\"utf-8\"><\/script><\/p>\n","protected":false},"excerpt":{"rendered":"<p>As\u00ed lo confirm\u00f3 Eugenia De Dios, encargada del distrito educacional de aquella ciudad. \u201cEn otro momento esto hubiese sido impensado\u201d asegur\u00f3.<\/p>\n","protected":false},"author":3,"featured_media":0,"comment_status":"closed","ping_status":"closed","sticky":false,"template":"","format":"standard","meta":{"footnotes":""},"categories":[34,24],"tags":[48],"class_list":["post-93070","post","type-post","status-publish","format-standard","hentry","category-educacion","category-politica","tag-destacada"],"yoast_head":"<!-- This site is optimized with the Yoast SEO plugin v25.9 - https:\/\/yoast.com\/wordpress\/plugins\/seo\/ -->\n<title>En Dorrego se abri\u00f3 la primera sala maternal de la provincia para alumnas mam\u00e1s - Noticias Radio Reflejos<\/title>\n<meta name=\"robots\" content=\"index, follow, max-snippet:-1, max-image-preview:large, max-video-preview:-1\" \/>\n<link rel=\"canonical\" href=\"https:\/\/www.noticiasradioreflejos.com.ar\/2021\/en-dorrego-se-abrio-la-primera-sala-maternal-de-la-provincia-para-alumnas-mamas\/\" \/>\n<meta property=\"og:locale\" content=\"es_ES\" \/>\n<meta property=\"og:type\" content=\"article\" \/>\n<meta property=\"og:title\" content=\"En Dorrego se abri\u00f3 la primera sala maternal de la provincia para alumnas mam\u00e1s - Noticias Radio Reflejos\" \/>\n<meta property=\"og:description\" content=\"As\u00ed lo confirm\u00f3 Eugenia De Dios, encargada del distrito educacional de aquella ciudad. \u201cEn otro momento esto hubiese sido impensado\u201d asegur\u00f3.\" \/>\n<meta property=\"og:url\" content=\"https:\/\/www.noticiasradioreflejos.com.ar\/2021\/en-dorrego-se-abrio-la-primera-sala-maternal-de-la-provincia-para-alumnas-mamas\/\" \/>\n<meta property=\"og:site_name\" content=\"Noticias Radio Reflejos\" \/>\n<meta property=\"article:published_time\" content=\"2023-09-21T19:10:15+00:00\" \/>\n<meta property=\"og:image\" content=\"https:\/\/live.staticflickr.com\/65535\/53204231635_7a844c933d_c.jpg\" \/>\n<meta name=\"author\" content=\"Arnaldo Botto\" \/>\n<meta name=\"twitter:card\" content=\"summary_large_image\" \/>\n<script type=\"application\/ld+json\" class=\"yoast-schema-graph\">{\"@context\":\"https:\/\/schema.org\",\"@graph\":[{\"@type\":\"WebPage\",\"@id\":\"https:\/\/www.noticiasradioreflejos.com.ar\/2021\/en-dorrego-se-abrio-la-primera-sala-maternal-de-la-provincia-para-alumnas-mamas\/\",\"url\":\"https:\/\/www.noticiasradioreflejos.com.ar\/2021\/en-dorrego-se-abrio-la-primera-sala-maternal-de-la-provincia-para-alumnas-mamas\/\",\"name\":\"En Dorrego se abri\u00f3 la primera sala maternal de la provincia para alumnas mam\u00e1s - Noticias Radio Reflejos\",\"isPartOf\":{\"@id\":\"https:\/\/www.noticiasradioreflejos.com.ar\/2021\/#website\"},\"primaryImageOfPage\":{\"@id\":\"https:\/\/www.noticiasradioreflejos.com.ar\/2021\/en-dorrego-se-abrio-la-primera-sala-maternal-de-la-provincia-para-alumnas-mamas\/#primaryimage\"},\"image\":{\"@id\":\"https:\/\/www.noticiasradioreflejos.com.ar\/2021\/en-dorrego-se-abrio-la-primera-sala-maternal-de-la-provincia-para-alumnas-mamas\/#primaryimage\"},\"thumbnailUrl\":\"https:\/\/live.staticflickr.com\/65535\/53204231635_7a844c933d_c.jpg\",\"datePublished\":\"2023-09-21T19:10:15+00:00\",\"author\":{\"@id\":\"https:\/\/www.noticiasradioreflejos.com.ar\/2021\/#\/schema\/person\/ad82545263dcc5ec0996818884fd5fb1\"},\"breadcrumb\":{\"@id\":\"https:\/\/www.noticiasradioreflejos.com.ar\/2021\/en-dorrego-se-abrio-la-primera-sala-maternal-de-la-provincia-para-alumnas-mamas\/#breadcrumb\"},\"inLanguage\":\"es\",\"potentialAction\":[{\"@type\":\"ReadAction\",\"target\":[\"https:\/\/www.noticiasradioreflejos.com.ar\/2021\/en-dorrego-se-abrio-la-primera-sala-maternal-de-la-provincia-para-alumnas-mamas\/\"]}]},{\"@type\":\"ImageObject\",\"inLanguage\":\"es\",\"@id\":\"https:\/\/www.noticiasradioreflejos.com.ar\/2021\/en-dorrego-se-abrio-la-primera-sala-maternal-de-la-provincia-para-alumnas-mamas\/#primaryimage\",\"url\":\"https:\/\/live.staticflickr.com\/65535\/53204231635_7a844c933d_c.jpg\",\"contentUrl\":\"https:\/\/live.staticflickr.com\/65535\/53204231635_7a844c933d_c.jpg\"},{\"@type\":\"BreadcrumbList\",\"@id\":\"https:\/\/www.noticiasradioreflejos.com.ar\/2021\/en-dorrego-se-abrio-la-primera-sala-maternal-de-la-provincia-para-alumnas-mamas\/#breadcrumb\",\"itemListElement\":[{\"@type\":\"ListItem\",\"position\":1,\"name\":\"Portada\",\"item\":\"https:\/\/www.noticiasradioreflejos.com.ar\/2021\/\"},{\"@type\":\"ListItem\",\"position\":2,\"name\":\"En Dorrego se abri\u00f3 la primera sala maternal de la provincia para alumnas mam\u00e1s\"}]},{\"@type\":\"WebSite\",\"@id\":\"https:\/\/www.noticiasradioreflejos.com.ar\/2021\/#website\",\"url\":\"https:\/\/www.noticiasradioreflejos.com.ar\/2021\/\",\"name\":\"Noticias Radio Reflejos\",\"description\":\"Las noticias de mi comarca\",\"potentialAction\":[{\"@type\":\"SearchAction\",\"target\":{\"@type\":\"EntryPoint\",\"urlTemplate\":\"https:\/\/www.noticiasradioreflejos.com.ar\/2021\/?s={search_term_string}\"},\"query-input\":{\"@type\":\"PropertyValueSpecification\",\"valueRequired\":true,\"valueName\":\"search_term_string\"}}],\"inLanguage\":\"es\"},{\"@type\":\"Person\",\"@id\":\"https:\/\/www.noticiasradioreflejos.com.ar\/2021\/#\/schema\/person\/ad82545263dcc5ec0996818884fd5fb1\",\"name\":\"Arnaldo Botto\",\"image\":{\"@type\":\"ImageObject\",\"inLanguage\":\"es\",\"@id\":\"https:\/\/www.noticiasradioreflejos.com.ar\/2021\/#\/schema\/person\/image\/\",\"url\":\"https:\/\/secure.gravatar.com\/avatar\/55cb5e37c1efa326397366e6974cb338056df65cb50e7d64d1cf314e87504837?s=96&d=mm&r=g\",\"contentUrl\":\"https:\/\/secure.gravatar.com\/avatar\/55cb5e37c1efa326397366e6974cb338056df65cb50e7d64d1cf314e87504837?s=96&d=mm&r=g\",\"caption\":\"Arnaldo Botto\"},\"url\":\"https:\/\/www.noticiasradioreflejos.com.ar\/2021\/author\/arnaldo\/\"}]}<\/script>\n<!-- \/ Yoast SEO plugin. -->","yoast_head_json":{"title":"En Dorrego se abri\u00f3 la primera sala maternal de la provincia para alumnas mam\u00e1s - Noticias Radio Reflejos","robots":{"index":"index","follow":"follow","max-snippet":"max-snippet:-1","max-image-preview":"max-image-preview:large","max-video-preview":"max-video-preview:-1"},"canonical":"https:\/\/www.noticiasradioreflejos.com.ar\/2021\/en-dorrego-se-abrio-la-primera-sala-maternal-de-la-provincia-para-alumnas-mamas\/","og_locale":"es_ES","og_type":"article","og_title":"En Dorrego se abri\u00f3 la primera sala maternal de la provincia para alumnas mam\u00e1s - Noticias Radio Reflejos","og_description":"As\u00ed lo confirm\u00f3 Eugenia De Dios, encargada del distrito educacional de aquella ciudad. \u201cEn otro momento esto hubiese sido impensado\u201d asegur\u00f3.","og_url":"https:\/\/www.noticiasradioreflejos.com.ar\/2021\/en-dorrego-se-abrio-la-primera-sala-maternal-de-la-provincia-para-alumnas-mamas\/","og_site_name":"Noticias Radio Reflejos","article_published_time":"2023-09-21T19:10:15+00:00","og_image":[{"url":"https:\/\/live.staticflickr.com\/65535\/53204231635_7a844c933d_c.jpg","type":"","width":"","height":""}],"author":"Arnaldo Botto","twitter_card":"summary_large_image","schema":{"@context":"https:\/\/schema.org","@graph":[{"@type":"WebPage","@id":"https:\/\/www.noticiasradioreflejos.com.ar\/2021\/en-dorrego-se-abrio-la-primera-sala-maternal-de-la-provincia-para-alumnas-mamas\/","url":"https:\/\/www.noticiasradioreflejos.com.ar\/2021\/en-dorrego-se-abrio-la-primera-sala-maternal-de-la-provincia-para-alumnas-mamas\/","name":"En Dorrego se abri\u00f3 la primera sala maternal de la provincia para alumnas mam\u00e1s - Noticias Radio Reflejos","isPartOf":{"@id":"https:\/\/www.noticiasradioreflejos.com.ar\/2021\/#website"},"primaryImageOfPage":{"@id":"https:\/\/www.noticiasradioreflejos.com.ar\/2021\/en-dorrego-se-abrio-la-primera-sala-maternal-de-la-provincia-para-alumnas-mamas\/#primaryimage"},"image":{"@id":"https:\/\/www.noticiasradioreflejos.com.ar\/2021\/en-dorrego-se-abrio-la-primera-sala-maternal-de-la-provincia-para-alumnas-mamas\/#primaryimage"},"thumbnailUrl":"https:\/\/live.staticflickr.com\/65535\/53204231635_7a844c933d_c.jpg","datePublished":"2023-09-21T19:10:15+00:00","author":{"@id":"https:\/\/www.noticiasradioreflejos.com.ar\/2021\/#\/schema\/person\/ad82545263dcc5ec0996818884fd5fb1"},"breadcrumb":{"@id":"https:\/\/www.noticiasradioreflejos.com.ar\/2021\/en-dorrego-se-abrio-la-primera-sala-maternal-de-la-provincia-para-alumnas-mamas\/#breadcrumb"},"inLanguage":"es","potentialAction":[{"@type":"ReadAction","target":["https:\/\/www.noticiasradioreflejos.com.ar\/2021\/en-dorrego-se-abrio-la-primera-sala-maternal-de-la-provincia-para-alumnas-mamas\/"]}]},{"@type":"ImageObject","inLanguage":"es","@id":"https:\/\/www.noticiasradioreflejos.com.ar\/2021\/en-dorrego-se-abrio-la-primera-sala-maternal-de-la-provincia-para-alumnas-mamas\/#primaryimage","url":"https:\/\/live.staticflickr.com\/65535\/53204231635_7a844c933d_c.jpg","contentUrl":"https:\/\/live.staticflickr.com\/65535\/53204231635_7a844c933d_c.jpg"},{"@type":"BreadcrumbList","@id":"https:\/\/www.noticiasradioreflejos.com.ar\/2021\/en-dorrego-se-abrio-la-primera-sala-maternal-de-la-provincia-para-alumnas-mamas\/#breadcrumb","itemListElement":[{"@type":"ListItem","position":1,"name":"Portada","item":"https:\/\/www.noticiasradioreflejos.com.ar\/2021\/"},{"@type":"ListItem","position":2,"name":"En Dorrego se abri\u00f3 la primera sala maternal de la provincia para alumnas mam\u00e1s"}]},{"@type":"WebSite","@id":"https:\/\/www.noticiasradioreflejos.com.ar\/2021\/#website","url":"https:\/\/www.noticiasradioreflejos.com.ar\/2021\/","name":"Noticias Radio Reflejos","description":"Las noticias de mi comarca","potentialAction":[{"@type":"SearchAction","target":{"@type":"EntryPoint","urlTemplate":"https:\/\/www.noticiasradioreflejos.com.ar\/2021\/?s={search_term_string}"},"query-input":{"@type":"PropertyValueSpecification","valueRequired":true,"valueName":"search_term_string"}}],"inLanguage":"es"},{"@type":"Person","@id":"https:\/\/www.noticiasradioreflejos.com.ar\/2021\/#\/schema\/person\/ad82545263dcc5ec0996818884fd5fb1","name":"Arnaldo Botto","image":{"@type":"ImageObject","inLanguage":"es","@id":"https:\/\/www.noticiasradioreflejos.com.ar\/2021\/#\/schema\/person\/image\/","url":"https:\/\/secure.gravatar.com\/avatar\/55cb5e37c1efa326397366e6974cb338056df65cb50e7d64d1cf314e87504837?s=96&d=mm&r=g","contentUrl":"https:\/\/secure.gravatar.com\/avatar\/55cb5e37c1efa326397366e6974cb338056df65cb50e7d64d1cf314e87504837?s=96&d=mm&r=g","caption":"Arnaldo Botto"},"url":"https:\/\/www.noticiasradioreflejos.com.ar\/2021\/author\/arnaldo\/"}]}},"_links":{"self":[{"href":"https:\/\/www.noticiasradioreflejos.com.ar\/2021\/wp-json\/wp\/v2\/posts\/93070","targetHints":{"allow":["GET"]}}],"collection":[{"href":"https:\/\/www.noticiasradioreflejos.com.ar\/2021\/wp-json\/wp\/v2\/posts"}],"about":[{"href":"https:\/\/www.noticiasradioreflejos.com.ar\/2021\/wp-json\/wp\/v2\/types\/post"}],"author":[{"embeddable":true,"href":"https:\/\/www.noticiasradioreflejos.com.ar\/2021\/wp-json\/wp\/v2\/users\/3"}],"replies":[{"embeddable":true,"href":"https:\/\/www.noticiasradioreflejos.com.ar\/2021\/wp-json\/wp\/v2\/comments?post=93070"}],"version-history":[{"count":2,"href":"https:\/\/www.noticiasradioreflejos.com.ar\/2021\/wp-json\/wp\/v2\/posts\/93070\/revisions"}],"predecessor-version":[{"id":93085,"href":"https:\/\/www.noticiasradioreflejos.com.ar\/2021\/wp-json\/wp\/v2\/posts\/93070\/revisions\/93085"}],"wp:attachment":[{"href":"https:\/\/www.noticiasradioreflejos.com.ar\/2021\/wp-json\/wp\/v2\/media?parent=93070"}],"wp:term":[{"taxonomy":"category","embeddable":true,"href":"https:\/\/www.noticiasradioreflejos.com.ar\/2021\/wp-json\/wp\/v2\/categories?post=93070"},{"taxonomy":"post_tag","embeddable":true,"href":"https:\/\/www.noticiasradioreflejos.com.ar\/2021\/wp-json\/wp\/v2\/tags?post=93070"}],"curies":[{"name":"wp","href":"https:\/\/api.w.org\/{rel}","templated":true}]}}