{"id":93067,"date":"2023-09-21T13:07:31","date_gmt":"2023-09-21T13:07:31","guid":{"rendered":"https:\/\/www.noticiasradioreflejos.com.ar\/2021\/?p=93067"},"modified":"2023-09-21T13:07:31","modified_gmt":"2023-09-21T13:07:31","slug":"se-redujeron-30-los-siniestros-viales-en-el-periodo-2020-2023-con-respecto-a-2016-2019","status":"publish","type":"post","link":"https:\/\/www.noticiasradioreflejos.com.ar\/2021\/se-redujeron-30-los-siniestros-viales-en-el-periodo-2020-2023-con-respecto-a-2016-2019\/","title":{"rendered":"Se redujeron 30% los siniestros viales en el per\u00edodo 2020\/2023 con respecto a 2016\/2019"},"content":{"rendered":"<p>La cifra hist\u00f3rica de fallecidos por d\u00eda en siniestros viales cay\u00f3 30% si se compara el per\u00edodo 2020-2023 con 2016-2019, antes de la pandemia por coronavirus, seg\u00fan los datos difundidos hoy por la Agencia Nacional de Seguridad Vial (ANSV).<!--more--><\/p>\n<p>La siniestralidad pas\u00f3 de 15 v\u00edctimas diarias a 10,5 en promedio, si se suman los datos anuales del per\u00edodo 2016-2019 y se lo compara con el ciclo que va desde el 2020 hasta el primer trimestre de 2023.<\/p>\n<p>Fuentes del ministerio de Transporte atribuyeron esa ca\u00edda a las cinco pol\u00edticas p\u00fablicas que se implementaron: la sanci\u00f3n de la Ley de Alcohol Cero, el programa Alcoholemia Federal, la entrega de cascos, el aumento de bases operativas y el sistema Scoring.<\/p>\n<p>El ministro de Transporte, Diego Giuliano, dijo que se trata de \u00abuna cifra alentadora que indica que el camino es el correcto, que vivimos en un pa\u00eds con un Estado que se ocupa de cuidarnos, pero de ninguna manera nos conforma\u00bb.<\/p>\n<p>\u00abEsta reducci\u00f3n nos marca que podemos circular m\u00e1s tranquilos que antes, nos dice que hay muchas familias que dejaron de perder seres queridos, pero tambi\u00e9n nos dice que todav\u00eda hay mucho trabajo por hacer para seguir salvando vidas en las rutas argentinas\u00bb, apunt\u00f3.<\/p>\n<p>Adem\u00e1s, destac\u00f3 el apoyo del ministro de Econom\u00eda y candidato a presidente de UxP Sergio Massa para el avance de la Ley de Alcohol Cero en la C\u00e1mara de Diputados, \u00abcon los recursos presupuestarios para impulsar las medidas que nos llevan a esta reducci\u00f3n de un 30% en las v\u00edctimas fatales\u00bb.<\/p>\n<p>Fuentes de la cartera indicaron que uno de los principales motivos en la reducci\u00f3n de las v\u00edctimas fatales en siniestros viales fue la sanci\u00f3n del proyecto \u00abAlcohol Cero\u00bb, elaborado por la ANSV, que modific\u00f3 el l\u00edmite de 0,5 gramos por litro de alcohol en sangre a cero en rutas nacionales para automovilistas y motociclistas, y que cont\u00f3 con el apoyo de 18 provincias y m\u00e1s de 60 localidades.<\/p>\n<p>Desde diciembre del 2020 el Estado nacional lleva adelante el programa \u00abAlcoholemia Federal\u00bb que consiste en realizar controles en simult\u00e1neo en todo el pa\u00eds, lo que permite abordar de manera unificada, junto a las provincias y municipios, el problema del alcohol al volante.<\/p>\n<p>Con m\u00e1s de 50 ediciones y de 300.000 veh\u00edculos fiscalizados, el \u00edndice de positividad de alcohol en sangre al conducir baj\u00f3 del 8 al 2,5%.<\/p>\n<p>Adem\u00e1s, la ANSV duplic\u00f3 en todo el pa\u00eds el n\u00famero de bases operativas que llegaron a 16 nuevas provincias que hasta el 2019 no ten\u00edan dependencias del organismo.<\/p>\n<p>Por otra parte, desde agosto del 2022 entr\u00f3 en vigencia el sistema Scoring que descuenta puntos por infracciones de tr\u00e1nsito con el objetivo de garantizar una equidad para todos los infractores, aplicando una sanci\u00f3n por fuera de lo econ\u00f3mico, que actualmente se aplica en nueve provincias.<\/p>\n<p>Finalmente, para fomentar la utilizaci\u00f3n del casco en motociclistas se impulsaron los programas \u00abPlan Federal de entrega de Cascos\u00bb y \u00abHacela bien, siempre con casco\u00bb, con los que se entregaron m\u00e1s de 47.000 cascos y chalecos reflectivos en m\u00e1s de 200 ciudades y 20 provincias del pa\u00eds. Los proyectos cuentan con charlas informativas sobre diversos \u00edtems de conducci\u00f3n responsable, en los que se concientiza a las y los conductores.<\/p>\n","protected":false},"excerpt":{"rendered":"<p>La cifra hist\u00f3rica de fallecidos por d\u00eda en siniestros viales cay\u00f3 30% si se compara el per\u00edodo 2020-2023 con 2016-2019, antes de la pandemia por coronavirus, seg\u00fan los datos difundidos hoy por la Agencia Nacional de Seguridad Vial (ANSV).<\/p>\n","protected":false},"author":3,"featured_media":93068,"comment_status":"closed","ping_status":"closed","sticky":false,"template":"","format":"standard","meta":{"footnotes":""},"categories":[26],"tags":[],"class_list":["post-93067","post","type-post","status-publish","format-standard","has-post-thumbnail","hentry","category-sociedad"],"yoast_head":"<!-- This site is optimized with the Yoast SEO plugin v25.9 - https:\/\/yoast.com\/wordpress\/plugins\/seo\/ -->\n<title>Se redujeron 30% los siniestros viales en el per\u00edodo 2020\/2023 con respecto a 2016\/2019 - Noticias Radio Reflejos<\/title>\n<meta name=\"robots\" content=\"index, follow, max-snippet:-1, max-image-preview:large, max-video-preview:-1\" \/>\n<link rel=\"canonical\" href=\"https:\/\/www.noticiasradioreflejos.com.ar\/2021\/se-redujeron-30-los-siniestros-viales-en-el-periodo-2020-2023-con-respecto-a-2016-2019\/\" \/>\n<meta property=\"og:locale\" content=\"es_ES\" \/>\n<meta property=\"og:type\" content=\"article\" \/>\n<meta property=\"og:title\" content=\"Se redujeron 30% los siniestros viales en el per\u00edodo 2020\/2023 con respecto a 2016\/2019 - Noticias Radio Reflejos\" \/>\n<meta property=\"og:description\" content=\"La cifra hist\u00f3rica de fallecidos por d\u00eda en siniestros viales cay\u00f3 30% si se compara el per\u00edodo 2020-2023 con 2016-2019, antes de la pandemia por coronavirus, seg\u00fan los datos difundidos hoy por la Agencia Nacional de Seguridad Vial (ANSV).\" \/>\n<meta property=\"og:url\" content=\"https:\/\/www.noticiasradioreflejos.com.ar\/2021\/se-redujeron-30-los-siniestros-viales-en-el-periodo-2020-2023-con-respecto-a-2016-2019\/\" \/>\n<meta property=\"og:site_name\" content=\"Noticias Radio Reflejos\" \/>\n<meta property=\"article:published_time\" content=\"2023-09-21T13:07:31+00:00\" \/>\n<meta property=\"og:image\" content=\"https:\/\/www.noticiasradioreflejos.com.ar\/2021\/wp-content\/uploads\/2023\/09\/3-siniestros-viales.jpg\" \/>\n\t<meta property=\"og:image:width\" content=\"1280\" \/>\n\t<meta property=\"og:image:height\" content=\"720\" \/>\n\t<meta property=\"og:image:type\" content=\"image\/jpeg\" \/>\n<meta name=\"author\" content=\"Arnaldo Botto\" \/>\n<meta name=\"twitter:card\" content=\"summary_large_image\" \/>\n<script type=\"application\/ld+json\" class=\"yoast-schema-graph\">{\"@context\":\"https:\/\/schema.org\",\"@graph\":[{\"@type\":\"WebPage\",\"@id\":\"https:\/\/www.noticiasradioreflejos.com.ar\/2021\/se-redujeron-30-los-siniestros-viales-en-el-periodo-2020-2023-con-respecto-a-2016-2019\/\",\"url\":\"https:\/\/www.noticiasradioreflejos.com.ar\/2021\/se-redujeron-30-los-siniestros-viales-en-el-periodo-2020-2023-con-respecto-a-2016-2019\/\",\"name\":\"Se redujeron 30% los siniestros viales en el per\u00edodo 2020\/2023 con respecto a 2016\/2019 - Noticias Radio Reflejos\",\"isPartOf\":{\"@id\":\"https:\/\/www.noticiasradioreflejos.com.ar\/2021\/#website\"},\"primaryImageOfPage\":{\"@id\":\"https:\/\/www.noticiasradioreflejos.com.ar\/2021\/se-redujeron-30-los-siniestros-viales-en-el-periodo-2020-2023-con-respecto-a-2016-2019\/#primaryimage\"},\"image\":{\"@id\":\"https:\/\/www.noticiasradioreflejos.com.ar\/2021\/se-redujeron-30-los-siniestros-viales-en-el-periodo-2020-2023-con-respecto-a-2016-2019\/#primaryimage\"},\"thumbnailUrl\":\"https:\/\/www.noticiasradioreflejos.com.ar\/2021\/wp-content\/uploads\/2023\/09\/3-siniestros-viales.jpg\",\"datePublished\":\"2023-09-21T13:07:31+00:00\",\"author\":{\"@id\":\"https:\/\/www.noticiasradioreflejos.com.ar\/2021\/#\/schema\/person\/ad82545263dcc5ec0996818884fd5fb1\"},\"breadcrumb\":{\"@id\":\"https:\/\/www.noticiasradioreflejos.com.ar\/2021\/se-redujeron-30-los-siniestros-viales-en-el-periodo-2020-2023-con-respecto-a-2016-2019\/#breadcrumb\"},\"inLanguage\":\"es\",\"potentialAction\":[{\"@type\":\"ReadAction\",\"target\":[\"https:\/\/www.noticiasradioreflejos.com.ar\/2021\/se-redujeron-30-los-siniestros-viales-en-el-periodo-2020-2023-con-respecto-a-2016-2019\/\"]}]},{\"@type\":\"ImageObject\",\"inLanguage\":\"es\",\"@id\":\"https:\/\/www.noticiasradioreflejos.com.ar\/2021\/se-redujeron-30-los-siniestros-viales-en-el-periodo-2020-2023-con-respecto-a-2016-2019\/#primaryimage\",\"url\":\"https:\/\/www.noticiasradioreflejos.com.ar\/2021\/wp-content\/uploads\/2023\/09\/3-siniestros-viales.jpg\",\"contentUrl\":\"https:\/\/www.noticiasradioreflejos.com.ar\/2021\/wp-content\/uploads\/2023\/09\/3-siniestros-viales.jpg\",\"width\":1280,\"height\":720},{\"@type\":\"BreadcrumbList\",\"@id\":\"https:\/\/www.noticiasradioreflejos.com.ar\/2021\/se-redujeron-30-los-siniestros-viales-en-el-periodo-2020-2023-con-respecto-a-2016-2019\/#breadcrumb\",\"itemListElement\":[{\"@type\":\"ListItem\",\"position\":1,\"name\":\"Portada\",\"item\":\"https:\/\/www.noticiasradioreflejos.com.ar\/2021\/\"},{\"@type\":\"ListItem\",\"position\":2,\"name\":\"Se redujeron 30% los siniestros viales en el per\u00edodo 2020\/2023 con respecto a 2016\/2019\"}]},{\"@type\":\"WebSite\",\"@id\":\"https:\/\/www.noticiasradioreflejos.com.ar\/2021\/#website\",\"url\":\"https:\/\/www.noticiasradioreflejos.com.ar\/2021\/\",\"name\":\"Noticias Radio Reflejos\",\"description\":\"Las noticias de mi comarca\",\"potentialAction\":[{\"@type\":\"SearchAction\",\"target\":{\"@type\":\"EntryPoint\",\"urlTemplate\":\"https:\/\/www.noticiasradioreflejos.com.ar\/2021\/?s={search_term_string}\"},\"query-input\":{\"@type\":\"PropertyValueSpecification\",\"valueRequired\":true,\"valueName\":\"search_term_string\"}}],\"inLanguage\":\"es\"},{\"@type\":\"Person\",\"@id\":\"https:\/\/www.noticiasradioreflejos.com.ar\/2021\/#\/schema\/person\/ad82545263dcc5ec0996818884fd5fb1\",\"name\":\"Arnaldo Botto\",\"image\":{\"@type\":\"ImageObject\",\"inLanguage\":\"es\",\"@id\":\"https:\/\/www.noticiasradioreflejos.com.ar\/2021\/#\/schema\/person\/image\/\",\"url\":\"https:\/\/secure.gravatar.com\/avatar\/55cb5e37c1efa326397366e6974cb338056df65cb50e7d64d1cf314e87504837?s=96&d=mm&r=g\",\"contentUrl\":\"https:\/\/secure.gravatar.com\/avatar\/55cb5e37c1efa326397366e6974cb338056df65cb50e7d64d1cf314e87504837?s=96&d=mm&r=g\",\"caption\":\"Arnaldo Botto\"},\"url\":\"https:\/\/www.noticiasradioreflejos.com.ar\/2021\/author\/arnaldo\/\"}]}<\/script>\n<!-- \/ Yoast SEO plugin. -->","yoast_head_json":{"title":"Se redujeron 30% los siniestros viales en el per\u00edodo 2020\/2023 con respecto a 2016\/2019 - Noticias Radio Reflejos","robots":{"index":"index","follow":"follow","max-snippet":"max-snippet:-1","max-image-preview":"max-image-preview:large","max-video-preview":"max-video-preview:-1"},"canonical":"https:\/\/www.noticiasradioreflejos.com.ar\/2021\/se-redujeron-30-los-siniestros-viales-en-el-periodo-2020-2023-con-respecto-a-2016-2019\/","og_locale":"es_ES","og_type":"article","og_title":"Se redujeron 30% los siniestros viales en el per\u00edodo 2020\/2023 con respecto a 2016\/2019 - Noticias Radio Reflejos","og_description":"La cifra hist\u00f3rica de fallecidos por d\u00eda en siniestros viales cay\u00f3 30% si se compara el per\u00edodo 2020-2023 con 2016-2019, antes de la pandemia por coronavirus, seg\u00fan los datos difundidos hoy por la Agencia Nacional de Seguridad Vial (ANSV).","og_url":"https:\/\/www.noticiasradioreflejos.com.ar\/2021\/se-redujeron-30-los-siniestros-viales-en-el-periodo-2020-2023-con-respecto-a-2016-2019\/","og_site_name":"Noticias Radio Reflejos","article_published_time":"2023-09-21T13:07:31+00:00","og_image":[{"width":1280,"height":720,"url":"https:\/\/www.noticiasradioreflejos.com.ar\/2021\/wp-content\/uploads\/2023\/09\/3-siniestros-viales.jpg","type":"image\/jpeg"}],"author":"Arnaldo Botto","twitter_card":"summary_large_image","schema":{"@context":"https:\/\/schema.org","@graph":[{"@type":"WebPage","@id":"https:\/\/www.noticiasradioreflejos.com.ar\/2021\/se-redujeron-30-los-siniestros-viales-en-el-periodo-2020-2023-con-respecto-a-2016-2019\/","url":"https:\/\/www.noticiasradioreflejos.com.ar\/2021\/se-redujeron-30-los-siniestros-viales-en-el-periodo-2020-2023-con-respecto-a-2016-2019\/","name":"Se redujeron 30% los siniestros viales en el per\u00edodo 2020\/2023 con respecto a 2016\/2019 - Noticias Radio Reflejos","isPartOf":{"@id":"https:\/\/www.noticiasradioreflejos.com.ar\/2021\/#website"},"primaryImageOfPage":{"@id":"https:\/\/www.noticiasradioreflejos.com.ar\/2021\/se-redujeron-30-los-siniestros-viales-en-el-periodo-2020-2023-con-respecto-a-2016-2019\/#primaryimage"},"image":{"@id":"https:\/\/www.noticiasradioreflejos.com.ar\/2021\/se-redujeron-30-los-siniestros-viales-en-el-periodo-2020-2023-con-respecto-a-2016-2019\/#primaryimage"},"thumbnailUrl":"https:\/\/www.noticiasradioreflejos.com.ar\/2021\/wp-content\/uploads\/2023\/09\/3-siniestros-viales.jpg","datePublished":"2023-09-21T13:07:31+00:00","author":{"@id":"https:\/\/www.noticiasradioreflejos.com.ar\/2021\/#\/schema\/person\/ad82545263dcc5ec0996818884fd5fb1"},"breadcrumb":{"@id":"https:\/\/www.noticiasradioreflejos.com.ar\/2021\/se-redujeron-30-los-siniestros-viales-en-el-periodo-2020-2023-con-respecto-a-2016-2019\/#breadcrumb"},"inLanguage":"es","potentialAction":[{"@type":"ReadAction","target":["https:\/\/www.noticiasradioreflejos.com.ar\/2021\/se-redujeron-30-los-siniestros-viales-en-el-periodo-2020-2023-con-respecto-a-2016-2019\/"]}]},{"@type":"ImageObject","inLanguage":"es","@id":"https:\/\/www.noticiasradioreflejos.com.ar\/2021\/se-redujeron-30-los-siniestros-viales-en-el-periodo-2020-2023-con-respecto-a-2016-2019\/#primaryimage","url":"https:\/\/www.noticiasradioreflejos.com.ar\/2021\/wp-content\/uploads\/2023\/09\/3-siniestros-viales.jpg","contentUrl":"https:\/\/www.noticiasradioreflejos.com.ar\/2021\/wp-content\/uploads\/2023\/09\/3-siniestros-viales.jpg","width":1280,"height":720},{"@type":"BreadcrumbList","@id":"https:\/\/www.noticiasradioreflejos.com.ar\/2021\/se-redujeron-30-los-siniestros-viales-en-el-periodo-2020-2023-con-respecto-a-2016-2019\/#breadcrumb","itemListElement":[{"@type":"ListItem","position":1,"name":"Portada","item":"https:\/\/www.noticiasradioreflejos.com.ar\/2021\/"},{"@type":"ListItem","position":2,"name":"Se redujeron 30% los siniestros viales en el per\u00edodo 2020\/2023 con respecto a 2016\/2019"}]},{"@type":"WebSite","@id":"https:\/\/www.noticiasradioreflejos.com.ar\/2021\/#website","url":"https:\/\/www.noticiasradioreflejos.com.ar\/2021\/","name":"Noticias Radio Reflejos","description":"Las noticias de mi comarca","potentialAction":[{"@type":"SearchAction","target":{"@type":"EntryPoint","urlTemplate":"https:\/\/www.noticiasradioreflejos.com.ar\/2021\/?s={search_term_string}"},"query-input":{"@type":"PropertyValueSpecification","valueRequired":true,"valueName":"search_term_string"}}],"inLanguage":"es"},{"@type":"Person","@id":"https:\/\/www.noticiasradioreflejos.com.ar\/2021\/#\/schema\/person\/ad82545263dcc5ec0996818884fd5fb1","name":"Arnaldo Botto","image":{"@type":"ImageObject","inLanguage":"es","@id":"https:\/\/www.noticiasradioreflejos.com.ar\/2021\/#\/schema\/person\/image\/","url":"https:\/\/secure.gravatar.com\/avatar\/55cb5e37c1efa326397366e6974cb338056df65cb50e7d64d1cf314e87504837?s=96&d=mm&r=g","contentUrl":"https:\/\/secure.gravatar.com\/avatar\/55cb5e37c1efa326397366e6974cb338056df65cb50e7d64d1cf314e87504837?s=96&d=mm&r=g","caption":"Arnaldo Botto"},"url":"https:\/\/www.noticiasradioreflejos.com.ar\/2021\/author\/arnaldo\/"}]}},"_links":{"self":[{"href":"https:\/\/www.noticiasradioreflejos.com.ar\/2021\/wp-json\/wp\/v2\/posts\/93067","targetHints":{"allow":["GET"]}}],"collection":[{"href":"https:\/\/www.noticiasradioreflejos.com.ar\/2021\/wp-json\/wp\/v2\/posts"}],"about":[{"href":"https:\/\/www.noticiasradioreflejos.com.ar\/2021\/wp-json\/wp\/v2\/types\/post"}],"author":[{"embeddable":true,"href":"https:\/\/www.noticiasradioreflejos.com.ar\/2021\/wp-json\/wp\/v2\/users\/3"}],"replies":[{"embeddable":true,"href":"https:\/\/www.noticiasradioreflejos.com.ar\/2021\/wp-json\/wp\/v2\/comments?post=93067"}],"version-history":[{"count":1,"href":"https:\/\/www.noticiasradioreflejos.com.ar\/2021\/wp-json\/wp\/v2\/posts\/93067\/revisions"}],"predecessor-version":[{"id":93069,"href":"https:\/\/www.noticiasradioreflejos.com.ar\/2021\/wp-json\/wp\/v2\/posts\/93067\/revisions\/93069"}],"wp:featuredmedia":[{"embeddable":true,"href":"https:\/\/www.noticiasradioreflejos.com.ar\/2021\/wp-json\/wp\/v2\/media\/93068"}],"wp:attachment":[{"href":"https:\/\/www.noticiasradioreflejos.com.ar\/2021\/wp-json\/wp\/v2\/media?parent=93067"}],"wp:term":[{"taxonomy":"category","embeddable":true,"href":"https:\/\/www.noticiasradioreflejos.com.ar\/2021\/wp-json\/wp\/v2\/categories?post=93067"},{"taxonomy":"post_tag","embeddable":true,"href":"https:\/\/www.noticiasradioreflejos.com.ar\/2021\/wp-json\/wp\/v2\/tags?post=93067"}],"curies":[{"name":"wp","href":"https:\/\/api.w.org\/{rel}","templated":true}]}}