{"id":93060,"date":"2023-09-21T11:46:59","date_gmt":"2023-09-21T11:46:59","guid":{"rendered":"https:\/\/www.noticiasradioreflejos.com.ar\/2021\/?p=93060"},"modified":"2023-09-21T11:46:59","modified_gmt":"2023-09-21T11:46:59","slug":"los-candidatos-a-vicepresidente-se-cruzaron-en-un-debate-atravesado-por-el-rol-del-estado-y-los-ddhh","status":"publish","type":"post","link":"https:\/\/www.noticiasradioreflejos.com.ar\/2021\/los-candidatos-a-vicepresidente-se-cruzaron-en-un-debate-atravesado-por-el-rol-del-estado-y-los-ddhh\/","title":{"rendered":"Los candidatos a vicepresidente se cruzaron en un debate atravesado por el rol del Estado y los DDHH"},"content":{"rendered":"<p>Los candidatos a vicepresidente de las cinco fuerzas pol\u00edticas que competir\u00e1n en las elecciones presidenciales del 22 de octubre debatieron este mi\u00e9rcoles, por primera vez, en una discusi\u00f3n acalorada y signada por temas como el rol del Estado, la seguridad, la econom\u00eda y los derechos humanos.<!--more--><\/p>\n<p>Agust\u00edn Rossi, de Uni\u00f3n por la Patria (UxP); Luis Petri, de Juntos por el Cambio (JxC); Victoria Villarruel, de La Libertad Avanza (LLA); Nicol\u00e1s del Ca\u00f1o, del Frente de Izquierda; y Florencio Randazzo, de Hacemos por Nuestro Pa\u00eds (HxNP), expusieron sus propuestas convocados por el programa \u00abA dos voces\u00bb en el canal Todo Noticias (TN) del Grupo Clar\u00edn, en torno a tres ejes tem\u00e1ticos: econom\u00eda, inflaci\u00f3n y trabajo; rol del Estado y conflictividad social; y pol\u00edtica de seguridad, defensa y justicia.<\/p>\n<p>Villarruel abri\u00f3 la ronda de presentaciones por resultar candidata del espacio con mayor cantidad de votos en las PASO y afirm\u00f3 que busca \u00abhablar de lo que le interesa a la gente\u00bb y evitar que los argentinos \u00abse exilien\u00bb; acus\u00f3 a los otros cuatro postulantes de \u00abvivir del Estado\u00bb y de portar ideas que \u00abatrasan\u00bb, que \u00abson una imitaci\u00f3n y una copia\u00bb.<\/p>\n<p>La referente de LLA destac\u00f3 su rol como presidenta de la asociaci\u00f3n civil Centro de Estudios Legales sobre el Terrorismo y sus V\u00edctimas (CELTYV) y sostuvo que Argentina \u00abtiene que ajustar el gasto p\u00fablico, reducir el d\u00e9ficit y frenar la emisi\u00f3n monetaria\u00bb.<\/p>\n<p>Por otra parte, afirm\u00f3 que \u00abla educaci\u00f3n sexual integral tiene que estar basada en contenidos biol\u00f3gicos, no en la ideolog\u00eda del docente o militantes pol\u00edticos que meten para hacer adoctrinamiento en la educaci\u00f3n\u00bb.<\/p>\n<p>En tanto, Rossi abog\u00f3 por un modelo de \u00abcrecimiento con inclusi\u00f3n social\u00bb y advirti\u00f3 que \u00abel otro camino es del odio y el ajuste\u00bb, en referencia a los candidatos de la oposici\u00f3n que defini\u00f3 como de \u00abderecha\u00bb y \u00abultraderecha\u00bb.<\/p>\n<p>El compa\u00f1ero de f\u00f3rmula de Sergio Massa dijo que en un eventual gobierno se enfocar\u00e1n en los \u00abderechos de los trabajadores, las mujeres y los derechos humanos\u00bb y adelant\u00f3 que UxP seguir\u00e1 con su pol\u00edtica de promover \u00abm\u00e1s universidades para nuestros j\u00f3venes y fortalecer a los empresarios\u00bb.<\/p>\n<p>En materia econ\u00f3mica, advirti\u00f3 que la dolarizaci\u00f3n que propone LLA es una \u00abinvitaci\u00f3n a que las organizaciones narcos m\u00e1s importantes de Am\u00e9rica Latina se instalen en Argentina\u00bb.<\/p>\n<p>Sobre seguridad, destac\u00f3 que Massa, como intendente de Tigre, fue el \u00abprimero\u00bb que \u00abinstal\u00f3 c\u00e1maras, un centro de monitoreo y una Secretar\u00eda de Seguridad Ciudadana\u00bb.<\/p>\n<p>Petri, por su parte, sostuvo que \u00abpara terminar con la inflaci\u00f3n primero hay que terminar con el kirchnerismo, que es una m\u00e1quina de generar pobreza y poner palos\u00bb, en l\u00ednea con su compa\u00f1era de f\u00f3rmula Patricia Bullrich.<\/p>\n<p>Para Petri, \u00abla crisis tiene soluci\u00f3n\u00bb, y es poner \u00aborden, para que la gente pueda ir a trabajar y no lo impidan 50 tipos en un piquete, sin paros ni adoctrinamientos en las escuelas y para que el sueldo valga\u00bb.<\/p>\n<p>Adem\u00e1s, se\u00f1al\u00f3 que el kirchnerismo \u00abest\u00e1 rifando el futuro de los argentinos\u00bb con la eliminaci\u00f3n del Impuesto a las Ganancias en la cuarta categor\u00eda, que cumpli\u00f3 con un reclamo de la CGT, por \u00abprivilegiar a los jerarcas sindicales\u00bb.<\/p>\n<p>Por otra parte, apunt\u00f3 contra las propuestas de LLA, que hab\u00edan presentado \u00abel plan motosierra\u00bb y critic\u00f3: \u00abViene retrocediendo en chancletas, se ha convertido en una tijerita\u00bb.<\/p>\n<p>En cuanto a la tem\u00e1tica seguridad, se\u00f1al\u00f3 que \u00ables van a hacer la vida imposible\u00bb a los delincuentes, \u00abcomo se la hacen imposible a todos los argentinos que tienen miedo de salir de sus casas\u00bb.<\/p>\n<p>Asimismo, el mendocino fue contra la candidata de LLA, con quien comparte actualmente sesiones en la c\u00e1mara de Diputados: \u00ab\u00bfQu\u00e9 ha hecho en estos 20 meses como legisladora nacional? \u00bfHa hecho alg\u00fan proyecto en Seguridad? Le ahorro la pregunta porque la respuesta es cero\u00bb. Por eso, consider\u00f3 a Villarruel como una \u00ab\u00f1oqui\u00bb.<\/p>\n<p>Del Ca\u00f1o ponder\u00f3 la propuesta de reducir la jornada laboral a seis horas de su fuerza, valor\u00f3 que continuar\u00e1n \u00abpeleando por Memoria, Verdad y Justicia\u00bb y consider\u00f3 que la izquierda es la \u00fanica que no est\u00e1 \u00absometida\u00bb al FMI.<\/p>\n<p>\u00abTengo el orgullo de acompa\u00f1ar a Myriam Bregman, una incansable luchadora en los derechos de las mujeres, abogada en los juicios contra los genocidas, que del otro lado estaba Villarruel\u00bb, destac\u00f3.<\/p>\n<p>El candidato de izquierda cruz\u00f3 a Villarruel y le pregunt\u00f3 si, en el caso de ser electa, \u00abva a reprimir a los pibes y pibas que defienden la Educaci\u00f3n Sexual Integral (ESI)\u00bb, al contrastar que esa ley \u00abes un derecho fundamental que se debe aplicar en las escuelas\u00bb.<\/p>\n<p>El diputado del FIT pidi\u00f3 por un \u00abaumento (salarial) de emergencia\u00bb para combatir los aumentos de precios y sentenci\u00f3: \u00abLos salarios siempre tienen que estar por encima de la inflaci\u00f3n\u00bb.<\/p>\n<p>\u00abHay que ajustar a las empresas que matan con los tarifazos, a las grandes empresas de alimentos que te remarcan y aumentan todos los d\u00edas, a los bancos, todos eso que ganaron fortunas\u00bb, resalt\u00f3.<\/p>\n<p>A su vez, Randazzo consider\u00f3 que \u00abel principal problema\u00bb de Argentina es la inflaci\u00f3n, pidi\u00f3 terminar con la \u00abmaldita grieta\u00bb y destac\u00f3 que la \u00abpol\u00edtica solamente sirve para resolver los problemas de la gente\u00bb.<\/p>\n<p>\u00abJuan Schiaretti propone la posibilidad que la Argentina salga del estado de crisis en la que se encuentra\u00bb, destac\u00f3 sobre su compa\u00f1ero de f\u00f3rmula, al que consider\u00f3 como \u00abel mejor candidato\u00bb.<\/p>\n<p>Sobre el Estado, consider\u00f3 que \u00abinterviene para brindar los servicios esenciales\u00bb que necesita la poblaci\u00f3n.<\/p>\n<p>\u00abSi el Estado est\u00e1 ausente se profundizan las desigualdades, nosotros queremos tanto mercado como sea posible y tanto Estado como sea necesario\u00bb, destac\u00f3.<\/p>\n<p><strong><br \/>\nFuente T\u00e9lam<\/strong><em><\/p>\n","protected":false},"excerpt":{"rendered":"<p>Los candidatos a vicepresidente de las cinco fuerzas pol\u00edticas que competir\u00e1n en las elecciones presidenciales del 22 de octubre debatieron este mi\u00e9rcoles, por primera vez, en una discusi\u00f3n acalorada y signada por temas como el rol del Estado, la seguridad, la econom\u00eda y los derechos humanos.<\/p>\n","protected":false},"author":3,"featured_media":0,"comment_status":"closed","ping_status":"closed","sticky":false,"template":"","format":"standard","meta":{"footnotes":""},"categories":[24],"tags":[],"class_list":["post-93060","post","type-post","status-publish","format-standard","hentry","category-politica"],"yoast_head":"<!-- This site is optimized with the Yoast SEO plugin v25.9 - https:\/\/yoast.com\/wordpress\/plugins\/seo\/ -->\n<title>Los candidatos a vicepresidente se cruzaron en un debate atravesado por el rol del Estado y los DDHH - Noticias Radio Reflejos<\/title>\n<meta name=\"robots\" content=\"index, follow, max-snippet:-1, max-image-preview:large, max-video-preview:-1\" \/>\n<link rel=\"canonical\" href=\"https:\/\/www.noticiasradioreflejos.com.ar\/2021\/los-candidatos-a-vicepresidente-se-cruzaron-en-un-debate-atravesado-por-el-rol-del-estado-y-los-ddhh\/\" \/>\n<meta property=\"og:locale\" content=\"es_ES\" \/>\n<meta property=\"og:type\" content=\"article\" \/>\n<meta property=\"og:title\" content=\"Los candidatos a vicepresidente se cruzaron en un debate atravesado por el rol del Estado y los DDHH - Noticias Radio Reflejos\" \/>\n<meta property=\"og:description\" content=\"Los candidatos a vicepresidente de las cinco fuerzas pol\u00edticas que competir\u00e1n en las elecciones presidenciales del 22 de octubre debatieron este mi\u00e9rcoles, por primera vez, en una discusi\u00f3n acalorada y signada por temas como el rol del Estado, la seguridad, la econom\u00eda y los derechos humanos.\" \/>\n<meta property=\"og:url\" content=\"https:\/\/www.noticiasradioreflejos.com.ar\/2021\/los-candidatos-a-vicepresidente-se-cruzaron-en-un-debate-atravesado-por-el-rol-del-estado-y-los-ddhh\/\" \/>\n<meta property=\"og:site_name\" content=\"Noticias Radio Reflejos\" \/>\n<meta property=\"article:published_time\" content=\"2023-09-21T11:46:59+00:00\" \/>\n<meta property=\"og:image\" content=\"https:\/\/www.noticiasradioreflejos.com.ar\/2021\/wp-content\/uploads\/2021\/07\/logosol300x200.png\" \/>\n\t<meta property=\"og:image:width\" content=\"300\" \/>\n\t<meta property=\"og:image:height\" content=\"200\" \/>\n\t<meta property=\"og:image:type\" content=\"image\/png\" \/>\n<meta name=\"author\" content=\"Arnaldo Botto\" \/>\n<meta name=\"twitter:card\" content=\"summary_large_image\" \/>\n<script type=\"application\/ld+json\" class=\"yoast-schema-graph\">{\"@context\":\"https:\/\/schema.org\",\"@graph\":[{\"@type\":\"WebPage\",\"@id\":\"https:\/\/www.noticiasradioreflejos.com.ar\/2021\/los-candidatos-a-vicepresidente-se-cruzaron-en-un-debate-atravesado-por-el-rol-del-estado-y-los-ddhh\/\",\"url\":\"https:\/\/www.noticiasradioreflejos.com.ar\/2021\/los-candidatos-a-vicepresidente-se-cruzaron-en-un-debate-atravesado-por-el-rol-del-estado-y-los-ddhh\/\",\"name\":\"Los candidatos a vicepresidente se cruzaron en un debate atravesado por el rol del Estado y los DDHH - Noticias Radio Reflejos\",\"isPartOf\":{\"@id\":\"https:\/\/www.noticiasradioreflejos.com.ar\/2021\/#website\"},\"datePublished\":\"2023-09-21T11:46:59+00:00\",\"author\":{\"@id\":\"https:\/\/www.noticiasradioreflejos.com.ar\/2021\/#\/schema\/person\/ad82545263dcc5ec0996818884fd5fb1\"},\"breadcrumb\":{\"@id\":\"https:\/\/www.noticiasradioreflejos.com.ar\/2021\/los-candidatos-a-vicepresidente-se-cruzaron-en-un-debate-atravesado-por-el-rol-del-estado-y-los-ddhh\/#breadcrumb\"},\"inLanguage\":\"es\",\"potentialAction\":[{\"@type\":\"ReadAction\",\"target\":[\"https:\/\/www.noticiasradioreflejos.com.ar\/2021\/los-candidatos-a-vicepresidente-se-cruzaron-en-un-debate-atravesado-por-el-rol-del-estado-y-los-ddhh\/\"]}]},{\"@type\":\"BreadcrumbList\",\"@id\":\"https:\/\/www.noticiasradioreflejos.com.ar\/2021\/los-candidatos-a-vicepresidente-se-cruzaron-en-un-debate-atravesado-por-el-rol-del-estado-y-los-ddhh\/#breadcrumb\",\"itemListElement\":[{\"@type\":\"ListItem\",\"position\":1,\"name\":\"Portada\",\"item\":\"https:\/\/www.noticiasradioreflejos.com.ar\/2021\/\"},{\"@type\":\"ListItem\",\"position\":2,\"name\":\"Los candidatos a vicepresidente se cruzaron en un debate atravesado por el rol del Estado y los DDHH\"}]},{\"@type\":\"WebSite\",\"@id\":\"https:\/\/www.noticiasradioreflejos.com.ar\/2021\/#website\",\"url\":\"https:\/\/www.noticiasradioreflejos.com.ar\/2021\/\",\"name\":\"Noticias Radio Reflejos\",\"description\":\"Las noticias de mi comarca\",\"potentialAction\":[{\"@type\":\"SearchAction\",\"target\":{\"@type\":\"EntryPoint\",\"urlTemplate\":\"https:\/\/www.noticiasradioreflejos.com.ar\/2021\/?s={search_term_string}\"},\"query-input\":{\"@type\":\"PropertyValueSpecification\",\"valueRequired\":true,\"valueName\":\"search_term_string\"}}],\"inLanguage\":\"es\"},{\"@type\":\"Person\",\"@id\":\"https:\/\/www.noticiasradioreflejos.com.ar\/2021\/#\/schema\/person\/ad82545263dcc5ec0996818884fd5fb1\",\"name\":\"Arnaldo Botto\",\"image\":{\"@type\":\"ImageObject\",\"inLanguage\":\"es\",\"@id\":\"https:\/\/www.noticiasradioreflejos.com.ar\/2021\/#\/schema\/person\/image\/\",\"url\":\"https:\/\/secure.gravatar.com\/avatar\/55cb5e37c1efa326397366e6974cb338056df65cb50e7d64d1cf314e87504837?s=96&d=mm&r=g\",\"contentUrl\":\"https:\/\/secure.gravatar.com\/avatar\/55cb5e37c1efa326397366e6974cb338056df65cb50e7d64d1cf314e87504837?s=96&d=mm&r=g\",\"caption\":\"Arnaldo Botto\"},\"url\":\"https:\/\/www.noticiasradioreflejos.com.ar\/2021\/author\/arnaldo\/\"}]}<\/script>\n<!-- \/ Yoast SEO plugin. -->","yoast_head_json":{"title":"Los candidatos a vicepresidente se cruzaron en un debate atravesado por el rol del Estado y los DDHH - Noticias Radio Reflejos","robots":{"index":"index","follow":"follow","max-snippet":"max-snippet:-1","max-image-preview":"max-image-preview:large","max-video-preview":"max-video-preview:-1"},"canonical":"https:\/\/www.noticiasradioreflejos.com.ar\/2021\/los-candidatos-a-vicepresidente-se-cruzaron-en-un-debate-atravesado-por-el-rol-del-estado-y-los-ddhh\/","og_locale":"es_ES","og_type":"article","og_title":"Los candidatos a vicepresidente se cruzaron en un debate atravesado por el rol del Estado y los DDHH - Noticias Radio Reflejos","og_description":"Los candidatos a vicepresidente de las cinco fuerzas pol\u00edticas que competir\u00e1n en las elecciones presidenciales del 22 de octubre debatieron este mi\u00e9rcoles, por primera vez, en una discusi\u00f3n acalorada y signada por temas como el rol del Estado, la seguridad, la econom\u00eda y los derechos humanos.","og_url":"https:\/\/www.noticiasradioreflejos.com.ar\/2021\/los-candidatos-a-vicepresidente-se-cruzaron-en-un-debate-atravesado-por-el-rol-del-estado-y-los-ddhh\/","og_site_name":"Noticias Radio Reflejos","article_published_time":"2023-09-21T11:46:59+00:00","og_image":[{"width":300,"height":200,"url":"https:\/\/www.noticiasradioreflejos.com.ar\/2021\/wp-content\/uploads\/2021\/07\/logosol300x200.png","type":"image\/png"}],"author":"Arnaldo Botto","twitter_card":"summary_large_image","schema":{"@context":"https:\/\/schema.org","@graph":[{"@type":"WebPage","@id":"https:\/\/www.noticiasradioreflejos.com.ar\/2021\/los-candidatos-a-vicepresidente-se-cruzaron-en-un-debate-atravesado-por-el-rol-del-estado-y-los-ddhh\/","url":"https:\/\/www.noticiasradioreflejos.com.ar\/2021\/los-candidatos-a-vicepresidente-se-cruzaron-en-un-debate-atravesado-por-el-rol-del-estado-y-los-ddhh\/","name":"Los candidatos a vicepresidente se cruzaron en un debate atravesado por el rol del Estado y los DDHH - Noticias Radio Reflejos","isPartOf":{"@id":"https:\/\/www.noticiasradioreflejos.com.ar\/2021\/#website"},"datePublished":"2023-09-21T11:46:59+00:00","author":{"@id":"https:\/\/www.noticiasradioreflejos.com.ar\/2021\/#\/schema\/person\/ad82545263dcc5ec0996818884fd5fb1"},"breadcrumb":{"@id":"https:\/\/www.noticiasradioreflejos.com.ar\/2021\/los-candidatos-a-vicepresidente-se-cruzaron-en-un-debate-atravesado-por-el-rol-del-estado-y-los-ddhh\/#breadcrumb"},"inLanguage":"es","potentialAction":[{"@type":"ReadAction","target":["https:\/\/www.noticiasradioreflejos.com.ar\/2021\/los-candidatos-a-vicepresidente-se-cruzaron-en-un-debate-atravesado-por-el-rol-del-estado-y-los-ddhh\/"]}]},{"@type":"BreadcrumbList","@id":"https:\/\/www.noticiasradioreflejos.com.ar\/2021\/los-candidatos-a-vicepresidente-se-cruzaron-en-un-debate-atravesado-por-el-rol-del-estado-y-los-ddhh\/#breadcrumb","itemListElement":[{"@type":"ListItem","position":1,"name":"Portada","item":"https:\/\/www.noticiasradioreflejos.com.ar\/2021\/"},{"@type":"ListItem","position":2,"name":"Los candidatos a vicepresidente se cruzaron en un debate atravesado por el rol del Estado y los DDHH"}]},{"@type":"WebSite","@id":"https:\/\/www.noticiasradioreflejos.com.ar\/2021\/#website","url":"https:\/\/www.noticiasradioreflejos.com.ar\/2021\/","name":"Noticias Radio Reflejos","description":"Las noticias de mi comarca","potentialAction":[{"@type":"SearchAction","target":{"@type":"EntryPoint","urlTemplate":"https:\/\/www.noticiasradioreflejos.com.ar\/2021\/?s={search_term_string}"},"query-input":{"@type":"PropertyValueSpecification","valueRequired":true,"valueName":"search_term_string"}}],"inLanguage":"es"},{"@type":"Person","@id":"https:\/\/www.noticiasradioreflejos.com.ar\/2021\/#\/schema\/person\/ad82545263dcc5ec0996818884fd5fb1","name":"Arnaldo Botto","image":{"@type":"ImageObject","inLanguage":"es","@id":"https:\/\/www.noticiasradioreflejos.com.ar\/2021\/#\/schema\/person\/image\/","url":"https:\/\/secure.gravatar.com\/avatar\/55cb5e37c1efa326397366e6974cb338056df65cb50e7d64d1cf314e87504837?s=96&d=mm&r=g","contentUrl":"https:\/\/secure.gravatar.com\/avatar\/55cb5e37c1efa326397366e6974cb338056df65cb50e7d64d1cf314e87504837?s=96&d=mm&r=g","caption":"Arnaldo Botto"},"url":"https:\/\/www.noticiasradioreflejos.com.ar\/2021\/author\/arnaldo\/"}]}},"_links":{"self":[{"href":"https:\/\/www.noticiasradioreflejos.com.ar\/2021\/wp-json\/wp\/v2\/posts\/93060","targetHints":{"allow":["GET"]}}],"collection":[{"href":"https:\/\/www.noticiasradioreflejos.com.ar\/2021\/wp-json\/wp\/v2\/posts"}],"about":[{"href":"https:\/\/www.noticiasradioreflejos.com.ar\/2021\/wp-json\/wp\/v2\/types\/post"}],"author":[{"embeddable":true,"href":"https:\/\/www.noticiasradioreflejos.com.ar\/2021\/wp-json\/wp\/v2\/users\/3"}],"replies":[{"embeddable":true,"href":"https:\/\/www.noticiasradioreflejos.com.ar\/2021\/wp-json\/wp\/v2\/comments?post=93060"}],"version-history":[{"count":1,"href":"https:\/\/www.noticiasradioreflejos.com.ar\/2021\/wp-json\/wp\/v2\/posts\/93060\/revisions"}],"predecessor-version":[{"id":93063,"href":"https:\/\/www.noticiasradioreflejos.com.ar\/2021\/wp-json\/wp\/v2\/posts\/93060\/revisions\/93063"}],"wp:attachment":[{"href":"https:\/\/www.noticiasradioreflejos.com.ar\/2021\/wp-json\/wp\/v2\/media?parent=93060"}],"wp:term":[{"taxonomy":"category","embeddable":true,"href":"https:\/\/www.noticiasradioreflejos.com.ar\/2021\/wp-json\/wp\/v2\/categories?post=93060"},{"taxonomy":"post_tag","embeddable":true,"href":"https:\/\/www.noticiasradioreflejos.com.ar\/2021\/wp-json\/wp\/v2\/tags?post=93060"}],"curies":[{"name":"wp","href":"https:\/\/api.w.org\/{rel}","templated":true}]}}