{"id":93055,"date":"2023-09-21T10:51:03","date_gmt":"2023-09-21T10:51:03","guid":{"rendered":"https:\/\/www.noticiasradioreflejos.com.ar\/2021\/?p=93055"},"modified":"2023-09-21T10:51:03","modified_gmt":"2023-09-21T10:51:03","slug":"final-de-los-juegos-bonaerenses-tornquist-se-trae-cinco-medallas-de-mar-del-plata","status":"publish","type":"post","link":"https:\/\/www.noticiasradioreflejos.com.ar\/2021\/final-de-los-juegos-bonaerenses-tornquist-se-trae-cinco-medallas-de-mar-del-plata\/","title":{"rendered":"Final de los Juegos Bonaerenses: Tornquist se trae cinco medallas de Mar del Plata"},"content":{"rendered":"<p>En la ma\u00f1ana de este mi\u00e9rcoles, la delegaci\u00f3n de Tornquist integrada por 130 personas, regres\u00f3 al distrito tras su participaci\u00f3n en la Final Provincial de los Juegos Bonaerenses 2023, desarrollada desde el viernes \u00faltimo en Mar del Plata.<!--more--><br \/>\n<a data-flickr-embed=\"true\" href=\"https:\/\/www.flickr.com\/photos\/182279889@N02\/53203317104\/in\/dateposted-public\/\" title=\"Ultimo dia JB (12)\"><img loading=\"lazy\" decoding=\"async\" src=\"https:\/\/live.staticflickr.com\/65535\/53203317104_6bece5a310_c.jpg\" width=\"638\" height=\"800\" alt=\"Ultimo dia JB (12)\"\/><\/a><script async src=\"\/\/embedr.flickr.com\/assets\/client-code.js\" charset=\"utf-8\"><\/script><\/p>\n<p>El martes, en el \u00faltimo d\u00eda de competencia para la mayor\u00eda de las disciplinas, Tornquist sum\u00f3 dos medallas de bronce en la categor\u00eda Adultos Mayores: en Tango, de la mano de Laura Zylbersztejm y Jorge Canolk; y en Chin Chon, con Olga Rivarola.<br \/>\nDe esta manera, son cinco las preseas logradas por la delegaci\u00f3n en la ciudad \u2018Feliz\u2019. Adem\u00e1s de las dos mencionadas, se llev\u00f3 las de oro conquistadas por Teatro Juvenil (elenco integrado por Emilia Ru, Simona Mart\u00ednez, Delfina Raising y Victorio Ferrari y dirigida por Luc\u00eda Urriaga y Julieta Braun), y por Ra\u00fal Del R\u00eco en Tenis de Mesa Trasplantados +60, quien recibi\u00f3 el premio al ser el \u00fanico competidor en dicha categor\u00eda; y la de bronce obtenida por Florencia Magnani en Atletismo 100 metros llanos PCD +17.<br \/>\nEn el resto de las disciplinas, ayer fue el turno de Videominuto Universitario (Agustin Ciancia), Solista Vocal PCD (Jonathan Esmoli), Stand Up Juveniles (Eolisa Flores Polac), y Poes\u00eda Adultos Mayores (Andrea Pagola). Y, en lo que respecta a deportes, compitieron Emanuel Marvan, Sof\u00eda Vanzillota y Valent\u00edn Schneider en Golf, y cerraron su participaci\u00f3n los representantes de ajedrez, tenis de mesa y atletismo.<br \/>\nHoy, en la \u00faltima jornada de la Final Provincial, hizo su presentaci\u00f3n Dibujo Universitario (Milagros Echegoyen) y Pintura (Elsa Rivero), y concluyeron la competencia los golfistas.<br \/>\nAs\u00ed, pas\u00f3 otra participaci\u00f3n del distrito de Tornquist en una final provincial de los Juegos Bonaerenses, donde m\u00e1s all\u00e1 de los logros obtenidos, cada uno de los participantes se trae una vivencia \u00fanica social, deportiva y cultural.<br \/>\nLas subsecretar\u00edas de Deportes y Cultura agradecen y felicitan a todos participantes y profesores que fueron parte de los juegos, no solo en esta instancia sino en las etapas municipales y regionales, convoc\u00e1ndolos a seguir participando y vivir esta experiencia.<\/p>\n<p><a data-flickr-embed=\"true\" href=\"https:\/\/www.flickr.com\/photos\/182279889@N02\/53203317129\/in\/dateposted-public\/\" title=\"Ultimo dia JB (13)\"><img loading=\"lazy\" decoding=\"async\" src=\"https:\/\/live.staticflickr.com\/65535\/53203317129_f34acd6f06_c.jpg\" width=\"564\" height=\"800\" alt=\"Ultimo dia JB (13)\"\/><\/a><script async src=\"\/\/embedr.flickr.com\/assets\/client-code.js\" charset=\"utf-8\"><\/script><\/p>\n<p><a data-flickr-embed=\"true\" href=\"https:\/\/www.flickr.com\/photos\/182279889@N02\/53202046812\/in\/dateposted-public\/\" title=\"Ultimo dia JB (1)\"><img loading=\"lazy\" decoding=\"async\" src=\"https:\/\/live.staticflickr.com\/65535\/53202046812_ef290b2070_c.jpg\" width=\"640\" height=\"800\" alt=\"Ultimo dia JB (1)\"\/><\/a><script async src=\"\/\/embedr.flickr.com\/assets\/client-code.js\" charset=\"utf-8\"><\/script><\/p>\n","protected":false},"excerpt":{"rendered":"<p>En la ma\u00f1ana de este mi\u00e9rcoles, la delegaci\u00f3n de Tornquist integrada por 130 personas, regres\u00f3 al distrito tras su participaci\u00f3n en la Final Provincial de los Juegos Bonaerenses 2023, desarrollada desde el viernes \u00faltimo en Mar del Plata.<\/p>\n","protected":false},"author":3,"featured_media":0,"comment_status":"closed","ping_status":"closed","sticky":false,"template":"","format":"standard","meta":{"footnotes":""},"categories":[28],"tags":[],"class_list":["post-93055","post","type-post","status-publish","format-standard","hentry","category-municipales"],"yoast_head":"<!-- This site is optimized with the Yoast SEO plugin v25.9 - https:\/\/yoast.com\/wordpress\/plugins\/seo\/ -->\n<title>Final de los Juegos Bonaerenses: Tornquist se trae cinco medallas de Mar del Plata - Noticias Radio Reflejos<\/title>\n<meta name=\"robots\" content=\"index, follow, max-snippet:-1, max-image-preview:large, max-video-preview:-1\" \/>\n<link rel=\"canonical\" href=\"https:\/\/www.noticiasradioreflejos.com.ar\/2021\/final-de-los-juegos-bonaerenses-tornquist-se-trae-cinco-medallas-de-mar-del-plata\/\" \/>\n<meta property=\"og:locale\" content=\"es_ES\" \/>\n<meta property=\"og:type\" content=\"article\" \/>\n<meta property=\"og:title\" content=\"Final de los Juegos Bonaerenses: Tornquist se trae cinco medallas de Mar del Plata - Noticias Radio Reflejos\" \/>\n<meta property=\"og:description\" content=\"En la ma\u00f1ana de este mi\u00e9rcoles, la delegaci\u00f3n de Tornquist integrada por 130 personas, regres\u00f3 al distrito tras su participaci\u00f3n en la Final Provincial de los Juegos Bonaerenses 2023, desarrollada desde el viernes \u00faltimo en Mar del Plata.\" \/>\n<meta property=\"og:url\" content=\"https:\/\/www.noticiasradioreflejos.com.ar\/2021\/final-de-los-juegos-bonaerenses-tornquist-se-trae-cinco-medallas-de-mar-del-plata\/\" \/>\n<meta property=\"og:site_name\" content=\"Noticias Radio Reflejos\" \/>\n<meta property=\"article:published_time\" content=\"2023-09-21T10:51:03+00:00\" \/>\n<meta property=\"og:image\" content=\"https:\/\/live.staticflickr.com\/65535\/53203317104_6bece5a310_c.jpg\" \/>\n<meta name=\"author\" content=\"Arnaldo Botto\" \/>\n<meta name=\"twitter:card\" content=\"summary_large_image\" \/>\n<script type=\"application\/ld+json\" class=\"yoast-schema-graph\">{\"@context\":\"https:\/\/schema.org\",\"@graph\":[{\"@type\":\"WebPage\",\"@id\":\"https:\/\/www.noticiasradioreflejos.com.ar\/2021\/final-de-los-juegos-bonaerenses-tornquist-se-trae-cinco-medallas-de-mar-del-plata\/\",\"url\":\"https:\/\/www.noticiasradioreflejos.com.ar\/2021\/final-de-los-juegos-bonaerenses-tornquist-se-trae-cinco-medallas-de-mar-del-plata\/\",\"name\":\"Final de los Juegos Bonaerenses: Tornquist se trae cinco medallas de Mar del Plata - Noticias Radio Reflejos\",\"isPartOf\":{\"@id\":\"https:\/\/www.noticiasradioreflejos.com.ar\/2021\/#website\"},\"primaryImageOfPage\":{\"@id\":\"https:\/\/www.noticiasradioreflejos.com.ar\/2021\/final-de-los-juegos-bonaerenses-tornquist-se-trae-cinco-medallas-de-mar-del-plata\/#primaryimage\"},\"image\":{\"@id\":\"https:\/\/www.noticiasradioreflejos.com.ar\/2021\/final-de-los-juegos-bonaerenses-tornquist-se-trae-cinco-medallas-de-mar-del-plata\/#primaryimage\"},\"thumbnailUrl\":\"https:\/\/live.staticflickr.com\/65535\/53203317104_6bece5a310_c.jpg\",\"datePublished\":\"2023-09-21T10:51:03+00:00\",\"author\":{\"@id\":\"https:\/\/www.noticiasradioreflejos.com.ar\/2021\/#\/schema\/person\/ad82545263dcc5ec0996818884fd5fb1\"},\"breadcrumb\":{\"@id\":\"https:\/\/www.noticiasradioreflejos.com.ar\/2021\/final-de-los-juegos-bonaerenses-tornquist-se-trae-cinco-medallas-de-mar-del-plata\/#breadcrumb\"},\"inLanguage\":\"es\",\"potentialAction\":[{\"@type\":\"ReadAction\",\"target\":[\"https:\/\/www.noticiasradioreflejos.com.ar\/2021\/final-de-los-juegos-bonaerenses-tornquist-se-trae-cinco-medallas-de-mar-del-plata\/\"]}]},{\"@type\":\"ImageObject\",\"inLanguage\":\"es\",\"@id\":\"https:\/\/www.noticiasradioreflejos.com.ar\/2021\/final-de-los-juegos-bonaerenses-tornquist-se-trae-cinco-medallas-de-mar-del-plata\/#primaryimage\",\"url\":\"https:\/\/live.staticflickr.com\/65535\/53203317104_6bece5a310_c.jpg\",\"contentUrl\":\"https:\/\/live.staticflickr.com\/65535\/53203317104_6bece5a310_c.jpg\"},{\"@type\":\"BreadcrumbList\",\"@id\":\"https:\/\/www.noticiasradioreflejos.com.ar\/2021\/final-de-los-juegos-bonaerenses-tornquist-se-trae-cinco-medallas-de-mar-del-plata\/#breadcrumb\",\"itemListElement\":[{\"@type\":\"ListItem\",\"position\":1,\"name\":\"Portada\",\"item\":\"https:\/\/www.noticiasradioreflejos.com.ar\/2021\/\"},{\"@type\":\"ListItem\",\"position\":2,\"name\":\"Final de los Juegos Bonaerenses: Tornquist se trae cinco medallas de Mar del Plata\"}]},{\"@type\":\"WebSite\",\"@id\":\"https:\/\/www.noticiasradioreflejos.com.ar\/2021\/#website\",\"url\":\"https:\/\/www.noticiasradioreflejos.com.ar\/2021\/\",\"name\":\"Noticias Radio Reflejos\",\"description\":\"Las noticias de mi comarca\",\"potentialAction\":[{\"@type\":\"SearchAction\",\"target\":{\"@type\":\"EntryPoint\",\"urlTemplate\":\"https:\/\/www.noticiasradioreflejos.com.ar\/2021\/?s={search_term_string}\"},\"query-input\":{\"@type\":\"PropertyValueSpecification\",\"valueRequired\":true,\"valueName\":\"search_term_string\"}}],\"inLanguage\":\"es\"},{\"@type\":\"Person\",\"@id\":\"https:\/\/www.noticiasradioreflejos.com.ar\/2021\/#\/schema\/person\/ad82545263dcc5ec0996818884fd5fb1\",\"name\":\"Arnaldo Botto\",\"image\":{\"@type\":\"ImageObject\",\"inLanguage\":\"es\",\"@id\":\"https:\/\/www.noticiasradioreflejos.com.ar\/2021\/#\/schema\/person\/image\/\",\"url\":\"https:\/\/secure.gravatar.com\/avatar\/55cb5e37c1efa326397366e6974cb338056df65cb50e7d64d1cf314e87504837?s=96&d=mm&r=g\",\"contentUrl\":\"https:\/\/secure.gravatar.com\/avatar\/55cb5e37c1efa326397366e6974cb338056df65cb50e7d64d1cf314e87504837?s=96&d=mm&r=g\",\"caption\":\"Arnaldo Botto\"},\"url\":\"https:\/\/www.noticiasradioreflejos.com.ar\/2021\/author\/arnaldo\/\"}]}<\/script>\n<!-- \/ Yoast SEO plugin. -->","yoast_head_json":{"title":"Final de los Juegos Bonaerenses: Tornquist se trae cinco medallas de Mar del Plata - Noticias Radio Reflejos","robots":{"index":"index","follow":"follow","max-snippet":"max-snippet:-1","max-image-preview":"max-image-preview:large","max-video-preview":"max-video-preview:-1"},"canonical":"https:\/\/www.noticiasradioreflejos.com.ar\/2021\/final-de-los-juegos-bonaerenses-tornquist-se-trae-cinco-medallas-de-mar-del-plata\/","og_locale":"es_ES","og_type":"article","og_title":"Final de los Juegos Bonaerenses: Tornquist se trae cinco medallas de Mar del Plata - Noticias Radio Reflejos","og_description":"En la ma\u00f1ana de este mi\u00e9rcoles, la delegaci\u00f3n de Tornquist integrada por 130 personas, regres\u00f3 al distrito tras su participaci\u00f3n en la Final Provincial de los Juegos Bonaerenses 2023, desarrollada desde el viernes \u00faltimo en Mar del Plata.","og_url":"https:\/\/www.noticiasradioreflejos.com.ar\/2021\/final-de-los-juegos-bonaerenses-tornquist-se-trae-cinco-medallas-de-mar-del-plata\/","og_site_name":"Noticias Radio Reflejos","article_published_time":"2023-09-21T10:51:03+00:00","og_image":[{"url":"https:\/\/live.staticflickr.com\/65535\/53203317104_6bece5a310_c.jpg","type":"","width":"","height":""}],"author":"Arnaldo Botto","twitter_card":"summary_large_image","schema":{"@context":"https:\/\/schema.org","@graph":[{"@type":"WebPage","@id":"https:\/\/www.noticiasradioreflejos.com.ar\/2021\/final-de-los-juegos-bonaerenses-tornquist-se-trae-cinco-medallas-de-mar-del-plata\/","url":"https:\/\/www.noticiasradioreflejos.com.ar\/2021\/final-de-los-juegos-bonaerenses-tornquist-se-trae-cinco-medallas-de-mar-del-plata\/","name":"Final de los Juegos Bonaerenses: Tornquist se trae cinco medallas de Mar del Plata - Noticias Radio Reflejos","isPartOf":{"@id":"https:\/\/www.noticiasradioreflejos.com.ar\/2021\/#website"},"primaryImageOfPage":{"@id":"https:\/\/www.noticiasradioreflejos.com.ar\/2021\/final-de-los-juegos-bonaerenses-tornquist-se-trae-cinco-medallas-de-mar-del-plata\/#primaryimage"},"image":{"@id":"https:\/\/www.noticiasradioreflejos.com.ar\/2021\/final-de-los-juegos-bonaerenses-tornquist-se-trae-cinco-medallas-de-mar-del-plata\/#primaryimage"},"thumbnailUrl":"https:\/\/live.staticflickr.com\/65535\/53203317104_6bece5a310_c.jpg","datePublished":"2023-09-21T10:51:03+00:00","author":{"@id":"https:\/\/www.noticiasradioreflejos.com.ar\/2021\/#\/schema\/person\/ad82545263dcc5ec0996818884fd5fb1"},"breadcrumb":{"@id":"https:\/\/www.noticiasradioreflejos.com.ar\/2021\/final-de-los-juegos-bonaerenses-tornquist-se-trae-cinco-medallas-de-mar-del-plata\/#breadcrumb"},"inLanguage":"es","potentialAction":[{"@type":"ReadAction","target":["https:\/\/www.noticiasradioreflejos.com.ar\/2021\/final-de-los-juegos-bonaerenses-tornquist-se-trae-cinco-medallas-de-mar-del-plata\/"]}]},{"@type":"ImageObject","inLanguage":"es","@id":"https:\/\/www.noticiasradioreflejos.com.ar\/2021\/final-de-los-juegos-bonaerenses-tornquist-se-trae-cinco-medallas-de-mar-del-plata\/#primaryimage","url":"https:\/\/live.staticflickr.com\/65535\/53203317104_6bece5a310_c.jpg","contentUrl":"https:\/\/live.staticflickr.com\/65535\/53203317104_6bece5a310_c.jpg"},{"@type":"BreadcrumbList","@id":"https:\/\/www.noticiasradioreflejos.com.ar\/2021\/final-de-los-juegos-bonaerenses-tornquist-se-trae-cinco-medallas-de-mar-del-plata\/#breadcrumb","itemListElement":[{"@type":"ListItem","position":1,"name":"Portada","item":"https:\/\/www.noticiasradioreflejos.com.ar\/2021\/"},{"@type":"ListItem","position":2,"name":"Final de los Juegos Bonaerenses: Tornquist se trae cinco medallas de Mar del Plata"}]},{"@type":"WebSite","@id":"https:\/\/www.noticiasradioreflejos.com.ar\/2021\/#website","url":"https:\/\/www.noticiasradioreflejos.com.ar\/2021\/","name":"Noticias Radio Reflejos","description":"Las noticias de mi comarca","potentialAction":[{"@type":"SearchAction","target":{"@type":"EntryPoint","urlTemplate":"https:\/\/www.noticiasradioreflejos.com.ar\/2021\/?s={search_term_string}"},"query-input":{"@type":"PropertyValueSpecification","valueRequired":true,"valueName":"search_term_string"}}],"inLanguage":"es"},{"@type":"Person","@id":"https:\/\/www.noticiasradioreflejos.com.ar\/2021\/#\/schema\/person\/ad82545263dcc5ec0996818884fd5fb1","name":"Arnaldo Botto","image":{"@type":"ImageObject","inLanguage":"es","@id":"https:\/\/www.noticiasradioreflejos.com.ar\/2021\/#\/schema\/person\/image\/","url":"https:\/\/secure.gravatar.com\/avatar\/55cb5e37c1efa326397366e6974cb338056df65cb50e7d64d1cf314e87504837?s=96&d=mm&r=g","contentUrl":"https:\/\/secure.gravatar.com\/avatar\/55cb5e37c1efa326397366e6974cb338056df65cb50e7d64d1cf314e87504837?s=96&d=mm&r=g","caption":"Arnaldo Botto"},"url":"https:\/\/www.noticiasradioreflejos.com.ar\/2021\/author\/arnaldo\/"}]}},"_links":{"self":[{"href":"https:\/\/www.noticiasradioreflejos.com.ar\/2021\/wp-json\/wp\/v2\/posts\/93055","targetHints":{"allow":["GET"]}}],"collection":[{"href":"https:\/\/www.noticiasradioreflejos.com.ar\/2021\/wp-json\/wp\/v2\/posts"}],"about":[{"href":"https:\/\/www.noticiasradioreflejos.com.ar\/2021\/wp-json\/wp\/v2\/types\/post"}],"author":[{"embeddable":true,"href":"https:\/\/www.noticiasradioreflejos.com.ar\/2021\/wp-json\/wp\/v2\/users\/3"}],"replies":[{"embeddable":true,"href":"https:\/\/www.noticiasradioreflejos.com.ar\/2021\/wp-json\/wp\/v2\/comments?post=93055"}],"version-history":[{"count":1,"href":"https:\/\/www.noticiasradioreflejos.com.ar\/2021\/wp-json\/wp\/v2\/posts\/93055\/revisions"}],"predecessor-version":[{"id":93057,"href":"https:\/\/www.noticiasradioreflejos.com.ar\/2021\/wp-json\/wp\/v2\/posts\/93055\/revisions\/93057"}],"wp:attachment":[{"href":"https:\/\/www.noticiasradioreflejos.com.ar\/2021\/wp-json\/wp\/v2\/media?parent=93055"}],"wp:term":[{"taxonomy":"category","embeddable":true,"href":"https:\/\/www.noticiasradioreflejos.com.ar\/2021\/wp-json\/wp\/v2\/categories?post=93055"},{"taxonomy":"post_tag","embeddable":true,"href":"https:\/\/www.noticiasradioreflejos.com.ar\/2021\/wp-json\/wp\/v2\/tags?post=93055"}],"curies":[{"name":"wp","href":"https:\/\/api.w.org\/{rel}","templated":true}]}}