{"id":93047,"date":"2023-09-20T20:06:57","date_gmt":"2023-09-20T20:06:57","guid":{"rendered":"https:\/\/www.noticiasradioreflejos.com.ar\/2021\/?p=93047"},"modified":"2023-09-20T20:06:57","modified_gmt":"2023-09-20T20:06:57","slug":"tornquist-condenan-a-4-anos-de-prision-a-un-hombre-por-tenencia-y-distribucion-de-imagenes-de-abuso-sexual-infantil","status":"publish","type":"post","link":"https:\/\/www.noticiasradioreflejos.com.ar\/2021\/tornquist-condenan-a-4-anos-de-prision-a-un-hombre-por-tenencia-y-distribucion-de-imagenes-de-abuso-sexual-infantil\/","title":{"rendered":"Tornquist: Condenan a 4 a\u00f1os de prisi\u00f3n a un hombre por tenencia y distribuci\u00f3n de im\u00e1genes de abuso sexual infantil."},"content":{"rendered":"<p>En el marco de una causa investigada por la UFIJ N.\u00ba 20, a cargo del fiscal Rodolfo De Luc\u00eda, el Tribunal en lo Criminal N.\u00ba 1 conden\u00f3 -en juicio abreviado \u2013 a Eduilio Osvaldo Tarabelli a la pena de 4 a\u00f1os de prisi\u00f3n por tener y distribuir im\u00e1genes de abuso sexual infantil.<!--more--><\/p>\n<p>&nbsp;<\/p>\n<p>Seg\u00fan la causa, el 14 de junio de 2020 el imputado envi\u00f3 un video de una criatura menor de edad siendo abusada por un mayor, situaci\u00f3n que se repiti\u00f3 el 17 de junio y el 25 de julio de 2020 con otros videos de similares caracter\u00edsticas hasta que el d\u00eda 2 de diciembre de 2020 la Justicia de Garant\u00edas orden\u00f3 un allanamiento en su vivienda, ubicada en Avenida Rivadavia al 200 de Tornquist.<\/p>\n<p>&nbsp;<\/p>\n<p>En el domicilio, el personal policial encontr\u00f3 en poder de Tarabelli 200 archivos de video y 900 archivos de imagen de ni\u00f1os menores de 18 y de 13 a\u00f1os siendo v\u00edctimas de abuso sexual.<\/p>\n<p>&nbsp;<\/p>\n<p>Tarabelli fue condenado por los delitos de tenencia y distribuci\u00f3n de representaciones de menores de 18 a\u00f1os dedicados a actividades sexuales expl\u00edcitas y\/o de sus partes genitales con fines predominantemente sexuales y agravada por ser las v\u00edctimas menores de 13 a\u00f1os.<\/p>\n","protected":false},"excerpt":{"rendered":"<p>En el marco de una causa investigada por la UFIJ N.\u00ba 20, a cargo del fiscal Rodolfo De Luc\u00eda, el Tribunal en lo Criminal N.\u00ba 1 conden\u00f3 -en juicio abreviado \u2013 a Eduilio Osvaldo Tarabelli a la pena de 4 a\u00f1os de prisi\u00f3n por tener y distribuir im\u00e1genes de abuso sexual infantil.<\/p>\n","protected":false},"author":3,"featured_media":93048,"comment_status":"closed","ping_status":"closed","sticky":false,"template":"","format":"standard","meta":{"footnotes":""},"categories":[57],"tags":[],"class_list":["post-93047","post","type-post","status-publish","format-standard","has-post-thumbnail","hentry","category-judiciales"],"yoast_head":"<!-- This site is optimized with the Yoast SEO plugin v25.9 - https:\/\/yoast.com\/wordpress\/plugins\/seo\/ -->\n<title>Tornquist: Condenan a 4 a\u00f1os de prisi\u00f3n a un hombre por tenencia y distribuci\u00f3n de im\u00e1genes de abuso sexual infantil. - Noticias Radio Reflejos<\/title>\n<meta name=\"robots\" content=\"index, follow, max-snippet:-1, max-image-preview:large, max-video-preview:-1\" \/>\n<link rel=\"canonical\" href=\"https:\/\/www.noticiasradioreflejos.com.ar\/2021\/tornquist-condenan-a-4-anos-de-prision-a-un-hombre-por-tenencia-y-distribucion-de-imagenes-de-abuso-sexual-infantil\/\" \/>\n<meta property=\"og:locale\" content=\"es_ES\" \/>\n<meta property=\"og:type\" content=\"article\" \/>\n<meta property=\"og:title\" content=\"Tornquist: Condenan a 4 a\u00f1os de prisi\u00f3n a un hombre por tenencia y distribuci\u00f3n de im\u00e1genes de abuso sexual infantil. - Noticias Radio Reflejos\" \/>\n<meta property=\"og:description\" content=\"En el marco de una causa investigada por la UFIJ N.\u00ba 20, a cargo del fiscal Rodolfo De Luc\u00eda, el Tribunal en lo Criminal N.\u00ba 1 conden\u00f3 -en juicio abreviado \u2013 a Eduilio Osvaldo Tarabelli a la pena de 4 a\u00f1os de prisi\u00f3n por tener y distribuir im\u00e1genes de abuso sexual infantil.\" \/>\n<meta property=\"og:url\" content=\"https:\/\/www.noticiasradioreflejos.com.ar\/2021\/tornquist-condenan-a-4-anos-de-prision-a-un-hombre-por-tenencia-y-distribucion-de-imagenes-de-abuso-sexual-infantil\/\" \/>\n<meta property=\"og:site_name\" content=\"Noticias Radio Reflejos\" \/>\n<meta property=\"article:published_time\" content=\"2023-09-20T20:06:57+00:00\" \/>\n<meta property=\"og:image\" content=\"https:\/\/www.noticiasradioreflejos.com.ar\/2021\/wp-content\/uploads\/2023\/09\/Toc-1.-2jpg-1200x1200-1.jpg\" \/>\n\t<meta property=\"og:image:width\" content=\"1200\" \/>\n\t<meta property=\"og:image:height\" content=\"1200\" \/>\n\t<meta property=\"og:image:type\" content=\"image\/jpeg\" \/>\n<meta name=\"author\" content=\"Arnaldo Botto\" \/>\n<meta name=\"twitter:card\" content=\"summary_large_image\" \/>\n<script type=\"application\/ld+json\" class=\"yoast-schema-graph\">{\"@context\":\"https:\/\/schema.org\",\"@graph\":[{\"@type\":\"WebPage\",\"@id\":\"https:\/\/www.noticiasradioreflejos.com.ar\/2021\/tornquist-condenan-a-4-anos-de-prision-a-un-hombre-por-tenencia-y-distribucion-de-imagenes-de-abuso-sexual-infantil\/\",\"url\":\"https:\/\/www.noticiasradioreflejos.com.ar\/2021\/tornquist-condenan-a-4-anos-de-prision-a-un-hombre-por-tenencia-y-distribucion-de-imagenes-de-abuso-sexual-infantil\/\",\"name\":\"Tornquist: Condenan a 4 a\u00f1os de prisi\u00f3n a un hombre por tenencia y distribuci\u00f3n de im\u00e1genes de abuso sexual infantil. - Noticias Radio Reflejos\",\"isPartOf\":{\"@id\":\"https:\/\/www.noticiasradioreflejos.com.ar\/2021\/#website\"},\"primaryImageOfPage\":{\"@id\":\"https:\/\/www.noticiasradioreflejos.com.ar\/2021\/tornquist-condenan-a-4-anos-de-prision-a-un-hombre-por-tenencia-y-distribucion-de-imagenes-de-abuso-sexual-infantil\/#primaryimage\"},\"image\":{\"@id\":\"https:\/\/www.noticiasradioreflejos.com.ar\/2021\/tornquist-condenan-a-4-anos-de-prision-a-un-hombre-por-tenencia-y-distribucion-de-imagenes-de-abuso-sexual-infantil\/#primaryimage\"},\"thumbnailUrl\":\"https:\/\/www.noticiasradioreflejos.com.ar\/2021\/wp-content\/uploads\/2023\/09\/Toc-1.-2jpg-1200x1200-1.jpg\",\"datePublished\":\"2023-09-20T20:06:57+00:00\",\"author\":{\"@id\":\"https:\/\/www.noticiasradioreflejos.com.ar\/2021\/#\/schema\/person\/ad82545263dcc5ec0996818884fd5fb1\"},\"breadcrumb\":{\"@id\":\"https:\/\/www.noticiasradioreflejos.com.ar\/2021\/tornquist-condenan-a-4-anos-de-prision-a-un-hombre-por-tenencia-y-distribucion-de-imagenes-de-abuso-sexual-infantil\/#breadcrumb\"},\"inLanguage\":\"es\",\"potentialAction\":[{\"@type\":\"ReadAction\",\"target\":[\"https:\/\/www.noticiasradioreflejos.com.ar\/2021\/tornquist-condenan-a-4-anos-de-prision-a-un-hombre-por-tenencia-y-distribucion-de-imagenes-de-abuso-sexual-infantil\/\"]}]},{\"@type\":\"ImageObject\",\"inLanguage\":\"es\",\"@id\":\"https:\/\/www.noticiasradioreflejos.com.ar\/2021\/tornquist-condenan-a-4-anos-de-prision-a-un-hombre-por-tenencia-y-distribucion-de-imagenes-de-abuso-sexual-infantil\/#primaryimage\",\"url\":\"https:\/\/www.noticiasradioreflejos.com.ar\/2021\/wp-content\/uploads\/2023\/09\/Toc-1.-2jpg-1200x1200-1.jpg\",\"contentUrl\":\"https:\/\/www.noticiasradioreflejos.com.ar\/2021\/wp-content\/uploads\/2023\/09\/Toc-1.-2jpg-1200x1200-1.jpg\",\"width\":1200,\"height\":1200},{\"@type\":\"BreadcrumbList\",\"@id\":\"https:\/\/www.noticiasradioreflejos.com.ar\/2021\/tornquist-condenan-a-4-anos-de-prision-a-un-hombre-por-tenencia-y-distribucion-de-imagenes-de-abuso-sexual-infantil\/#breadcrumb\",\"itemListElement\":[{\"@type\":\"ListItem\",\"position\":1,\"name\":\"Portada\",\"item\":\"https:\/\/www.noticiasradioreflejos.com.ar\/2021\/\"},{\"@type\":\"ListItem\",\"position\":2,\"name\":\"Tornquist: Condenan a 4 a\u00f1os de prisi\u00f3n a un hombre por tenencia y distribuci\u00f3n de im\u00e1genes de abuso sexual infantil.\"}]},{\"@type\":\"WebSite\",\"@id\":\"https:\/\/www.noticiasradioreflejos.com.ar\/2021\/#website\",\"url\":\"https:\/\/www.noticiasradioreflejos.com.ar\/2021\/\",\"name\":\"Noticias Radio Reflejos\",\"description\":\"Las noticias de mi comarca\",\"potentialAction\":[{\"@type\":\"SearchAction\",\"target\":{\"@type\":\"EntryPoint\",\"urlTemplate\":\"https:\/\/www.noticiasradioreflejos.com.ar\/2021\/?s={search_term_string}\"},\"query-input\":{\"@type\":\"PropertyValueSpecification\",\"valueRequired\":true,\"valueName\":\"search_term_string\"}}],\"inLanguage\":\"es\"},{\"@type\":\"Person\",\"@id\":\"https:\/\/www.noticiasradioreflejos.com.ar\/2021\/#\/schema\/person\/ad82545263dcc5ec0996818884fd5fb1\",\"name\":\"Arnaldo Botto\",\"image\":{\"@type\":\"ImageObject\",\"inLanguage\":\"es\",\"@id\":\"https:\/\/www.noticiasradioreflejos.com.ar\/2021\/#\/schema\/person\/image\/\",\"url\":\"https:\/\/secure.gravatar.com\/avatar\/55cb5e37c1efa326397366e6974cb338056df65cb50e7d64d1cf314e87504837?s=96&d=mm&r=g\",\"contentUrl\":\"https:\/\/secure.gravatar.com\/avatar\/55cb5e37c1efa326397366e6974cb338056df65cb50e7d64d1cf314e87504837?s=96&d=mm&r=g\",\"caption\":\"Arnaldo Botto\"},\"url\":\"https:\/\/www.noticiasradioreflejos.com.ar\/2021\/author\/arnaldo\/\"}]}<\/script>\n<!-- \/ Yoast SEO plugin. -->","yoast_head_json":{"title":"Tornquist: Condenan a 4 a\u00f1os de prisi\u00f3n a un hombre por tenencia y distribuci\u00f3n de im\u00e1genes de abuso sexual infantil. - Noticias Radio Reflejos","robots":{"index":"index","follow":"follow","max-snippet":"max-snippet:-1","max-image-preview":"max-image-preview:large","max-video-preview":"max-video-preview:-1"},"canonical":"https:\/\/www.noticiasradioreflejos.com.ar\/2021\/tornquist-condenan-a-4-anos-de-prision-a-un-hombre-por-tenencia-y-distribucion-de-imagenes-de-abuso-sexual-infantil\/","og_locale":"es_ES","og_type":"article","og_title":"Tornquist: Condenan a 4 a\u00f1os de prisi\u00f3n a un hombre por tenencia y distribuci\u00f3n de im\u00e1genes de abuso sexual infantil. - Noticias Radio Reflejos","og_description":"En el marco de una causa investigada por la UFIJ N.\u00ba 20, a cargo del fiscal Rodolfo De Luc\u00eda, el Tribunal en lo Criminal N.\u00ba 1 conden\u00f3 -en juicio abreviado \u2013 a Eduilio Osvaldo Tarabelli a la pena de 4 a\u00f1os de prisi\u00f3n por tener y distribuir im\u00e1genes de abuso sexual infantil.","og_url":"https:\/\/www.noticiasradioreflejos.com.ar\/2021\/tornquist-condenan-a-4-anos-de-prision-a-un-hombre-por-tenencia-y-distribucion-de-imagenes-de-abuso-sexual-infantil\/","og_site_name":"Noticias Radio Reflejos","article_published_time":"2023-09-20T20:06:57+00:00","og_image":[{"width":1200,"height":1200,"url":"https:\/\/www.noticiasradioreflejos.com.ar\/2021\/wp-content\/uploads\/2023\/09\/Toc-1.-2jpg-1200x1200-1.jpg","type":"image\/jpeg"}],"author":"Arnaldo Botto","twitter_card":"summary_large_image","schema":{"@context":"https:\/\/schema.org","@graph":[{"@type":"WebPage","@id":"https:\/\/www.noticiasradioreflejos.com.ar\/2021\/tornquist-condenan-a-4-anos-de-prision-a-un-hombre-por-tenencia-y-distribucion-de-imagenes-de-abuso-sexual-infantil\/","url":"https:\/\/www.noticiasradioreflejos.com.ar\/2021\/tornquist-condenan-a-4-anos-de-prision-a-un-hombre-por-tenencia-y-distribucion-de-imagenes-de-abuso-sexual-infantil\/","name":"Tornquist: Condenan a 4 a\u00f1os de prisi\u00f3n a un hombre por tenencia y distribuci\u00f3n de im\u00e1genes de abuso sexual infantil. - Noticias Radio Reflejos","isPartOf":{"@id":"https:\/\/www.noticiasradioreflejos.com.ar\/2021\/#website"},"primaryImageOfPage":{"@id":"https:\/\/www.noticiasradioreflejos.com.ar\/2021\/tornquist-condenan-a-4-anos-de-prision-a-un-hombre-por-tenencia-y-distribucion-de-imagenes-de-abuso-sexual-infantil\/#primaryimage"},"image":{"@id":"https:\/\/www.noticiasradioreflejos.com.ar\/2021\/tornquist-condenan-a-4-anos-de-prision-a-un-hombre-por-tenencia-y-distribucion-de-imagenes-de-abuso-sexual-infantil\/#primaryimage"},"thumbnailUrl":"https:\/\/www.noticiasradioreflejos.com.ar\/2021\/wp-content\/uploads\/2023\/09\/Toc-1.-2jpg-1200x1200-1.jpg","datePublished":"2023-09-20T20:06:57+00:00","author":{"@id":"https:\/\/www.noticiasradioreflejos.com.ar\/2021\/#\/schema\/person\/ad82545263dcc5ec0996818884fd5fb1"},"breadcrumb":{"@id":"https:\/\/www.noticiasradioreflejos.com.ar\/2021\/tornquist-condenan-a-4-anos-de-prision-a-un-hombre-por-tenencia-y-distribucion-de-imagenes-de-abuso-sexual-infantil\/#breadcrumb"},"inLanguage":"es","potentialAction":[{"@type":"ReadAction","target":["https:\/\/www.noticiasradioreflejos.com.ar\/2021\/tornquist-condenan-a-4-anos-de-prision-a-un-hombre-por-tenencia-y-distribucion-de-imagenes-de-abuso-sexual-infantil\/"]}]},{"@type":"ImageObject","inLanguage":"es","@id":"https:\/\/www.noticiasradioreflejos.com.ar\/2021\/tornquist-condenan-a-4-anos-de-prision-a-un-hombre-por-tenencia-y-distribucion-de-imagenes-de-abuso-sexual-infantil\/#primaryimage","url":"https:\/\/www.noticiasradioreflejos.com.ar\/2021\/wp-content\/uploads\/2023\/09\/Toc-1.-2jpg-1200x1200-1.jpg","contentUrl":"https:\/\/www.noticiasradioreflejos.com.ar\/2021\/wp-content\/uploads\/2023\/09\/Toc-1.-2jpg-1200x1200-1.jpg","width":1200,"height":1200},{"@type":"BreadcrumbList","@id":"https:\/\/www.noticiasradioreflejos.com.ar\/2021\/tornquist-condenan-a-4-anos-de-prision-a-un-hombre-por-tenencia-y-distribucion-de-imagenes-de-abuso-sexual-infantil\/#breadcrumb","itemListElement":[{"@type":"ListItem","position":1,"name":"Portada","item":"https:\/\/www.noticiasradioreflejos.com.ar\/2021\/"},{"@type":"ListItem","position":2,"name":"Tornquist: Condenan a 4 a\u00f1os de prisi\u00f3n a un hombre por tenencia y distribuci\u00f3n de im\u00e1genes de abuso sexual infantil."}]},{"@type":"WebSite","@id":"https:\/\/www.noticiasradioreflejos.com.ar\/2021\/#website","url":"https:\/\/www.noticiasradioreflejos.com.ar\/2021\/","name":"Noticias Radio Reflejos","description":"Las noticias de mi comarca","potentialAction":[{"@type":"SearchAction","target":{"@type":"EntryPoint","urlTemplate":"https:\/\/www.noticiasradioreflejos.com.ar\/2021\/?s={search_term_string}"},"query-input":{"@type":"PropertyValueSpecification","valueRequired":true,"valueName":"search_term_string"}}],"inLanguage":"es"},{"@type":"Person","@id":"https:\/\/www.noticiasradioreflejos.com.ar\/2021\/#\/schema\/person\/ad82545263dcc5ec0996818884fd5fb1","name":"Arnaldo Botto","image":{"@type":"ImageObject","inLanguage":"es","@id":"https:\/\/www.noticiasradioreflejos.com.ar\/2021\/#\/schema\/person\/image\/","url":"https:\/\/secure.gravatar.com\/avatar\/55cb5e37c1efa326397366e6974cb338056df65cb50e7d64d1cf314e87504837?s=96&d=mm&r=g","contentUrl":"https:\/\/secure.gravatar.com\/avatar\/55cb5e37c1efa326397366e6974cb338056df65cb50e7d64d1cf314e87504837?s=96&d=mm&r=g","caption":"Arnaldo Botto"},"url":"https:\/\/www.noticiasradioreflejos.com.ar\/2021\/author\/arnaldo\/"}]}},"_links":{"self":[{"href":"https:\/\/www.noticiasradioreflejos.com.ar\/2021\/wp-json\/wp\/v2\/posts\/93047","targetHints":{"allow":["GET"]}}],"collection":[{"href":"https:\/\/www.noticiasradioreflejos.com.ar\/2021\/wp-json\/wp\/v2\/posts"}],"about":[{"href":"https:\/\/www.noticiasradioreflejos.com.ar\/2021\/wp-json\/wp\/v2\/types\/post"}],"author":[{"embeddable":true,"href":"https:\/\/www.noticiasradioreflejos.com.ar\/2021\/wp-json\/wp\/v2\/users\/3"}],"replies":[{"embeddable":true,"href":"https:\/\/www.noticiasradioreflejos.com.ar\/2021\/wp-json\/wp\/v2\/comments?post=93047"}],"version-history":[{"count":1,"href":"https:\/\/www.noticiasradioreflejos.com.ar\/2021\/wp-json\/wp\/v2\/posts\/93047\/revisions"}],"predecessor-version":[{"id":93049,"href":"https:\/\/www.noticiasradioreflejos.com.ar\/2021\/wp-json\/wp\/v2\/posts\/93047\/revisions\/93049"}],"wp:featuredmedia":[{"embeddable":true,"href":"https:\/\/www.noticiasradioreflejos.com.ar\/2021\/wp-json\/wp\/v2\/media\/93048"}],"wp:attachment":[{"href":"https:\/\/www.noticiasradioreflejos.com.ar\/2021\/wp-json\/wp\/v2\/media?parent=93047"}],"wp:term":[{"taxonomy":"category","embeddable":true,"href":"https:\/\/www.noticiasradioreflejos.com.ar\/2021\/wp-json\/wp\/v2\/categories?post=93047"},{"taxonomy":"post_tag","embeddable":true,"href":"https:\/\/www.noticiasradioreflejos.com.ar\/2021\/wp-json\/wp\/v2\/tags?post=93047"}],"curies":[{"name":"wp","href":"https:\/\/api.w.org\/{rel}","templated":true}]}}