{"id":93044,"date":"2023-09-20T19:16:27","date_gmt":"2023-09-20T19:16:27","guid":{"rendered":"https:\/\/www.noticiasradioreflejos.com.ar\/2021\/?p=93044"},"modified":"2023-09-20T19:16:27","modified_gmt":"2023-09-20T19:16:27","slug":"el-municipio-recibio-una-ambulancia-para-el-hospital-menor-de-sierra-de-la-ventana-y-equipamiento-de-salud","status":"publish","type":"post","link":"https:\/\/www.noticiasradioreflejos.com.ar\/2021\/el-municipio-recibio-una-ambulancia-para-el-hospital-menor-de-sierra-de-la-ventana-y-equipamiento-de-salud\/","title":{"rendered":"El municipio recibi\u00f3 una ambulancia para el Hospital Menor de Sierra de la Ventana y equipamiento de salud"},"content":{"rendered":"<p>Este mi\u00e9rcoles, el municipio de Tornquist recibi\u00f3 una ambulancia de alta complejidad que ser\u00e1 destinada al Hospital Menor \u2018Emilio Aldaya\u2019 de Sierra de la Ventana.<!--more--><\/p>\n<p>La unidad fue entregada por el Ministerio de Salud de la Provincia de Bueno Aires, junto a equipamiento de salud, que fueron presentados en un acto realizado frente al palacio municipal.<\/p>\n<p><a title=\"Entrega ambulancia sierra (9)\" href=\"https:\/\/www.flickr.com\/photos\/182279889@N02\/53202069660\/in\/dateposted-public\/\" data-flickr-embed=\"true\"><img loading=\"lazy\" decoding=\"async\" src=\"https:\/\/live.staticflickr.com\/65535\/53202069660_e819c68dfe_c.jpg\" alt=\"Entrega ambulancia sierra (9)\" width=\"800\" height=\"533\" \/><\/a><script async src=\"\/\/embedr.flickr.com\/assets\/client-code.js\" charset=\"utf-8\"><\/script><\/p>\n<p>En representaci\u00f3n del intendente Sergio Bordoni, quien se encuentra de viaje, estuvo presente el Secretario de Gobierno y Seguridad interino, Bruno Zacconi, junto a la Directora del nosocomio de Sierra, Carla Pollio, la Directora del Hospital Municipal \u2018Dr. Alberto Castro\u2019, Cecilia Conti, y la Secretaria de Hacienda, Estefania Bordoni. Por el ministerio, participaron el Jefe de Gabinete, Salvador Giorgi, y el Director de Regi\u00f3n Sanitaria I, Lauriano Alimenti, adem\u00e1s del diputado nacional Daniel Gollan.<\/p>\n<p>\u201cQueremos agradecer el apoyo que desde el 2019 venimos recibiendo del ministerio, que fue crucial para el crecimiento que tuvimos en el distrito estos \u00faltimos cuatro a\u00f1os en materia de salud\u201d, expres\u00f3 Zacconi y agreg\u00f3: \u201cAgradecerle a cada uno de los trabajadores de salud y a las autoridades, y decirles que vamos a seguir garantizando derechos, seguir creyendo en un sistema de salud publico que atienda a todos y a todas, que sea mas eficiente, que brinde mayores servicios y que, con justicia, alcance a todos por igual\u201d.<\/p>\n<p><a title=\"Entrega ambulancia sierra (13)\" href=\"https:\/\/www.flickr.com\/photos\/182279889@N02\/53202069645\/in\/dateposted-public\/\" data-flickr-embed=\"true\"><img loading=\"lazy\" decoding=\"async\" src=\"https:\/\/live.staticflickr.com\/65535\/53202069645_0e1124d630_c.jpg\" alt=\"Entrega ambulancia sierra (13)\" width=\"800\" height=\"533\" \/><\/a><\/p>\n<p>&nbsp;<\/p>\n<p>Gollan, por su parte, destac\u00f3 que la entrega del veh\u00edculo \u201cforma parte de un plan quinquenal dise\u00f1ado para generar un sistema de emergencia y de traslado \u00fanico y que d\u00e9 respuestas a una cuesti\u00f3n que siempre nos trajo problemas que es una provincia muy grande\u201d, al tiempo que subray\u00f3 la digitalizaci\u00f3n del sistema de salud bonaerense.<\/p>\n<p>La ambulancia est\u00e1 equipada con lo necesario para dar respuesta al estado cr\u00edtico de pacientes, atender traumas en la v\u00eda p\u00fablica y hacer traslados de alta complejidad. Cuenta con cardiodesfibrilador, desfibrilador, ox\u00edmetro de pulso, tubo de ox\u00edgeno central, bolso de paro\/v\u00eda a\u00e9rea y de trauma, kit de trauma, silla de ruedas, entre otros elementos claves.<\/p>\n<p>En tanto, entre los elementos recibidos, se encuentran 27 computadoras, muletas, sillas de ruedas, adaptadores de inodoros y un equipo de ginecolog\u00eda.<\/p>\n<p>&nbsp;<\/p>\n<p><a title=\"Entrega ambulancia sierra (3)\" href=\"https:\/\/www.flickr.com\/photos\/182279889@N02\/53201931539\/in\/dateposted-public\/\" data-flickr-embed=\"true\"><img loading=\"lazy\" decoding=\"async\" src=\"https:\/\/live.staticflickr.com\/65535\/53201931539_5397e106b6_c.jpg\" alt=\"Entrega ambulancia sierra (3)\" width=\"800\" height=\"533\" \/><\/a><\/p>\n<p>&nbsp;<\/p>\n<p>&nbsp;<\/p>\n<p><a title=\"Entrega ambulancia sierra (1)\" href=\"https:\/\/www.flickr.com\/photos\/182279889@N02\/53201931544\/in\/dateposted-public\/\" data-flickr-embed=\"true\"><img loading=\"lazy\" decoding=\"async\" src=\"https:\/\/live.staticflickr.com\/65535\/53201931544_abf8cff589_c.jpg\" alt=\"Entrega ambulancia sierra (1)\" width=\"800\" height=\"533\" \/><\/a><\/p>\n","protected":false},"excerpt":{"rendered":"<p>Este mi\u00e9rcoles, el municipio de Tornquist recibi\u00f3 una ambulancia de alta complejidad que ser\u00e1 destinada al Hospital Menor \u2018Emilio Aldaya\u2019 de Sierra de la Ventana.<\/p>\n","protected":false},"author":3,"featured_media":93045,"comment_status":"closed","ping_status":"closed","sticky":false,"template":"","format":"standard","meta":{"footnotes":""},"categories":[28,24,30],"tags":[48],"class_list":["post-93044","post","type-post","status-publish","format-standard","has-post-thumbnail","hentry","category-municipales","category-politica","category-salud","tag-destacada"],"yoast_head":"<!-- This site is optimized with the Yoast SEO plugin v25.9 - https:\/\/yoast.com\/wordpress\/plugins\/seo\/ -->\n<title>El municipio recibi\u00f3 una ambulancia para el Hospital Menor de Sierra de la Ventana y equipamiento de salud - Noticias Radio Reflejos<\/title>\n<meta name=\"robots\" content=\"index, follow, max-snippet:-1, max-image-preview:large, max-video-preview:-1\" \/>\n<link rel=\"canonical\" href=\"https:\/\/www.noticiasradioreflejos.com.ar\/2021\/el-municipio-recibio-una-ambulancia-para-el-hospital-menor-de-sierra-de-la-ventana-y-equipamiento-de-salud\/\" \/>\n<meta property=\"og:locale\" content=\"es_ES\" \/>\n<meta property=\"og:type\" content=\"article\" \/>\n<meta property=\"og:title\" content=\"El municipio recibi\u00f3 una ambulancia para el Hospital Menor de Sierra de la Ventana y equipamiento de salud - Noticias Radio Reflejos\" \/>\n<meta property=\"og:description\" content=\"Este mi\u00e9rcoles, el municipio de Tornquist recibi\u00f3 una ambulancia de alta complejidad que ser\u00e1 destinada al Hospital Menor \u2018Emilio Aldaya\u2019 de Sierra de la Ventana.\" \/>\n<meta property=\"og:url\" content=\"https:\/\/www.noticiasradioreflejos.com.ar\/2021\/el-municipio-recibio-una-ambulancia-para-el-hospital-menor-de-sierra-de-la-ventana-y-equipamiento-de-salud\/\" \/>\n<meta property=\"og:site_name\" content=\"Noticias Radio Reflejos\" \/>\n<meta property=\"article:published_time\" content=\"2023-09-20T19:16:27+00:00\" \/>\n<meta property=\"og:image\" content=\"https:\/\/www.noticiasradioreflejos.com.ar\/2021\/wp-content\/uploads\/2023\/09\/Entrega-ambulancia-sierra-2.jpeg\" \/>\n\t<meta property=\"og:image:width\" content=\"1550\" \/>\n\t<meta property=\"og:image:height\" content=\"1033\" \/>\n\t<meta property=\"og:image:type\" content=\"image\/jpeg\" \/>\n<meta name=\"author\" content=\"Arnaldo Botto\" \/>\n<meta name=\"twitter:card\" content=\"summary_large_image\" \/>\n<script type=\"application\/ld+json\" class=\"yoast-schema-graph\">{\"@context\":\"https:\/\/schema.org\",\"@graph\":[{\"@type\":\"WebPage\",\"@id\":\"https:\/\/www.noticiasradioreflejos.com.ar\/2021\/el-municipio-recibio-una-ambulancia-para-el-hospital-menor-de-sierra-de-la-ventana-y-equipamiento-de-salud\/\",\"url\":\"https:\/\/www.noticiasradioreflejos.com.ar\/2021\/el-municipio-recibio-una-ambulancia-para-el-hospital-menor-de-sierra-de-la-ventana-y-equipamiento-de-salud\/\",\"name\":\"El municipio recibi\u00f3 una ambulancia para el Hospital Menor de Sierra de la Ventana y equipamiento de salud - Noticias Radio Reflejos\",\"isPartOf\":{\"@id\":\"https:\/\/www.noticiasradioreflejos.com.ar\/2021\/#website\"},\"primaryImageOfPage\":{\"@id\":\"https:\/\/www.noticiasradioreflejos.com.ar\/2021\/el-municipio-recibio-una-ambulancia-para-el-hospital-menor-de-sierra-de-la-ventana-y-equipamiento-de-salud\/#primaryimage\"},\"image\":{\"@id\":\"https:\/\/www.noticiasradioreflejos.com.ar\/2021\/el-municipio-recibio-una-ambulancia-para-el-hospital-menor-de-sierra-de-la-ventana-y-equipamiento-de-salud\/#primaryimage\"},\"thumbnailUrl\":\"https:\/\/www.noticiasradioreflejos.com.ar\/2021\/wp-content\/uploads\/2023\/09\/Entrega-ambulancia-sierra-2.jpeg\",\"datePublished\":\"2023-09-20T19:16:27+00:00\",\"author\":{\"@id\":\"https:\/\/www.noticiasradioreflejos.com.ar\/2021\/#\/schema\/person\/ad82545263dcc5ec0996818884fd5fb1\"},\"breadcrumb\":{\"@id\":\"https:\/\/www.noticiasradioreflejos.com.ar\/2021\/el-municipio-recibio-una-ambulancia-para-el-hospital-menor-de-sierra-de-la-ventana-y-equipamiento-de-salud\/#breadcrumb\"},\"inLanguage\":\"es\",\"potentialAction\":[{\"@type\":\"ReadAction\",\"target\":[\"https:\/\/www.noticiasradioreflejos.com.ar\/2021\/el-municipio-recibio-una-ambulancia-para-el-hospital-menor-de-sierra-de-la-ventana-y-equipamiento-de-salud\/\"]}]},{\"@type\":\"ImageObject\",\"inLanguage\":\"es\",\"@id\":\"https:\/\/www.noticiasradioreflejos.com.ar\/2021\/el-municipio-recibio-una-ambulancia-para-el-hospital-menor-de-sierra-de-la-ventana-y-equipamiento-de-salud\/#primaryimage\",\"url\":\"https:\/\/www.noticiasradioreflejos.com.ar\/2021\/wp-content\/uploads\/2023\/09\/Entrega-ambulancia-sierra-2.jpeg\",\"contentUrl\":\"https:\/\/www.noticiasradioreflejos.com.ar\/2021\/wp-content\/uploads\/2023\/09\/Entrega-ambulancia-sierra-2.jpeg\",\"width\":1550,\"height\":1033},{\"@type\":\"BreadcrumbList\",\"@id\":\"https:\/\/www.noticiasradioreflejos.com.ar\/2021\/el-municipio-recibio-una-ambulancia-para-el-hospital-menor-de-sierra-de-la-ventana-y-equipamiento-de-salud\/#breadcrumb\",\"itemListElement\":[{\"@type\":\"ListItem\",\"position\":1,\"name\":\"Portada\",\"item\":\"https:\/\/www.noticiasradioreflejos.com.ar\/2021\/\"},{\"@type\":\"ListItem\",\"position\":2,\"name\":\"El municipio recibi\u00f3 una ambulancia para el Hospital Menor de Sierra de la Ventana y equipamiento de salud\"}]},{\"@type\":\"WebSite\",\"@id\":\"https:\/\/www.noticiasradioreflejos.com.ar\/2021\/#website\",\"url\":\"https:\/\/www.noticiasradioreflejos.com.ar\/2021\/\",\"name\":\"Noticias Radio Reflejos\",\"description\":\"Las noticias de mi comarca\",\"potentialAction\":[{\"@type\":\"SearchAction\",\"target\":{\"@type\":\"EntryPoint\",\"urlTemplate\":\"https:\/\/www.noticiasradioreflejos.com.ar\/2021\/?s={search_term_string}\"},\"query-input\":{\"@type\":\"PropertyValueSpecification\",\"valueRequired\":true,\"valueName\":\"search_term_string\"}}],\"inLanguage\":\"es\"},{\"@type\":\"Person\",\"@id\":\"https:\/\/www.noticiasradioreflejos.com.ar\/2021\/#\/schema\/person\/ad82545263dcc5ec0996818884fd5fb1\",\"name\":\"Arnaldo Botto\",\"image\":{\"@type\":\"ImageObject\",\"inLanguage\":\"es\",\"@id\":\"https:\/\/www.noticiasradioreflejos.com.ar\/2021\/#\/schema\/person\/image\/\",\"url\":\"https:\/\/secure.gravatar.com\/avatar\/55cb5e37c1efa326397366e6974cb338056df65cb50e7d64d1cf314e87504837?s=96&d=mm&r=g\",\"contentUrl\":\"https:\/\/secure.gravatar.com\/avatar\/55cb5e37c1efa326397366e6974cb338056df65cb50e7d64d1cf314e87504837?s=96&d=mm&r=g\",\"caption\":\"Arnaldo Botto\"},\"url\":\"https:\/\/www.noticiasradioreflejos.com.ar\/2021\/author\/arnaldo\/\"}]}<\/script>\n<!-- \/ Yoast SEO plugin. -->","yoast_head_json":{"title":"El municipio recibi\u00f3 una ambulancia para el Hospital Menor de Sierra de la Ventana y equipamiento de salud - Noticias Radio Reflejos","robots":{"index":"index","follow":"follow","max-snippet":"max-snippet:-1","max-image-preview":"max-image-preview:large","max-video-preview":"max-video-preview:-1"},"canonical":"https:\/\/www.noticiasradioreflejos.com.ar\/2021\/el-municipio-recibio-una-ambulancia-para-el-hospital-menor-de-sierra-de-la-ventana-y-equipamiento-de-salud\/","og_locale":"es_ES","og_type":"article","og_title":"El municipio recibi\u00f3 una ambulancia para el Hospital Menor de Sierra de la Ventana y equipamiento de salud - Noticias Radio Reflejos","og_description":"Este mi\u00e9rcoles, el municipio de Tornquist recibi\u00f3 una ambulancia de alta complejidad que ser\u00e1 destinada al Hospital Menor \u2018Emilio Aldaya\u2019 de Sierra de la Ventana.","og_url":"https:\/\/www.noticiasradioreflejos.com.ar\/2021\/el-municipio-recibio-una-ambulancia-para-el-hospital-menor-de-sierra-de-la-ventana-y-equipamiento-de-salud\/","og_site_name":"Noticias Radio Reflejos","article_published_time":"2023-09-20T19:16:27+00:00","og_image":[{"width":1550,"height":1033,"url":"https:\/\/www.noticiasradioreflejos.com.ar\/2021\/wp-content\/uploads\/2023\/09\/Entrega-ambulancia-sierra-2.jpeg","type":"image\/jpeg"}],"author":"Arnaldo Botto","twitter_card":"summary_large_image","schema":{"@context":"https:\/\/schema.org","@graph":[{"@type":"WebPage","@id":"https:\/\/www.noticiasradioreflejos.com.ar\/2021\/el-municipio-recibio-una-ambulancia-para-el-hospital-menor-de-sierra-de-la-ventana-y-equipamiento-de-salud\/","url":"https:\/\/www.noticiasradioreflejos.com.ar\/2021\/el-municipio-recibio-una-ambulancia-para-el-hospital-menor-de-sierra-de-la-ventana-y-equipamiento-de-salud\/","name":"El municipio recibi\u00f3 una ambulancia para el Hospital Menor de Sierra de la Ventana y equipamiento de salud - Noticias Radio Reflejos","isPartOf":{"@id":"https:\/\/www.noticiasradioreflejos.com.ar\/2021\/#website"},"primaryImageOfPage":{"@id":"https:\/\/www.noticiasradioreflejos.com.ar\/2021\/el-municipio-recibio-una-ambulancia-para-el-hospital-menor-de-sierra-de-la-ventana-y-equipamiento-de-salud\/#primaryimage"},"image":{"@id":"https:\/\/www.noticiasradioreflejos.com.ar\/2021\/el-municipio-recibio-una-ambulancia-para-el-hospital-menor-de-sierra-de-la-ventana-y-equipamiento-de-salud\/#primaryimage"},"thumbnailUrl":"https:\/\/www.noticiasradioreflejos.com.ar\/2021\/wp-content\/uploads\/2023\/09\/Entrega-ambulancia-sierra-2.jpeg","datePublished":"2023-09-20T19:16:27+00:00","author":{"@id":"https:\/\/www.noticiasradioreflejos.com.ar\/2021\/#\/schema\/person\/ad82545263dcc5ec0996818884fd5fb1"},"breadcrumb":{"@id":"https:\/\/www.noticiasradioreflejos.com.ar\/2021\/el-municipio-recibio-una-ambulancia-para-el-hospital-menor-de-sierra-de-la-ventana-y-equipamiento-de-salud\/#breadcrumb"},"inLanguage":"es","potentialAction":[{"@type":"ReadAction","target":["https:\/\/www.noticiasradioreflejos.com.ar\/2021\/el-municipio-recibio-una-ambulancia-para-el-hospital-menor-de-sierra-de-la-ventana-y-equipamiento-de-salud\/"]}]},{"@type":"ImageObject","inLanguage":"es","@id":"https:\/\/www.noticiasradioreflejos.com.ar\/2021\/el-municipio-recibio-una-ambulancia-para-el-hospital-menor-de-sierra-de-la-ventana-y-equipamiento-de-salud\/#primaryimage","url":"https:\/\/www.noticiasradioreflejos.com.ar\/2021\/wp-content\/uploads\/2023\/09\/Entrega-ambulancia-sierra-2.jpeg","contentUrl":"https:\/\/www.noticiasradioreflejos.com.ar\/2021\/wp-content\/uploads\/2023\/09\/Entrega-ambulancia-sierra-2.jpeg","width":1550,"height":1033},{"@type":"BreadcrumbList","@id":"https:\/\/www.noticiasradioreflejos.com.ar\/2021\/el-municipio-recibio-una-ambulancia-para-el-hospital-menor-de-sierra-de-la-ventana-y-equipamiento-de-salud\/#breadcrumb","itemListElement":[{"@type":"ListItem","position":1,"name":"Portada","item":"https:\/\/www.noticiasradioreflejos.com.ar\/2021\/"},{"@type":"ListItem","position":2,"name":"El municipio recibi\u00f3 una ambulancia para el Hospital Menor de Sierra de la Ventana y equipamiento de salud"}]},{"@type":"WebSite","@id":"https:\/\/www.noticiasradioreflejos.com.ar\/2021\/#website","url":"https:\/\/www.noticiasradioreflejos.com.ar\/2021\/","name":"Noticias Radio Reflejos","description":"Las noticias de mi comarca","potentialAction":[{"@type":"SearchAction","target":{"@type":"EntryPoint","urlTemplate":"https:\/\/www.noticiasradioreflejos.com.ar\/2021\/?s={search_term_string}"},"query-input":{"@type":"PropertyValueSpecification","valueRequired":true,"valueName":"search_term_string"}}],"inLanguage":"es"},{"@type":"Person","@id":"https:\/\/www.noticiasradioreflejos.com.ar\/2021\/#\/schema\/person\/ad82545263dcc5ec0996818884fd5fb1","name":"Arnaldo Botto","image":{"@type":"ImageObject","inLanguage":"es","@id":"https:\/\/www.noticiasradioreflejos.com.ar\/2021\/#\/schema\/person\/image\/","url":"https:\/\/secure.gravatar.com\/avatar\/55cb5e37c1efa326397366e6974cb338056df65cb50e7d64d1cf314e87504837?s=96&d=mm&r=g","contentUrl":"https:\/\/secure.gravatar.com\/avatar\/55cb5e37c1efa326397366e6974cb338056df65cb50e7d64d1cf314e87504837?s=96&d=mm&r=g","caption":"Arnaldo Botto"},"url":"https:\/\/www.noticiasradioreflejos.com.ar\/2021\/author\/arnaldo\/"}]}},"_links":{"self":[{"href":"https:\/\/www.noticiasradioreflejos.com.ar\/2021\/wp-json\/wp\/v2\/posts\/93044","targetHints":{"allow":["GET"]}}],"collection":[{"href":"https:\/\/www.noticiasradioreflejos.com.ar\/2021\/wp-json\/wp\/v2\/posts"}],"about":[{"href":"https:\/\/www.noticiasradioreflejos.com.ar\/2021\/wp-json\/wp\/v2\/types\/post"}],"author":[{"embeddable":true,"href":"https:\/\/www.noticiasradioreflejos.com.ar\/2021\/wp-json\/wp\/v2\/users\/3"}],"replies":[{"embeddable":true,"href":"https:\/\/www.noticiasradioreflejos.com.ar\/2021\/wp-json\/wp\/v2\/comments?post=93044"}],"version-history":[{"count":1,"href":"https:\/\/www.noticiasradioreflejos.com.ar\/2021\/wp-json\/wp\/v2\/posts\/93044\/revisions"}],"predecessor-version":[{"id":93046,"href":"https:\/\/www.noticiasradioreflejos.com.ar\/2021\/wp-json\/wp\/v2\/posts\/93044\/revisions\/93046"}],"wp:featuredmedia":[{"embeddable":true,"href":"https:\/\/www.noticiasradioreflejos.com.ar\/2021\/wp-json\/wp\/v2\/media\/93045"}],"wp:attachment":[{"href":"https:\/\/www.noticiasradioreflejos.com.ar\/2021\/wp-json\/wp\/v2\/media?parent=93044"}],"wp:term":[{"taxonomy":"category","embeddable":true,"href":"https:\/\/www.noticiasradioreflejos.com.ar\/2021\/wp-json\/wp\/v2\/categories?post=93044"},{"taxonomy":"post_tag","embeddable":true,"href":"https:\/\/www.noticiasradioreflejos.com.ar\/2021\/wp-json\/wp\/v2\/tags?post=93044"}],"curies":[{"name":"wp","href":"https:\/\/api.w.org\/{rel}","templated":true}]}}