{"id":93025,"date":"2023-09-20T16:50:55","date_gmt":"2023-09-20T16:50:55","guid":{"rendered":"https:\/\/www.noticiasradioreflejos.com.ar\/2021\/?p=93025"},"modified":"2023-09-20T16:50:55","modified_gmt":"2023-09-20T16:50:55","slug":"la-escuela-n-2-prepara-un-viaje-solidario-a-cordoba","status":"publish","type":"post","link":"https:\/\/www.noticiasradioreflejos.com.ar\/2021\/la-escuela-n-2-prepara-un-viaje-solidario-a-cordoba\/","title":{"rendered":"La Escuela N\u00b0 2 prepara un viaje solidario a C\u00f3rdoba"},"content":{"rendered":"<p>Coordinado por la docente Denis Pascal, chicos de quinto y sexto a\u00f1o llevar\u00e1n donaciones a un merendero de la localidad de La Falda. \u201cVamos a ayudar a unos 80 chicos\u201d explicaron.<!--more--><\/p>\n<p>En una semana alumnos de quinto y sexto a\u00f1o de la Escuela Secundaria Media N\u00b0 2 de Sierra de la Ventana emprender\u00e1n viaje rumbo a C\u00f3rdoba, para imitar una acci\u00f3n solidaria que llevaron adelante hace ochos a\u00f1os.<\/p>\n<p>Al mando del grupo estar\u00e1 la docente Denis Pascal, la cual coment\u00f3 que \u201ceste viaje lo realizamos en 2015. Es un viaje de estudio pero tiene el matiz de lo solidario. En su momento eran muy poquitos chicos en el lugar. Ahora hay muchos m\u00e1s para asistir. La idea es llevarles donaciones y compartir una tarde con ellos. Vamos a un merendero. Es una familia que asiste a chicos del barrio Los Hornos, en la localidad cordobesa de La Falda\u201d.<\/p>\n<p>Seg\u00fan reconoci\u00f3 \u201cestaba planificado para mayo, principios de junio, pero por inconvenientes administrativos lo tuvimos que modificar. Vamos a hospedarnos en los hoteles de la Naci\u00f3n de R\u00edo Tercero. Al reprogramar el viaje, tuvimos que coordinar nuevamente el transporte y el hotel\u201d.<\/p>\n<p>Y dando m\u00e1s detalles explic\u00f3 que \u201csalimos el jueves 27 a las 23:45 y volvemos en octubre. El primer viaje era de 4 o 5 noche, pero ahora al reprogramarlo nos dieron solamente tres noches de hotel\u201d.<\/p>\n<p>Los alumnos Luca Carroso, Valentino Su\u00e1rez, Tomasa Schwerdt y Candela Bufatelli tambi\u00e9n brindaron testimonio, aunque ser\u00e1n muchos m\u00e1s los que viajen el pr\u00f3ximo mi\u00e9rcoles.<\/p>\n<p>\u201cBuscamos llevar comida y ropa, ya que la mayor\u00eda solo merienda. Buscamos ropa de abrigo, zapatillas en buen estado, de 1 a 18 a\u00f1os. El lugar se llama Rinc\u00f3n de Sue\u00f1os y hay alrededor de 80 chicos\u201d afirmaron los estudiantes.<\/p>\n<p>Al tiempo que aclararon que \u201cla comida preferentemente que sea para merienda; chocolatada, galletitas, golosinas, caf\u00e9. Leche no porque hay mucha que donaron\u201d.<\/p>\n<p>Todos aquellos que quieran aportar a la causa pueden contactarse con la docente Denis Pascal al <strong>tel\u00e9fono 291 4712602.<\/strong><\/p>\n<p>&nbsp;<\/p>\n<p><iframe loading=\"lazy\" src=\"https:\/\/w.soundcloud.com\/player\/?url=https%3A\/\/api.soundcloud.com\/tracks\/1620813762&amp;color=%23ff5500&amp;auto_play=false&amp;hide_related=false&amp;show_comments=true&amp;show_user=true&amp;show_reposts=false&amp;show_teaser=true\" width=\"100%\" height=\"166\" frameborder=\"no\" scrolling=\"no\"><\/iframe><\/p>\n<div style=\"font-size: 10px; color: #cccccc; line-break: anywhere; word-break: normal; overflow: hidden; white-space: nowrap; text-overflow: ellipsis; font-family: Interstate,Lucida Grande,Lucida Sans Unicode,Lucida Sans,Garuda,Verdana,Tahoma,sans-serif; font-weight: 100;\"><a style=\"color: #cccccc; text-decoration: none;\" title=\"fmreflejos 103.7\" href=\"https:\/\/soundcloud.com\/fmreflejos-103-7\" target=\"_blank\" rel=\"noopener\">fmreflejos 103.7<\/a> \u00b7 <a style=\"color: #cccccc; text-decoration: none;\" title=\"Proyecto Solidario EES 2\" href=\"https:\/\/soundcloud.com\/fmreflejos-103-7\/proyecto-solidario-ess2\" target=\"_blank\" rel=\"noopener\">Proyecto Solidario EES 2<\/a><\/div>\n","protected":false},"excerpt":{"rendered":"<p>Coordinado por la docente Denis Pascal, chicos de quinto y sexto a\u00f1o llevar\u00e1n donaciones a un merendero de la localidad de La Falda. \u201cVamos a ayudar a unos 80 chicos\u201d explicaron.<\/p>\n","protected":false},"author":3,"featured_media":0,"comment_status":"closed","ping_status":"closed","sticky":false,"template":"","format":"standard","meta":{"footnotes":""},"categories":[34],"tags":[48],"class_list":["post-93025","post","type-post","status-publish","format-standard","hentry","category-educacion","tag-destacada"],"yoast_head":"<!-- This site is optimized with the Yoast SEO plugin v25.9 - https:\/\/yoast.com\/wordpress\/plugins\/seo\/ -->\n<title>La Escuela N\u00b0 2 prepara un viaje solidario a C\u00f3rdoba - Noticias Radio Reflejos<\/title>\n<meta name=\"robots\" content=\"index, follow, max-snippet:-1, max-image-preview:large, max-video-preview:-1\" \/>\n<link rel=\"canonical\" href=\"https:\/\/www.noticiasradioreflejos.com.ar\/2021\/la-escuela-n-2-prepara-un-viaje-solidario-a-cordoba\/\" \/>\n<meta property=\"og:locale\" content=\"es_ES\" \/>\n<meta property=\"og:type\" content=\"article\" \/>\n<meta property=\"og:title\" content=\"La Escuela N\u00b0 2 prepara un viaje solidario a C\u00f3rdoba - Noticias Radio Reflejos\" \/>\n<meta property=\"og:description\" content=\"Coordinado por la docente Denis Pascal, chicos de quinto y sexto a\u00f1o llevar\u00e1n donaciones a un merendero de la localidad de La Falda. \u201cVamos a ayudar a unos 80 chicos\u201d explicaron.\" \/>\n<meta property=\"og:url\" content=\"https:\/\/www.noticiasradioreflejos.com.ar\/2021\/la-escuela-n-2-prepara-un-viaje-solidario-a-cordoba\/\" \/>\n<meta property=\"og:site_name\" content=\"Noticias Radio Reflejos\" \/>\n<meta property=\"article:published_time\" content=\"2023-09-20T16:50:55+00:00\" \/>\n<meta property=\"og:image\" content=\"https:\/\/www.noticiasradioreflejos.com.ar\/2021\/wp-content\/uploads\/2021\/07\/logosol300x200.png\" \/>\n\t<meta property=\"og:image:width\" content=\"300\" \/>\n\t<meta property=\"og:image:height\" content=\"200\" \/>\n\t<meta property=\"og:image:type\" content=\"image\/png\" \/>\n<meta name=\"author\" content=\"Arnaldo Botto\" \/>\n<meta name=\"twitter:card\" content=\"summary_large_image\" \/>\n<script type=\"application\/ld+json\" class=\"yoast-schema-graph\">{\"@context\":\"https:\/\/schema.org\",\"@graph\":[{\"@type\":\"WebPage\",\"@id\":\"https:\/\/www.noticiasradioreflejos.com.ar\/2021\/la-escuela-n-2-prepara-un-viaje-solidario-a-cordoba\/\",\"url\":\"https:\/\/www.noticiasradioreflejos.com.ar\/2021\/la-escuela-n-2-prepara-un-viaje-solidario-a-cordoba\/\",\"name\":\"La Escuela N\u00b0 2 prepara un viaje solidario a C\u00f3rdoba - Noticias Radio Reflejos\",\"isPartOf\":{\"@id\":\"https:\/\/www.noticiasradioreflejos.com.ar\/2021\/#website\"},\"datePublished\":\"2023-09-20T16:50:55+00:00\",\"author\":{\"@id\":\"https:\/\/www.noticiasradioreflejos.com.ar\/2021\/#\/schema\/person\/ad82545263dcc5ec0996818884fd5fb1\"},\"breadcrumb\":{\"@id\":\"https:\/\/www.noticiasradioreflejos.com.ar\/2021\/la-escuela-n-2-prepara-un-viaje-solidario-a-cordoba\/#breadcrumb\"},\"inLanguage\":\"es\",\"potentialAction\":[{\"@type\":\"ReadAction\",\"target\":[\"https:\/\/www.noticiasradioreflejos.com.ar\/2021\/la-escuela-n-2-prepara-un-viaje-solidario-a-cordoba\/\"]}]},{\"@type\":\"BreadcrumbList\",\"@id\":\"https:\/\/www.noticiasradioreflejos.com.ar\/2021\/la-escuela-n-2-prepara-un-viaje-solidario-a-cordoba\/#breadcrumb\",\"itemListElement\":[{\"@type\":\"ListItem\",\"position\":1,\"name\":\"Portada\",\"item\":\"https:\/\/www.noticiasradioreflejos.com.ar\/2021\/\"},{\"@type\":\"ListItem\",\"position\":2,\"name\":\"La Escuela N\u00b0 2 prepara un viaje solidario a C\u00f3rdoba\"}]},{\"@type\":\"WebSite\",\"@id\":\"https:\/\/www.noticiasradioreflejos.com.ar\/2021\/#website\",\"url\":\"https:\/\/www.noticiasradioreflejos.com.ar\/2021\/\",\"name\":\"Noticias Radio Reflejos\",\"description\":\"Las noticias de mi comarca\",\"potentialAction\":[{\"@type\":\"SearchAction\",\"target\":{\"@type\":\"EntryPoint\",\"urlTemplate\":\"https:\/\/www.noticiasradioreflejos.com.ar\/2021\/?s={search_term_string}\"},\"query-input\":{\"@type\":\"PropertyValueSpecification\",\"valueRequired\":true,\"valueName\":\"search_term_string\"}}],\"inLanguage\":\"es\"},{\"@type\":\"Person\",\"@id\":\"https:\/\/www.noticiasradioreflejos.com.ar\/2021\/#\/schema\/person\/ad82545263dcc5ec0996818884fd5fb1\",\"name\":\"Arnaldo Botto\",\"image\":{\"@type\":\"ImageObject\",\"inLanguage\":\"es\",\"@id\":\"https:\/\/www.noticiasradioreflejos.com.ar\/2021\/#\/schema\/person\/image\/\",\"url\":\"https:\/\/secure.gravatar.com\/avatar\/55cb5e37c1efa326397366e6974cb338056df65cb50e7d64d1cf314e87504837?s=96&d=mm&r=g\",\"contentUrl\":\"https:\/\/secure.gravatar.com\/avatar\/55cb5e37c1efa326397366e6974cb338056df65cb50e7d64d1cf314e87504837?s=96&d=mm&r=g\",\"caption\":\"Arnaldo Botto\"},\"url\":\"https:\/\/www.noticiasradioreflejos.com.ar\/2021\/author\/arnaldo\/\"}]}<\/script>\n<!-- \/ Yoast SEO plugin. -->","yoast_head_json":{"title":"La Escuela N\u00b0 2 prepara un viaje solidario a C\u00f3rdoba - Noticias Radio Reflejos","robots":{"index":"index","follow":"follow","max-snippet":"max-snippet:-1","max-image-preview":"max-image-preview:large","max-video-preview":"max-video-preview:-1"},"canonical":"https:\/\/www.noticiasradioreflejos.com.ar\/2021\/la-escuela-n-2-prepara-un-viaje-solidario-a-cordoba\/","og_locale":"es_ES","og_type":"article","og_title":"La Escuela N\u00b0 2 prepara un viaje solidario a C\u00f3rdoba - Noticias Radio Reflejos","og_description":"Coordinado por la docente Denis Pascal, chicos de quinto y sexto a\u00f1o llevar\u00e1n donaciones a un merendero de la localidad de La Falda. \u201cVamos a ayudar a unos 80 chicos\u201d explicaron.","og_url":"https:\/\/www.noticiasradioreflejos.com.ar\/2021\/la-escuela-n-2-prepara-un-viaje-solidario-a-cordoba\/","og_site_name":"Noticias Radio Reflejos","article_published_time":"2023-09-20T16:50:55+00:00","og_image":[{"width":300,"height":200,"url":"https:\/\/www.noticiasradioreflejos.com.ar\/2021\/wp-content\/uploads\/2021\/07\/logosol300x200.png","type":"image\/png"}],"author":"Arnaldo Botto","twitter_card":"summary_large_image","schema":{"@context":"https:\/\/schema.org","@graph":[{"@type":"WebPage","@id":"https:\/\/www.noticiasradioreflejos.com.ar\/2021\/la-escuela-n-2-prepara-un-viaje-solidario-a-cordoba\/","url":"https:\/\/www.noticiasradioreflejos.com.ar\/2021\/la-escuela-n-2-prepara-un-viaje-solidario-a-cordoba\/","name":"La Escuela N\u00b0 2 prepara un viaje solidario a C\u00f3rdoba - Noticias Radio Reflejos","isPartOf":{"@id":"https:\/\/www.noticiasradioreflejos.com.ar\/2021\/#website"},"datePublished":"2023-09-20T16:50:55+00:00","author":{"@id":"https:\/\/www.noticiasradioreflejos.com.ar\/2021\/#\/schema\/person\/ad82545263dcc5ec0996818884fd5fb1"},"breadcrumb":{"@id":"https:\/\/www.noticiasradioreflejos.com.ar\/2021\/la-escuela-n-2-prepara-un-viaje-solidario-a-cordoba\/#breadcrumb"},"inLanguage":"es","potentialAction":[{"@type":"ReadAction","target":["https:\/\/www.noticiasradioreflejos.com.ar\/2021\/la-escuela-n-2-prepara-un-viaje-solidario-a-cordoba\/"]}]},{"@type":"BreadcrumbList","@id":"https:\/\/www.noticiasradioreflejos.com.ar\/2021\/la-escuela-n-2-prepara-un-viaje-solidario-a-cordoba\/#breadcrumb","itemListElement":[{"@type":"ListItem","position":1,"name":"Portada","item":"https:\/\/www.noticiasradioreflejos.com.ar\/2021\/"},{"@type":"ListItem","position":2,"name":"La Escuela N\u00b0 2 prepara un viaje solidario a C\u00f3rdoba"}]},{"@type":"WebSite","@id":"https:\/\/www.noticiasradioreflejos.com.ar\/2021\/#website","url":"https:\/\/www.noticiasradioreflejos.com.ar\/2021\/","name":"Noticias Radio Reflejos","description":"Las noticias de mi comarca","potentialAction":[{"@type":"SearchAction","target":{"@type":"EntryPoint","urlTemplate":"https:\/\/www.noticiasradioreflejos.com.ar\/2021\/?s={search_term_string}"},"query-input":{"@type":"PropertyValueSpecification","valueRequired":true,"valueName":"search_term_string"}}],"inLanguage":"es"},{"@type":"Person","@id":"https:\/\/www.noticiasradioreflejos.com.ar\/2021\/#\/schema\/person\/ad82545263dcc5ec0996818884fd5fb1","name":"Arnaldo Botto","image":{"@type":"ImageObject","inLanguage":"es","@id":"https:\/\/www.noticiasradioreflejos.com.ar\/2021\/#\/schema\/person\/image\/","url":"https:\/\/secure.gravatar.com\/avatar\/55cb5e37c1efa326397366e6974cb338056df65cb50e7d64d1cf314e87504837?s=96&d=mm&r=g","contentUrl":"https:\/\/secure.gravatar.com\/avatar\/55cb5e37c1efa326397366e6974cb338056df65cb50e7d64d1cf314e87504837?s=96&d=mm&r=g","caption":"Arnaldo Botto"},"url":"https:\/\/www.noticiasradioreflejos.com.ar\/2021\/author\/arnaldo\/"}]}},"_links":{"self":[{"href":"https:\/\/www.noticiasradioreflejos.com.ar\/2021\/wp-json\/wp\/v2\/posts\/93025","targetHints":{"allow":["GET"]}}],"collection":[{"href":"https:\/\/www.noticiasradioreflejos.com.ar\/2021\/wp-json\/wp\/v2\/posts"}],"about":[{"href":"https:\/\/www.noticiasradioreflejos.com.ar\/2021\/wp-json\/wp\/v2\/types\/post"}],"author":[{"embeddable":true,"href":"https:\/\/www.noticiasradioreflejos.com.ar\/2021\/wp-json\/wp\/v2\/users\/3"}],"replies":[{"embeddable":true,"href":"https:\/\/www.noticiasradioreflejos.com.ar\/2021\/wp-json\/wp\/v2\/comments?post=93025"}],"version-history":[{"count":2,"href":"https:\/\/www.noticiasradioreflejos.com.ar\/2021\/wp-json\/wp\/v2\/posts\/93025\/revisions"}],"predecessor-version":[{"id":93043,"href":"https:\/\/www.noticiasradioreflejos.com.ar\/2021\/wp-json\/wp\/v2\/posts\/93025\/revisions\/93043"}],"wp:attachment":[{"href":"https:\/\/www.noticiasradioreflejos.com.ar\/2021\/wp-json\/wp\/v2\/media?parent=93025"}],"wp:term":[{"taxonomy":"category","embeddable":true,"href":"https:\/\/www.noticiasradioreflejos.com.ar\/2021\/wp-json\/wp\/v2\/categories?post=93025"},{"taxonomy":"post_tag","embeddable":true,"href":"https:\/\/www.noticiasradioreflejos.com.ar\/2021\/wp-json\/wp\/v2\/tags?post=93025"}],"curies":[{"name":"wp","href":"https:\/\/api.w.org\/{rel}","templated":true}]}}