{"id":93023,"date":"2023-09-20T16:41:20","date_gmt":"2023-09-20T16:41:20","guid":{"rendered":"https:\/\/www.noticiasradioreflejos.com.ar\/2021\/?p=93023"},"modified":"2023-09-20T16:41:20","modified_gmt":"2023-09-20T16:41:20","slug":"buscamos-conectar-al-ex-club-hotel-con-el-modelo-agroexportador-del-pais","status":"publish","type":"post","link":"https:\/\/www.noticiasradioreflejos.com.ar\/2021\/buscamos-conectar-al-ex-club-hotel-con-el-modelo-agroexportador-del-pais\/","title":{"rendered":"\u201cBuscamos conectar al ex Club Hotel con el modelo agroexportador del pa\u00eds\u201d"},"content":{"rendered":"<p>El investigador Ernesto Micucchi brind\u00f3 detalles del trabajo que est\u00e1 realizando en ese sector de la comarca. \u201cDestaco el sentido de pertenencia y el sentir nacional que tienen en esta regi\u00f3n\u201d asegur\u00f3.<!--more--><\/p>\n<p>Una vez m\u00e1s el ex Club Hotel est\u00e1 en el foco de un relevamiento hist\u00f3rica. En esta ocasi\u00f3n es Ernesto Micucchi quien se adentr\u00f3 en sus ruinas para un trabajo que involucra a la Universidad de Luj\u00e1n.<br \/>\n<a title=\"Ernesto Micucci (1)\" href=\"https:\/\/www.flickr.com\/photos\/182279889@N02\/53201603438\/in\/dateposted-public\/\" data-flickr-embed=\"true\"><img loading=\"lazy\" decoding=\"async\" src=\"https:\/\/live.staticflickr.com\/65535\/53201603438_cd5949b0da_c.jpg\" alt=\"Ernesto Micucci (1)\" width=\"800\" height=\"555\" \/><\/a><\/p>\n<p>&nbsp;<\/p>\n<p>Al respecto explic\u00f3 que \u201ctuve la oportunidad de ir varias veces a la comarca y en una de las excursiones que hicimos fuimos al ex Club Hotel. Soy profesor de geograf\u00eda y estoy licenciando geograf\u00eda en la Universidad de Luj\u00e1n\u201d.<\/p>\n<p>Y en esa l\u00ednea afirm\u00f3 que \u201ctenemos que hacer un trabajo de investigaci\u00f3n para la materia Historia Social y Econ\u00f3mica de Am\u00e9rica Latina y me pareci\u00f3 interesante poder mostrar todo lo lindo y la impronta que tiene ese sector \u00a0de la comarca\u201d.<\/p>\n<p>Brindando detalles, sostuvo que \u201cbuscando un contexto hist\u00f3rico me apoy\u00e9 en el modelo agro exportador, en donde Argentina queda como exportador de materia prima y alimento hacia Europa. En ese contexto se da el auge de los ferrocarriles, teniendo como hito previo la Conquista del Desierto. Estas tierras donde ustedes habitan de alguna manera ten\u00edan una gran importancia, porque hab\u00eda encadenamiento de fortines que llegaban a Bah\u00eda Blanca\u201d.<\/p>\n<p>Al mismo tiempo reconoci\u00f3 que \u201cen todo ese contexto, lo que busco mostrar c\u00f3mo surge el Hotel de la Ventana. Mis fuentes principales son las de Stella y Sergio Rodr\u00edguez; de c\u00f3mo la geograf\u00eda determina la historia\u201d.<\/p>\n<p>\u201cPero tambi\u00e9n hay fuentes no tradicionales, como las fotograf\u00edas que pude tomar del lugar, las visitas que hice con Pablo Paroti; adem\u00e1s de las leyendas y los relevamientos de la arquitectura\u201d agreg\u00f3.<\/p>\n<p>En otro pasaje de la charla subray\u00f3 que \u201cel sentido de pertenencia y el sentir nacional las destaco. Tengo la posibilidad de haber recorrido otros lugares del pa\u00eds, y donde m\u00e1s se mantiene ese sentido es en las comarcas, donde est\u00e1n alejados de los grandes centros urbanos\u201d.<\/p>\n<p>Sumando que \u201cesto se ha perdido en muchos lugares. En cuanto a impresi\u00f3n visual, quiz\u00e1s hay otros destinos, pero ninguno me enamor\u00f3 como Sierra. No es solo lo que se ve, el Tres Picos, el Napost\u00e1, el Parque\u2026 la gente le da un plus que te hace sentir como en casa\u201d.<\/p>\n<p><iframe loading=\"lazy\" src=\"https:\/\/w.soundcloud.com\/player\/?url=https%3A\/\/api.soundcloud.com\/tracks\/1620796329&amp;color=%23ff5500&amp;auto_play=false&amp;hide_related=false&amp;show_comments=true&amp;show_user=true&amp;show_reposts=false&amp;show_teaser=true\" width=\"100%\" height=\"166\" frameborder=\"no\" scrolling=\"no\"><\/iframe><\/p>\n<div style=\"font-size: 10px; color: #cccccc; line-break: anywhere; word-break: normal; overflow: hidden; white-space: nowrap; text-overflow: ellipsis; font-family: Interstate,Lucida Grande,Lucida Sans Unicode,Lucida Sans,Garuda,Verdana,Tahoma,sans-serif; font-weight: 100;\"><a style=\"color: #cccccc; text-decoration: none;\" title=\"fmreflejos 103.7\" href=\"https:\/\/soundcloud.com\/fmreflejos-103-7\" target=\"_blank\" rel=\"noopener\">fmreflejos 103.7<\/a> \u00b7 <a style=\"color: #cccccc; text-decoration: none;\" title=\"Ernesto Micucchi\" href=\"https:\/\/soundcloud.com\/fmreflejos-103-7\/hernesto-micucchi\" target=\"_blank\" rel=\"noopener\">Ernesto Micucchi<\/a><\/div>\n","protected":false},"excerpt":{"rendered":"<p>El investigador Ernesto Micucchi brind\u00f3 detalles del trabajo que est\u00e1 realizando en ese sector de la comarca. \u201cDestaco el sentido de pertenencia y el sentir nacional que tienen en esta regi\u00f3n\u201d asegur\u00f3.<\/p>\n","protected":false},"author":3,"featured_media":93040,"comment_status":"closed","ping_status":"closed","sticky":false,"template":"","format":"standard","meta":{"footnotes":""},"categories":[35,26,33],"tags":[48],"class_list":["post-93023","post","type-post","status-publish","format-standard","has-post-thumbnail","hentry","category-cultura","category-sociedad","category-turismo","tag-destacada"],"yoast_head":"<!-- This site is optimized with the Yoast SEO plugin v25.9 - https:\/\/yoast.com\/wordpress\/plugins\/seo\/ -->\n<title>\u201cBuscamos conectar al ex Club Hotel con el modelo agroexportador del pa\u00eds\u201d - Noticias Radio Reflejos<\/title>\n<meta name=\"robots\" content=\"index, follow, max-snippet:-1, max-image-preview:large, max-video-preview:-1\" \/>\n<link rel=\"canonical\" href=\"https:\/\/www.noticiasradioreflejos.com.ar\/2021\/buscamos-conectar-al-ex-club-hotel-con-el-modelo-agroexportador-del-pais\/\" \/>\n<meta property=\"og:locale\" content=\"es_ES\" \/>\n<meta property=\"og:type\" content=\"article\" \/>\n<meta property=\"og:title\" content=\"\u201cBuscamos conectar al ex Club Hotel con el modelo agroexportador del pa\u00eds\u201d - Noticias Radio Reflejos\" \/>\n<meta property=\"og:description\" content=\"El investigador Ernesto Micucchi brind\u00f3 detalles del trabajo que est\u00e1 realizando en ese sector de la comarca. \u201cDestaco el sentido de pertenencia y el sentir nacional que tienen en esta regi\u00f3n\u201d asegur\u00f3.\" \/>\n<meta property=\"og:url\" content=\"https:\/\/www.noticiasradioreflejos.com.ar\/2021\/buscamos-conectar-al-ex-club-hotel-con-el-modelo-agroexportador-del-pais\/\" \/>\n<meta property=\"og:site_name\" content=\"Noticias Radio Reflejos\" \/>\n<meta property=\"article:published_time\" content=\"2023-09-20T16:41:20+00:00\" \/>\n<meta property=\"og:image\" content=\"https:\/\/www.noticiasradioreflejos.com.ar\/2021\/wp-content\/uploads\/2023\/09\/club-Hotel-de-la-Ventana.jpg\" \/>\n\t<meta property=\"og:image:width\" content=\"527\" \/>\n\t<meta property=\"og:image:height\" content=\"371\" \/>\n\t<meta property=\"og:image:type\" content=\"image\/jpeg\" \/>\n<meta name=\"author\" content=\"Arnaldo Botto\" \/>\n<meta name=\"twitter:card\" content=\"summary_large_image\" \/>\n<script type=\"application\/ld+json\" class=\"yoast-schema-graph\">{\"@context\":\"https:\/\/schema.org\",\"@graph\":[{\"@type\":\"WebPage\",\"@id\":\"https:\/\/www.noticiasradioreflejos.com.ar\/2021\/buscamos-conectar-al-ex-club-hotel-con-el-modelo-agroexportador-del-pais\/\",\"url\":\"https:\/\/www.noticiasradioreflejos.com.ar\/2021\/buscamos-conectar-al-ex-club-hotel-con-el-modelo-agroexportador-del-pais\/\",\"name\":\"\u201cBuscamos conectar al ex Club Hotel con el modelo agroexportador del pa\u00eds\u201d - Noticias Radio Reflejos\",\"isPartOf\":{\"@id\":\"https:\/\/www.noticiasradioreflejos.com.ar\/2021\/#website\"},\"primaryImageOfPage\":{\"@id\":\"https:\/\/www.noticiasradioreflejos.com.ar\/2021\/buscamos-conectar-al-ex-club-hotel-con-el-modelo-agroexportador-del-pais\/#primaryimage\"},\"image\":{\"@id\":\"https:\/\/www.noticiasradioreflejos.com.ar\/2021\/buscamos-conectar-al-ex-club-hotel-con-el-modelo-agroexportador-del-pais\/#primaryimage\"},\"thumbnailUrl\":\"https:\/\/www.noticiasradioreflejos.com.ar\/2021\/wp-content\/uploads\/2023\/09\/club-Hotel-de-la-Ventana.jpg\",\"datePublished\":\"2023-09-20T16:41:20+00:00\",\"author\":{\"@id\":\"https:\/\/www.noticiasradioreflejos.com.ar\/2021\/#\/schema\/person\/ad82545263dcc5ec0996818884fd5fb1\"},\"breadcrumb\":{\"@id\":\"https:\/\/www.noticiasradioreflejos.com.ar\/2021\/buscamos-conectar-al-ex-club-hotel-con-el-modelo-agroexportador-del-pais\/#breadcrumb\"},\"inLanguage\":\"es\",\"potentialAction\":[{\"@type\":\"ReadAction\",\"target\":[\"https:\/\/www.noticiasradioreflejos.com.ar\/2021\/buscamos-conectar-al-ex-club-hotel-con-el-modelo-agroexportador-del-pais\/\"]}]},{\"@type\":\"ImageObject\",\"inLanguage\":\"es\",\"@id\":\"https:\/\/www.noticiasradioreflejos.com.ar\/2021\/buscamos-conectar-al-ex-club-hotel-con-el-modelo-agroexportador-del-pais\/#primaryimage\",\"url\":\"https:\/\/www.noticiasradioreflejos.com.ar\/2021\/wp-content\/uploads\/2023\/09\/club-Hotel-de-la-Ventana.jpg\",\"contentUrl\":\"https:\/\/www.noticiasradioreflejos.com.ar\/2021\/wp-content\/uploads\/2023\/09\/club-Hotel-de-la-Ventana.jpg\",\"width\":527,\"height\":371},{\"@type\":\"BreadcrumbList\",\"@id\":\"https:\/\/www.noticiasradioreflejos.com.ar\/2021\/buscamos-conectar-al-ex-club-hotel-con-el-modelo-agroexportador-del-pais\/#breadcrumb\",\"itemListElement\":[{\"@type\":\"ListItem\",\"position\":1,\"name\":\"Portada\",\"item\":\"https:\/\/www.noticiasradioreflejos.com.ar\/2021\/\"},{\"@type\":\"ListItem\",\"position\":2,\"name\":\"\u201cBuscamos conectar al ex Club Hotel con el modelo agroexportador del pa\u00eds\u201d\"}]},{\"@type\":\"WebSite\",\"@id\":\"https:\/\/www.noticiasradioreflejos.com.ar\/2021\/#website\",\"url\":\"https:\/\/www.noticiasradioreflejos.com.ar\/2021\/\",\"name\":\"Noticias Radio Reflejos\",\"description\":\"Las noticias de mi comarca\",\"potentialAction\":[{\"@type\":\"SearchAction\",\"target\":{\"@type\":\"EntryPoint\",\"urlTemplate\":\"https:\/\/www.noticiasradioreflejos.com.ar\/2021\/?s={search_term_string}\"},\"query-input\":{\"@type\":\"PropertyValueSpecification\",\"valueRequired\":true,\"valueName\":\"search_term_string\"}}],\"inLanguage\":\"es\"},{\"@type\":\"Person\",\"@id\":\"https:\/\/www.noticiasradioreflejos.com.ar\/2021\/#\/schema\/person\/ad82545263dcc5ec0996818884fd5fb1\",\"name\":\"Arnaldo Botto\",\"image\":{\"@type\":\"ImageObject\",\"inLanguage\":\"es\",\"@id\":\"https:\/\/www.noticiasradioreflejos.com.ar\/2021\/#\/schema\/person\/image\/\",\"url\":\"https:\/\/secure.gravatar.com\/avatar\/55cb5e37c1efa326397366e6974cb338056df65cb50e7d64d1cf314e87504837?s=96&d=mm&r=g\",\"contentUrl\":\"https:\/\/secure.gravatar.com\/avatar\/55cb5e37c1efa326397366e6974cb338056df65cb50e7d64d1cf314e87504837?s=96&d=mm&r=g\",\"caption\":\"Arnaldo Botto\"},\"url\":\"https:\/\/www.noticiasradioreflejos.com.ar\/2021\/author\/arnaldo\/\"}]}<\/script>\n<!-- \/ Yoast SEO plugin. -->","yoast_head_json":{"title":"\u201cBuscamos conectar al ex Club Hotel con el modelo agroexportador del pa\u00eds\u201d - Noticias Radio Reflejos","robots":{"index":"index","follow":"follow","max-snippet":"max-snippet:-1","max-image-preview":"max-image-preview:large","max-video-preview":"max-video-preview:-1"},"canonical":"https:\/\/www.noticiasradioreflejos.com.ar\/2021\/buscamos-conectar-al-ex-club-hotel-con-el-modelo-agroexportador-del-pais\/","og_locale":"es_ES","og_type":"article","og_title":"\u201cBuscamos conectar al ex Club Hotel con el modelo agroexportador del pa\u00eds\u201d - Noticias Radio Reflejos","og_description":"El investigador Ernesto Micucchi brind\u00f3 detalles del trabajo que est\u00e1 realizando en ese sector de la comarca. \u201cDestaco el sentido de pertenencia y el sentir nacional que tienen en esta regi\u00f3n\u201d asegur\u00f3.","og_url":"https:\/\/www.noticiasradioreflejos.com.ar\/2021\/buscamos-conectar-al-ex-club-hotel-con-el-modelo-agroexportador-del-pais\/","og_site_name":"Noticias Radio Reflejos","article_published_time":"2023-09-20T16:41:20+00:00","og_image":[{"width":527,"height":371,"url":"https:\/\/www.noticiasradioreflejos.com.ar\/2021\/wp-content\/uploads\/2023\/09\/club-Hotel-de-la-Ventana.jpg","type":"image\/jpeg"}],"author":"Arnaldo Botto","twitter_card":"summary_large_image","schema":{"@context":"https:\/\/schema.org","@graph":[{"@type":"WebPage","@id":"https:\/\/www.noticiasradioreflejos.com.ar\/2021\/buscamos-conectar-al-ex-club-hotel-con-el-modelo-agroexportador-del-pais\/","url":"https:\/\/www.noticiasradioreflejos.com.ar\/2021\/buscamos-conectar-al-ex-club-hotel-con-el-modelo-agroexportador-del-pais\/","name":"\u201cBuscamos conectar al ex Club Hotel con el modelo agroexportador del pa\u00eds\u201d - Noticias Radio Reflejos","isPartOf":{"@id":"https:\/\/www.noticiasradioreflejos.com.ar\/2021\/#website"},"primaryImageOfPage":{"@id":"https:\/\/www.noticiasradioreflejos.com.ar\/2021\/buscamos-conectar-al-ex-club-hotel-con-el-modelo-agroexportador-del-pais\/#primaryimage"},"image":{"@id":"https:\/\/www.noticiasradioreflejos.com.ar\/2021\/buscamos-conectar-al-ex-club-hotel-con-el-modelo-agroexportador-del-pais\/#primaryimage"},"thumbnailUrl":"https:\/\/www.noticiasradioreflejos.com.ar\/2021\/wp-content\/uploads\/2023\/09\/club-Hotel-de-la-Ventana.jpg","datePublished":"2023-09-20T16:41:20+00:00","author":{"@id":"https:\/\/www.noticiasradioreflejos.com.ar\/2021\/#\/schema\/person\/ad82545263dcc5ec0996818884fd5fb1"},"breadcrumb":{"@id":"https:\/\/www.noticiasradioreflejos.com.ar\/2021\/buscamos-conectar-al-ex-club-hotel-con-el-modelo-agroexportador-del-pais\/#breadcrumb"},"inLanguage":"es","potentialAction":[{"@type":"ReadAction","target":["https:\/\/www.noticiasradioreflejos.com.ar\/2021\/buscamos-conectar-al-ex-club-hotel-con-el-modelo-agroexportador-del-pais\/"]}]},{"@type":"ImageObject","inLanguage":"es","@id":"https:\/\/www.noticiasradioreflejos.com.ar\/2021\/buscamos-conectar-al-ex-club-hotel-con-el-modelo-agroexportador-del-pais\/#primaryimage","url":"https:\/\/www.noticiasradioreflejos.com.ar\/2021\/wp-content\/uploads\/2023\/09\/club-Hotel-de-la-Ventana.jpg","contentUrl":"https:\/\/www.noticiasradioreflejos.com.ar\/2021\/wp-content\/uploads\/2023\/09\/club-Hotel-de-la-Ventana.jpg","width":527,"height":371},{"@type":"BreadcrumbList","@id":"https:\/\/www.noticiasradioreflejos.com.ar\/2021\/buscamos-conectar-al-ex-club-hotel-con-el-modelo-agroexportador-del-pais\/#breadcrumb","itemListElement":[{"@type":"ListItem","position":1,"name":"Portada","item":"https:\/\/www.noticiasradioreflejos.com.ar\/2021\/"},{"@type":"ListItem","position":2,"name":"\u201cBuscamos conectar al ex Club Hotel con el modelo agroexportador del pa\u00eds\u201d"}]},{"@type":"WebSite","@id":"https:\/\/www.noticiasradioreflejos.com.ar\/2021\/#website","url":"https:\/\/www.noticiasradioreflejos.com.ar\/2021\/","name":"Noticias Radio Reflejos","description":"Las noticias de mi comarca","potentialAction":[{"@type":"SearchAction","target":{"@type":"EntryPoint","urlTemplate":"https:\/\/www.noticiasradioreflejos.com.ar\/2021\/?s={search_term_string}"},"query-input":{"@type":"PropertyValueSpecification","valueRequired":true,"valueName":"search_term_string"}}],"inLanguage":"es"},{"@type":"Person","@id":"https:\/\/www.noticiasradioreflejos.com.ar\/2021\/#\/schema\/person\/ad82545263dcc5ec0996818884fd5fb1","name":"Arnaldo Botto","image":{"@type":"ImageObject","inLanguage":"es","@id":"https:\/\/www.noticiasradioreflejos.com.ar\/2021\/#\/schema\/person\/image\/","url":"https:\/\/secure.gravatar.com\/avatar\/55cb5e37c1efa326397366e6974cb338056df65cb50e7d64d1cf314e87504837?s=96&d=mm&r=g","contentUrl":"https:\/\/secure.gravatar.com\/avatar\/55cb5e37c1efa326397366e6974cb338056df65cb50e7d64d1cf314e87504837?s=96&d=mm&r=g","caption":"Arnaldo Botto"},"url":"https:\/\/www.noticiasradioreflejos.com.ar\/2021\/author\/arnaldo\/"}]}},"_links":{"self":[{"href":"https:\/\/www.noticiasradioreflejos.com.ar\/2021\/wp-json\/wp\/v2\/posts\/93023","targetHints":{"allow":["GET"]}}],"collection":[{"href":"https:\/\/www.noticiasradioreflejos.com.ar\/2021\/wp-json\/wp\/v2\/posts"}],"about":[{"href":"https:\/\/www.noticiasradioreflejos.com.ar\/2021\/wp-json\/wp\/v2\/types\/post"}],"author":[{"embeddable":true,"href":"https:\/\/www.noticiasradioreflejos.com.ar\/2021\/wp-json\/wp\/v2\/users\/3"}],"replies":[{"embeddable":true,"href":"https:\/\/www.noticiasradioreflejos.com.ar\/2021\/wp-json\/wp\/v2\/comments?post=93023"}],"version-history":[{"count":2,"href":"https:\/\/www.noticiasradioreflejos.com.ar\/2021\/wp-json\/wp\/v2\/posts\/93023\/revisions"}],"predecessor-version":[{"id":93041,"href":"https:\/\/www.noticiasradioreflejos.com.ar\/2021\/wp-json\/wp\/v2\/posts\/93023\/revisions\/93041"}],"wp:featuredmedia":[{"embeddable":true,"href":"https:\/\/www.noticiasradioreflejos.com.ar\/2021\/wp-json\/wp\/v2\/media\/93040"}],"wp:attachment":[{"href":"https:\/\/www.noticiasradioreflejos.com.ar\/2021\/wp-json\/wp\/v2\/media?parent=93023"}],"wp:term":[{"taxonomy":"category","embeddable":true,"href":"https:\/\/www.noticiasradioreflejos.com.ar\/2021\/wp-json\/wp\/v2\/categories?post=93023"},{"taxonomy":"post_tag","embeddable":true,"href":"https:\/\/www.noticiasradioreflejos.com.ar\/2021\/wp-json\/wp\/v2\/tags?post=93023"}],"curies":[{"name":"wp","href":"https:\/\/api.w.org\/{rel}","templated":true}]}}