{"id":92918,"date":"2023-09-18T13:04:05","date_gmt":"2023-09-18T13:04:05","guid":{"rendered":"https:\/\/www.noticiasradioreflejos.com.ar\/2021\/?p=92918"},"modified":"2023-09-18T13:04:05","modified_gmt":"2023-09-18T13:04:05","slug":"comenzo-a-regir-el-programa-compre-sin-iva","status":"publish","type":"post","link":"https:\/\/www.noticiasradioreflejos.com.ar\/2021\/comenzo-a-regir-el-programa-compre-sin-iva\/","title":{"rendered":"Comenz\u00f3 a regir el programa Compre sin IVA"},"content":{"rendered":"<p>El programa Compre sin IVA, de devoluci\u00f3n de ese tributo en adquisiciones de productos de la canasta b\u00e1sica, comenz\u00f3 a regir hoy en todo el pa\u00eds, en cumplimiento de la resoluci\u00f3n 1373\/2023 del Ministerio de Econom\u00eda.<!--more--><\/p>\n<p>La medida se public\u00f3 el s\u00e1bado en una edici\u00f3n extraordinaria del Bolet\u00edn Oficial junto a la reglamentaci\u00f3n dispuesta por la Administraci\u00f3n Federal de Ingresos P\u00fablicos (AFIP) en la resoluci\u00f3n general 5418\/2023.<\/p>\n<p>Establece la devoluci\u00f3n de la totalidad del IVA de los productos de la canasta b\u00e1sica, afectados en su mayor\u00eda por una al\u00edcuota del 21%, y tiene un tope de reintegro mensual de $ 18.800.<\/p>\n<p>En cuanto al universo de beneficiarios, abarca a trabajadores en relaci\u00f3n de dependencia con ingresos de hasta seis Salarios M\u00ednimos, Vitales y M\u00f3viles, as\u00ed como quienes perciban jubilaciones, pensiones por fallecimiento y pensiones no contributivas nacionales con un m\u00e1ximo de seis haberes m\u00ednimos.<\/p>\n<p>De esta forma, el tope de ingresos para acceder al beneficio en el caso de los trabajadores es de $ 708.000 y de $ 524.758,56 para los jubilados.<\/p>\n<p>Tambi\u00e9n pueden acceder a la devoluci\u00f3n del IVA el personal de casas particulares encuadradas en el r\u00e9gimen especial de la actividad, monotributistas de todas las categor\u00edas, y beneficiarios de la Tarjeta Alimentar o de las tarjetas emitidas del Programa Potenciar Trabajo.<\/p>\n<p>Quedan exceptuados los contribuyentes del Impuesto a los Bienes Personales, siempre y cuando no paguen el tributo s\u00f3lo por la tenencia de un inmueble para vivienda \u00fanica, y los trabajadores aut\u00f3nomos.<\/p>\n<p>Hasta ayer el reintegro -de s\u00f3lo 15 puntos porcentuales del IVA- reg\u00eda \u00fanicamente para jubilados de hasta tres haberes m\u00ednimos (con tope de $ 18.000 mensuales), beneficiarios de las asignaciones universales por hijo (AUH), por embarazo (AUE) y pensiones no contributivas, con techo, en estos tres \u00faltimos casos, de $ 4.056.<\/p>\n<p>Para acceder al beneficio se debe abonar con tarjeta de d\u00e9bito f\u00edsicas de Pago Electr\u00f3nico Inmediato (PEI) o a trav\u00e9s de pagos con d\u00e9bito con c\u00f3digos QR.<\/p>\n<p>Luego de la transacci\u00f3n, el monto se reintegra a la cuenta bancaria asociada a dicha tarjeta en un m\u00e1ximo de 48 horas: dentro de las 24 horas para las compras realizadas entre las 0 y las 17 del mismo d\u00eda, y dentro de las 48 horas para las realizadas despu\u00e9s de las 17.<\/p>\n<p>Una vez realizados los reintegros, estos aparecer\u00e1n en los res\u00famenes de cuenta de cada mes con el identificador \u00abReintegro programa Compre sin IVA\u00bb.<\/p>\n<p>Se puede acceder al beneficio en los comercios registrados ante la AFIP bajo 25 nomencladores de actividades econ\u00f3micas, incluyendo mayoristas, hipermercados, supermercados, minimercados, fiambrer\u00edas, almacenes, diet\u00e9ticas, carnicer\u00edas, pescader\u00edas, verduler\u00edas, mercados y puestos m\u00f3viles; y comercios alimenticios especializados.<\/p>\n<p>La iniciativa se extiende hasta el 31 de diciembre pr\u00f3ximo, y busca \u00abmejorar el ingreso disponible y, consecuentemente, la capacidad de compra de los sectores m\u00e1s vulnerables, quienes destinan al consumo de bienes de primera necesidad, la totalidad o gran parte de los ingresos\u00bb.<\/p>\n","protected":false},"excerpt":{"rendered":"<p>El programa Compre sin IVA, de devoluci\u00f3n de ese tributo en adquisiciones de productos de la canasta b\u00e1sica, comenz\u00f3 a regir hoy en todo el pa\u00eds, en cumplimiento de la resoluci\u00f3n 1373\/2023 del Ministerio de Econom\u00eda.<\/p>\n","protected":false},"author":3,"featured_media":92919,"comment_status":"closed","ping_status":"closed","sticky":false,"template":"","format":"standard","meta":{"footnotes":""},"categories":[36],"tags":[],"class_list":["post-92918","post","type-post","status-publish","format-standard","has-post-thumbnail","hentry","category-economia"],"yoast_head":"<!-- This site is optimized with the Yoast SEO plugin v25.9 - https:\/\/yoast.com\/wordpress\/plugins\/seo\/ -->\n<title>Comenz\u00f3 a regir el programa Compre sin IVA - Noticias Radio Reflejos<\/title>\n<meta name=\"robots\" content=\"index, follow, max-snippet:-1, max-image-preview:large, max-video-preview:-1\" \/>\n<link rel=\"canonical\" href=\"https:\/\/www.noticiasradioreflejos.com.ar\/2021\/comenzo-a-regir-el-programa-compre-sin-iva\/\" \/>\n<meta property=\"og:locale\" content=\"es_ES\" \/>\n<meta property=\"og:type\" content=\"article\" \/>\n<meta property=\"og:title\" content=\"Comenz\u00f3 a regir el programa Compre sin IVA - Noticias Radio Reflejos\" \/>\n<meta property=\"og:description\" content=\"El programa Compre sin IVA, de devoluci\u00f3n de ese tributo en adquisiciones de productos de la canasta b\u00e1sica, comenz\u00f3 a regir hoy en todo el pa\u00eds, en cumplimiento de la resoluci\u00f3n 1373\/2023 del Ministerio de Econom\u00eda.\" \/>\n<meta property=\"og:url\" content=\"https:\/\/www.noticiasradioreflejos.com.ar\/2021\/comenzo-a-regir-el-programa-compre-sin-iva\/\" \/>\n<meta property=\"og:site_name\" content=\"Noticias Radio Reflejos\" \/>\n<meta property=\"article:published_time\" content=\"2023-09-18T13:04:05+00:00\" \/>\n<meta property=\"og:image\" content=\"https:\/\/www.noticiasradioreflejos.com.ar\/2021\/wp-content\/uploads\/2023\/09\/Compre-iva-debito.jpg\" \/>\n\t<meta property=\"og:image:width\" content=\"1149\" \/>\n\t<meta property=\"og:image:height\" content=\"636\" \/>\n\t<meta property=\"og:image:type\" content=\"image\/jpeg\" \/>\n<meta name=\"author\" content=\"Arnaldo Botto\" \/>\n<meta name=\"twitter:card\" content=\"summary_large_image\" \/>\n<script type=\"application\/ld+json\" class=\"yoast-schema-graph\">{\"@context\":\"https:\/\/schema.org\",\"@graph\":[{\"@type\":\"WebPage\",\"@id\":\"https:\/\/www.noticiasradioreflejos.com.ar\/2021\/comenzo-a-regir-el-programa-compre-sin-iva\/\",\"url\":\"https:\/\/www.noticiasradioreflejos.com.ar\/2021\/comenzo-a-regir-el-programa-compre-sin-iva\/\",\"name\":\"Comenz\u00f3 a regir el programa Compre sin IVA - Noticias Radio Reflejos\",\"isPartOf\":{\"@id\":\"https:\/\/www.noticiasradioreflejos.com.ar\/2021\/#website\"},\"primaryImageOfPage\":{\"@id\":\"https:\/\/www.noticiasradioreflejos.com.ar\/2021\/comenzo-a-regir-el-programa-compre-sin-iva\/#primaryimage\"},\"image\":{\"@id\":\"https:\/\/www.noticiasradioreflejos.com.ar\/2021\/comenzo-a-regir-el-programa-compre-sin-iva\/#primaryimage\"},\"thumbnailUrl\":\"https:\/\/www.noticiasradioreflejos.com.ar\/2021\/wp-content\/uploads\/2023\/09\/Compre-iva-debito.jpg\",\"datePublished\":\"2023-09-18T13:04:05+00:00\",\"author\":{\"@id\":\"https:\/\/www.noticiasradioreflejos.com.ar\/2021\/#\/schema\/person\/ad82545263dcc5ec0996818884fd5fb1\"},\"breadcrumb\":{\"@id\":\"https:\/\/www.noticiasradioreflejos.com.ar\/2021\/comenzo-a-regir-el-programa-compre-sin-iva\/#breadcrumb\"},\"inLanguage\":\"es\",\"potentialAction\":[{\"@type\":\"ReadAction\",\"target\":[\"https:\/\/www.noticiasradioreflejos.com.ar\/2021\/comenzo-a-regir-el-programa-compre-sin-iva\/\"]}]},{\"@type\":\"ImageObject\",\"inLanguage\":\"es\",\"@id\":\"https:\/\/www.noticiasradioreflejos.com.ar\/2021\/comenzo-a-regir-el-programa-compre-sin-iva\/#primaryimage\",\"url\":\"https:\/\/www.noticiasradioreflejos.com.ar\/2021\/wp-content\/uploads\/2023\/09\/Compre-iva-debito.jpg\",\"contentUrl\":\"https:\/\/www.noticiasradioreflejos.com.ar\/2021\/wp-content\/uploads\/2023\/09\/Compre-iva-debito.jpg\",\"width\":1149,\"height\":636},{\"@type\":\"BreadcrumbList\",\"@id\":\"https:\/\/www.noticiasradioreflejos.com.ar\/2021\/comenzo-a-regir-el-programa-compre-sin-iva\/#breadcrumb\",\"itemListElement\":[{\"@type\":\"ListItem\",\"position\":1,\"name\":\"Portada\",\"item\":\"https:\/\/www.noticiasradioreflejos.com.ar\/2021\/\"},{\"@type\":\"ListItem\",\"position\":2,\"name\":\"Comenz\u00f3 a regir el programa Compre sin IVA\"}]},{\"@type\":\"WebSite\",\"@id\":\"https:\/\/www.noticiasradioreflejos.com.ar\/2021\/#website\",\"url\":\"https:\/\/www.noticiasradioreflejos.com.ar\/2021\/\",\"name\":\"Noticias Radio Reflejos\",\"description\":\"Las noticias de mi comarca\",\"potentialAction\":[{\"@type\":\"SearchAction\",\"target\":{\"@type\":\"EntryPoint\",\"urlTemplate\":\"https:\/\/www.noticiasradioreflejos.com.ar\/2021\/?s={search_term_string}\"},\"query-input\":{\"@type\":\"PropertyValueSpecification\",\"valueRequired\":true,\"valueName\":\"search_term_string\"}}],\"inLanguage\":\"es\"},{\"@type\":\"Person\",\"@id\":\"https:\/\/www.noticiasradioreflejos.com.ar\/2021\/#\/schema\/person\/ad82545263dcc5ec0996818884fd5fb1\",\"name\":\"Arnaldo Botto\",\"image\":{\"@type\":\"ImageObject\",\"inLanguage\":\"es\",\"@id\":\"https:\/\/www.noticiasradioreflejos.com.ar\/2021\/#\/schema\/person\/image\/\",\"url\":\"https:\/\/secure.gravatar.com\/avatar\/55cb5e37c1efa326397366e6974cb338056df65cb50e7d64d1cf314e87504837?s=96&d=mm&r=g\",\"contentUrl\":\"https:\/\/secure.gravatar.com\/avatar\/55cb5e37c1efa326397366e6974cb338056df65cb50e7d64d1cf314e87504837?s=96&d=mm&r=g\",\"caption\":\"Arnaldo Botto\"},\"url\":\"https:\/\/www.noticiasradioreflejos.com.ar\/2021\/author\/arnaldo\/\"}]}<\/script>\n<!-- \/ Yoast SEO plugin. -->","yoast_head_json":{"title":"Comenz\u00f3 a regir el programa Compre sin IVA - Noticias Radio Reflejos","robots":{"index":"index","follow":"follow","max-snippet":"max-snippet:-1","max-image-preview":"max-image-preview:large","max-video-preview":"max-video-preview:-1"},"canonical":"https:\/\/www.noticiasradioreflejos.com.ar\/2021\/comenzo-a-regir-el-programa-compre-sin-iva\/","og_locale":"es_ES","og_type":"article","og_title":"Comenz\u00f3 a regir el programa Compre sin IVA - Noticias Radio Reflejos","og_description":"El programa Compre sin IVA, de devoluci\u00f3n de ese tributo en adquisiciones de productos de la canasta b\u00e1sica, comenz\u00f3 a regir hoy en todo el pa\u00eds, en cumplimiento de la resoluci\u00f3n 1373\/2023 del Ministerio de Econom\u00eda.","og_url":"https:\/\/www.noticiasradioreflejos.com.ar\/2021\/comenzo-a-regir-el-programa-compre-sin-iva\/","og_site_name":"Noticias Radio Reflejos","article_published_time":"2023-09-18T13:04:05+00:00","og_image":[{"width":1149,"height":636,"url":"https:\/\/www.noticiasradioreflejos.com.ar\/2021\/wp-content\/uploads\/2023\/09\/Compre-iva-debito.jpg","type":"image\/jpeg"}],"author":"Arnaldo Botto","twitter_card":"summary_large_image","schema":{"@context":"https:\/\/schema.org","@graph":[{"@type":"WebPage","@id":"https:\/\/www.noticiasradioreflejos.com.ar\/2021\/comenzo-a-regir-el-programa-compre-sin-iva\/","url":"https:\/\/www.noticiasradioreflejos.com.ar\/2021\/comenzo-a-regir-el-programa-compre-sin-iva\/","name":"Comenz\u00f3 a regir el programa Compre sin IVA - Noticias Radio Reflejos","isPartOf":{"@id":"https:\/\/www.noticiasradioreflejos.com.ar\/2021\/#website"},"primaryImageOfPage":{"@id":"https:\/\/www.noticiasradioreflejos.com.ar\/2021\/comenzo-a-regir-el-programa-compre-sin-iva\/#primaryimage"},"image":{"@id":"https:\/\/www.noticiasradioreflejos.com.ar\/2021\/comenzo-a-regir-el-programa-compre-sin-iva\/#primaryimage"},"thumbnailUrl":"https:\/\/www.noticiasradioreflejos.com.ar\/2021\/wp-content\/uploads\/2023\/09\/Compre-iva-debito.jpg","datePublished":"2023-09-18T13:04:05+00:00","author":{"@id":"https:\/\/www.noticiasradioreflejos.com.ar\/2021\/#\/schema\/person\/ad82545263dcc5ec0996818884fd5fb1"},"breadcrumb":{"@id":"https:\/\/www.noticiasradioreflejos.com.ar\/2021\/comenzo-a-regir-el-programa-compre-sin-iva\/#breadcrumb"},"inLanguage":"es","potentialAction":[{"@type":"ReadAction","target":["https:\/\/www.noticiasradioreflejos.com.ar\/2021\/comenzo-a-regir-el-programa-compre-sin-iva\/"]}]},{"@type":"ImageObject","inLanguage":"es","@id":"https:\/\/www.noticiasradioreflejos.com.ar\/2021\/comenzo-a-regir-el-programa-compre-sin-iva\/#primaryimage","url":"https:\/\/www.noticiasradioreflejos.com.ar\/2021\/wp-content\/uploads\/2023\/09\/Compre-iva-debito.jpg","contentUrl":"https:\/\/www.noticiasradioreflejos.com.ar\/2021\/wp-content\/uploads\/2023\/09\/Compre-iva-debito.jpg","width":1149,"height":636},{"@type":"BreadcrumbList","@id":"https:\/\/www.noticiasradioreflejos.com.ar\/2021\/comenzo-a-regir-el-programa-compre-sin-iva\/#breadcrumb","itemListElement":[{"@type":"ListItem","position":1,"name":"Portada","item":"https:\/\/www.noticiasradioreflejos.com.ar\/2021\/"},{"@type":"ListItem","position":2,"name":"Comenz\u00f3 a regir el programa Compre sin IVA"}]},{"@type":"WebSite","@id":"https:\/\/www.noticiasradioreflejos.com.ar\/2021\/#website","url":"https:\/\/www.noticiasradioreflejos.com.ar\/2021\/","name":"Noticias Radio Reflejos","description":"Las noticias de mi comarca","potentialAction":[{"@type":"SearchAction","target":{"@type":"EntryPoint","urlTemplate":"https:\/\/www.noticiasradioreflejos.com.ar\/2021\/?s={search_term_string}"},"query-input":{"@type":"PropertyValueSpecification","valueRequired":true,"valueName":"search_term_string"}}],"inLanguage":"es"},{"@type":"Person","@id":"https:\/\/www.noticiasradioreflejos.com.ar\/2021\/#\/schema\/person\/ad82545263dcc5ec0996818884fd5fb1","name":"Arnaldo Botto","image":{"@type":"ImageObject","inLanguage":"es","@id":"https:\/\/www.noticiasradioreflejos.com.ar\/2021\/#\/schema\/person\/image\/","url":"https:\/\/secure.gravatar.com\/avatar\/55cb5e37c1efa326397366e6974cb338056df65cb50e7d64d1cf314e87504837?s=96&d=mm&r=g","contentUrl":"https:\/\/secure.gravatar.com\/avatar\/55cb5e37c1efa326397366e6974cb338056df65cb50e7d64d1cf314e87504837?s=96&d=mm&r=g","caption":"Arnaldo Botto"},"url":"https:\/\/www.noticiasradioreflejos.com.ar\/2021\/author\/arnaldo\/"}]}},"_links":{"self":[{"href":"https:\/\/www.noticiasradioreflejos.com.ar\/2021\/wp-json\/wp\/v2\/posts\/92918","targetHints":{"allow":["GET"]}}],"collection":[{"href":"https:\/\/www.noticiasradioreflejos.com.ar\/2021\/wp-json\/wp\/v2\/posts"}],"about":[{"href":"https:\/\/www.noticiasradioreflejos.com.ar\/2021\/wp-json\/wp\/v2\/types\/post"}],"author":[{"embeddable":true,"href":"https:\/\/www.noticiasradioreflejos.com.ar\/2021\/wp-json\/wp\/v2\/users\/3"}],"replies":[{"embeddable":true,"href":"https:\/\/www.noticiasradioreflejos.com.ar\/2021\/wp-json\/wp\/v2\/comments?post=92918"}],"version-history":[{"count":1,"href":"https:\/\/www.noticiasradioreflejos.com.ar\/2021\/wp-json\/wp\/v2\/posts\/92918\/revisions"}],"predecessor-version":[{"id":92920,"href":"https:\/\/www.noticiasradioreflejos.com.ar\/2021\/wp-json\/wp\/v2\/posts\/92918\/revisions\/92920"}],"wp:featuredmedia":[{"embeddable":true,"href":"https:\/\/www.noticiasradioreflejos.com.ar\/2021\/wp-json\/wp\/v2\/media\/92919"}],"wp:attachment":[{"href":"https:\/\/www.noticiasradioreflejos.com.ar\/2021\/wp-json\/wp\/v2\/media?parent=92918"}],"wp:term":[{"taxonomy":"category","embeddable":true,"href":"https:\/\/www.noticiasradioreflejos.com.ar\/2021\/wp-json\/wp\/v2\/categories?post=92918"},{"taxonomy":"post_tag","embeddable":true,"href":"https:\/\/www.noticiasradioreflejos.com.ar\/2021\/wp-json\/wp\/v2\/tags?post=92918"}],"curies":[{"name":"wp","href":"https:\/\/api.w.org\/{rel}","templated":true}]}}