{"id":92871,"date":"2023-09-15T16:25:05","date_gmt":"2023-09-15T16:25:05","guid":{"rendered":"https:\/\/www.noticiasradioreflejos.com.ar\/2021\/?p=92871"},"modified":"2023-09-15T16:25:05","modified_gmt":"2023-09-15T16:25:05","slug":"se-llevo-a-cabo-la-expo-nosotras-producimos-del-ministerio-de-las-mujeres-politicas-de-genero-y-diversidad-sexual","status":"publish","type":"post","link":"https:\/\/www.noticiasradioreflejos.com.ar\/2021\/se-llevo-a-cabo-la-expo-nosotras-producimos-del-ministerio-de-las-mujeres-politicas-de-genero-y-diversidad-sexual\/","title":{"rendered":"Se llev\u00f3 a cabo la Expo \u201cnosotras producimos\u201d del Ministerio de las Mujeres, Pol\u00edticas de g\u00e9nero y Diversidad Sexual."},"content":{"rendered":"<p>En el distrito de Avellaneda, participaron m\u00e1s de 1500 mujeres y diversidades de la Provincia, de las cuales m\u00e1s de 50 fueron de distritos de la regi\u00f3n sexta (Daireaux, Patagones, Dorrego, Tres Arroyos y Benito Ju\u00e1rez), acompa\u00f1adas por la directora regional, Silvia Zaballa.<!--more--><\/p>\n<p><a data-flickr-embed=\"true\" href=\"https:\/\/www.flickr.com\/photos\/182279889@N02\/53189297936\/in\/dateposted-public\/\" title=\"0b2ed229-ec3d-458b-94bf-5aa574dc9537\"><img loading=\"lazy\" decoding=\"async\" src=\"https:\/\/live.staticflickr.com\/65535\/53189297936_b25b6384b3_z.jpg\" width=\"640\" height=\"426\" alt=\"0b2ed229-ec3d-458b-94bf-5aa574dc9537\"\/><\/a><script async src=\"\/\/embedr.flickr.com\/assets\/client-code.js\" charset=\"utf-8\"><\/script><\/p>\n<p>La expo estuvo dirigida a empresas, c\u00e1maras empresariales, sindicatos, mutuales, emprendedoras y emprendedores, cooperativistas y otras formas de asociatividad, universidades, secundarios t\u00e9cnicos y centros de formaci\u00f3n en la localidad bonaerense de Avellaneda.<\/p>\n<p><a data-flickr-embed=\"true\" href=\"https:\/\/www.flickr.com\/photos\/182279889@N02\/53189364119\/in\/dateposted-public\/\" title=\"1f0f042e-0546-43ce-bc83-d77be92ea65b\"><img loading=\"lazy\" decoding=\"async\" src=\"https:\/\/live.staticflickr.com\/65535\/53189364119_371653f826_z.jpg\" width=\"640\" height=\"427\" alt=\"1f0f042e-0546-43ce-bc83-d77be92ea65b\"\/><\/a><script async src=\"\/\/embedr.flickr.com\/assets\/client-code.js\" charset=\"utf-8\"><\/script><\/p>\n<p>Durante la jornada se realizaron rondas de intercambio productivo, foros de pol\u00edticas de cuidado, talleres, conversatorios y mesas de debate.<\/p>\n<p><a data-flickr-embed=\"true\" href=\"https:\/\/www.flickr.com\/photos\/182279889@N02\/53189659828\/in\/dateposted-public\/\" title=\"e366b428-cf0c-4b5d-a4a5-abb25ead9868\"><img loading=\"lazy\" decoding=\"async\" src=\"https:\/\/live.staticflickr.com\/65535\/53189659828_faf37ea952_z.jpg\" width=\"640\" height=\"428\" alt=\"e366b428-cf0c-4b5d-a4a5-abb25ead9868\"\/><\/a><script async src=\"\/\/embedr.flickr.com\/assets\/client-code.js\" charset=\"utf-8\"><\/script><\/p>\n<p>\u201cLas mujeres tenemos un 27% menos de ingreso. No estamos en los mismos trabajos, el acceso es a los puestos m\u00e1s precarios, m\u00e1s informalizados, y tenemos menos horas remuneradas porque nos hacemos cargo de las tareas de cuidado\u201d se\u00f1al\u00f3 la Ministra Estela D\u00edaz en la apertura. \u201cEl tiempo que viene tiene que ser de profundizaci\u00f3n de las pol\u00edticas. La clave es el trabajo y la producci\u00f3n con las mujeres como motor de participaci\u00f3n y como motor en las decisiones. Eso es con m\u00e1s Estado presente y m\u00e1s pol\u00edticas p\u00fablicas\u201d, indic\u00f3.<\/p>\n","protected":false},"excerpt":{"rendered":"<p>En el distrito de Avellaneda, participaron m\u00e1s de 1500 mujeres y diversidades de la Provincia, de las cuales m\u00e1s de 50 fueron de distritos de la regi\u00f3n sexta (Daireaux, Patagones, Dorrego, Tres Arroyos y Benito Ju\u00e1rez), acompa\u00f1adas por la directora regional, Silvia Zaballa.<\/p>\n","protected":false},"author":3,"featured_media":0,"comment_status":"closed","ping_status":"closed","sticky":false,"template":"","format":"standard","meta":{"footnotes":""},"categories":[1],"tags":[],"class_list":["post-92871","post","type-post","status-publish","format-standard","hentry","category-sin-categoria"],"yoast_head":"<!-- This site is optimized with the Yoast SEO plugin v25.9 - https:\/\/yoast.com\/wordpress\/plugins\/seo\/ -->\n<title>Se llev\u00f3 a cabo la Expo \u201cnosotras producimos\u201d del Ministerio de las Mujeres, Pol\u00edticas de g\u00e9nero y Diversidad Sexual. - Noticias Radio Reflejos<\/title>\n<meta name=\"robots\" content=\"index, follow, max-snippet:-1, max-image-preview:large, max-video-preview:-1\" \/>\n<link rel=\"canonical\" href=\"https:\/\/www.noticiasradioreflejos.com.ar\/2021\/se-llevo-a-cabo-la-expo-nosotras-producimos-del-ministerio-de-las-mujeres-politicas-de-genero-y-diversidad-sexual\/\" \/>\n<meta property=\"og:locale\" content=\"es_ES\" \/>\n<meta property=\"og:type\" content=\"article\" \/>\n<meta property=\"og:title\" content=\"Se llev\u00f3 a cabo la Expo \u201cnosotras producimos\u201d del Ministerio de las Mujeres, Pol\u00edticas de g\u00e9nero y Diversidad Sexual. - Noticias Radio Reflejos\" \/>\n<meta property=\"og:description\" content=\"En el distrito de Avellaneda, participaron m\u00e1s de 1500 mujeres y diversidades de la Provincia, de las cuales m\u00e1s de 50 fueron de distritos de la regi\u00f3n sexta (Daireaux, Patagones, Dorrego, Tres Arroyos y Benito Ju\u00e1rez), acompa\u00f1adas por la directora regional, Silvia Zaballa.\" \/>\n<meta property=\"og:url\" content=\"https:\/\/www.noticiasradioreflejos.com.ar\/2021\/se-llevo-a-cabo-la-expo-nosotras-producimos-del-ministerio-de-las-mujeres-politicas-de-genero-y-diversidad-sexual\/\" \/>\n<meta property=\"og:site_name\" content=\"Noticias Radio Reflejos\" \/>\n<meta property=\"article:published_time\" content=\"2023-09-15T16:25:05+00:00\" \/>\n<meta property=\"og:image\" content=\"https:\/\/live.staticflickr.com\/65535\/53189297936_b25b6384b3_z.jpg\" \/>\n<meta name=\"author\" content=\"Arnaldo Botto\" \/>\n<meta name=\"twitter:card\" content=\"summary_large_image\" \/>\n<script type=\"application\/ld+json\" class=\"yoast-schema-graph\">{\"@context\":\"https:\/\/schema.org\",\"@graph\":[{\"@type\":\"WebPage\",\"@id\":\"https:\/\/www.noticiasradioreflejos.com.ar\/2021\/se-llevo-a-cabo-la-expo-nosotras-producimos-del-ministerio-de-las-mujeres-politicas-de-genero-y-diversidad-sexual\/\",\"url\":\"https:\/\/www.noticiasradioreflejos.com.ar\/2021\/se-llevo-a-cabo-la-expo-nosotras-producimos-del-ministerio-de-las-mujeres-politicas-de-genero-y-diversidad-sexual\/\",\"name\":\"Se llev\u00f3 a cabo la Expo \u201cnosotras producimos\u201d del Ministerio de las Mujeres, Pol\u00edticas de g\u00e9nero y Diversidad Sexual. - Noticias Radio Reflejos\",\"isPartOf\":{\"@id\":\"https:\/\/www.noticiasradioreflejos.com.ar\/2021\/#website\"},\"primaryImageOfPage\":{\"@id\":\"https:\/\/www.noticiasradioreflejos.com.ar\/2021\/se-llevo-a-cabo-la-expo-nosotras-producimos-del-ministerio-de-las-mujeres-politicas-de-genero-y-diversidad-sexual\/#primaryimage\"},\"image\":{\"@id\":\"https:\/\/www.noticiasradioreflejos.com.ar\/2021\/se-llevo-a-cabo-la-expo-nosotras-producimos-del-ministerio-de-las-mujeres-politicas-de-genero-y-diversidad-sexual\/#primaryimage\"},\"thumbnailUrl\":\"https:\/\/live.staticflickr.com\/65535\/53189297936_b25b6384b3_z.jpg\",\"datePublished\":\"2023-09-15T16:25:05+00:00\",\"author\":{\"@id\":\"https:\/\/www.noticiasradioreflejos.com.ar\/2021\/#\/schema\/person\/ad82545263dcc5ec0996818884fd5fb1\"},\"breadcrumb\":{\"@id\":\"https:\/\/www.noticiasradioreflejos.com.ar\/2021\/se-llevo-a-cabo-la-expo-nosotras-producimos-del-ministerio-de-las-mujeres-politicas-de-genero-y-diversidad-sexual\/#breadcrumb\"},\"inLanguage\":\"es\",\"potentialAction\":[{\"@type\":\"ReadAction\",\"target\":[\"https:\/\/www.noticiasradioreflejos.com.ar\/2021\/se-llevo-a-cabo-la-expo-nosotras-producimos-del-ministerio-de-las-mujeres-politicas-de-genero-y-diversidad-sexual\/\"]}]},{\"@type\":\"ImageObject\",\"inLanguage\":\"es\",\"@id\":\"https:\/\/www.noticiasradioreflejos.com.ar\/2021\/se-llevo-a-cabo-la-expo-nosotras-producimos-del-ministerio-de-las-mujeres-politicas-de-genero-y-diversidad-sexual\/#primaryimage\",\"url\":\"https:\/\/live.staticflickr.com\/65535\/53189297936_b25b6384b3_z.jpg\",\"contentUrl\":\"https:\/\/live.staticflickr.com\/65535\/53189297936_b25b6384b3_z.jpg\"},{\"@type\":\"BreadcrumbList\",\"@id\":\"https:\/\/www.noticiasradioreflejos.com.ar\/2021\/se-llevo-a-cabo-la-expo-nosotras-producimos-del-ministerio-de-las-mujeres-politicas-de-genero-y-diversidad-sexual\/#breadcrumb\",\"itemListElement\":[{\"@type\":\"ListItem\",\"position\":1,\"name\":\"Portada\",\"item\":\"https:\/\/www.noticiasradioreflejos.com.ar\/2021\/\"},{\"@type\":\"ListItem\",\"position\":2,\"name\":\"Se llev\u00f3 a cabo la Expo \u201cnosotras producimos\u201d del Ministerio de las Mujeres, Pol\u00edticas de g\u00e9nero y Diversidad Sexual.\"}]},{\"@type\":\"WebSite\",\"@id\":\"https:\/\/www.noticiasradioreflejos.com.ar\/2021\/#website\",\"url\":\"https:\/\/www.noticiasradioreflejos.com.ar\/2021\/\",\"name\":\"Noticias Radio Reflejos\",\"description\":\"Las noticias de mi comarca\",\"potentialAction\":[{\"@type\":\"SearchAction\",\"target\":{\"@type\":\"EntryPoint\",\"urlTemplate\":\"https:\/\/www.noticiasradioreflejos.com.ar\/2021\/?s={search_term_string}\"},\"query-input\":{\"@type\":\"PropertyValueSpecification\",\"valueRequired\":true,\"valueName\":\"search_term_string\"}}],\"inLanguage\":\"es\"},{\"@type\":\"Person\",\"@id\":\"https:\/\/www.noticiasradioreflejos.com.ar\/2021\/#\/schema\/person\/ad82545263dcc5ec0996818884fd5fb1\",\"name\":\"Arnaldo Botto\",\"image\":{\"@type\":\"ImageObject\",\"inLanguage\":\"es\",\"@id\":\"https:\/\/www.noticiasradioreflejos.com.ar\/2021\/#\/schema\/person\/image\/\",\"url\":\"https:\/\/secure.gravatar.com\/avatar\/55cb5e37c1efa326397366e6974cb338056df65cb50e7d64d1cf314e87504837?s=96&d=mm&r=g\",\"contentUrl\":\"https:\/\/secure.gravatar.com\/avatar\/55cb5e37c1efa326397366e6974cb338056df65cb50e7d64d1cf314e87504837?s=96&d=mm&r=g\",\"caption\":\"Arnaldo Botto\"},\"url\":\"https:\/\/www.noticiasradioreflejos.com.ar\/2021\/author\/arnaldo\/\"}]}<\/script>\n<!-- \/ Yoast SEO plugin. -->","yoast_head_json":{"title":"Se llev\u00f3 a cabo la Expo \u201cnosotras producimos\u201d del Ministerio de las Mujeres, Pol\u00edticas de g\u00e9nero y Diversidad Sexual. - Noticias Radio Reflejos","robots":{"index":"index","follow":"follow","max-snippet":"max-snippet:-1","max-image-preview":"max-image-preview:large","max-video-preview":"max-video-preview:-1"},"canonical":"https:\/\/www.noticiasradioreflejos.com.ar\/2021\/se-llevo-a-cabo-la-expo-nosotras-producimos-del-ministerio-de-las-mujeres-politicas-de-genero-y-diversidad-sexual\/","og_locale":"es_ES","og_type":"article","og_title":"Se llev\u00f3 a cabo la Expo \u201cnosotras producimos\u201d del Ministerio de las Mujeres, Pol\u00edticas de g\u00e9nero y Diversidad Sexual. - Noticias Radio Reflejos","og_description":"En el distrito de Avellaneda, participaron m\u00e1s de 1500 mujeres y diversidades de la Provincia, de las cuales m\u00e1s de 50 fueron de distritos de la regi\u00f3n sexta (Daireaux, Patagones, Dorrego, Tres Arroyos y Benito Ju\u00e1rez), acompa\u00f1adas por la directora regional, Silvia Zaballa.","og_url":"https:\/\/www.noticiasradioreflejos.com.ar\/2021\/se-llevo-a-cabo-la-expo-nosotras-producimos-del-ministerio-de-las-mujeres-politicas-de-genero-y-diversidad-sexual\/","og_site_name":"Noticias Radio Reflejos","article_published_time":"2023-09-15T16:25:05+00:00","og_image":[{"url":"https:\/\/live.staticflickr.com\/65535\/53189297936_b25b6384b3_z.jpg","type":"","width":"","height":""}],"author":"Arnaldo Botto","twitter_card":"summary_large_image","schema":{"@context":"https:\/\/schema.org","@graph":[{"@type":"WebPage","@id":"https:\/\/www.noticiasradioreflejos.com.ar\/2021\/se-llevo-a-cabo-la-expo-nosotras-producimos-del-ministerio-de-las-mujeres-politicas-de-genero-y-diversidad-sexual\/","url":"https:\/\/www.noticiasradioreflejos.com.ar\/2021\/se-llevo-a-cabo-la-expo-nosotras-producimos-del-ministerio-de-las-mujeres-politicas-de-genero-y-diversidad-sexual\/","name":"Se llev\u00f3 a cabo la Expo \u201cnosotras producimos\u201d del Ministerio de las Mujeres, Pol\u00edticas de g\u00e9nero y Diversidad Sexual. - Noticias Radio Reflejos","isPartOf":{"@id":"https:\/\/www.noticiasradioreflejos.com.ar\/2021\/#website"},"primaryImageOfPage":{"@id":"https:\/\/www.noticiasradioreflejos.com.ar\/2021\/se-llevo-a-cabo-la-expo-nosotras-producimos-del-ministerio-de-las-mujeres-politicas-de-genero-y-diversidad-sexual\/#primaryimage"},"image":{"@id":"https:\/\/www.noticiasradioreflejos.com.ar\/2021\/se-llevo-a-cabo-la-expo-nosotras-producimos-del-ministerio-de-las-mujeres-politicas-de-genero-y-diversidad-sexual\/#primaryimage"},"thumbnailUrl":"https:\/\/live.staticflickr.com\/65535\/53189297936_b25b6384b3_z.jpg","datePublished":"2023-09-15T16:25:05+00:00","author":{"@id":"https:\/\/www.noticiasradioreflejos.com.ar\/2021\/#\/schema\/person\/ad82545263dcc5ec0996818884fd5fb1"},"breadcrumb":{"@id":"https:\/\/www.noticiasradioreflejos.com.ar\/2021\/se-llevo-a-cabo-la-expo-nosotras-producimos-del-ministerio-de-las-mujeres-politicas-de-genero-y-diversidad-sexual\/#breadcrumb"},"inLanguage":"es","potentialAction":[{"@type":"ReadAction","target":["https:\/\/www.noticiasradioreflejos.com.ar\/2021\/se-llevo-a-cabo-la-expo-nosotras-producimos-del-ministerio-de-las-mujeres-politicas-de-genero-y-diversidad-sexual\/"]}]},{"@type":"ImageObject","inLanguage":"es","@id":"https:\/\/www.noticiasradioreflejos.com.ar\/2021\/se-llevo-a-cabo-la-expo-nosotras-producimos-del-ministerio-de-las-mujeres-politicas-de-genero-y-diversidad-sexual\/#primaryimage","url":"https:\/\/live.staticflickr.com\/65535\/53189297936_b25b6384b3_z.jpg","contentUrl":"https:\/\/live.staticflickr.com\/65535\/53189297936_b25b6384b3_z.jpg"},{"@type":"BreadcrumbList","@id":"https:\/\/www.noticiasradioreflejos.com.ar\/2021\/se-llevo-a-cabo-la-expo-nosotras-producimos-del-ministerio-de-las-mujeres-politicas-de-genero-y-diversidad-sexual\/#breadcrumb","itemListElement":[{"@type":"ListItem","position":1,"name":"Portada","item":"https:\/\/www.noticiasradioreflejos.com.ar\/2021\/"},{"@type":"ListItem","position":2,"name":"Se llev\u00f3 a cabo la Expo \u201cnosotras producimos\u201d del Ministerio de las Mujeres, Pol\u00edticas de g\u00e9nero y Diversidad Sexual."}]},{"@type":"WebSite","@id":"https:\/\/www.noticiasradioreflejos.com.ar\/2021\/#website","url":"https:\/\/www.noticiasradioreflejos.com.ar\/2021\/","name":"Noticias Radio Reflejos","description":"Las noticias de mi comarca","potentialAction":[{"@type":"SearchAction","target":{"@type":"EntryPoint","urlTemplate":"https:\/\/www.noticiasradioreflejos.com.ar\/2021\/?s={search_term_string}"},"query-input":{"@type":"PropertyValueSpecification","valueRequired":true,"valueName":"search_term_string"}}],"inLanguage":"es"},{"@type":"Person","@id":"https:\/\/www.noticiasradioreflejos.com.ar\/2021\/#\/schema\/person\/ad82545263dcc5ec0996818884fd5fb1","name":"Arnaldo Botto","image":{"@type":"ImageObject","inLanguage":"es","@id":"https:\/\/www.noticiasradioreflejos.com.ar\/2021\/#\/schema\/person\/image\/","url":"https:\/\/secure.gravatar.com\/avatar\/55cb5e37c1efa326397366e6974cb338056df65cb50e7d64d1cf314e87504837?s=96&d=mm&r=g","contentUrl":"https:\/\/secure.gravatar.com\/avatar\/55cb5e37c1efa326397366e6974cb338056df65cb50e7d64d1cf314e87504837?s=96&d=mm&r=g","caption":"Arnaldo Botto"},"url":"https:\/\/www.noticiasradioreflejos.com.ar\/2021\/author\/arnaldo\/"}]}},"_links":{"self":[{"href":"https:\/\/www.noticiasradioreflejos.com.ar\/2021\/wp-json\/wp\/v2\/posts\/92871","targetHints":{"allow":["GET"]}}],"collection":[{"href":"https:\/\/www.noticiasradioreflejos.com.ar\/2021\/wp-json\/wp\/v2\/posts"}],"about":[{"href":"https:\/\/www.noticiasradioreflejos.com.ar\/2021\/wp-json\/wp\/v2\/types\/post"}],"author":[{"embeddable":true,"href":"https:\/\/www.noticiasradioreflejos.com.ar\/2021\/wp-json\/wp\/v2\/users\/3"}],"replies":[{"embeddable":true,"href":"https:\/\/www.noticiasradioreflejos.com.ar\/2021\/wp-json\/wp\/v2\/comments?post=92871"}],"version-history":[{"count":1,"href":"https:\/\/www.noticiasradioreflejos.com.ar\/2021\/wp-json\/wp\/v2\/posts\/92871\/revisions"}],"predecessor-version":[{"id":92873,"href":"https:\/\/www.noticiasradioreflejos.com.ar\/2021\/wp-json\/wp\/v2\/posts\/92871\/revisions\/92873"}],"wp:attachment":[{"href":"https:\/\/www.noticiasradioreflejos.com.ar\/2021\/wp-json\/wp\/v2\/media?parent=92871"}],"wp:term":[{"taxonomy":"category","embeddable":true,"href":"https:\/\/www.noticiasradioreflejos.com.ar\/2021\/wp-json\/wp\/v2\/categories?post=92871"},{"taxonomy":"post_tag","embeddable":true,"href":"https:\/\/www.noticiasradioreflejos.com.ar\/2021\/wp-json\/wp\/v2\/tags?post=92871"}],"curies":[{"name":"wp","href":"https:\/\/api.w.org\/{rel}","templated":true}]}}